{"id":975,"date":"2019-06-23T18:24:42","date_gmt":"2019-06-23T16:24:42","guid":{"rendered":"http:\/\/antoinelemaire-archi-photo.fr\/?p=975"},"modified":"2020-10-08T23:33:02","modified_gmt":"2020-10-08T21:33:02","slug":"une-piscine-en-bord-docean","status":"publish","type":"post","link":"https:\/\/antoinelemaire-archi-photo.fr\/index.php\/2019\/06\/23\/une-piscine-en-bord-docean\/","title":{"rendered":"Point G\u00e9ographique I Latitude : 41.193061  &#8211;  Longitude : -8.707271"},"content":{"rendered":"<h1 style=\"text-align: center;\">nuances architecturales<\/h1>\n<h2 style=\"text-align: center;\">PISCINE LECA DE PALMEIRA, PORTO<\/h2>\n<h4 style=\"text-align: center;\">ALVARO SIZA<\/h4>\n<p>&nbsp;<\/p>\n<p style=\"text-align: center;\">Cette s\u00e9rie photo a \u00e9t\u00e9 r\u00e9alis\u00e9e durant un voyage \u00e0 Porto. Cette ville est une destination privil\u00e9gi\u00e9e quand on s&rsquo;int\u00e9resse \u00e0 l&rsquo;architecture portugaise. Elle regorge de projet grandiose des architectes les plus vertueux du Portugal. Ici, c&rsquo;est la piscine de Alvaro Siza \u00e0 Leca de Palmeira que j&rsquo;ai pu photographi\u00e9e.<\/p>\n<p style=\"text-align: center;\">Cette piscine est magique. Elle est unique par son emplacement, son fonctionnement, et son architecture. Elle est situ\u00e9 en contrebas d&rsquo;un boulevard longeant l&rsquo;oc\u00e9an atlantique. On rentre dans la piscine en se glissant entre deux murs et en passant sous une toiture. On se retrouve dans une masse d&rsquo;ombre \u00e9clair\u00e9e par des jeu de lumi\u00e8re hypnotisant. S&rsquo;enchaine alors une jeu subtil de cadrage, de glissement et de dispositifs architecturaux que maitrise Alvaro Siza.<\/p>\n<p style=\"text-align: center;\">Une fois au bord des bassins on peut profiter du spectacle marin o\u00f9 les bassins sont remplis avec l&rsquo;eau de l&rsquo;oc\u00e9an qui vient s&rsquo;engouffrer entre les pierres du rivage.<\/p>\n<p style=\"text-align: center;\">Cette piscine red\u00e9finie un horizon et permet au corps de vivre des sensations. Aller se baigner devient une r\u00e9elle exp\u00e9rience sensorielle.<\/p>\n\n\t\t<style type=\"text\/css\">\n\t\t\t#gallery-1 {\n\t\t\t\tmargin: auto;\n\t\t\t}\n\t\t\t#gallery-1 .gallery-item {\n\t\t\t\tfloat: left;\n\t\t\t\tmargin-top: 10px;\n\t\t\t\ttext-align: center;\n\t\t\t\twidth: 100%;\n\t\t\t}\n\t\t\t#gallery-1 img {\n\t\t\t\tborder: 2px solid #cfcfcf;\n\t\t\t}\n\t\t\t#gallery-1 .gallery-caption {\n\t\t\t\tmargin-left: 0;\n\t\t\t}\n\t\t\t\/* see gallery_shortcode() in wp-includes\/media.php *\/\n\t\t<\/style>\n\t\t<div id='gallery-1' class='gallery galleryid-975 gallery-columns-1 gallery-size-full'><dl class='gallery-item'>\n\t\t\t<dt class='gallery-icon portrait'>\n\t\t\t\t<a href='https:\/\/antoinelemaire-archi-photo.fr\/index.php\/2019\/06\/23\/une-piscine-en-bord-docean\/piscine-5\/'><img loading=\"lazy\" decoding=\"async\" width=\"2904\" height=\"4351\" src=\"https:\/\/antoinelemaire-archi-photo.fr\/wp-content\/uploads\/2019\/06\/piscine-5.jpg\" class=\"attachment-full size-full\" alt=\"PISCINE ALVARO SIZA\" aria-describedby=\"gallery-1-980\" srcset=\"https:\/\/antoinelemaire-archi-photo.fr\/wp-content\/uploads\/2019\/06\/piscine-5.jpg 2904w, https:\/\/antoinelemaire-archi-photo.fr\/wp-content\/uploads\/2019\/06\/piscine-5-200x300.jpg 200w, https:\/\/antoinelemaire-archi-photo.fr\/wp-content\/uploads\/2019\/06\/piscine-5-768x1151.jpg 768w, https:\/\/antoinelemaire-archi-photo.fr\/wp-content\/uploads\/2019\/06\/piscine-5-683x1024.jpg 683w, https:\/\/antoinelemaire-archi-photo.fr\/wp-content\/uploads\/2019\/06\/piscine-5-1240x1858.jpg 1240w, https:\/\/antoinelemaire-archi-photo.fr\/wp-content\/uploads\/2019\/06\/piscine-5-508x761.jpg 508w\" sizes=\"auto, (max-width: 2904px) 100vw, 2904px\" \/><\/a>\n\t\t\t<\/dt>\n\t\t\t\t<dd class='wp-caption-text gallery-caption' id='gallery-1-980'>\n\t\t\t\tVERS LA LUMI\u00c8RE\n\t\t\t\t<\/dd><\/dl><br style=\"clear: both\" \/><dl class='gallery-item'>\n\t\t\t<dt class='gallery-icon portrait'>\n\t\t\t\t<a href='https:\/\/antoinelemaire-archi-photo.fr\/index.php\/2019\/06\/23\/une-piscine-en-bord-docean\/piscine-4\/'><img loading=\"lazy\" decoding=\"async\" width=\"2954\" height=\"4389\" src=\"https:\/\/antoinelemaire-archi-photo.fr\/wp-content\/uploads\/2019\/06\/PISCINE-4.jpg\" class=\"attachment-full size-full\" alt=\"PISCINE ALVARO SIZA\" aria-describedby=\"gallery-1-979\" srcset=\"https:\/\/antoinelemaire-archi-photo.fr\/wp-content\/uploads\/2019\/06\/PISCINE-4.jpg 2954w, https:\/\/antoinelemaire-archi-photo.fr\/wp-content\/uploads\/2019\/06\/PISCINE-4-202x300.jpg 202w, https:\/\/antoinelemaire-archi-photo.fr\/wp-content\/uploads\/2019\/06\/PISCINE-4-768x1141.jpg 768w, https:\/\/antoinelemaire-archi-photo.fr\/wp-content\/uploads\/2019\/06\/PISCINE-4-689x1024.jpg 689w, https:\/\/antoinelemaire-archi-photo.fr\/wp-content\/uploads\/2019\/06\/PISCINE-4-1240x1842.jpg 1240w, https:\/\/antoinelemaire-archi-photo.fr\/wp-content\/uploads\/2019\/06\/PISCINE-4-508x755.jpg 508w\" sizes=\"auto, (max-width: 2954px) 100vw, 2954px\" \/><\/a>\n\t\t\t<\/dt>\n\t\t\t\t<dd class='wp-caption-text gallery-caption' id='gallery-1-979'>\n\t\t\t\tVERS L&rsquo;OC\u00c9AN\n\t\t\t\t<\/dd><\/dl><br style=\"clear: both\" \/><dl class='gallery-item'>\n\t\t\t<dt class='gallery-icon portrait'>\n\t\t\t\t<a href='https:\/\/antoinelemaire-archi-photo.fr\/index.php\/2019\/06\/23\/une-piscine-en-bord-docean\/piscine-8\/'><img loading=\"lazy\" decoding=\"async\" width=\"3000\" height=\"4496\" src=\"https:\/\/antoinelemaire-archi-photo.fr\/wp-content\/uploads\/2019\/06\/piscine-8.jpg\" class=\"attachment-full size-full\" alt=\"PISCINE ALVARO SIZA\" aria-describedby=\"gallery-1-982\" srcset=\"https:\/\/antoinelemaire-archi-photo.fr\/wp-content\/uploads\/2019\/06\/piscine-8.jpg 3000w, https:\/\/antoinelemaire-archi-photo.fr\/wp-content\/uploads\/2019\/06\/piscine-8-200x300.jpg 200w, https:\/\/antoinelemaire-archi-photo.fr\/wp-content\/uploads\/2019\/06\/piscine-8-768x1151.jpg 768w, https:\/\/antoinelemaire-archi-photo.fr\/wp-content\/uploads\/2019\/06\/piscine-8-683x1024.jpg 683w, https:\/\/antoinelemaire-archi-photo.fr\/wp-content\/uploads\/2019\/06\/piscine-8-1240x1858.jpg 1240w, https:\/\/antoinelemaire-archi-photo.fr\/wp-content\/uploads\/2019\/06\/piscine-8-508x761.jpg 508w\" sizes=\"auto, (max-width: 3000px) 100vw, 3000px\" \/><\/a>\n\t\t\t<\/dt>\n\t\t\t\t<dd class='wp-caption-text gallery-caption' id='gallery-1-982'>\n\t\t\t\tL&rsquo;OC\u00c9AN APPROCHE\n\t\t\t\t<\/dd><\/dl><br style=\"clear: both\" \/><dl class='gallery-item'>\n\t\t\t<dt class='gallery-icon landscape'>\n\t\t\t\t<a href='https:\/\/antoinelemaire-archi-photo.fr\/index.php\/2019\/06\/23\/une-piscine-en-bord-docean\/piscine-9\/'><img loading=\"lazy\" decoding=\"async\" width=\"4496\" height=\"3000\" src=\"https:\/\/antoinelemaire-archi-photo.fr\/wp-content\/uploads\/2019\/06\/piscine-9.jpg\" class=\"attachment-full size-full\" alt=\"PISCINE ALVARO SIZA\" aria-describedby=\"gallery-1-983\" srcset=\"https:\/\/antoinelemaire-archi-photo.fr\/wp-content\/uploads\/2019\/06\/piscine-9.jpg 4496w, https:\/\/antoinelemaire-archi-photo.fr\/wp-content\/uploads\/2019\/06\/piscine-9-300x200.jpg 300w, https:\/\/antoinelemaire-archi-photo.fr\/wp-content\/uploads\/2019\/06\/piscine-9-768x512.jpg 768w, https:\/\/antoinelemaire-archi-photo.fr\/wp-content\/uploads\/2019\/06\/piscine-9-1024x683.jpg 1024w, https:\/\/antoinelemaire-archi-photo.fr\/wp-content\/uploads\/2019\/06\/piscine-9-1240x827.jpg 1240w, https:\/\/antoinelemaire-archi-photo.fr\/wp-content\/uploads\/2019\/06\/piscine-9-508x339.jpg 508w\" sizes=\"auto, (max-width: 4496px) 100vw, 4496px\" \/><\/a>\n\t\t\t<\/dt>\n\t\t\t\t<dd class='wp-caption-text gallery-caption' id='gallery-1-983'>\n\t\t\t\tBASSIN D&rsquo;EAU SAL\u00c9E\n\t\t\t\t<\/dd><\/dl><br style=\"clear: both\" \/><dl class='gallery-item'>\n\t\t\t<dt class='gallery-icon landscape'>\n\t\t\t\t<a href='https:\/\/antoinelemaire-archi-photo.fr\/index.php\/2019\/06\/23\/une-piscine-en-bord-docean\/piscine-6\/'><img loading=\"lazy\" decoding=\"async\" width=\"4496\" height=\"3000\" src=\"https:\/\/antoinelemaire-archi-photo.fr\/wp-content\/uploads\/2019\/06\/piscine-6.jpg\" class=\"attachment-full size-full\" alt=\"PISCINE ALVARO SIZA\" aria-describedby=\"gallery-1-981\" srcset=\"https:\/\/antoinelemaire-archi-photo.fr\/wp-content\/uploads\/2019\/06\/piscine-6.jpg 4496w, https:\/\/antoinelemaire-archi-photo.fr\/wp-content\/uploads\/2019\/06\/piscine-6-300x200.jpg 300w, https:\/\/antoinelemaire-archi-photo.fr\/wp-content\/uploads\/2019\/06\/piscine-6-768x512.jpg 768w, https:\/\/antoinelemaire-archi-photo.fr\/wp-content\/uploads\/2019\/06\/piscine-6-1024x683.jpg 1024w, https:\/\/antoinelemaire-archi-photo.fr\/wp-content\/uploads\/2019\/06\/piscine-6-1240x827.jpg 1240w, https:\/\/antoinelemaire-archi-photo.fr\/wp-content\/uploads\/2019\/06\/piscine-6-508x339.jpg 508w\" sizes=\"auto, (max-width: 4496px) 100vw, 4496px\" \/><\/a>\n\t\t\t<\/dt>\n\t\t\t\t<dd class='wp-caption-text gallery-caption' id='gallery-1-981'>\n\t\t\t\tVESTIAIRE\n\t\t\t\t<\/dd><\/dl><br style=\"clear: both\" \/><dl class='gallery-item'>\n\t\t\t<dt class='gallery-icon landscape'>\n\t\t\t\t<a href='https:\/\/antoinelemaire-archi-photo.fr\/index.php\/2019\/06\/23\/une-piscine-en-bord-docean\/piscine-1\/'><img loading=\"lazy\" decoding=\"async\" width=\"4000\" height=\"2668\" src=\"https:\/\/antoinelemaire-archi-photo.fr\/wp-content\/uploads\/2019\/06\/piscine-1.jpg\" class=\"attachment-full size-full\" alt=\"PISCINE ALVARO SIZA\" aria-describedby=\"gallery-1-976\" srcset=\"https:\/\/antoinelemaire-archi-photo.fr\/wp-content\/uploads\/2019\/06\/piscine-1.jpg 4000w, https:\/\/antoinelemaire-archi-photo.fr\/wp-content\/uploads\/2019\/06\/piscine-1-300x200.jpg 300w, https:\/\/antoinelemaire-archi-photo.fr\/wp-content\/uploads\/2019\/06\/piscine-1-768x512.jpg 768w, https:\/\/antoinelemaire-archi-photo.fr\/wp-content\/uploads\/2019\/06\/piscine-1-1024x683.jpg 1024w, https:\/\/antoinelemaire-archi-photo.fr\/wp-content\/uploads\/2019\/06\/piscine-1-1240x827.jpg 1240w, https:\/\/antoinelemaire-archi-photo.fr\/wp-content\/uploads\/2019\/06\/piscine-1-508x339.jpg 508w\" sizes=\"auto, (max-width: 4000px) 100vw, 4000px\" \/><\/a>\n\t\t\t<\/dt>\n\t\t\t\t<dd class='wp-caption-text gallery-caption' id='gallery-1-976'>\n\t\t\t\tVESTIAIRE\n\t\t\t\t<\/dd><\/dl><br style=\"clear: both\" \/>\n\t\t<\/div>\n\n<p style=\"text-align: center;\">\n","protected":false},"excerpt":{"rendered":"<p>nuances architecturales PISCINE LECA DE PALMEIRA, PORTO ALVARO SIZA &nbsp; Cette s\u00e9rie photo a \u00e9t\u00e9 r\u00e9alis\u00e9e durant un voyage \u00e0 Porto. Cette ville est une destination privil\u00e9gi\u00e9e quand on s&rsquo;int\u00e9resse \u00e0 l&rsquo;architecture portugaise. Elle regorge de projet grandiose des architectes les plus vertueux du Portugal. Ici, c&rsquo;est la piscine de Alvaro Siza \u00e0 Leca de [&hellip;]<\/p>\n","protected":false},"author":1,"featured_media":979,"comment_status":"open","ping_status":"open","sticky":false,"template":"","format":"standard","meta":{"_monsterinsights_skip_tracking":false,"_monsterinsights_sitenote_active":false,"_monsterinsights_sitenote_note":"","_monsterinsights_sitenote_category":0,"footnotes":""},"categories":[20],"tags":[],"class_list":["post-975","post","type-post","status-publish","format-standard","has-post-thumbnail","hentry","category-photographie"],"_links":{"self":[{"href":"https:\/\/antoinelemaire-archi-photo.fr\/index.php\/wp-json\/wp\/v2\/posts\/975","targetHints":{"allow":["GET"]}}],"collection":[{"href":"https:\/\/antoinelemaire-archi-photo.fr\/index.php\/wp-json\/wp\/v2\/posts"}],"about":[{"href":"https:\/\/antoinelemaire-archi-photo.fr\/index.php\/wp-json\/wp\/v2\/types\/post"}],"author":[{"embeddable":true,"href":"https:\/\/antoinelemaire-archi-photo.fr\/index.php\/wp-json\/wp\/v2\/users\/1"}],"replies":[{"embeddable":true,"href":"https:\/\/antoinelemaire-archi-photo.fr\/index.php\/wp-json\/wp\/v2\/comments?post=975"}],"version-history":[{"count":5,"href":"https:\/\/antoinelemaire-archi-photo.fr\/index.php\/wp-json\/wp\/v2\/posts\/975\/revisions"}],"predecessor-version":[{"id":1109,"href":"https:\/\/antoinelemaire-archi-photo.fr\/index.php\/wp-json\/wp\/v2\/posts\/975\/revisions\/1109"}],"wp:featuredmedia":[{"embeddable":true,"href":"https:\/\/antoinelemaire-archi-photo.fr\/index.php\/wp-json\/wp\/v2\/media\/979"}],"wp:attachment":[{"href":"https:\/\/antoinelemaire-archi-photo.fr\/index.php\/wp-json\/wp\/v2\/media?parent=975"}],"wp:term":[{"taxonomy":"category","embeddable":true,"href":"https:\/\/antoinelemaire-archi-photo.fr\/index.php\/wp-json\/wp\/v2\/categories?post=975"},{"taxonomy":"post_tag","embeddable":true,"href":"https:\/\/antoinelemaire-archi-photo.fr\/index.php\/wp-json\/wp\/v2\/tags?post=975"}],"curies":[{"name":"wp","href":"https:\/\/api.w.org\/{rel}","templated":true}]}}