{"id":966,"date":"2019-06-23T18:09:05","date_gmt":"2019-06-23T16:09:05","guid":{"rendered":"http:\/\/antoinelemaire-archi-photo.fr\/?p=966"},"modified":"2020-10-09T00:16:02","modified_gmt":"2020-10-08T22:16:02","slug":"portrait-2","status":"publish","type":"post","link":"https:\/\/antoinelemaire-archi-photo.fr\/index.php\/2019\/06\/23\/portrait-2\/","title":{"rendered":"Point G\u00e9ographique I Latitude : 43.283772  &#8211;  Longitude : 5.369876"},"content":{"rendered":"<h1 style=\"text-align: center;\">NUANCES DE PEAU<\/h1>\n<h2 style=\"text-align: center;\">PORTRAIT<\/h2>\n<h4 style=\"text-align: center;\">CHLO\u00c9 DELL&rsquo;AGLIO<\/h4>\n<p style=\"text-align: center;\">Cette s\u00e9rie photographique a \u00e9t\u00e9 r\u00e9alis\u00e9 pour Chlo\u00e9 Dell&rsquo;Aglio, mod\u00e8le des photographies ci-dessous.<\/p>\n<p style=\"text-align: center;\">\u00c0 travers cette s\u00e9rie photo j&rsquo;ai travailler sur la lumi\u00e8re du coucher de soleil sur le corps et sur le contraste entre le ciel, la pierre, les fleurs et le corps.<\/p>\n<p style=\"text-align: center;\">Ici, Sur la colline de la bonne m\u00e8re, le paysage est lointain et la lumi\u00e8re est abondante, les corps font face \u00e0 ce grand paysage qui les entourent. Le regard se plonge dans l&rsquo;immens\u00e9ment grand.<\/p>\n<p>&nbsp;<\/p>\n\n\t\t<style type=\"text\/css\">\n\t\t\t#gallery-1 {\n\t\t\t\tmargin: auto;\n\t\t\t}\n\t\t\t#gallery-1 .gallery-item {\n\t\t\t\tfloat: left;\n\t\t\t\tmargin-top: 10px;\n\t\t\t\ttext-align: center;\n\t\t\t\twidth: 100%;\n\t\t\t}\n\t\t\t#gallery-1 img {\n\t\t\t\tborder: 2px solid #cfcfcf;\n\t\t\t}\n\t\t\t#gallery-1 .gallery-caption {\n\t\t\t\tmargin-left: 0;\n\t\t\t}\n\t\t\t\/* see gallery_shortcode() in wp-includes\/media.php *\/\n\t\t<\/style>\n\t\t<div id='gallery-1' class='gallery galleryid-966 gallery-columns-1 gallery-size-full'><dl class='gallery-item'>\n\t\t\t<dt class='gallery-icon landscape'>\n\t\t\t\t<a href='https:\/\/antoinelemaire-archi-photo.fr\/index.php\/2019\/06\/23\/portrait-2\/chloe-la-beaute-7\/'><img loading=\"lazy\" decoding=\"async\" width=\"6000\" height=\"4000\" src=\"https:\/\/antoinelemaire-archi-photo.fr\/wp-content\/uploads\/2019\/06\/chlo\u00e9-la-beaut\u00e9-7.jpg\" class=\"attachment-full size-full\" alt=\"Chlo\u00e9 Dell&#039;Aglio\" aria-describedby=\"gallery-1-969\" srcset=\"https:\/\/antoinelemaire-archi-photo.fr\/wp-content\/uploads\/2019\/06\/chlo\u00e9-la-beaut\u00e9-7.jpg 6000w, https:\/\/antoinelemaire-archi-photo.fr\/wp-content\/uploads\/2019\/06\/chlo\u00e9-la-beaut\u00e9-7-300x200.jpg 300w, https:\/\/antoinelemaire-archi-photo.fr\/wp-content\/uploads\/2019\/06\/chlo\u00e9-la-beaut\u00e9-7-768x512.jpg 768w, https:\/\/antoinelemaire-archi-photo.fr\/wp-content\/uploads\/2019\/06\/chlo\u00e9-la-beaut\u00e9-7-1024x683.jpg 1024w, https:\/\/antoinelemaire-archi-photo.fr\/wp-content\/uploads\/2019\/06\/chlo\u00e9-la-beaut\u00e9-7-1240x827.jpg 1240w, https:\/\/antoinelemaire-archi-photo.fr\/wp-content\/uploads\/2019\/06\/chlo\u00e9-la-beaut\u00e9-7-508x339.jpg 508w\" sizes=\"auto, (max-width: 6000px) 100vw, 6000px\" \/><\/a>\n\t\t\t<\/dt>\n\t\t\t\t<dd class='wp-caption-text gallery-caption' id='gallery-1-969'>\n\t\t\t\tChlo\u00e9 Dell&rsquo;Aglio\n\t\t\t\t<\/dd><\/dl><br style=\"clear: both\" \/><dl class='gallery-item'>\n\t\t\t<dt class='gallery-icon portrait'>\n\t\t\t\t<a href='https:\/\/antoinelemaire-archi-photo.fr\/index.php\/2019\/06\/23\/portrait-2\/chloe-la-beaute-6\/'><img loading=\"lazy\" decoding=\"async\" width=\"4000\" height=\"6000\" src=\"https:\/\/antoinelemaire-archi-photo.fr\/wp-content\/uploads\/2019\/06\/chlo\u00e9-la-beaut\u00e9-6.jpg\" class=\"attachment-full size-full\" alt=\"Chlo\u00e9 Dell&#039;Aglio\" aria-describedby=\"gallery-1-970\" srcset=\"https:\/\/antoinelemaire-archi-photo.fr\/wp-content\/uploads\/2019\/06\/chlo\u00e9-la-beaut\u00e9-6.jpg 4000w, https:\/\/antoinelemaire-archi-photo.fr\/wp-content\/uploads\/2019\/06\/chlo\u00e9-la-beaut\u00e9-6-200x300.jpg 200w, https:\/\/antoinelemaire-archi-photo.fr\/wp-content\/uploads\/2019\/06\/chlo\u00e9-la-beaut\u00e9-6-768x1152.jpg 768w, https:\/\/antoinelemaire-archi-photo.fr\/wp-content\/uploads\/2019\/06\/chlo\u00e9-la-beaut\u00e9-6-683x1024.jpg 683w, https:\/\/antoinelemaire-archi-photo.fr\/wp-content\/uploads\/2019\/06\/chlo\u00e9-la-beaut\u00e9-6-1240x1860.jpg 1240w, https:\/\/antoinelemaire-archi-photo.fr\/wp-content\/uploads\/2019\/06\/chlo\u00e9-la-beaut\u00e9-6-508x762.jpg 508w\" sizes=\"auto, (max-width: 4000px) 100vw, 4000px\" \/><\/a>\n\t\t\t<\/dt>\n\t\t\t\t<dd class='wp-caption-text gallery-caption' id='gallery-1-970'>\n\t\t\t\tChlo\u00e9 Dell&rsquo;Aglio\n\t\t\t\t<\/dd><\/dl><br style=\"clear: both\" \/><dl class='gallery-item'>\n\t\t\t<dt class='gallery-icon portrait'>\n\t\t\t\t<a href='https:\/\/antoinelemaire-archi-photo.fr\/index.php\/2019\/06\/23\/portrait-2\/chloe-la-beaute\/'><img loading=\"lazy\" decoding=\"async\" width=\"4000\" height=\"6000\" src=\"https:\/\/antoinelemaire-archi-photo.fr\/wp-content\/uploads\/2019\/06\/chlo\u00e9-la-beaut\u00e9.jpg\" class=\"attachment-full size-full\" alt=\"Chlo\u00e9 Dell&#039;Aglio\" aria-describedby=\"gallery-1-968\" srcset=\"https:\/\/antoinelemaire-archi-photo.fr\/wp-content\/uploads\/2019\/06\/chlo\u00e9-la-beaut\u00e9.jpg 4000w, https:\/\/antoinelemaire-archi-photo.fr\/wp-content\/uploads\/2019\/06\/chlo\u00e9-la-beaut\u00e9-200x300.jpg 200w, https:\/\/antoinelemaire-archi-photo.fr\/wp-content\/uploads\/2019\/06\/chlo\u00e9-la-beaut\u00e9-768x1152.jpg 768w, https:\/\/antoinelemaire-archi-photo.fr\/wp-content\/uploads\/2019\/06\/chlo\u00e9-la-beaut\u00e9-683x1024.jpg 683w, https:\/\/antoinelemaire-archi-photo.fr\/wp-content\/uploads\/2019\/06\/chlo\u00e9-la-beaut\u00e9-1240x1860.jpg 1240w, https:\/\/antoinelemaire-archi-photo.fr\/wp-content\/uploads\/2019\/06\/chlo\u00e9-la-beaut\u00e9-508x762.jpg 508w\" sizes=\"auto, (max-width: 4000px) 100vw, 4000px\" \/><\/a>\n\t\t\t<\/dt>\n\t\t\t\t<dd class='wp-caption-text gallery-caption' id='gallery-1-968'>\n\t\t\t\tChlo\u00e9 Dell&rsquo;Aglio\n\t\t\t\t<\/dd><\/dl><br style=\"clear: both\" \/><dl class='gallery-item'>\n\t\t\t<dt class='gallery-icon portrait'>\n\t\t\t\t<a href='https:\/\/antoinelemaire-archi-photo.fr\/index.php\/2019\/06\/23\/portrait-2\/chloe-la-beaute-2\/'><img loading=\"lazy\" decoding=\"async\" width=\"4000\" height=\"6000\" src=\"https:\/\/antoinelemaire-archi-photo.fr\/wp-content\/uploads\/2019\/06\/chlo\u00e9-la-beaut\u00e9-2.jpg\" class=\"attachment-full size-full\" alt=\"Chlo\u00e9 Dell&#039;Aglio\" aria-describedby=\"gallery-1-967\" srcset=\"https:\/\/antoinelemaire-archi-photo.fr\/wp-content\/uploads\/2019\/06\/chlo\u00e9-la-beaut\u00e9-2.jpg 4000w, https:\/\/antoinelemaire-archi-photo.fr\/wp-content\/uploads\/2019\/06\/chlo\u00e9-la-beaut\u00e9-2-200x300.jpg 200w, https:\/\/antoinelemaire-archi-photo.fr\/wp-content\/uploads\/2019\/06\/chlo\u00e9-la-beaut\u00e9-2-768x1152.jpg 768w, https:\/\/antoinelemaire-archi-photo.fr\/wp-content\/uploads\/2019\/06\/chlo\u00e9-la-beaut\u00e9-2-683x1024.jpg 683w, https:\/\/antoinelemaire-archi-photo.fr\/wp-content\/uploads\/2019\/06\/chlo\u00e9-la-beaut\u00e9-2-1240x1860.jpg 1240w, https:\/\/antoinelemaire-archi-photo.fr\/wp-content\/uploads\/2019\/06\/chlo\u00e9-la-beaut\u00e9-2-508x762.jpg 508w\" sizes=\"auto, (max-width: 4000px) 100vw, 4000px\" \/><\/a>\n\t\t\t<\/dt>\n\t\t\t\t<dd class='wp-caption-text gallery-caption' id='gallery-1-967'>\n\t\t\t\tChlo\u00e9 Dell&rsquo;Aglio\n\t\t\t\t<\/dd><\/dl><br style=\"clear: both\" \/><dl class='gallery-item'>\n\t\t\t<dt class='gallery-icon portrait'>\n\t\t\t\t<a href='https:\/\/antoinelemaire-archi-photo.fr\/index.php\/2019\/06\/23\/portrait-2\/chloe-la-beaute-5\/'><img loading=\"lazy\" decoding=\"async\" width=\"4000\" height=\"6000\" src=\"https:\/\/antoinelemaire-archi-photo.fr\/wp-content\/uploads\/2019\/06\/chlo\u00e9-la-beaut\u00e9-5.jpg\" class=\"attachment-full size-full\" alt=\"Chlo\u00e9 Dell&#039;Aglio\" aria-describedby=\"gallery-1-972\" srcset=\"https:\/\/antoinelemaire-archi-photo.fr\/wp-content\/uploads\/2019\/06\/chlo\u00e9-la-beaut\u00e9-5.jpg 4000w, https:\/\/antoinelemaire-archi-photo.fr\/wp-content\/uploads\/2019\/06\/chlo\u00e9-la-beaut\u00e9-5-200x300.jpg 200w, https:\/\/antoinelemaire-archi-photo.fr\/wp-content\/uploads\/2019\/06\/chlo\u00e9-la-beaut\u00e9-5-768x1152.jpg 768w, https:\/\/antoinelemaire-archi-photo.fr\/wp-content\/uploads\/2019\/06\/chlo\u00e9-la-beaut\u00e9-5-683x1024.jpg 683w, https:\/\/antoinelemaire-archi-photo.fr\/wp-content\/uploads\/2019\/06\/chlo\u00e9-la-beaut\u00e9-5-1240x1860.jpg 1240w, https:\/\/antoinelemaire-archi-photo.fr\/wp-content\/uploads\/2019\/06\/chlo\u00e9-la-beaut\u00e9-5-508x762.jpg 508w\" sizes=\"auto, (max-width: 4000px) 100vw, 4000px\" \/><\/a>\n\t\t\t<\/dt>\n\t\t\t\t<dd class='wp-caption-text gallery-caption' id='gallery-1-972'>\n\t\t\t\tChlo\u00e9 Dell&rsquo;Aglio\n\t\t\t\t<\/dd><\/dl><br style=\"clear: both\" \/><dl class='gallery-item'>\n\t\t\t<dt class='gallery-icon landscape'>\n\t\t\t\t<a href='https:\/\/antoinelemaire-archi-photo.fr\/index.php\/2019\/06\/23\/portrait-2\/chloe-la-beaute-4\/'><img loading=\"lazy\" decoding=\"async\" width=\"6000\" height=\"4000\" src=\"https:\/\/antoinelemaire-archi-photo.fr\/wp-content\/uploads\/2019\/06\/chlo\u00e9-la-beaut\u00e9-4.jpg\" class=\"attachment-full size-full\" alt=\"Chlo\u00e9 Dell&#039;Aglio\" aria-describedby=\"gallery-1-971\" srcset=\"https:\/\/antoinelemaire-archi-photo.fr\/wp-content\/uploads\/2019\/06\/chlo\u00e9-la-beaut\u00e9-4.jpg 6000w, https:\/\/antoinelemaire-archi-photo.fr\/wp-content\/uploads\/2019\/06\/chlo\u00e9-la-beaut\u00e9-4-300x200.jpg 300w, https:\/\/antoinelemaire-archi-photo.fr\/wp-content\/uploads\/2019\/06\/chlo\u00e9-la-beaut\u00e9-4-768x512.jpg 768w, https:\/\/antoinelemaire-archi-photo.fr\/wp-content\/uploads\/2019\/06\/chlo\u00e9-la-beaut\u00e9-4-1024x683.jpg 1024w, https:\/\/antoinelemaire-archi-photo.fr\/wp-content\/uploads\/2019\/06\/chlo\u00e9-la-beaut\u00e9-4-1240x827.jpg 1240w, https:\/\/antoinelemaire-archi-photo.fr\/wp-content\/uploads\/2019\/06\/chlo\u00e9-la-beaut\u00e9-4-508x339.jpg 508w\" sizes=\"auto, (max-width: 6000px) 100vw, 6000px\" \/><\/a>\n\t\t\t<\/dt>\n\t\t\t\t<dd class='wp-caption-text gallery-caption' id='gallery-1-971'>\n\t\t\t\tChlo\u00e9 Dell&rsquo;Aglio\n\t\t\t\t<\/dd><\/dl><br style=\"clear: both\" \/>\n\t\t<\/div>\n\n<p>&nbsp;<\/p>\n","protected":false},"excerpt":{"rendered":"<p>NUANCES DE PEAU PORTRAIT CHLO\u00c9 DELL&rsquo;AGLIO Cette s\u00e9rie photographique a \u00e9t\u00e9 r\u00e9alis\u00e9 pour Chlo\u00e9 Dell&rsquo;Aglio, mod\u00e8le des photographies ci-dessous. \u00c0 travers cette s\u00e9rie photo j&rsquo;ai travailler sur la lumi\u00e8re du coucher de soleil sur le corps et sur le contraste entre le ciel, la pierre, les fleurs et le corps. Ici, Sur la colline de [&hellip;]<\/p>\n","protected":false},"author":1,"featured_media":971,"comment_status":"open","ping_status":"open","sticky":false,"template":"","format":"standard","meta":{"_monsterinsights_skip_tracking":false,"_monsterinsights_sitenote_active":false,"_monsterinsights_sitenote_note":"","_monsterinsights_sitenote_category":0,"footnotes":""},"categories":[20],"tags":[],"class_list":["post-966","post","type-post","status-publish","format-standard","has-post-thumbnail","hentry","category-photographie"],"_links":{"self":[{"href":"https:\/\/antoinelemaire-archi-photo.fr\/index.php\/wp-json\/wp\/v2\/posts\/966","targetHints":{"allow":["GET"]}}],"collection":[{"href":"https:\/\/antoinelemaire-archi-photo.fr\/index.php\/wp-json\/wp\/v2\/posts"}],"about":[{"href":"https:\/\/antoinelemaire-archi-photo.fr\/index.php\/wp-json\/wp\/v2\/types\/post"}],"author":[{"embeddable":true,"href":"https:\/\/antoinelemaire-archi-photo.fr\/index.php\/wp-json\/wp\/v2\/users\/1"}],"replies":[{"embeddable":true,"href":"https:\/\/antoinelemaire-archi-photo.fr\/index.php\/wp-json\/wp\/v2\/comments?post=966"}],"version-history":[{"count":2,"href":"https:\/\/antoinelemaire-archi-photo.fr\/index.php\/wp-json\/wp\/v2\/posts\/966\/revisions"}],"predecessor-version":[{"id":1117,"href":"https:\/\/antoinelemaire-archi-photo.fr\/index.php\/wp-json\/wp\/v2\/posts\/966\/revisions\/1117"}],"wp:featuredmedia":[{"embeddable":true,"href":"https:\/\/antoinelemaire-archi-photo.fr\/index.php\/wp-json\/wp\/v2\/media\/971"}],"wp:attachment":[{"href":"https:\/\/antoinelemaire-archi-photo.fr\/index.php\/wp-json\/wp\/v2\/media?parent=966"}],"wp:term":[{"taxonomy":"category","embeddable":true,"href":"https:\/\/antoinelemaire-archi-photo.fr\/index.php\/wp-json\/wp\/v2\/categories?post=966"},{"taxonomy":"post_tag","embeddable":true,"href":"https:\/\/antoinelemaire-archi-photo.fr\/index.php\/wp-json\/wp\/v2\/tags?post=966"}],"curies":[{"name":"wp","href":"https:\/\/api.w.org\/{rel}","templated":true}]}}