{"id":951,"date":"2019-03-22T12:17:27","date_gmt":"2019-03-22T11:17:27","guid":{"rendered":"http:\/\/antoinelemaire-archi-photo.fr\/?p=951"},"modified":"2020-10-09T00:18:14","modified_gmt":"2020-10-08T22:18:14","slug":"portraits","status":"publish","type":"post","link":"https:\/\/antoinelemaire-archi-photo.fr\/index.php\/2019\/03\/22\/portraits\/","title":{"rendered":"Point G\u00e9ographique I Latitude : 43.258891  &#8211;  Longitude : 5.428788"},"content":{"rendered":"<h1 style=\"text-align: center;\">NUANCE DE PEAU<\/h1>\n<h2 style=\"text-align: center;\">PORTRAIT<\/h2>\n<h4 style=\"text-align: center;\">Camille Fraissenet<\/h4>\n<p>&nbsp;<\/p>\n<p style=\"text-align: center;\">Cette s\u00e9rie photographique a \u00e9t\u00e9 r\u00e9alis\u00e9 pour Camille Fraissenet, mod\u00e8le des photographies ci-dessous.<\/p>\n<p style=\"text-align: center;\">\u00c0 travers cette s\u00e9rie photo j&rsquo;ai voulu exprimer la relation des corps avec la mati\u00e8re et l&rsquo;environnement. En jouant avec la profondeur de champs et la lumi\u00e8re, j&rsquo;ai voulu mettre en valeur l&rsquo;agilit\u00e9 des corps dans l&rsquo;espace.<\/p>\n<p style=\"text-align: center;\">Ici, Sur le promontoire en b\u00e9ton en haut d&rsquo;une des collines du Redon, Le corps fait face au paysage et \u00e0 l&rsquo;histoire des lieux. Il vient se fondre dans le cadre en pratiquant l&rsquo;espace qui lui est offert.<\/p>\n<p>&nbsp;<\/p>\n\n\t\t<style type=\"text\/css\">\n\t\t\t#gallery-1 {\n\t\t\t\tmargin: auto;\n\t\t\t}\n\t\t\t#gallery-1 .gallery-item {\n\t\t\t\tfloat: left;\n\t\t\t\tmargin-top: 10px;\n\t\t\t\ttext-align: center;\n\t\t\t\twidth: 100%;\n\t\t\t}\n\t\t\t#gallery-1 img {\n\t\t\t\tborder: 2px solid #cfcfcf;\n\t\t\t}\n\t\t\t#gallery-1 .gallery-caption {\n\t\t\t\tmargin-left: 0;\n\t\t\t}\n\t\t\t\/* see gallery_shortcode() in wp-includes\/media.php *\/\n\t\t<\/style>\n\t\t<div id='gallery-1' class='gallery galleryid-951 gallery-columns-1 gallery-size-full'><dl class='gallery-item'>\n\t\t\t<dt class='gallery-icon portrait'>\n\t\t\t\t<a href='https:\/\/antoinelemaire-archi-photo.fr\/index.php\/2019\/03\/22\/portraits\/_dsc7779\/'><img loading=\"lazy\" decoding=\"async\" width=\"1536\" height=\"2304\" src=\"https:\/\/antoinelemaire-archi-photo.fr\/wp-content\/uploads\/2019\/03\/DSC7779.jpg\" class=\"attachment-full size-full\" alt=\"Camille Fraissenet\" aria-describedby=\"gallery-1-952\" srcset=\"https:\/\/antoinelemaire-archi-photo.fr\/wp-content\/uploads\/2019\/03\/DSC7779.jpg 1536w, https:\/\/antoinelemaire-archi-photo.fr\/wp-content\/uploads\/2019\/03\/DSC7779-200x300.jpg 200w, https:\/\/antoinelemaire-archi-photo.fr\/wp-content\/uploads\/2019\/03\/DSC7779-768x1152.jpg 768w, https:\/\/antoinelemaire-archi-photo.fr\/wp-content\/uploads\/2019\/03\/DSC7779-683x1024.jpg 683w, https:\/\/antoinelemaire-archi-photo.fr\/wp-content\/uploads\/2019\/03\/DSC7779-1240x1860.jpg 1240w, https:\/\/antoinelemaire-archi-photo.fr\/wp-content\/uploads\/2019\/03\/DSC7779-508x762.jpg 508w\" sizes=\"auto, (max-width: 1536px) 100vw, 1536px\" \/><\/a>\n\t\t\t<\/dt>\n\t\t\t\t<dd class='wp-caption-text gallery-caption' id='gallery-1-952'>\n\t\t\t\tCamille Fraissenet\n\t\t\t\t<\/dd><\/dl><br style=\"clear: both\" \/><dl class='gallery-item'>\n\t\t\t<dt class='gallery-icon portrait'>\n\t\t\t\t<a href='https:\/\/antoinelemaire-archi-photo.fr\/index.php\/2019\/03\/22\/portraits\/_dsc7785\/'><img loading=\"lazy\" decoding=\"async\" width=\"1536\" height=\"2304\" src=\"https:\/\/antoinelemaire-archi-photo.fr\/wp-content\/uploads\/2019\/03\/DSC7785.jpg\" class=\"attachment-full size-full\" alt=\"Camille Fraissenet\" aria-describedby=\"gallery-1-953\" srcset=\"https:\/\/antoinelemaire-archi-photo.fr\/wp-content\/uploads\/2019\/03\/DSC7785.jpg 1536w, https:\/\/antoinelemaire-archi-photo.fr\/wp-content\/uploads\/2019\/03\/DSC7785-200x300.jpg 200w, https:\/\/antoinelemaire-archi-photo.fr\/wp-content\/uploads\/2019\/03\/DSC7785-768x1152.jpg 768w, https:\/\/antoinelemaire-archi-photo.fr\/wp-content\/uploads\/2019\/03\/DSC7785-683x1024.jpg 683w, https:\/\/antoinelemaire-archi-photo.fr\/wp-content\/uploads\/2019\/03\/DSC7785-1240x1860.jpg 1240w, https:\/\/antoinelemaire-archi-photo.fr\/wp-content\/uploads\/2019\/03\/DSC7785-508x762.jpg 508w\" sizes=\"auto, (max-width: 1536px) 100vw, 1536px\" \/><\/a>\n\t\t\t<\/dt>\n\t\t\t\t<dd class='wp-caption-text gallery-caption' id='gallery-1-953'>\n\t\t\t\tCamille Fraissenet\n\t\t\t\t<\/dd><\/dl><br style=\"clear: both\" \/><dl class='gallery-item'>\n\t\t\t<dt class='gallery-icon portrait'>\n\t\t\t\t<a href='https:\/\/antoinelemaire-archi-photo.fr\/index.php\/2019\/03\/22\/portraits\/_dsc7820\/'><img loading=\"lazy\" decoding=\"async\" width=\"1536\" height=\"2304\" src=\"https:\/\/antoinelemaire-archi-photo.fr\/wp-content\/uploads\/2019\/03\/DSC7820.jpg\" class=\"attachment-full size-full\" alt=\"Camille Fraissenet\" aria-describedby=\"gallery-1-954\" srcset=\"https:\/\/antoinelemaire-archi-photo.fr\/wp-content\/uploads\/2019\/03\/DSC7820.jpg 1536w, https:\/\/antoinelemaire-archi-photo.fr\/wp-content\/uploads\/2019\/03\/DSC7820-200x300.jpg 200w, https:\/\/antoinelemaire-archi-photo.fr\/wp-content\/uploads\/2019\/03\/DSC7820-768x1152.jpg 768w, https:\/\/antoinelemaire-archi-photo.fr\/wp-content\/uploads\/2019\/03\/DSC7820-683x1024.jpg 683w, https:\/\/antoinelemaire-archi-photo.fr\/wp-content\/uploads\/2019\/03\/DSC7820-1240x1860.jpg 1240w, https:\/\/antoinelemaire-archi-photo.fr\/wp-content\/uploads\/2019\/03\/DSC7820-508x762.jpg 508w\" sizes=\"auto, (max-width: 1536px) 100vw, 1536px\" \/><\/a>\n\t\t\t<\/dt>\n\t\t\t\t<dd class='wp-caption-text gallery-caption' id='gallery-1-954'>\n\t\t\t\tCamille Fraissenet\n\t\t\t\t<\/dd><\/dl><br style=\"clear: both\" \/><dl class='gallery-item'>\n\t\t\t<dt class='gallery-icon portrait'>\n\t\t\t\t<a href='https:\/\/antoinelemaire-archi-photo.fr\/index.php\/2019\/03\/22\/portraits\/_dsc7839\/'><img loading=\"lazy\" decoding=\"async\" width=\"1536\" height=\"2371\" src=\"https:\/\/antoinelemaire-archi-photo.fr\/wp-content\/uploads\/2019\/03\/DSC7839.jpg\" class=\"attachment-full size-full\" alt=\"Camille Fraissenet\" aria-describedby=\"gallery-1-955\" srcset=\"https:\/\/antoinelemaire-archi-photo.fr\/wp-content\/uploads\/2019\/03\/DSC7839.jpg 1536w, https:\/\/antoinelemaire-archi-photo.fr\/wp-content\/uploads\/2019\/03\/DSC7839-194x300.jpg 194w, https:\/\/antoinelemaire-archi-photo.fr\/wp-content\/uploads\/2019\/03\/DSC7839-768x1186.jpg 768w, https:\/\/antoinelemaire-archi-photo.fr\/wp-content\/uploads\/2019\/03\/DSC7839-663x1024.jpg 663w, https:\/\/antoinelemaire-archi-photo.fr\/wp-content\/uploads\/2019\/03\/DSC7839-1240x1914.jpg 1240w, https:\/\/antoinelemaire-archi-photo.fr\/wp-content\/uploads\/2019\/03\/DSC7839-508x784.jpg 508w\" sizes=\"auto, (max-width: 1536px) 100vw, 1536px\" \/><\/a>\n\t\t\t<\/dt>\n\t\t\t\t<dd class='wp-caption-text gallery-caption' id='gallery-1-955'>\n\t\t\t\tCamille Fraissenet\n\t\t\t\t<\/dd><\/dl><br style=\"clear: both\" \/><dl class='gallery-item'>\n\t\t\t<dt class='gallery-icon portrait'>\n\t\t\t\t<a href='https:\/\/antoinelemaire-archi-photo.fr\/index.php\/2019\/03\/22\/portraits\/_dsc7869\/'><img loading=\"lazy\" decoding=\"async\" width=\"1536\" height=\"2304\" src=\"https:\/\/antoinelemaire-archi-photo.fr\/wp-content\/uploads\/2019\/03\/DSC7869.jpg\" class=\"attachment-full size-full\" alt=\"Camille Fraissenet\" aria-describedby=\"gallery-1-956\" srcset=\"https:\/\/antoinelemaire-archi-photo.fr\/wp-content\/uploads\/2019\/03\/DSC7869.jpg 1536w, https:\/\/antoinelemaire-archi-photo.fr\/wp-content\/uploads\/2019\/03\/DSC7869-200x300.jpg 200w, https:\/\/antoinelemaire-archi-photo.fr\/wp-content\/uploads\/2019\/03\/DSC7869-768x1152.jpg 768w, https:\/\/antoinelemaire-archi-photo.fr\/wp-content\/uploads\/2019\/03\/DSC7869-683x1024.jpg 683w, https:\/\/antoinelemaire-archi-photo.fr\/wp-content\/uploads\/2019\/03\/DSC7869-1240x1860.jpg 1240w, https:\/\/antoinelemaire-archi-photo.fr\/wp-content\/uploads\/2019\/03\/DSC7869-508x762.jpg 508w\" sizes=\"auto, (max-width: 1536px) 100vw, 1536px\" \/><\/a>\n\t\t\t<\/dt>\n\t\t\t\t<dd class='wp-caption-text gallery-caption' id='gallery-1-956'>\n\t\t\t\tCamille Fraissenet\n\t\t\t\t<\/dd><\/dl><br style=\"clear: both\" \/><dl class='gallery-item'>\n\t\t\t<dt class='gallery-icon portrait'>\n\t\t\t\t<a href='https:\/\/antoinelemaire-archi-photo.fr\/index.php\/2019\/03\/22\/portraits\/_dsc7918\/'><img loading=\"lazy\" decoding=\"async\" width=\"1536\" height=\"2304\" src=\"https:\/\/antoinelemaire-archi-photo.fr\/wp-content\/uploads\/2019\/03\/DSC7918.jpg\" class=\"attachment-full size-full\" alt=\"Camille Fraissenet\" aria-describedby=\"gallery-1-957\" srcset=\"https:\/\/antoinelemaire-archi-photo.fr\/wp-content\/uploads\/2019\/03\/DSC7918.jpg 1536w, https:\/\/antoinelemaire-archi-photo.fr\/wp-content\/uploads\/2019\/03\/DSC7918-200x300.jpg 200w, https:\/\/antoinelemaire-archi-photo.fr\/wp-content\/uploads\/2019\/03\/DSC7918-768x1152.jpg 768w, https:\/\/antoinelemaire-archi-photo.fr\/wp-content\/uploads\/2019\/03\/DSC7918-683x1024.jpg 683w, https:\/\/antoinelemaire-archi-photo.fr\/wp-content\/uploads\/2019\/03\/DSC7918-1240x1860.jpg 1240w, https:\/\/antoinelemaire-archi-photo.fr\/wp-content\/uploads\/2019\/03\/DSC7918-508x762.jpg 508w\" sizes=\"auto, (max-width: 1536px) 100vw, 1536px\" \/><\/a>\n\t\t\t<\/dt>\n\t\t\t\t<dd class='wp-caption-text gallery-caption' id='gallery-1-957'>\n\t\t\t\tCamille Fraissenet\n\t\t\t\t<\/dd><\/dl><br style=\"clear: both\" \/><dl class='gallery-item'>\n\t\t\t<dt class='gallery-icon landscape'>\n\t\t\t\t<a href='https:\/\/antoinelemaire-archi-photo.fr\/index.php\/2019\/03\/22\/portraits\/_dsc7982\/'><img loading=\"lazy\" decoding=\"async\" width=\"2304\" height=\"1536\" src=\"https:\/\/antoinelemaire-archi-photo.fr\/wp-content\/uploads\/2019\/03\/DSC7982.jpg\" class=\"attachment-full size-full\" alt=\"Camille Fraissenet\" aria-describedby=\"gallery-1-958\" srcset=\"https:\/\/antoinelemaire-archi-photo.fr\/wp-content\/uploads\/2019\/03\/DSC7982.jpg 2304w, https:\/\/antoinelemaire-archi-photo.fr\/wp-content\/uploads\/2019\/03\/DSC7982-300x200.jpg 300w, https:\/\/antoinelemaire-archi-photo.fr\/wp-content\/uploads\/2019\/03\/DSC7982-768x512.jpg 768w, https:\/\/antoinelemaire-archi-photo.fr\/wp-content\/uploads\/2019\/03\/DSC7982-1024x683.jpg 1024w, https:\/\/antoinelemaire-archi-photo.fr\/wp-content\/uploads\/2019\/03\/DSC7982-1240x827.jpg 1240w, https:\/\/antoinelemaire-archi-photo.fr\/wp-content\/uploads\/2019\/03\/DSC7982-508x339.jpg 508w\" sizes=\"auto, (max-width: 2304px) 100vw, 2304px\" \/><\/a>\n\t\t\t<\/dt>\n\t\t\t\t<dd class='wp-caption-text gallery-caption' id='gallery-1-958'>\n\t\t\t\tCamille Fraissenet\n\t\t\t\t<\/dd><\/dl><br style=\"clear: both\" \/>\n\t\t<\/div>\n\n","protected":false},"excerpt":{"rendered":"<p>NUANCE DE PEAU PORTRAIT Camille Fraissenet &nbsp; Cette s\u00e9rie photographique a \u00e9t\u00e9 r\u00e9alis\u00e9 pour Camille Fraissenet, mod\u00e8le des photographies ci-dessous. \u00c0 travers cette s\u00e9rie photo j&rsquo;ai voulu exprimer la relation des corps avec la mati\u00e8re et l&rsquo;environnement. En jouant avec la profondeur de champs et la lumi\u00e8re, j&rsquo;ai voulu mettre en valeur l&rsquo;agilit\u00e9 des corps [&hellip;]<\/p>\n","protected":false},"author":1,"featured_media":953,"comment_status":"open","ping_status":"open","sticky":false,"template":"","format":"standard","meta":{"_monsterinsights_skip_tracking":false,"_monsterinsights_sitenote_active":false,"_monsterinsights_sitenote_note":"","_monsterinsights_sitenote_category":0,"footnotes":""},"categories":[20],"tags":[],"class_list":["post-951","post","type-post","status-publish","format-standard","has-post-thumbnail","hentry","category-photographie"],"_links":{"self":[{"href":"https:\/\/antoinelemaire-archi-photo.fr\/index.php\/wp-json\/wp\/v2\/posts\/951","targetHints":{"allow":["GET"]}}],"collection":[{"href":"https:\/\/antoinelemaire-archi-photo.fr\/index.php\/wp-json\/wp\/v2\/posts"}],"about":[{"href":"https:\/\/antoinelemaire-archi-photo.fr\/index.php\/wp-json\/wp\/v2\/types\/post"}],"author":[{"embeddable":true,"href":"https:\/\/antoinelemaire-archi-photo.fr\/index.php\/wp-json\/wp\/v2\/users\/1"}],"replies":[{"embeddable":true,"href":"https:\/\/antoinelemaire-archi-photo.fr\/index.php\/wp-json\/wp\/v2\/comments?post=951"}],"version-history":[{"count":5,"href":"https:\/\/antoinelemaire-archi-photo.fr\/index.php\/wp-json\/wp\/v2\/posts\/951\/revisions"}],"predecessor-version":[{"id":1119,"href":"https:\/\/antoinelemaire-archi-photo.fr\/index.php\/wp-json\/wp\/v2\/posts\/951\/revisions\/1119"}],"wp:featuredmedia":[{"embeddable":true,"href":"https:\/\/antoinelemaire-archi-photo.fr\/index.php\/wp-json\/wp\/v2\/media\/953"}],"wp:attachment":[{"href":"https:\/\/antoinelemaire-archi-photo.fr\/index.php\/wp-json\/wp\/v2\/media?parent=951"}],"wp:term":[{"taxonomy":"category","embeddable":true,"href":"https:\/\/antoinelemaire-archi-photo.fr\/index.php\/wp-json\/wp\/v2\/categories?post=951"},{"taxonomy":"post_tag","embeddable":true,"href":"https:\/\/antoinelemaire-archi-photo.fr\/index.php\/wp-json\/wp\/v2\/tags?post=951"}],"curies":[{"name":"wp","href":"https:\/\/api.w.org\/{rel}","templated":true}]}}