{"id":898,"date":"2019-02-25T10:37:30","date_gmt":"2019-02-25T09:37:30","guid":{"rendered":"http:\/\/antoinelemaire-archi-photo.fr\/?p=898"},"modified":"2020-10-09T00:23:57","modified_gmt":"2020-10-08T22:23:57","slug":"sylvestre","status":"publish","type":"post","link":"https:\/\/antoinelemaire-archi-photo.fr\/index.php\/2019\/02\/25\/sylvestre\/","title":{"rendered":"Point G\u00e9ographique I Latitude : 45.076094  &#8211;  Longitude : 3.807736"},"content":{"rendered":"<h1 style=\"text-align: center;\">NUANCES DE PAYSAGES<\/h1>\n<h2 style=\"text-align: center;\">Souvenir d&rsquo;un moment pass\u00e9 ensemble<\/h2>\n<h4 style=\"text-align: center;\">Locussol<\/h4>\n<p>&nbsp;<\/p>\n<p style=\"text-align: center;\">S\u00e9rie photographique r\u00e9alis\u00e9 lors du nouvel an. Une famille d&rsquo;amis qui se retrouve en terre inconnue pour f\u00eater une fin d&rsquo;ann\u00e9e r\u00e9jouissante. Au d\u00e9tour d&rsquo;un coucher de soleil, des regards joyeux et une magnifique amiti\u00e9.<\/p>\n<p>&nbsp;<\/p>\n\n\t\t<style type=\"text\/css\">\n\t\t\t#gallery-1 {\n\t\t\t\tmargin: auto;\n\t\t\t}\n\t\t\t#gallery-1 .gallery-item {\n\t\t\t\tfloat: left;\n\t\t\t\tmargin-top: 10px;\n\t\t\t\ttext-align: center;\n\t\t\t\twidth: 100%;\n\t\t\t}\n\t\t\t#gallery-1 img {\n\t\t\t\tborder: 2px solid #cfcfcf;\n\t\t\t}\n\t\t\t#gallery-1 .gallery-caption {\n\t\t\t\tmargin-left: 0;\n\t\t\t}\n\t\t\t\/* see gallery_shortcode() in wp-includes\/media.php *\/\n\t\t<\/style>\n\t\t<div id='gallery-1' class='gallery galleryid-898 gallery-columns-1 gallery-size-full'><dl class='gallery-item'>\n\t\t\t<dt class='gallery-icon portrait'>\n\t\t\t\t<a href='https:\/\/antoinelemaire-archi-photo.fr\/index.php\/2019\/02\/25\/sylvestre\/rem\/'><img loading=\"lazy\" decoding=\"async\" width=\"1536\" height=\"2302\" src=\"https:\/\/antoinelemaire-archi-photo.fr\/wp-content\/uploads\/2019\/02\/rem.jpg\" class=\"attachment-full size-full\" alt=\"R\u00e9mi Venditti\" aria-describedby=\"gallery-1-905\" srcset=\"https:\/\/antoinelemaire-archi-photo.fr\/wp-content\/uploads\/2019\/02\/rem.jpg 1536w, https:\/\/antoinelemaire-archi-photo.fr\/wp-content\/uploads\/2019\/02\/rem-200x300.jpg 200w, https:\/\/antoinelemaire-archi-photo.fr\/wp-content\/uploads\/2019\/02\/rem-768x1151.jpg 768w, https:\/\/antoinelemaire-archi-photo.fr\/wp-content\/uploads\/2019\/02\/rem-683x1024.jpg 683w, https:\/\/antoinelemaire-archi-photo.fr\/wp-content\/uploads\/2019\/02\/rem-1240x1858.jpg 1240w, https:\/\/antoinelemaire-archi-photo.fr\/wp-content\/uploads\/2019\/02\/rem-508x761.jpg 508w\" sizes=\"auto, (max-width: 1536px) 100vw, 1536px\" \/><\/a>\n\t\t\t<\/dt>\n\t\t\t\t<dd class='wp-caption-text gallery-caption' id='gallery-1-905'>\n\t\t\t\tR\u00e9mi Venditti\n\t\t\t\t<\/dd><\/dl><br style=\"clear: both\" \/><dl class='gallery-item'>\n\t\t\t<dt class='gallery-icon landscape'>\n\t\t\t\t<a href='https:\/\/antoinelemaire-archi-photo.fr\/index.php\/2019\/02\/25\/sylvestre\/chloe\/'><img loading=\"lazy\" decoding=\"async\" width=\"2302\" height=\"1536\" src=\"https:\/\/antoinelemaire-archi-photo.fr\/wp-content\/uploads\/2019\/02\/chlo\u00e9.jpg\" class=\"attachment-full size-full\" alt=\"Chlo\u00e9 Dell&#039;Aglio\" aria-describedby=\"gallery-1-904\" srcset=\"https:\/\/antoinelemaire-archi-photo.fr\/wp-content\/uploads\/2019\/02\/chlo\u00e9.jpg 2302w, https:\/\/antoinelemaire-archi-photo.fr\/wp-content\/uploads\/2019\/02\/chlo\u00e9-300x200.jpg 300w, https:\/\/antoinelemaire-archi-photo.fr\/wp-content\/uploads\/2019\/02\/chlo\u00e9-768x512.jpg 768w, https:\/\/antoinelemaire-archi-photo.fr\/wp-content\/uploads\/2019\/02\/chlo\u00e9-1024x683.jpg 1024w, https:\/\/antoinelemaire-archi-photo.fr\/wp-content\/uploads\/2019\/02\/chlo\u00e9-1240x827.jpg 1240w, https:\/\/antoinelemaire-archi-photo.fr\/wp-content\/uploads\/2019\/02\/chlo\u00e9-508x339.jpg 508w\" sizes=\"auto, (max-width: 2302px) 100vw, 2302px\" \/><\/a>\n\t\t\t<\/dt>\n\t\t\t\t<dd class='wp-caption-text gallery-caption' id='gallery-1-904'>\n\t\t\t\tChlo\u00e9 Dell&rsquo;Aglio\n\t\t\t\t<\/dd><\/dl><br style=\"clear: both\" \/><dl class='gallery-item'>\n\t\t\t<dt class='gallery-icon portrait'>\n\t\t\t\t<a href='https:\/\/antoinelemaire-archi-photo.fr\/index.php\/2019\/02\/25\/sylvestre\/bogo-debout-1-3-copie\/'><img loading=\"lazy\" decoding=\"async\" width=\"1536\" height=\"2302\" src=\"https:\/\/antoinelemaire-archi-photo.fr\/wp-content\/uploads\/2019\/02\/bogo-debout-1-3-copie.jpg\" class=\"attachment-full size-full\" alt=\"Lo\u00efc Bogo\" aria-describedby=\"gallery-1-900\" srcset=\"https:\/\/antoinelemaire-archi-photo.fr\/wp-content\/uploads\/2019\/02\/bogo-debout-1-3-copie.jpg 1536w, https:\/\/antoinelemaire-archi-photo.fr\/wp-content\/uploads\/2019\/02\/bogo-debout-1-3-copie-200x300.jpg 200w, https:\/\/antoinelemaire-archi-photo.fr\/wp-content\/uploads\/2019\/02\/bogo-debout-1-3-copie-768x1151.jpg 768w, https:\/\/antoinelemaire-archi-photo.fr\/wp-content\/uploads\/2019\/02\/bogo-debout-1-3-copie-683x1024.jpg 683w, https:\/\/antoinelemaire-archi-photo.fr\/wp-content\/uploads\/2019\/02\/bogo-debout-1-3-copie-1240x1858.jpg 1240w, https:\/\/antoinelemaire-archi-photo.fr\/wp-content\/uploads\/2019\/02\/bogo-debout-1-3-copie-508x761.jpg 508w\" sizes=\"auto, (max-width: 1536px) 100vw, 1536px\" \/><\/a>\n\t\t\t<\/dt>\n\t\t\t\t<dd class='wp-caption-text gallery-caption' id='gallery-1-900'>\n\t\t\t\tLo\u00efc Bogo\n\t\t\t\t<\/dd><\/dl><br style=\"clear: both\" \/><dl class='gallery-item'>\n\t\t\t<dt class='gallery-icon portrait'>\n\t\t\t\t<a href='https:\/\/antoinelemaire-archi-photo.fr\/index.php\/2019\/02\/25\/sylvestre\/jeanne\/'><img loading=\"lazy\" decoding=\"async\" width=\"1536\" height=\"2302\" src=\"https:\/\/antoinelemaire-archi-photo.fr\/wp-content\/uploads\/2019\/02\/jeanne.jpg\" class=\"attachment-full size-full\" alt=\"Jeanne Valette\" aria-describedby=\"gallery-1-903\" srcset=\"https:\/\/antoinelemaire-archi-photo.fr\/wp-content\/uploads\/2019\/02\/jeanne.jpg 1536w, https:\/\/antoinelemaire-archi-photo.fr\/wp-content\/uploads\/2019\/02\/jeanne-200x300.jpg 200w, https:\/\/antoinelemaire-archi-photo.fr\/wp-content\/uploads\/2019\/02\/jeanne-768x1151.jpg 768w, https:\/\/antoinelemaire-archi-photo.fr\/wp-content\/uploads\/2019\/02\/jeanne-683x1024.jpg 683w, https:\/\/antoinelemaire-archi-photo.fr\/wp-content\/uploads\/2019\/02\/jeanne-1240x1858.jpg 1240w, https:\/\/antoinelemaire-archi-photo.fr\/wp-content\/uploads\/2019\/02\/jeanne-508x761.jpg 508w\" sizes=\"auto, (max-width: 1536px) 100vw, 1536px\" \/><\/a>\n\t\t\t<\/dt>\n\t\t\t\t<dd class='wp-caption-text gallery-caption' id='gallery-1-903'>\n\t\t\t\tJeanne Valette\n\t\t\t\t<\/dd><\/dl><br style=\"clear: both\" \/><dl class='gallery-item'>\n\t\t\t<dt class='gallery-icon portrait'>\n\t\t\t\t<a href='https:\/\/antoinelemaire-archi-photo.fr\/index.php\/2019\/02\/25\/sylvestre\/bogo-2\/'><img loading=\"lazy\" decoding=\"async\" width=\"1536\" height=\"2302\" src=\"https:\/\/antoinelemaire-archi-photo.fr\/wp-content\/uploads\/2019\/02\/bogo-2.jpg\" class=\"attachment-full size-full\" alt=\"Loic Bogo\" aria-describedby=\"gallery-1-899\" srcset=\"https:\/\/antoinelemaire-archi-photo.fr\/wp-content\/uploads\/2019\/02\/bogo-2.jpg 1536w, https:\/\/antoinelemaire-archi-photo.fr\/wp-content\/uploads\/2019\/02\/bogo-2-200x300.jpg 200w, https:\/\/antoinelemaire-archi-photo.fr\/wp-content\/uploads\/2019\/02\/bogo-2-768x1151.jpg 768w, https:\/\/antoinelemaire-archi-photo.fr\/wp-content\/uploads\/2019\/02\/bogo-2-683x1024.jpg 683w, https:\/\/antoinelemaire-archi-photo.fr\/wp-content\/uploads\/2019\/02\/bogo-2-1240x1858.jpg 1240w, https:\/\/antoinelemaire-archi-photo.fr\/wp-content\/uploads\/2019\/02\/bogo-2-508x761.jpg 508w\" sizes=\"auto, (max-width: 1536px) 100vw, 1536px\" \/><\/a>\n\t\t\t<\/dt>\n\t\t\t\t<dd class='wp-caption-text gallery-caption' id='gallery-1-899'>\n\t\t\t\tLoic Bogo\n\t\t\t\t<\/dd><\/dl><br style=\"clear: both\" \/><dl class='gallery-item'>\n\t\t\t<dt class='gallery-icon landscape'>\n\t\t\t\t<a href='https:\/\/antoinelemaire-archi-photo.fr\/index.php\/2019\/02\/25\/sylvestre\/alex-bogo\/'><img loading=\"lazy\" decoding=\"async\" width=\"2302\" height=\"1536\" src=\"https:\/\/antoinelemaire-archi-photo.fr\/wp-content\/uploads\/2019\/02\/alex-bogo.jpg\" class=\"attachment-full size-full\" alt=\"Alexis Reynaud et Lo\u00efc Bogo\" aria-describedby=\"gallery-1-907\" srcset=\"https:\/\/antoinelemaire-archi-photo.fr\/wp-content\/uploads\/2019\/02\/alex-bogo.jpg 2302w, https:\/\/antoinelemaire-archi-photo.fr\/wp-content\/uploads\/2019\/02\/alex-bogo-300x200.jpg 300w, https:\/\/antoinelemaire-archi-photo.fr\/wp-content\/uploads\/2019\/02\/alex-bogo-768x512.jpg 768w, https:\/\/antoinelemaire-archi-photo.fr\/wp-content\/uploads\/2019\/02\/alex-bogo-1024x683.jpg 1024w, https:\/\/antoinelemaire-archi-photo.fr\/wp-content\/uploads\/2019\/02\/alex-bogo-1240x827.jpg 1240w, https:\/\/antoinelemaire-archi-photo.fr\/wp-content\/uploads\/2019\/02\/alex-bogo-508x339.jpg 508w\" sizes=\"auto, (max-width: 2302px) 100vw, 2302px\" \/><\/a>\n\t\t\t<\/dt>\n\t\t\t\t<dd class='wp-caption-text gallery-caption' id='gallery-1-907'>\n\t\t\t\tAlexis Reynaud et Lo\u00efc Bogo\n\t\t\t\t<\/dd><\/dl><br style=\"clear: both\" \/><dl class='gallery-item'>\n\t\t\t<dt class='gallery-icon landscape'>\n\t\t\t\t<a href='https:\/\/antoinelemaire-archi-photo.fr\/index.php\/2019\/02\/25\/sylvestre\/jeanne-anissa\/'><img loading=\"lazy\" decoding=\"async\" width=\"2302\" height=\"1536\" src=\"https:\/\/antoinelemaire-archi-photo.fr\/wp-content\/uploads\/2019\/02\/jeanne-anissa.jpg\" class=\"attachment-full size-full\" alt=\"Jeanne Valette, Anissa Benmamar\" aria-describedby=\"gallery-1-901\" srcset=\"https:\/\/antoinelemaire-archi-photo.fr\/wp-content\/uploads\/2019\/02\/jeanne-anissa.jpg 2302w, https:\/\/antoinelemaire-archi-photo.fr\/wp-content\/uploads\/2019\/02\/jeanne-anissa-300x200.jpg 300w, https:\/\/antoinelemaire-archi-photo.fr\/wp-content\/uploads\/2019\/02\/jeanne-anissa-768x512.jpg 768w, https:\/\/antoinelemaire-archi-photo.fr\/wp-content\/uploads\/2019\/02\/jeanne-anissa-1024x683.jpg 1024w, https:\/\/antoinelemaire-archi-photo.fr\/wp-content\/uploads\/2019\/02\/jeanne-anissa-1240x827.jpg 1240w, https:\/\/antoinelemaire-archi-photo.fr\/wp-content\/uploads\/2019\/02\/jeanne-anissa-508x339.jpg 508w\" sizes=\"auto, (max-width: 2302px) 100vw, 2302px\" \/><\/a>\n\t\t\t<\/dt>\n\t\t\t\t<dd class='wp-caption-text gallery-caption' id='gallery-1-901'>\n\t\t\t\tJeanne Valette, Anissa Benmamar\n\t\t\t\t<\/dd><\/dl><br style=\"clear: both\" \/><dl class='gallery-item'>\n\t\t\t<dt class='gallery-icon landscape'>\n\t\t\t\t<a href='https:\/\/antoinelemaire-archi-photo.fr\/index.php\/2019\/02\/25\/sylvestre\/filles\/'><img loading=\"lazy\" decoding=\"async\" width=\"2302\" height=\"1536\" src=\"https:\/\/antoinelemaire-archi-photo.fr\/wp-content\/uploads\/2019\/02\/filles.jpg\" class=\"attachment-full size-full\" alt=\"Mesdemoiselles\" aria-describedby=\"gallery-1-902\" srcset=\"https:\/\/antoinelemaire-archi-photo.fr\/wp-content\/uploads\/2019\/02\/filles.jpg 2302w, https:\/\/antoinelemaire-archi-photo.fr\/wp-content\/uploads\/2019\/02\/filles-300x200.jpg 300w, https:\/\/antoinelemaire-archi-photo.fr\/wp-content\/uploads\/2019\/02\/filles-768x512.jpg 768w, https:\/\/antoinelemaire-archi-photo.fr\/wp-content\/uploads\/2019\/02\/filles-1024x683.jpg 1024w, https:\/\/antoinelemaire-archi-photo.fr\/wp-content\/uploads\/2019\/02\/filles-1240x827.jpg 1240w, https:\/\/antoinelemaire-archi-photo.fr\/wp-content\/uploads\/2019\/02\/filles-508x339.jpg 508w\" sizes=\"auto, (max-width: 2302px) 100vw, 2302px\" \/><\/a>\n\t\t\t<\/dt>\n\t\t\t\t<dd class='wp-caption-text gallery-caption' id='gallery-1-902'>\n\t\t\t\tMesdemoiselles \n\t\t\t\t<\/dd><\/dl><br style=\"clear: both\" \/><dl class='gallery-item'>\n\t\t\t<dt class='gallery-icon landscape'>\n\t\t\t\t<a href='https:\/\/antoinelemaire-archi-photo.fr\/index.php\/2019\/02\/25\/sylvestre\/groupe-2\/'><img loading=\"lazy\" decoding=\"async\" width=\"2302\" height=\"1536\" src=\"https:\/\/antoinelemaire-archi-photo.fr\/wp-content\/uploads\/2019\/02\/groupe-2.jpg\" class=\"attachment-full size-full\" alt=\"Sur les rails, Lauthy Chagot, R\u00e9mi Venditti, Jeanne Valette, Lo\u00efc Bogo\" aria-describedby=\"gallery-1-908\" srcset=\"https:\/\/antoinelemaire-archi-photo.fr\/wp-content\/uploads\/2019\/02\/groupe-2.jpg 2302w, https:\/\/antoinelemaire-archi-photo.fr\/wp-content\/uploads\/2019\/02\/groupe-2-300x200.jpg 300w, https:\/\/antoinelemaire-archi-photo.fr\/wp-content\/uploads\/2019\/02\/groupe-2-768x512.jpg 768w, https:\/\/antoinelemaire-archi-photo.fr\/wp-content\/uploads\/2019\/02\/groupe-2-1024x683.jpg 1024w, https:\/\/antoinelemaire-archi-photo.fr\/wp-content\/uploads\/2019\/02\/groupe-2-1240x827.jpg 1240w, https:\/\/antoinelemaire-archi-photo.fr\/wp-content\/uploads\/2019\/02\/groupe-2-508x339.jpg 508w\" sizes=\"auto, (max-width: 2302px) 100vw, 2302px\" \/><\/a>\n\t\t\t<\/dt>\n\t\t\t\t<dd class='wp-caption-text gallery-caption' id='gallery-1-908'>\n\t\t\t\tSur les rails, Lauthy Chagot, R\u00e9mi Venditti, Jeanne Valette, Lo\u00efc Bogo\n\t\t\t\t<\/dd><\/dl><br style=\"clear: both\" \/><dl class='gallery-item'>\n\t\t\t<dt class='gallery-icon portrait'>\n\t\t\t\t<a href='https:\/\/antoinelemaire-archi-photo.fr\/index.php\/2019\/02\/25\/sylvestre\/jeanne-remi-lauthy-rem\/'><img loading=\"lazy\" decoding=\"async\" width=\"1536\" height=\"2302\" src=\"https:\/\/antoinelemaire-archi-photo.fr\/wp-content\/uploads\/2019\/02\/jeanne-r\u00e9mi-lauthy-rem.jpg\" class=\"attachment-full size-full\" alt=\"Sur les rails, Lauthy Chagot, R\u00e9mi Venditti, Jeanne Valette, Lo\u00efc Bogo\" aria-describedby=\"gallery-1-906\" srcset=\"https:\/\/antoinelemaire-archi-photo.fr\/wp-content\/uploads\/2019\/02\/jeanne-r\u00e9mi-lauthy-rem.jpg 1536w, https:\/\/antoinelemaire-archi-photo.fr\/wp-content\/uploads\/2019\/02\/jeanne-r\u00e9mi-lauthy-rem-200x300.jpg 200w, https:\/\/antoinelemaire-archi-photo.fr\/wp-content\/uploads\/2019\/02\/jeanne-r\u00e9mi-lauthy-rem-768x1151.jpg 768w, https:\/\/antoinelemaire-archi-photo.fr\/wp-content\/uploads\/2019\/02\/jeanne-r\u00e9mi-lauthy-rem-683x1024.jpg 683w, https:\/\/antoinelemaire-archi-photo.fr\/wp-content\/uploads\/2019\/02\/jeanne-r\u00e9mi-lauthy-rem-1240x1858.jpg 1240w, https:\/\/antoinelemaire-archi-photo.fr\/wp-content\/uploads\/2019\/02\/jeanne-r\u00e9mi-lauthy-rem-508x761.jpg 508w\" sizes=\"auto, (max-width: 1536px) 100vw, 1536px\" \/><\/a>\n\t\t\t<\/dt>\n\t\t\t\t<dd class='wp-caption-text gallery-caption' id='gallery-1-906'>\n\t\t\t\tSur les rails, Lauthy Chagot, R\u00e9mi Venditti, Jeanne Valette, Lo\u00efc Bogo\n\t\t\t\t<\/dd><\/dl><br style=\"clear: both\" \/><dl class='gallery-item'>\n\t\t\t<dt class='gallery-icon landscape'>\n\t\t\t\t<a href='https:\/\/antoinelemaire-archi-photo.fr\/index.php\/2019\/02\/25\/sylvestre\/groupe\/'><img loading=\"lazy\" decoding=\"async\" width=\"2308\" height=\"1536\" src=\"https:\/\/antoinelemaire-archi-photo.fr\/wp-content\/uploads\/2019\/02\/groupe.jpg\" class=\"attachment-full size-full\" alt=\"Famille, Antoine Lemaire, Alexandre Candeago, Alexis Reynaud, Lauthy Chagot, Jeanne Valette, Lo\u00efc Bogo, R\u00e9mi Venditti, Louis Duval\" aria-describedby=\"gallery-1-909\" srcset=\"https:\/\/antoinelemaire-archi-photo.fr\/wp-content\/uploads\/2019\/02\/groupe.jpg 2308w, https:\/\/antoinelemaire-archi-photo.fr\/wp-content\/uploads\/2019\/02\/groupe-300x200.jpg 300w, https:\/\/antoinelemaire-archi-photo.fr\/wp-content\/uploads\/2019\/02\/groupe-768x511.jpg 768w, https:\/\/antoinelemaire-archi-photo.fr\/wp-content\/uploads\/2019\/02\/groupe-1024x681.jpg 1024w, https:\/\/antoinelemaire-archi-photo.fr\/wp-content\/uploads\/2019\/02\/groupe-1240x825.jpg 1240w, https:\/\/antoinelemaire-archi-photo.fr\/wp-content\/uploads\/2019\/02\/groupe-508x338.jpg 508w\" sizes=\"auto, (max-width: 2308px) 100vw, 2308px\" \/><\/a>\n\t\t\t<\/dt>\n\t\t\t\t<dd class='wp-caption-text gallery-caption' id='gallery-1-909'>\n\t\t\t\tFamille, Antoine Lemaire, Alexandre Candeago, Alexis Reynaud, Lauthy Chagot, Jeanne Valette, Lo\u00efc Bogo, R\u00e9mi Venditti, Louis Duval\n\t\t\t\t<\/dd><\/dl><br style=\"clear: both\" \/>\n\t\t<\/div>\n\n","protected":false},"excerpt":{"rendered":"<p>NUANCES DE PAYSAGES Souvenir d&rsquo;un moment pass\u00e9 ensemble Locussol &nbsp; S\u00e9rie photographique r\u00e9alis\u00e9 lors du nouvel an. Une famille d&rsquo;amis qui se retrouve en terre inconnue pour f\u00eater une fin d&rsquo;ann\u00e9e r\u00e9jouissante. Au d\u00e9tour d&rsquo;un coucher de soleil, des regards joyeux et une magnifique amiti\u00e9. &nbsp;<\/p>\n","protected":false},"author":1,"featured_media":901,"comment_status":"open","ping_status":"open","sticky":false,"template":"","format":"standard","meta":{"_monsterinsights_skip_tracking":false,"_monsterinsights_sitenote_active":false,"_monsterinsights_sitenote_note":"","_monsterinsights_sitenote_category":0,"footnotes":""},"categories":[20],"tags":[],"class_list":["post-898","post","type-post","status-publish","format-standard","has-post-thumbnail","hentry","category-photographie"],"_links":{"self":[{"href":"https:\/\/antoinelemaire-archi-photo.fr\/index.php\/wp-json\/wp\/v2\/posts\/898","targetHints":{"allow":["GET"]}}],"collection":[{"href":"https:\/\/antoinelemaire-archi-photo.fr\/index.php\/wp-json\/wp\/v2\/posts"}],"about":[{"href":"https:\/\/antoinelemaire-archi-photo.fr\/index.php\/wp-json\/wp\/v2\/types\/post"}],"author":[{"embeddable":true,"href":"https:\/\/antoinelemaire-archi-photo.fr\/index.php\/wp-json\/wp\/v2\/users\/1"}],"replies":[{"embeddable":true,"href":"https:\/\/antoinelemaire-archi-photo.fr\/index.php\/wp-json\/wp\/v2\/comments?post=898"}],"version-history":[{"count":3,"href":"https:\/\/antoinelemaire-archi-photo.fr\/index.php\/wp-json\/wp\/v2\/posts\/898\/revisions"}],"predecessor-version":[{"id":1120,"href":"https:\/\/antoinelemaire-archi-photo.fr\/index.php\/wp-json\/wp\/v2\/posts\/898\/revisions\/1120"}],"wp:featuredmedia":[{"embeddable":true,"href":"https:\/\/antoinelemaire-archi-photo.fr\/index.php\/wp-json\/wp\/v2\/media\/901"}],"wp:attachment":[{"href":"https:\/\/antoinelemaire-archi-photo.fr\/index.php\/wp-json\/wp\/v2\/media?parent=898"}],"wp:term":[{"taxonomy":"category","embeddable":true,"href":"https:\/\/antoinelemaire-archi-photo.fr\/index.php\/wp-json\/wp\/v2\/categories?post=898"},{"taxonomy":"post_tag","embeddable":true,"href":"https:\/\/antoinelemaire-archi-photo.fr\/index.php\/wp-json\/wp\/v2\/tags?post=898"}],"curies":[{"name":"wp","href":"https:\/\/api.w.org\/{rel}","templated":true}]}}