{"id":888,"date":"2019-02-25T10:23:36","date_gmt":"2019-02-25T09:23:36","guid":{"rendered":"http:\/\/antoinelemaire-archi-photo.fr\/?p=888"},"modified":"2020-10-08T23:34:43","modified_gmt":"2020-10-08T21:34:43","slug":"la-plaine","status":"publish","type":"post","link":"https:\/\/antoinelemaire-archi-photo.fr\/index.php\/2019\/02\/25\/la-plaine\/","title":{"rendered":"Point G\u00e9ographique I Latitude : 43.293331  &#8211;  Longitude : 5.384535"},"content":{"rendered":"<h1 style=\"text-align: center;\">nuances urbaines<\/h1>\n<h2 style=\"text-align: center;\">Un soir \u00e0 la Plaine<\/h2>\n<h4 style=\"text-align: center;\">Lueurs d&rsquo;un soirs<\/h4>\n<p>&nbsp;<\/p>\n<p>Cette s\u00e9rie photographique a \u00e9t\u00e9 prise un soir dans le quartier de la place Jean Jaur\u00e8s \u00e0 Marseille. Ce quartier appel\u00e9 le cours julien est tr\u00e8s populaire, on y trouve de nombreux bars, restaurants, concept stores et une sp\u00e9cificit\u00e9 qui fait de ce quartier son charme, ses tags. Ils sont pr\u00e9sents sur une grande partie des murs du quartier. Soulign\u00e9s par les luminaires invitant \u00e0 l&rsquo;amour, cela donne une ambiance captivante et myst\u00e9rieuse au quartier et fait le bonheur des nombreux visiteurs nocturnes de la ville.<\/p>\n\n\t\t<style type=\"text\/css\">\n\t\t\t#gallery-1 {\n\t\t\t\tmargin: auto;\n\t\t\t}\n\t\t\t#gallery-1 .gallery-item {\n\t\t\t\tfloat: left;\n\t\t\t\tmargin-top: 10px;\n\t\t\t\ttext-align: center;\n\t\t\t\twidth: 100%;\n\t\t\t}\n\t\t\t#gallery-1 img {\n\t\t\t\tborder: 2px solid #cfcfcf;\n\t\t\t}\n\t\t\t#gallery-1 .gallery-caption {\n\t\t\t\tmargin-left: 0;\n\t\t\t}\n\t\t\t\/* see gallery_shortcode() in wp-includes\/media.php *\/\n\t\t<\/style>\n\t\t<div id='gallery-1' class='gallery galleryid-888 gallery-columns-1 gallery-size-full'><dl class='gallery-item'>\n\t\t\t<dt class='gallery-icon portrait'>\n\t\t\t\t<a href='https:\/\/antoinelemaire-archi-photo.fr\/index.php\/2019\/02\/25\/la-plaine\/balade-la-plaine-7\/'><img loading=\"lazy\" decoding=\"async\" width=\"1536\" height=\"2302\" src=\"https:\/\/antoinelemaire-archi-photo.fr\/wp-content\/uploads\/2019\/02\/balade-la-plaine-7.jpg\" class=\"attachment-full size-full\" alt=\"Somptueuse demoiselle\" aria-describedby=\"gallery-1-896\" srcset=\"https:\/\/antoinelemaire-archi-photo.fr\/wp-content\/uploads\/2019\/02\/balade-la-plaine-7.jpg 1536w, https:\/\/antoinelemaire-archi-photo.fr\/wp-content\/uploads\/2019\/02\/balade-la-plaine-7-200x300.jpg 200w, https:\/\/antoinelemaire-archi-photo.fr\/wp-content\/uploads\/2019\/02\/balade-la-plaine-7-768x1151.jpg 768w, https:\/\/antoinelemaire-archi-photo.fr\/wp-content\/uploads\/2019\/02\/balade-la-plaine-7-683x1024.jpg 683w, https:\/\/antoinelemaire-archi-photo.fr\/wp-content\/uploads\/2019\/02\/balade-la-plaine-7-1240x1858.jpg 1240w, https:\/\/antoinelemaire-archi-photo.fr\/wp-content\/uploads\/2019\/02\/balade-la-plaine-7-508x761.jpg 508w\" sizes=\"auto, (max-width: 1536px) 100vw, 1536px\" \/><\/a>\n\t\t\t<\/dt>\n\t\t\t\t<dd class='wp-caption-text gallery-caption' id='gallery-1-896'>\n\t\t\t\tSomptueuse demoiselle\n\t\t\t\t<\/dd><\/dl><br style=\"clear: both\" \/><dl class='gallery-item'>\n\t\t\t<dt class='gallery-icon portrait'>\n\t\t\t\t<a href='https:\/\/antoinelemaire-archi-photo.fr\/index.php\/2019\/02\/25\/la-plaine\/balade-la-plaine-3\/'><img loading=\"lazy\" decoding=\"async\" width=\"1536\" height=\"2302\" src=\"https:\/\/antoinelemaire-archi-photo.fr\/wp-content\/uploads\/2019\/02\/balade-la-plaine-3.jpg\" class=\"attachment-full size-full\" alt=\"Direction la lumi\u00e8re\" aria-describedby=\"gallery-1-892\" srcset=\"https:\/\/antoinelemaire-archi-photo.fr\/wp-content\/uploads\/2019\/02\/balade-la-plaine-3.jpg 1536w, https:\/\/antoinelemaire-archi-photo.fr\/wp-content\/uploads\/2019\/02\/balade-la-plaine-3-200x300.jpg 200w, https:\/\/antoinelemaire-archi-photo.fr\/wp-content\/uploads\/2019\/02\/balade-la-plaine-3-768x1151.jpg 768w, https:\/\/antoinelemaire-archi-photo.fr\/wp-content\/uploads\/2019\/02\/balade-la-plaine-3-683x1024.jpg 683w, https:\/\/antoinelemaire-archi-photo.fr\/wp-content\/uploads\/2019\/02\/balade-la-plaine-3-1240x1858.jpg 1240w, https:\/\/antoinelemaire-archi-photo.fr\/wp-content\/uploads\/2019\/02\/balade-la-plaine-3-508x761.jpg 508w\" sizes=\"auto, (max-width: 1536px) 100vw, 1536px\" \/><\/a>\n\t\t\t<\/dt>\n\t\t\t\t<dd class='wp-caption-text gallery-caption' id='gallery-1-892'>\n\t\t\t\tDirection la lumi\u00e8re\n\t\t\t\t<\/dd><\/dl><br style=\"clear: both\" \/><dl class='gallery-item'>\n\t\t\t<dt class='gallery-icon landscape'>\n\t\t\t\t<a href='https:\/\/antoinelemaire-archi-photo.fr\/index.php\/2019\/02\/25\/la-plaine\/balade-la-plaine-5\/'><img loading=\"lazy\" decoding=\"async\" width=\"2302\" height=\"1536\" src=\"https:\/\/antoinelemaire-archi-photo.fr\/wp-content\/uploads\/2019\/02\/balade-la-plaine-5.jpg\" class=\"attachment-full size-full\" alt=\"Mouvements d\u00e9licats\" aria-describedby=\"gallery-1-894\" srcset=\"https:\/\/antoinelemaire-archi-photo.fr\/wp-content\/uploads\/2019\/02\/balade-la-plaine-5.jpg 2302w, https:\/\/antoinelemaire-archi-photo.fr\/wp-content\/uploads\/2019\/02\/balade-la-plaine-5-300x200.jpg 300w, https:\/\/antoinelemaire-archi-photo.fr\/wp-content\/uploads\/2019\/02\/balade-la-plaine-5-768x512.jpg 768w, https:\/\/antoinelemaire-archi-photo.fr\/wp-content\/uploads\/2019\/02\/balade-la-plaine-5-1024x683.jpg 1024w, https:\/\/antoinelemaire-archi-photo.fr\/wp-content\/uploads\/2019\/02\/balade-la-plaine-5-1240x827.jpg 1240w, https:\/\/antoinelemaire-archi-photo.fr\/wp-content\/uploads\/2019\/02\/balade-la-plaine-5-508x339.jpg 508w\" sizes=\"auto, (max-width: 2302px) 100vw, 2302px\" \/><\/a>\n\t\t\t<\/dt>\n\t\t\t\t<dd class='wp-caption-text gallery-caption' id='gallery-1-894'>\n\t\t\t\tMouvements d\u00e9licats\n\t\t\t\t<\/dd><\/dl><br style=\"clear: both\" \/><dl class='gallery-item'>\n\t\t\t<dt class='gallery-icon portrait'>\n\t\t\t\t<a href='https:\/\/antoinelemaire-archi-photo.fr\/index.php\/2019\/02\/25\/la-plaine\/balade-la-plaine-2\/'><img loading=\"lazy\" decoding=\"async\" width=\"1536\" height=\"2302\" src=\"https:\/\/antoinelemaire-archi-photo.fr\/wp-content\/uploads\/2019\/02\/balade-la-plaine-2.jpg\" class=\"attachment-full size-full\" alt=\"Conflits\" aria-describedby=\"gallery-1-891\" srcset=\"https:\/\/antoinelemaire-archi-photo.fr\/wp-content\/uploads\/2019\/02\/balade-la-plaine-2.jpg 1536w, https:\/\/antoinelemaire-archi-photo.fr\/wp-content\/uploads\/2019\/02\/balade-la-plaine-2-200x300.jpg 200w, https:\/\/antoinelemaire-archi-photo.fr\/wp-content\/uploads\/2019\/02\/balade-la-plaine-2-768x1151.jpg 768w, https:\/\/antoinelemaire-archi-photo.fr\/wp-content\/uploads\/2019\/02\/balade-la-plaine-2-683x1024.jpg 683w, https:\/\/antoinelemaire-archi-photo.fr\/wp-content\/uploads\/2019\/02\/balade-la-plaine-2-1240x1858.jpg 1240w, https:\/\/antoinelemaire-archi-photo.fr\/wp-content\/uploads\/2019\/02\/balade-la-plaine-2-508x761.jpg 508w\" sizes=\"auto, (max-width: 1536px) 100vw, 1536px\" \/><\/a>\n\t\t\t<\/dt>\n\t\t\t\t<dd class='wp-caption-text gallery-caption' id='gallery-1-891'>\n\t\t\t\tConflits\n\t\t\t\t<\/dd><\/dl><br style=\"clear: both\" \/><dl class='gallery-item'>\n\t\t\t<dt class='gallery-icon landscape'>\n\t\t\t\t<a href='https:\/\/antoinelemaire-archi-photo.fr\/index.php\/2019\/02\/25\/la-plaine\/balade-la-plaine-4-copie\/'><img loading=\"lazy\" decoding=\"async\" width=\"2302\" height=\"1536\" src=\"https:\/\/antoinelemaire-archi-photo.fr\/wp-content\/uploads\/2019\/02\/balade-la-plaine-4-copie.jpg\" class=\"attachment-full size-full\" alt=\"Dans ton c\u0153ur\" aria-describedby=\"gallery-1-893\" srcset=\"https:\/\/antoinelemaire-archi-photo.fr\/wp-content\/uploads\/2019\/02\/balade-la-plaine-4-copie.jpg 2302w, https:\/\/antoinelemaire-archi-photo.fr\/wp-content\/uploads\/2019\/02\/balade-la-plaine-4-copie-300x200.jpg 300w, https:\/\/antoinelemaire-archi-photo.fr\/wp-content\/uploads\/2019\/02\/balade-la-plaine-4-copie-768x512.jpg 768w, https:\/\/antoinelemaire-archi-photo.fr\/wp-content\/uploads\/2019\/02\/balade-la-plaine-4-copie-1024x683.jpg 1024w, https:\/\/antoinelemaire-archi-photo.fr\/wp-content\/uploads\/2019\/02\/balade-la-plaine-4-copie-1240x827.jpg 1240w, https:\/\/antoinelemaire-archi-photo.fr\/wp-content\/uploads\/2019\/02\/balade-la-plaine-4-copie-508x339.jpg 508w\" sizes=\"auto, (max-width: 2302px) 100vw, 2302px\" \/><\/a>\n\t\t\t<\/dt>\n\t\t\t\t<dd class='wp-caption-text gallery-caption' id='gallery-1-893'>\n\t\t\t\tDans ton c\u0153ur \n\t\t\t\t<\/dd><\/dl><br style=\"clear: both\" \/><dl class='gallery-item'>\n\t\t\t<dt class='gallery-icon landscape'>\n\t\t\t\t<a href='https:\/\/antoinelemaire-archi-photo.fr\/index.php\/2019\/02\/25\/la-plaine\/balade-la-plaine-1\/'><img loading=\"lazy\" decoding=\"async\" width=\"2302\" height=\"1536\" src=\"https:\/\/antoinelemaire-archi-photo.fr\/wp-content\/uploads\/2019\/02\/balade-la-plaine-1.jpg\" class=\"attachment-full size-full\" alt=\"Conflits\" aria-describedby=\"gallery-1-890\" srcset=\"https:\/\/antoinelemaire-archi-photo.fr\/wp-content\/uploads\/2019\/02\/balade-la-plaine-1.jpg 2302w, https:\/\/antoinelemaire-archi-photo.fr\/wp-content\/uploads\/2019\/02\/balade-la-plaine-1-300x200.jpg 300w, https:\/\/antoinelemaire-archi-photo.fr\/wp-content\/uploads\/2019\/02\/balade-la-plaine-1-768x512.jpg 768w, https:\/\/antoinelemaire-archi-photo.fr\/wp-content\/uploads\/2019\/02\/balade-la-plaine-1-1024x683.jpg 1024w, https:\/\/antoinelemaire-archi-photo.fr\/wp-content\/uploads\/2019\/02\/balade-la-plaine-1-1240x827.jpg 1240w, https:\/\/antoinelemaire-archi-photo.fr\/wp-content\/uploads\/2019\/02\/balade-la-plaine-1-508x339.jpg 508w\" sizes=\"auto, (max-width: 2302px) 100vw, 2302px\" \/><\/a>\n\t\t\t<\/dt>\n\t\t\t\t<dd class='wp-caption-text gallery-caption' id='gallery-1-890'>\n\t\t\t\tConflits\n\t\t\t\t<\/dd><\/dl><br style=\"clear: both\" \/><dl class='gallery-item'>\n\t\t\t<dt class='gallery-icon landscape'>\n\t\t\t\t<a href='https:\/\/antoinelemaire-archi-photo.fr\/index.php\/2019\/02\/25\/la-plaine\/balade-la-plaine-6\/'><img loading=\"lazy\" decoding=\"async\" width=\"2302\" height=\"1536\" src=\"https:\/\/antoinelemaire-archi-photo.fr\/wp-content\/uploads\/2019\/02\/balade-la-plaine-6.jpg\" class=\"attachment-full size-full\" alt=\"\u00c0 tes amours\" aria-describedby=\"gallery-1-895\" srcset=\"https:\/\/antoinelemaire-archi-photo.fr\/wp-content\/uploads\/2019\/02\/balade-la-plaine-6.jpg 2302w, https:\/\/antoinelemaire-archi-photo.fr\/wp-content\/uploads\/2019\/02\/balade-la-plaine-6-300x200.jpg 300w, https:\/\/antoinelemaire-archi-photo.fr\/wp-content\/uploads\/2019\/02\/balade-la-plaine-6-768x512.jpg 768w, https:\/\/antoinelemaire-archi-photo.fr\/wp-content\/uploads\/2019\/02\/balade-la-plaine-6-1024x683.jpg 1024w, https:\/\/antoinelemaire-archi-photo.fr\/wp-content\/uploads\/2019\/02\/balade-la-plaine-6-1240x827.jpg 1240w, https:\/\/antoinelemaire-archi-photo.fr\/wp-content\/uploads\/2019\/02\/balade-la-plaine-6-508x339.jpg 508w\" sizes=\"auto, (max-width: 2302px) 100vw, 2302px\" \/><\/a>\n\t\t\t<\/dt>\n\t\t\t\t<dd class='wp-caption-text gallery-caption' id='gallery-1-895'>\n\t\t\t\t\u00c0 tes amours\n\t\t\t\t<\/dd><\/dl><br style=\"clear: both\" \/>\n\t\t<\/div>\n\n","protected":false},"excerpt":{"rendered":"<p>nuances urbaines Un soir \u00e0 la Plaine Lueurs d&rsquo;un soirs &nbsp; Cette s\u00e9rie photographique a \u00e9t\u00e9 prise un soir dans le quartier de la place Jean Jaur\u00e8s \u00e0 Marseille. Ce quartier appel\u00e9 le cours julien est tr\u00e8s populaire, on y trouve de nombreux bars, restaurants, concept stores et une sp\u00e9cificit\u00e9 qui fait de ce quartier [&hellip;]<\/p>\n","protected":false},"author":1,"featured_media":892,"comment_status":"open","ping_status":"open","sticky":false,"template":"","format":"standard","meta":{"_monsterinsights_skip_tracking":false,"_monsterinsights_sitenote_active":false,"_monsterinsights_sitenote_note":"","_monsterinsights_sitenote_category":0,"footnotes":""},"categories":[20],"tags":[],"class_list":["post-888","post","type-post","status-publish","format-standard","has-post-thumbnail","hentry","category-photographie"],"_links":{"self":[{"href":"https:\/\/antoinelemaire-archi-photo.fr\/index.php\/wp-json\/wp\/v2\/posts\/888","targetHints":{"allow":["GET"]}}],"collection":[{"href":"https:\/\/antoinelemaire-archi-photo.fr\/index.php\/wp-json\/wp\/v2\/posts"}],"about":[{"href":"https:\/\/antoinelemaire-archi-photo.fr\/index.php\/wp-json\/wp\/v2\/types\/post"}],"author":[{"embeddable":true,"href":"https:\/\/antoinelemaire-archi-photo.fr\/index.php\/wp-json\/wp\/v2\/users\/1"}],"replies":[{"embeddable":true,"href":"https:\/\/antoinelemaire-archi-photo.fr\/index.php\/wp-json\/wp\/v2\/comments?post=888"}],"version-history":[{"count":4,"href":"https:\/\/antoinelemaire-archi-photo.fr\/index.php\/wp-json\/wp\/v2\/posts\/888\/revisions"}],"predecessor-version":[{"id":1111,"href":"https:\/\/antoinelemaire-archi-photo.fr\/index.php\/wp-json\/wp\/v2\/posts\/888\/revisions\/1111"}],"wp:featuredmedia":[{"embeddable":true,"href":"https:\/\/antoinelemaire-archi-photo.fr\/index.php\/wp-json\/wp\/v2\/media\/892"}],"wp:attachment":[{"href":"https:\/\/antoinelemaire-archi-photo.fr\/index.php\/wp-json\/wp\/v2\/media?parent=888"}],"wp:term":[{"taxonomy":"category","embeddable":true,"href":"https:\/\/antoinelemaire-archi-photo.fr\/index.php\/wp-json\/wp\/v2\/categories?post=888"},{"taxonomy":"post_tag","embeddable":true,"href":"https:\/\/antoinelemaire-archi-photo.fr\/index.php\/wp-json\/wp\/v2\/tags?post=888"}],"curies":[{"name":"wp","href":"https:\/\/api.w.org\/{rel}","templated":true}]}}