{"id":876,"date":"2019-02-24T16:39:00","date_gmt":"2019-02-24T15:39:00","guid":{"rendered":"http:\/\/antoinelemaire-archi-photo.fr\/?p=876"},"modified":"2020-10-08T23:41:15","modified_gmt":"2020-10-08T21:41:15","slug":"chais-delas","status":"publish","type":"post","link":"https:\/\/antoinelemaire-archi-photo.fr\/index.php\/2019\/02\/24\/chais-delas\/","title":{"rendered":"Point G\u00e9ographique I Latitude : 45.070045  &#8211;  Longitude : 4.842026"},"content":{"rendered":"<h1 style=\"text-align: center;\">nuances architecturales<\/h1>\n<h2 style=\"text-align: center;\">Un Chais viticole \u00e0 Tain L&rsquo;Hermitage<\/h2>\n<h4 style=\"text-align: center;\">Carl Fredrick Svenstedt<\/h4>\n<p>&nbsp;<\/p>\n<p>Ce chais est situ\u00e9 dans la commune de Tain L&rsquo;hermitage dans la drome. Il a \u00e9t\u00e9 construit par l&rsquo;architecte Carl Fredrick Svenstedt. J&rsquo;ai pu le visiter lors d&rsquo;une visite de chantier. J&rsquo;ai voulu ici photographier la trace de la lumi\u00e8re sur les diff\u00e9rents murs du chais. Ces murs construit en pierre massive sont majestueux par leurs formes et leurs textures. Ombres et lumi\u00e8res cr\u00e9e un jeu subtil entre les volumes du chais et le grand mur drap\u00e9s de pierre.<\/p>\n<p>&nbsp;<\/p>\n\n\t\t<style type=\"text\/css\">\n\t\t\t#gallery-1 {\n\t\t\t\tmargin: auto;\n\t\t\t}\n\t\t\t#gallery-1 .gallery-item {\n\t\t\t\tfloat: left;\n\t\t\t\tmargin-top: 10px;\n\t\t\t\ttext-align: center;\n\t\t\t\twidth: 100%;\n\t\t\t}\n\t\t\t#gallery-1 img {\n\t\t\t\tborder: 2px solid #cfcfcf;\n\t\t\t}\n\t\t\t#gallery-1 .gallery-caption {\n\t\t\t\tmargin-left: 0;\n\t\t\t}\n\t\t\t\/* see gallery_shortcode() in wp-includes\/media.php *\/\n\t\t<\/style>\n\t\t<div id='gallery-1' class='gallery galleryid-876 gallery-columns-1 gallery-size-full'><dl class='gallery-item'>\n\t\t\t<dt class='gallery-icon portrait'>\n\t\t\t\t<a href='https:\/\/antoinelemaire-archi-photo.fr\/index.php\/2019\/02\/24\/chais-delas\/delas-6\/'><img loading=\"lazy\" decoding=\"async\" width=\"1536\" height=\"2292\" src=\"https:\/\/antoinelemaire-archi-photo.fr\/wp-content\/uploads\/2019\/02\/delas-6.jpg\" class=\"attachment-full size-full\" alt=\"Mur en Pierre longeant la salle des cuves\" aria-describedby=\"gallery-1-882\" srcset=\"https:\/\/antoinelemaire-archi-photo.fr\/wp-content\/uploads\/2019\/02\/delas-6.jpg 1536w, https:\/\/antoinelemaire-archi-photo.fr\/wp-content\/uploads\/2019\/02\/delas-6-201x300.jpg 201w, https:\/\/antoinelemaire-archi-photo.fr\/wp-content\/uploads\/2019\/02\/delas-6-768x1146.jpg 768w, https:\/\/antoinelemaire-archi-photo.fr\/wp-content\/uploads\/2019\/02\/delas-6-686x1024.jpg 686w, https:\/\/antoinelemaire-archi-photo.fr\/wp-content\/uploads\/2019\/02\/delas-6-1240x1850.jpg 1240w, https:\/\/antoinelemaire-archi-photo.fr\/wp-content\/uploads\/2019\/02\/delas-6-508x758.jpg 508w\" sizes=\"auto, (max-width: 1536px) 100vw, 1536px\" \/><\/a>\n\t\t\t<\/dt>\n\t\t\t\t<dd class='wp-caption-text gallery-caption' id='gallery-1-882'>\n\t\t\t\tMur en Pierre longeant la salle des cuves\n\t\t\t\t<\/dd><\/dl><br style=\"clear: both\" \/><dl class='gallery-item'>\n\t\t\t<dt class='gallery-icon portrait'>\n\t\t\t\t<a href='https:\/\/antoinelemaire-archi-photo.fr\/index.php\/2019\/02\/24\/chais-delas\/delas-5\/'><img loading=\"lazy\" decoding=\"async\" width=\"1536\" height=\"2385\" src=\"https:\/\/antoinelemaire-archi-photo.fr\/wp-content\/uploads\/2019\/02\/delas-5.jpg\" class=\"attachment-full size-full\" alt=\"Mur en Pierre longeant la salle des cuves\" aria-describedby=\"gallery-1-877\" srcset=\"https:\/\/antoinelemaire-archi-photo.fr\/wp-content\/uploads\/2019\/02\/delas-5.jpg 1536w, https:\/\/antoinelemaire-archi-photo.fr\/wp-content\/uploads\/2019\/02\/delas-5-193x300.jpg 193w, https:\/\/antoinelemaire-archi-photo.fr\/wp-content\/uploads\/2019\/02\/delas-5-768x1193.jpg 768w, https:\/\/antoinelemaire-archi-photo.fr\/wp-content\/uploads\/2019\/02\/delas-5-659x1024.jpg 659w, https:\/\/antoinelemaire-archi-photo.fr\/wp-content\/uploads\/2019\/02\/delas-5-1240x1925.jpg 1240w, https:\/\/antoinelemaire-archi-photo.fr\/wp-content\/uploads\/2019\/02\/delas-5-508x789.jpg 508w\" sizes=\"auto, (max-width: 1536px) 100vw, 1536px\" \/><\/a>\n\t\t\t<\/dt>\n\t\t\t\t<dd class='wp-caption-text gallery-caption' id='gallery-1-877'>\n\t\t\t\tMur en Pierre longeant la salle des cuves\n\t\t\t\t<\/dd><\/dl><br style=\"clear: both\" \/><dl class='gallery-item'>\n\t\t\t<dt class='gallery-icon portrait'>\n\t\t\t\t<a href='https:\/\/antoinelemaire-archi-photo.fr\/index.php\/2019\/02\/24\/chais-delas\/delas-7\/'><img loading=\"lazy\" decoding=\"async\" width=\"1536\" height=\"2295\" src=\"https:\/\/antoinelemaire-archi-photo.fr\/wp-content\/uploads\/2019\/02\/delas-7.jpg\" class=\"attachment-full size-full\" alt=\"Mur en Pierre longeant la salle des cuves\" aria-describedby=\"gallery-1-885\" srcset=\"https:\/\/antoinelemaire-archi-photo.fr\/wp-content\/uploads\/2019\/02\/delas-7.jpg 1536w, https:\/\/antoinelemaire-archi-photo.fr\/wp-content\/uploads\/2019\/02\/delas-7-201x300.jpg 201w, https:\/\/antoinelemaire-archi-photo.fr\/wp-content\/uploads\/2019\/02\/delas-7-768x1148.jpg 768w, https:\/\/antoinelemaire-archi-photo.fr\/wp-content\/uploads\/2019\/02\/delas-7-685x1024.jpg 685w, https:\/\/antoinelemaire-archi-photo.fr\/wp-content\/uploads\/2019\/02\/delas-7-1240x1853.jpg 1240w, https:\/\/antoinelemaire-archi-photo.fr\/wp-content\/uploads\/2019\/02\/delas-7-508x759.jpg 508w\" sizes=\"auto, (max-width: 1536px) 100vw, 1536px\" \/><\/a>\n\t\t\t<\/dt>\n\t\t\t\t<dd class='wp-caption-text gallery-caption' id='gallery-1-885'>\n\t\t\t\tMur en Pierre longeant la salle des cuves\n\t\t\t\t<\/dd><\/dl><br style=\"clear: both\" \/><dl class='gallery-item'>\n\t\t\t<dt class='gallery-icon landscape'>\n\t\t\t\t<a href='https:\/\/antoinelemaire-archi-photo.fr\/index.php\/2019\/02\/24\/chais-delas\/delas-4\/'><img loading=\"lazy\" decoding=\"async\" width=\"2411\" height=\"1536\" src=\"https:\/\/antoinelemaire-archi-photo.fr\/wp-content\/uploads\/2019\/02\/delas-4.jpg\" class=\"attachment-full size-full\" alt=\"Verri\u00e8re permettant de prot\u00e9ger l&#039;espace de circulation entre le mur en pierre et la salle des cuves\" aria-describedby=\"gallery-1-879\" srcset=\"https:\/\/antoinelemaire-archi-photo.fr\/wp-content\/uploads\/2019\/02\/delas-4.jpg 2411w, https:\/\/antoinelemaire-archi-photo.fr\/wp-content\/uploads\/2019\/02\/delas-4-300x191.jpg 300w, https:\/\/antoinelemaire-archi-photo.fr\/wp-content\/uploads\/2019\/02\/delas-4-768x489.jpg 768w, https:\/\/antoinelemaire-archi-photo.fr\/wp-content\/uploads\/2019\/02\/delas-4-1024x652.jpg 1024w, https:\/\/antoinelemaire-archi-photo.fr\/wp-content\/uploads\/2019\/02\/delas-4-1240x790.jpg 1240w, https:\/\/antoinelemaire-archi-photo.fr\/wp-content\/uploads\/2019\/02\/delas-4-508x324.jpg 508w\" sizes=\"auto, (max-width: 2411px) 100vw, 2411px\" \/><\/a>\n\t\t\t<\/dt>\n\t\t\t\t<dd class='wp-caption-text gallery-caption' id='gallery-1-879'>\n\t\t\t\tVerri\u00e8re permettant de prot\u00e9ger l&rsquo;espace de circulation entre le mur en pierre et la salle des cuves\n\t\t\t\t<\/dd><\/dl><br style=\"clear: both\" \/><dl class='gallery-item'>\n\t\t\t<dt class='gallery-icon portrait'>\n\t\t\t\t<a href='https:\/\/antoinelemaire-archi-photo.fr\/index.php\/2019\/02\/24\/chais-delas\/delas-9\/'><img loading=\"lazy\" decoding=\"async\" width=\"1536\" height=\"2286\" src=\"https:\/\/antoinelemaire-archi-photo.fr\/wp-content\/uploads\/2019\/02\/delas-9.jpg\" class=\"attachment-full size-full\" alt=\"D\u00e9tail de la verri\u00e8re\" aria-describedby=\"gallery-1-883\" srcset=\"https:\/\/antoinelemaire-archi-photo.fr\/wp-content\/uploads\/2019\/02\/delas-9.jpg 1536w, https:\/\/antoinelemaire-archi-photo.fr\/wp-content\/uploads\/2019\/02\/delas-9-202x300.jpg 202w, https:\/\/antoinelemaire-archi-photo.fr\/wp-content\/uploads\/2019\/02\/delas-9-768x1143.jpg 768w, https:\/\/antoinelemaire-archi-photo.fr\/wp-content\/uploads\/2019\/02\/delas-9-688x1024.jpg 688w, https:\/\/antoinelemaire-archi-photo.fr\/wp-content\/uploads\/2019\/02\/delas-9-1240x1845.jpg 1240w, https:\/\/antoinelemaire-archi-photo.fr\/wp-content\/uploads\/2019\/02\/delas-9-508x756.jpg 508w\" sizes=\"auto, (max-width: 1536px) 100vw, 1536px\" \/><\/a>\n\t\t\t<\/dt>\n\t\t\t\t<dd class='wp-caption-text gallery-caption' id='gallery-1-883'>\n\t\t\t\tD\u00e9tail de la verri\u00e8re\n\t\t\t\t<\/dd><\/dl><br style=\"clear: both\" \/><dl class='gallery-item'>\n\t\t\t<dt class='gallery-icon portrait'>\n\t\t\t\t<a href='https:\/\/antoinelemaire-archi-photo.fr\/index.php\/2019\/02\/24\/chais-delas\/delas-1\/'><img loading=\"lazy\" decoding=\"async\" width=\"1536\" height=\"2302\" src=\"https:\/\/antoinelemaire-archi-photo.fr\/wp-content\/uploads\/2019\/02\/delas-1.jpg\" class=\"attachment-full size-full\" alt=\"D\u00e9tail de la verri\u00e8re\" aria-describedby=\"gallery-1-881\" srcset=\"https:\/\/antoinelemaire-archi-photo.fr\/wp-content\/uploads\/2019\/02\/delas-1.jpg 1536w, https:\/\/antoinelemaire-archi-photo.fr\/wp-content\/uploads\/2019\/02\/delas-1-200x300.jpg 200w, https:\/\/antoinelemaire-archi-photo.fr\/wp-content\/uploads\/2019\/02\/delas-1-768x1151.jpg 768w, https:\/\/antoinelemaire-archi-photo.fr\/wp-content\/uploads\/2019\/02\/delas-1-683x1024.jpg 683w, https:\/\/antoinelemaire-archi-photo.fr\/wp-content\/uploads\/2019\/02\/delas-1-1240x1858.jpg 1240w, https:\/\/antoinelemaire-archi-photo.fr\/wp-content\/uploads\/2019\/02\/delas-1-508x761.jpg 508w\" sizes=\"auto, (max-width: 1536px) 100vw, 1536px\" \/><\/a>\n\t\t\t<\/dt>\n\t\t\t\t<dd class='wp-caption-text gallery-caption' id='gallery-1-881'>\n\t\t\t\tD\u00e9tail de la verri\u00e8re\n\t\t\t\t<\/dd><\/dl><br style=\"clear: both\" \/><dl class='gallery-item'>\n\t\t\t<dt class='gallery-icon portrait'>\n\t\t\t\t<a href='https:\/\/antoinelemaire-archi-photo.fr\/index.php\/2019\/02\/24\/chais-delas\/delas-8\/'><img loading=\"lazy\" decoding=\"async\" width=\"1536\" height=\"2354\" src=\"https:\/\/antoinelemaire-archi-photo.fr\/wp-content\/uploads\/2019\/02\/delas-8.jpg\" class=\"attachment-full size-full\" alt=\"Ouverture dans le mur en Pierres.\" aria-describedby=\"gallery-1-884\" srcset=\"https:\/\/antoinelemaire-archi-photo.fr\/wp-content\/uploads\/2019\/02\/delas-8.jpg 1536w, https:\/\/antoinelemaire-archi-photo.fr\/wp-content\/uploads\/2019\/02\/delas-8-196x300.jpg 196w, https:\/\/antoinelemaire-archi-photo.fr\/wp-content\/uploads\/2019\/02\/delas-8-768x1177.jpg 768w, https:\/\/antoinelemaire-archi-photo.fr\/wp-content\/uploads\/2019\/02\/delas-8-668x1024.jpg 668w, https:\/\/antoinelemaire-archi-photo.fr\/wp-content\/uploads\/2019\/02\/delas-8-1240x1900.jpg 1240w, https:\/\/antoinelemaire-archi-photo.fr\/wp-content\/uploads\/2019\/02\/delas-8-508x779.jpg 508w\" sizes=\"auto, (max-width: 1536px) 100vw, 1536px\" \/><\/a>\n\t\t\t<\/dt>\n\t\t\t\t<dd class='wp-caption-text gallery-caption' id='gallery-1-884'>\n\t\t\t\tOuverture dans le mur en Pierres.\n\t\t\t\t<\/dd><\/dl><br style=\"clear: both\" \/><dl class='gallery-item'>\n\t\t\t<dt class='gallery-icon landscape'>\n\t\t\t\t<a href='https:\/\/antoinelemaire-archi-photo.fr\/index.php\/2019\/02\/24\/chais-delas\/delas-2\/'><img loading=\"lazy\" decoding=\"async\" width=\"2317\" height=\"1536\" src=\"https:\/\/antoinelemaire-archi-photo.fr\/wp-content\/uploads\/2019\/02\/delas-2.jpg\" class=\"attachment-full size-full\" alt=\"Protection solaire\" aria-describedby=\"gallery-1-880\" srcset=\"https:\/\/antoinelemaire-archi-photo.fr\/wp-content\/uploads\/2019\/02\/delas-2.jpg 2317w, https:\/\/antoinelemaire-archi-photo.fr\/wp-content\/uploads\/2019\/02\/delas-2-300x199.jpg 300w, https:\/\/antoinelemaire-archi-photo.fr\/wp-content\/uploads\/2019\/02\/delas-2-768x509.jpg 768w, https:\/\/antoinelemaire-archi-photo.fr\/wp-content\/uploads\/2019\/02\/delas-2-1024x679.jpg 1024w, https:\/\/antoinelemaire-archi-photo.fr\/wp-content\/uploads\/2019\/02\/delas-2-1240x822.jpg 1240w, https:\/\/antoinelemaire-archi-photo.fr\/wp-content\/uploads\/2019\/02\/delas-2-508x337.jpg 508w\" sizes=\"auto, (max-width: 2317px) 100vw, 2317px\" \/><\/a>\n\t\t\t<\/dt>\n\t\t\t\t<dd class='wp-caption-text gallery-caption' id='gallery-1-880'>\n\t\t\t\tProtection solaire\n\t\t\t\t<\/dd><\/dl><br style=\"clear: both\" \/>\n\t\t<\/div>\n\n<p>&nbsp;<\/p>\n","protected":false},"excerpt":{"rendered":"<p>nuances architecturales Un Chais viticole \u00e0 Tain L&rsquo;Hermitage Carl Fredrick Svenstedt &nbsp; Ce chais est situ\u00e9 dans la commune de Tain L&rsquo;hermitage dans la drome. Il a \u00e9t\u00e9 construit par l&rsquo;architecte Carl Fredrick Svenstedt. J&rsquo;ai pu le visiter lors d&rsquo;une visite de chantier. J&rsquo;ai voulu ici photographier la trace de la lumi\u00e8re sur les diff\u00e9rents [&hellip;]<\/p>\n","protected":false},"author":1,"featured_media":885,"comment_status":"open","ping_status":"open","sticky":false,"template":"","format":"standard","meta":{"_monsterinsights_skip_tracking":false,"_monsterinsights_sitenote_active":false,"_monsterinsights_sitenote_note":"","_monsterinsights_sitenote_category":0,"footnotes":""},"categories":[20],"tags":[],"class_list":["post-876","post","type-post","status-publish","format-standard","has-post-thumbnail","hentry","category-photographie"],"_links":{"self":[{"href":"https:\/\/antoinelemaire-archi-photo.fr\/index.php\/wp-json\/wp\/v2\/posts\/876","targetHints":{"allow":["GET"]}}],"collection":[{"href":"https:\/\/antoinelemaire-archi-photo.fr\/index.php\/wp-json\/wp\/v2\/posts"}],"about":[{"href":"https:\/\/antoinelemaire-archi-photo.fr\/index.php\/wp-json\/wp\/v2\/types\/post"}],"author":[{"embeddable":true,"href":"https:\/\/antoinelemaire-archi-photo.fr\/index.php\/wp-json\/wp\/v2\/users\/1"}],"replies":[{"embeddable":true,"href":"https:\/\/antoinelemaire-archi-photo.fr\/index.php\/wp-json\/wp\/v2\/comments?post=876"}],"version-history":[{"count":4,"href":"https:\/\/antoinelemaire-archi-photo.fr\/index.php\/wp-json\/wp\/v2\/posts\/876\/revisions"}],"predecessor-version":[{"id":1113,"href":"https:\/\/antoinelemaire-archi-photo.fr\/index.php\/wp-json\/wp\/v2\/posts\/876\/revisions\/1113"}],"wp:featuredmedia":[{"embeddable":true,"href":"https:\/\/antoinelemaire-archi-photo.fr\/index.php\/wp-json\/wp\/v2\/media\/885"}],"wp:attachment":[{"href":"https:\/\/antoinelemaire-archi-photo.fr\/index.php\/wp-json\/wp\/v2\/media?parent=876"}],"wp:term":[{"taxonomy":"category","embeddable":true,"href":"https:\/\/antoinelemaire-archi-photo.fr\/index.php\/wp-json\/wp\/v2\/categories?post=876"},{"taxonomy":"post_tag","embeddable":true,"href":"https:\/\/antoinelemaire-archi-photo.fr\/index.php\/wp-json\/wp\/v2\/tags?post=876"}],"curies":[{"name":"wp","href":"https:\/\/api.w.org\/{rel}","templated":true}]}}