{"id":844,"date":"2019-02-10T09:44:05","date_gmt":"2019-02-10T08:44:05","guid":{"rendered":"http:\/\/antoinelemaire-archi-photo.fr\/?p=844"},"modified":"2020-10-16T12:06:24","modified_gmt":"2020-10-16T10:06:24","slug":"epilogue-dun-grande-guerre","status":"publish","type":"post","link":"https:\/\/antoinelemaire-archi-photo.fr\/index.php\/2019\/02\/10\/epilogue-dun-grande-guerre\/","title":{"rendered":"Concours I \u00c9pilogue d&rsquo;une Grande Guerre"},"content":{"rendered":"<h2 style=\"text-align: center;\">Un chemin vers la Lumi\u00e8re<\/h2>\n<p>&nbsp;<\/p>\n<h4 style=\"text-align: center;\">Concours r\u00e9alis\u00e9 avec Alo\u00efs Lagier&#8211;Lomer. Ce concours a pour but de proposer un m\u00e9morial pour le centenaire de la Grande Guerre.<\/h4>\n<p>&nbsp;<\/p>\n<p><em>\u201cSeul celui qui a v\u00e9cu dans les t\u00e9n\u00e8bres conna\u00eet et appr\u00e9cie vraiment la lumi\u00e8re.\u201d<\/em><\/p>\n<p style=\"text-align: right;\"><strong>Stephen Lawhead<\/strong><\/p>\n<p>&nbsp;<\/p>\n<p>Pour notre m\u00e9morial, nous avons d\u00e9cid\u00e9 de nous implanter sur le site de la\u00a0n\u00e9cropole nationale Notre-Dame-De-La-Laurette o\u00f9 est aussi pr\u00e9sent l\u2019anneau de la\u00a0m\u00e9moire con\u00e7u par l\u2019architecte Philippe Prost. Il est construit en honneur des soldats de la\u00a0premi\u00e8re mondiale et inaugur\u00e9 pour les 100 ans du d\u00e9but de la Premi\u00e8re Guerre Mondiale.\u00a0Ce site est situ\u00e9 sur une bute surplombant le village d&rsquo;Ablain-Saint-Nazaire o\u00f9 ont eu lieu\u00a0de nombreux combats pendant la guerre.<\/p>\n<p>En installant un m\u00e9morial qui viendrait honorer l\u2019armistice du 11 novembre 1918,\u00a0nous viendrions mettre un terme \u00e0 l\u2019histoire dans ce lieu charg\u00e9 d\u2019histoire. Le projet\u00a0viendrait donc compl\u00e9ter ce complexe de m\u00e9moire. Le site comprendrait \u00e0 pr\u00e9sent un\u00a0m\u00e9morial comm\u00e9morant les 100 ans du d\u00e9but de la guerre, un pour les 100 ans de\u00a0l&rsquo;armistice et enfin la n\u00e9cropole qui est la triste cons\u00e9quence de cette guerre.<\/p>\n<p>Apr\u00e8s avoir pass\u00e9 4 ans dans les tranch\u00e9s &#8211; sous-terre &#8211; l&rsquo;armistice signe la sortie\u00a0de ces derni\u00e8res et donc le retour \u00e0 la vie, \u00e0 la lumi\u00e8re. C&rsquo;est donc cette image forte que\u00a0nous avons voulu r\u00e9interpr\u00e9ter, en voulant la traduire \u00e0 notre mani\u00e8re. Les visiteurs qui\u00a0parcourront l&rsquo;intervention se verront, dans un premier temps, confront\u00e9s \u00e0 la situation dans\u00a0laquelle se trouvaient les poilus. C&rsquo;est-\u00e0-dire, sous le niveau naturel du terrain, avec un\u00a0sentiment d&rsquo;enfermement et d&rsquo;obscurit\u00e9. Petit \u00e0 petit, en marchant dans le m\u00e9morial, les\u00a0deux murs du projet s\u2019\u00e9cartent et laissent rentrer de plus en plus de lumi\u00e8re. Ce parcours\u00a0vers lumi\u00e8re, traduit la sortie des tranch\u00e9s. Le projet s\u2019inscrit dans une bute qui permet de\u00a0p\u00e9n\u00e9trer la terre, pour une signification forte, et en ressortir \u00e0 l\u2019autre bout. Le visiteur sera\u00a0donc plong\u00e9 dans la transition entre la vie dans les tranch\u00e9s et l&rsquo;abandon de celles-ci.<\/p>\n<p>Pour la conception, l&rsquo;imprimante 3D trouverait \u00e7a place dans le processus de\u00a0construction. En effet, le projet se composerait d&rsquo;une succession de murs pr\u00e9fabriqu\u00e9s \u00e0\u00a0l&rsquo;aide de l&rsquo;imprimante et qui une fois assembl\u00e9s, formeraient la grande tranch\u00e9e imagin\u00e9e.\u00a0De plus, l\u2019empilement des couches de b\u00e9ton de l&rsquo;imprimante 3D rajoute une dimension\u00a0symbolique au projet, en faisant \u00e9cho \u00e0 la superposition des diff\u00e9rents mat\u00e9riaux utilis\u00e9s\u00a0pour consolider les tranch\u00e9es pendant la guerre.<\/p>\n\n\t\t<style type=\"text\/css\">\n\t\t\t#gallery-1 {\n\t\t\t\tmargin: auto;\n\t\t\t}\n\t\t\t#gallery-1 .gallery-item {\n\t\t\t\tfloat: left;\n\t\t\t\tmargin-top: 10px;\n\t\t\t\ttext-align: center;\n\t\t\t\twidth: 100%;\n\t\t\t}\n\t\t\t#gallery-1 img {\n\t\t\t\tborder: 2px solid #cfcfcf;\n\t\t\t}\n\t\t\t#gallery-1 .gallery-caption {\n\t\t\t\tmargin-left: 0;\n\t\t\t}\n\t\t\t\/* see gallery_shortcode() in wp-includes\/media.php *\/\n\t\t<\/style>\n\t\t<div id='gallery-1' class='gallery galleryid-844 gallery-columns-1 gallery-size-full'><dl class='gallery-item'>\n\t\t\t<dt class='gallery-icon landscape'>\n\t\t\t\t<a href='https:\/\/antoinelemaire-archi-photo.fr\/index.php\/2019\/02\/10\/epilogue-dun-grande-guerre\/users-antoine-desktop-concours-2-dwg-5\/'><img loading=\"lazy\" decoding=\"async\" width=\"3356\" height=\"3356\" src=\"https:\/\/antoinelemaire-archi-photo.fr\/wp-content\/uploads\/2019\/02\/PLAN-DE-SITUATION.jpg\" class=\"attachment-full size-full\" alt=\"Plan de Situation\" aria-describedby=\"gallery-1-849\" srcset=\"https:\/\/antoinelemaire-archi-photo.fr\/wp-content\/uploads\/2019\/02\/PLAN-DE-SITUATION.jpg 3356w, https:\/\/antoinelemaire-archi-photo.fr\/wp-content\/uploads\/2019\/02\/PLAN-DE-SITUATION-150x150.jpg 150w, https:\/\/antoinelemaire-archi-photo.fr\/wp-content\/uploads\/2019\/02\/PLAN-DE-SITUATION-300x300.jpg 300w, https:\/\/antoinelemaire-archi-photo.fr\/wp-content\/uploads\/2019\/02\/PLAN-DE-SITUATION-768x768.jpg 768w, https:\/\/antoinelemaire-archi-photo.fr\/wp-content\/uploads\/2019\/02\/PLAN-DE-SITUATION-1024x1024.jpg 1024w, https:\/\/antoinelemaire-archi-photo.fr\/wp-content\/uploads\/2019\/02\/PLAN-DE-SITUATION-1240x1240.jpg 1240w, https:\/\/antoinelemaire-archi-photo.fr\/wp-content\/uploads\/2019\/02\/PLAN-DE-SITUATION-508x508.jpg 508w\" sizes=\"auto, (max-width: 3356px) 100vw, 3356px\" \/><\/a>\n\t\t\t<\/dt>\n\t\t\t\t<dd class='wp-caption-text gallery-caption' id='gallery-1-849'>\n\t\t\t\tPlan de Situation\n\t\t\t\t<\/dd><\/dl><br style=\"clear: both\" \/><dl class='gallery-item'>\n\t\t\t<dt class='gallery-icon landscape'>\n\t\t\t\t<a href='https:\/\/antoinelemaire-archi-photo.fr\/index.php\/2019\/02\/10\/epilogue-dun-grande-guerre\/users-antoine-desktop-concours-2-dwg-7\/'><img loading=\"lazy\" decoding=\"async\" width=\"3356\" height=\"3356\" src=\"https:\/\/antoinelemaire-archi-photo.fr\/wp-content\/uploads\/2019\/02\/PLAN-GAUCHE.jpg\" class=\"attachment-full size-full\" alt=\"Plan du d\u00e9but du M\u00e9morial\" aria-describedby=\"gallery-1-851\" srcset=\"https:\/\/antoinelemaire-archi-photo.fr\/wp-content\/uploads\/2019\/02\/PLAN-GAUCHE.jpg 3356w, https:\/\/antoinelemaire-archi-photo.fr\/wp-content\/uploads\/2019\/02\/PLAN-GAUCHE-150x150.jpg 150w, https:\/\/antoinelemaire-archi-photo.fr\/wp-content\/uploads\/2019\/02\/PLAN-GAUCHE-300x300.jpg 300w, https:\/\/antoinelemaire-archi-photo.fr\/wp-content\/uploads\/2019\/02\/PLAN-GAUCHE-768x768.jpg 768w, https:\/\/antoinelemaire-archi-photo.fr\/wp-content\/uploads\/2019\/02\/PLAN-GAUCHE-1024x1024.jpg 1024w, https:\/\/antoinelemaire-archi-photo.fr\/wp-content\/uploads\/2019\/02\/PLAN-GAUCHE-1240x1240.jpg 1240w, https:\/\/antoinelemaire-archi-photo.fr\/wp-content\/uploads\/2019\/02\/PLAN-GAUCHE-508x508.jpg 508w\" sizes=\"auto, (max-width: 3356px) 100vw, 3356px\" \/><\/a>\n\t\t\t<\/dt>\n\t\t\t\t<dd class='wp-caption-text gallery-caption' id='gallery-1-851'>\n\t\t\t\tPlan du d\u00e9but du M\u00e9morial\n\t\t\t\t<\/dd><\/dl><br style=\"clear: both\" \/><dl class='gallery-item'>\n\t\t\t<dt class='gallery-icon landscape'>\n\t\t\t\t<a href='https:\/\/antoinelemaire-archi-photo.fr\/index.php\/2019\/02\/10\/epilogue-dun-grande-guerre\/users-antoine-desktop-concours-2-dwg-4\/'><img loading=\"lazy\" decoding=\"async\" width=\"3152\" height=\"3152\" src=\"https:\/\/antoinelemaire-archi-photo.fr\/wp-content\/uploads\/2019\/02\/PLAN-CENTRE.jpg\" class=\"attachment-full size-full\" alt=\"Plan du centre du M\u00e9morial\" aria-describedby=\"gallery-1-848\" srcset=\"https:\/\/antoinelemaire-archi-photo.fr\/wp-content\/uploads\/2019\/02\/PLAN-CENTRE.jpg 3152w, https:\/\/antoinelemaire-archi-photo.fr\/wp-content\/uploads\/2019\/02\/PLAN-CENTRE-150x150.jpg 150w, https:\/\/antoinelemaire-archi-photo.fr\/wp-content\/uploads\/2019\/02\/PLAN-CENTRE-300x300.jpg 300w, https:\/\/antoinelemaire-archi-photo.fr\/wp-content\/uploads\/2019\/02\/PLAN-CENTRE-768x768.jpg 768w, https:\/\/antoinelemaire-archi-photo.fr\/wp-content\/uploads\/2019\/02\/PLAN-CENTRE-1024x1024.jpg 1024w, https:\/\/antoinelemaire-archi-photo.fr\/wp-content\/uploads\/2019\/02\/PLAN-CENTRE-1240x1240.jpg 1240w, https:\/\/antoinelemaire-archi-photo.fr\/wp-content\/uploads\/2019\/02\/PLAN-CENTRE-508x508.jpg 508w\" sizes=\"auto, (max-width: 3152px) 100vw, 3152px\" \/><\/a>\n\t\t\t<\/dt>\n\t\t\t\t<dd class='wp-caption-text gallery-caption' id='gallery-1-848'>\n\t\t\t\tPlan du centre du M\u00e9morial\n\t\t\t\t<\/dd><\/dl><br style=\"clear: both\" \/><dl class='gallery-item'>\n\t\t\t<dt class='gallery-icon landscape'>\n\t\t\t\t<a href='https:\/\/antoinelemaire-archi-photo.fr\/index.php\/2019\/02\/10\/epilogue-dun-grande-guerre\/users-antoine-desktop-concours-2-dwg-6\/'><img loading=\"lazy\" decoding=\"async\" width=\"3356\" height=\"3356\" src=\"https:\/\/antoinelemaire-archi-photo.fr\/wp-content\/uploads\/2019\/02\/PLAN-DROIT.jpg\" class=\"attachment-full size-full\" alt=\"Plan de la fin du M\u00e9morial\" srcset=\"https:\/\/antoinelemaire-archi-photo.fr\/wp-content\/uploads\/2019\/02\/PLAN-DROIT.jpg 3356w, https:\/\/antoinelemaire-archi-photo.fr\/wp-content\/uploads\/2019\/02\/PLAN-DROIT-150x150.jpg 150w, https:\/\/antoinelemaire-archi-photo.fr\/wp-content\/uploads\/2019\/02\/PLAN-DROIT-300x300.jpg 300w, https:\/\/antoinelemaire-archi-photo.fr\/wp-content\/uploads\/2019\/02\/PLAN-DROIT-768x768.jpg 768w, https:\/\/antoinelemaire-archi-photo.fr\/wp-content\/uploads\/2019\/02\/PLAN-DROIT-1024x1024.jpg 1024w, https:\/\/antoinelemaire-archi-photo.fr\/wp-content\/uploads\/2019\/02\/PLAN-DROIT-1240x1240.jpg 1240w, https:\/\/antoinelemaire-archi-photo.fr\/wp-content\/uploads\/2019\/02\/PLAN-DROIT-508x508.jpg 508w\" sizes=\"auto, (max-width: 3356px) 100vw, 3356px\" \/><\/a>\n\t\t\t<\/dt><\/dl><br style=\"clear: both\" \/><dl class='gallery-item'>\n\t\t\t<dt class='gallery-icon landscape'>\n\t\t\t\t<a href='https:\/\/antoinelemaire-archi-photo.fr\/index.php\/2019\/02\/10\/epilogue-dun-grande-guerre\/users-antoine-desktop-concours-2-dwg\/'><img loading=\"lazy\" decoding=\"async\" width=\"3152\" height=\"3152\" src=\"https:\/\/antoinelemaire-archi-photo.fr\/wp-content\/uploads\/2019\/02\/coupe-a.jpg\" class=\"attachment-full size-full\" alt=\"Coupe AA\" aria-describedby=\"gallery-1-845\" srcset=\"https:\/\/antoinelemaire-archi-photo.fr\/wp-content\/uploads\/2019\/02\/coupe-a.jpg 3152w, https:\/\/antoinelemaire-archi-photo.fr\/wp-content\/uploads\/2019\/02\/coupe-a-150x150.jpg 150w, https:\/\/antoinelemaire-archi-photo.fr\/wp-content\/uploads\/2019\/02\/coupe-a-300x300.jpg 300w, https:\/\/antoinelemaire-archi-photo.fr\/wp-content\/uploads\/2019\/02\/coupe-a-768x768.jpg 768w, https:\/\/antoinelemaire-archi-photo.fr\/wp-content\/uploads\/2019\/02\/coupe-a-1024x1024.jpg 1024w, https:\/\/antoinelemaire-archi-photo.fr\/wp-content\/uploads\/2019\/02\/coupe-a-1240x1240.jpg 1240w, https:\/\/antoinelemaire-archi-photo.fr\/wp-content\/uploads\/2019\/02\/coupe-a-508x508.jpg 508w\" sizes=\"auto, (max-width: 3152px) 100vw, 3152px\" \/><\/a>\n\t\t\t<\/dt>\n\t\t\t\t<dd class='wp-caption-text gallery-caption' id='gallery-1-845'>\n\t\t\t\tCoupe AA\n\t\t\t\t<\/dd><\/dl><br style=\"clear: both\" \/><dl class='gallery-item'>\n\t\t\t<dt class='gallery-icon landscape'>\n\t\t\t\t<a href='https:\/\/antoinelemaire-archi-photo.fr\/index.php\/2019\/02\/10\/epilogue-dun-grande-guerre\/users-antoine-desktop-concours-2-dwg-2\/'><img loading=\"lazy\" decoding=\"async\" width=\"3152\" height=\"3152\" src=\"https:\/\/antoinelemaire-archi-photo.fr\/wp-content\/uploads\/2019\/02\/coupe-b.jpg\" class=\"attachment-full size-full\" alt=\"Coupe BB\" aria-describedby=\"gallery-1-846\" srcset=\"https:\/\/antoinelemaire-archi-photo.fr\/wp-content\/uploads\/2019\/02\/coupe-b.jpg 3152w, https:\/\/antoinelemaire-archi-photo.fr\/wp-content\/uploads\/2019\/02\/coupe-b-150x150.jpg 150w, https:\/\/antoinelemaire-archi-photo.fr\/wp-content\/uploads\/2019\/02\/coupe-b-300x300.jpg 300w, https:\/\/antoinelemaire-archi-photo.fr\/wp-content\/uploads\/2019\/02\/coupe-b-768x768.jpg 768w, https:\/\/antoinelemaire-archi-photo.fr\/wp-content\/uploads\/2019\/02\/coupe-b-1024x1024.jpg 1024w, https:\/\/antoinelemaire-archi-photo.fr\/wp-content\/uploads\/2019\/02\/coupe-b-1240x1240.jpg 1240w, https:\/\/antoinelemaire-archi-photo.fr\/wp-content\/uploads\/2019\/02\/coupe-b-508x508.jpg 508w\" sizes=\"auto, (max-width: 3152px) 100vw, 3152px\" \/><\/a>\n\t\t\t<\/dt>\n\t\t\t\t<dd class='wp-caption-text gallery-caption' id='gallery-1-846'>\n\t\t\t\tCoupe BB\n\t\t\t\t<\/dd><\/dl><br style=\"clear: both\" \/><dl class='gallery-item'>\n\t\t\t<dt class='gallery-icon landscape'>\n\t\t\t\t<a href='https:\/\/antoinelemaire-archi-photo.fr\/index.php\/2019\/02\/10\/epilogue-dun-grande-guerre\/users-antoine-desktop-concours-2-dwg-3\/'><img loading=\"lazy\" decoding=\"async\" width=\"3150\" height=\"3150\" src=\"https:\/\/antoinelemaire-archi-photo.fr\/wp-content\/uploads\/2019\/02\/coupe-c.jpg\" class=\"attachment-full size-full\" alt=\"Coupe CC\" aria-describedby=\"gallery-1-847\" srcset=\"https:\/\/antoinelemaire-archi-photo.fr\/wp-content\/uploads\/2019\/02\/coupe-c.jpg 3150w, https:\/\/antoinelemaire-archi-photo.fr\/wp-content\/uploads\/2019\/02\/coupe-c-150x150.jpg 150w, https:\/\/antoinelemaire-archi-photo.fr\/wp-content\/uploads\/2019\/02\/coupe-c-300x300.jpg 300w, https:\/\/antoinelemaire-archi-photo.fr\/wp-content\/uploads\/2019\/02\/coupe-c-768x768.jpg 768w, https:\/\/antoinelemaire-archi-photo.fr\/wp-content\/uploads\/2019\/02\/coupe-c-1024x1024.jpg 1024w, https:\/\/antoinelemaire-archi-photo.fr\/wp-content\/uploads\/2019\/02\/coupe-c-1240x1240.jpg 1240w, https:\/\/antoinelemaire-archi-photo.fr\/wp-content\/uploads\/2019\/02\/coupe-c-508x508.jpg 508w\" sizes=\"auto, (max-width: 3150px) 100vw, 3150px\" \/><\/a>\n\t\t\t<\/dt>\n\t\t\t\t<dd class='wp-caption-text gallery-caption' id='gallery-1-847'>\n\t\t\t\tCoupe CC\n\t\t\t\t<\/dd><\/dl><br style=\"clear: both\" \/>\n\t\t<\/div>\n\n","protected":false},"excerpt":{"rendered":"<p>Un chemin vers la Lumi\u00e8re &nbsp; Concours r\u00e9alis\u00e9 avec Alo\u00efs Lagier&#8211;Lomer. Ce concours a pour but de proposer un m\u00e9morial pour le centenaire de la Grande Guerre. &nbsp; \u201cSeul celui qui a v\u00e9cu dans les t\u00e9n\u00e8bres conna\u00eet et appr\u00e9cie vraiment la lumi\u00e8re.\u201d Stephen Lawhead &nbsp; Pour notre m\u00e9morial, nous avons d\u00e9cid\u00e9 de nous implanter sur [&hellip;]<\/p>\n","protected":false},"author":1,"featured_media":849,"comment_status":"open","ping_status":"open","sticky":false,"template":"","format":"standard","meta":{"_monsterinsights_skip_tracking":false,"_monsterinsights_sitenote_active":false,"_monsterinsights_sitenote_note":"","_monsterinsights_sitenote_category":0,"footnotes":""},"categories":[38],"tags":[],"class_list":["post-844","post","type-post","status-publish","format-standard","has-post-thumbnail","hentry","category-concours"],"_links":{"self":[{"href":"https:\/\/antoinelemaire-archi-photo.fr\/index.php\/wp-json\/wp\/v2\/posts\/844","targetHints":{"allow":["GET"]}}],"collection":[{"href":"https:\/\/antoinelemaire-archi-photo.fr\/index.php\/wp-json\/wp\/v2\/posts"}],"about":[{"href":"https:\/\/antoinelemaire-archi-photo.fr\/index.php\/wp-json\/wp\/v2\/types\/post"}],"author":[{"embeddable":true,"href":"https:\/\/antoinelemaire-archi-photo.fr\/index.php\/wp-json\/wp\/v2\/users\/1"}],"replies":[{"embeddable":true,"href":"https:\/\/antoinelemaire-archi-photo.fr\/index.php\/wp-json\/wp\/v2\/comments?post=844"}],"version-history":[{"count":3,"href":"https:\/\/antoinelemaire-archi-photo.fr\/index.php\/wp-json\/wp\/v2\/posts\/844\/revisions"}],"predecessor-version":[{"id":1137,"href":"https:\/\/antoinelemaire-archi-photo.fr\/index.php\/wp-json\/wp\/v2\/posts\/844\/revisions\/1137"}],"wp:featuredmedia":[{"embeddable":true,"href":"https:\/\/antoinelemaire-archi-photo.fr\/index.php\/wp-json\/wp\/v2\/media\/849"}],"wp:attachment":[{"href":"https:\/\/antoinelemaire-archi-photo.fr\/index.php\/wp-json\/wp\/v2\/media?parent=844"}],"wp:term":[{"taxonomy":"category","embeddable":true,"href":"https:\/\/antoinelemaire-archi-photo.fr\/index.php\/wp-json\/wp\/v2\/categories?post=844"},{"taxonomy":"post_tag","embeddable":true,"href":"https:\/\/antoinelemaire-archi-photo.fr\/index.php\/wp-json\/wp\/v2\/tags?post=844"}],"curies":[{"name":"wp","href":"https:\/\/api.w.org\/{rel}","templated":true}]}}