{"id":784,"date":"2019-02-03T19:40:01","date_gmt":"2019-02-03T18:40:01","guid":{"rendered":"http:\/\/antoinelemaire-archi-photo.fr\/?p=784"},"modified":"2020-02-01T17:48:09","modified_gmt":"2020-02-01T16:48:09","slug":"ascension_antoine_lemaire","status":"publish","type":"post","link":"https:\/\/antoinelemaire-archi-photo.fr\/index.php\/2019\/02\/03\/ascension_antoine_lemaire\/","title":{"rendered":"Ascension"},"content":{"rendered":"<h3 style=\"text-align: center;\">Un centre d&rsquo;interpr\u00e9tation de l&rsquo;\u00e9nergie dans le parc du Luberon<\/h3>\n<div id=\"attachment_794\" style=\"width: 3274px\" class=\"wp-caption alignnone\"><a href=\"http:\/\/antoinelemaire-archi-photo.fr\/wp-content\/uploads\/2019\/01\/maquette-12-copie.jpg\"><img loading=\"lazy\" decoding=\"async\" aria-describedby=\"caption-attachment-794\" class=\"size-full wp-image-794\" src=\"http:\/\/antoinelemaire-archi-photo.fr\/wp-content\/uploads\/2019\/01\/maquette-12-copie.jpg\" alt=\"Photographie de maquette\" width=\"3264\" height=\"2448\" srcset=\"https:\/\/antoinelemaire-archi-photo.fr\/wp-content\/uploads\/2019\/01\/maquette-12-copie.jpg 3264w, https:\/\/antoinelemaire-archi-photo.fr\/wp-content\/uploads\/2019\/01\/maquette-12-copie-300x225.jpg 300w, https:\/\/antoinelemaire-archi-photo.fr\/wp-content\/uploads\/2019\/01\/maquette-12-copie-768x576.jpg 768w, https:\/\/antoinelemaire-archi-photo.fr\/wp-content\/uploads\/2019\/01\/maquette-12-copie-1024x768.jpg 1024w, https:\/\/antoinelemaire-archi-photo.fr\/wp-content\/uploads\/2019\/01\/maquette-12-copie-1240x930.jpg 1240w, https:\/\/antoinelemaire-archi-photo.fr\/wp-content\/uploads\/2019\/01\/maquette-12-copie-508x381.jpg 508w\" sizes=\"auto, (max-width: 3264px) 100vw, 3264px\" \/><\/a><p id=\"caption-attachment-794\" class=\"wp-caption-text\">Photographie de maquette<\/p><\/div>\n<div id=\"attachment_808\" style=\"width: 9741px\" class=\"wp-caption alignnone\"><img loading=\"lazy\" decoding=\"async\" aria-describedby=\"caption-attachment-808\" class=\"wp-image-808 size-full\" src=\"http:\/\/antoinelemaire-archi-photo.fr\/wp-content\/uploads\/2019\/01\/PLAN-DE-SITUATION-DEUX-MILLES-2.jpg\" alt=\"Plan de Situation\" width=\"9731\" height=\"11508\" \/><p id=\"caption-attachment-808\" class=\"wp-caption-text\">Plan de Situation<\/p><\/div>\n<p style=\"text-align: left;\">R\u00e9alis\u00e9 dans le cadre d&rsquo;un studio de projet de S7 dans le d\u00e9partement Mati\u00e8res sensibles \u00e0 L&rsquo;ENSA Marseille, le projet s&rsquo;est organis\u00e9 en 3 temps. Le but du Studio \u00e9tait de partir d&rsquo;une recherche formelle ex-situ qui nous m\u00e8nerait petit \u00e0 petit \u00e0 int\u00e9grer les \u00e9l\u00e9ments du projet d&rsquo;abord en plan, en coupe, puis en fa\u00e7ade, et enfin dans le site.<\/p>\n<p style=\"text-align: left;\">Un premier temps de recherche a \u00e9t\u00e9 consacr\u00e9 \u00e0 une recherche en volume \u00e0 partir d&rsquo;une r\u00e8gle simple. Dans un cube de dimension 15*15*15cm, il fallait soustraire exactement 30% du vide de ce cube. On a alors men\u00e9 de nombreux essais en maquettes carton jusqu&rsquo;\u00e0 trouver la forme finale.<\/p>\n<div id=\"attachment_786\" style=\"width: 4506px\" class=\"wp-caption aligncenter\"><img loading=\"lazy\" decoding=\"async\" aria-describedby=\"caption-attachment-786\" class=\"wp-image-786 size-full\" src=\"http:\/\/antoinelemaire-archi-photo.fr\/wp-content\/uploads\/2019\/01\/DSC_1438.jpg\" alt=\"\" width=\"4496\" height=\"3000\" srcset=\"https:\/\/antoinelemaire-archi-photo.fr\/wp-content\/uploads\/2019\/01\/DSC_1438.jpg 4496w, https:\/\/antoinelemaire-archi-photo.fr\/wp-content\/uploads\/2019\/01\/DSC_1438-300x200.jpg 300w, https:\/\/antoinelemaire-archi-photo.fr\/wp-content\/uploads\/2019\/01\/DSC_1438-768x512.jpg 768w, https:\/\/antoinelemaire-archi-photo.fr\/wp-content\/uploads\/2019\/01\/DSC_1438-1024x683.jpg 1024w, https:\/\/antoinelemaire-archi-photo.fr\/wp-content\/uploads\/2019\/01\/DSC_1438-1240x827.jpg 1240w, https:\/\/antoinelemaire-archi-photo.fr\/wp-content\/uploads\/2019\/01\/DSC_1438-508x339.jpg 508w\" sizes=\"auto, (max-width: 4496px) 100vw, 4496px\" \/><p id=\"caption-attachment-786\" class=\"wp-caption-text\">Maquette finale en carton gris du volume<\/p><\/div>\n<div id=\"attachment_787\" style=\"width: 4506px\" class=\"wp-caption aligncenter\"><img loading=\"lazy\" decoding=\"async\" aria-describedby=\"caption-attachment-787\" class=\"wp-image-787 size-full\" src=\"http:\/\/antoinelemaire-archi-photo.fr\/wp-content\/uploads\/2019\/01\/DSC_1439.jpg\" alt=\"\" width=\"4496\" height=\"3000\" srcset=\"https:\/\/antoinelemaire-archi-photo.fr\/wp-content\/uploads\/2019\/01\/DSC_1439.jpg 4496w, https:\/\/antoinelemaire-archi-photo.fr\/wp-content\/uploads\/2019\/01\/DSC_1439-300x200.jpg 300w, https:\/\/antoinelemaire-archi-photo.fr\/wp-content\/uploads\/2019\/01\/DSC_1439-768x512.jpg 768w, https:\/\/antoinelemaire-archi-photo.fr\/wp-content\/uploads\/2019\/01\/DSC_1439-1024x683.jpg 1024w, https:\/\/antoinelemaire-archi-photo.fr\/wp-content\/uploads\/2019\/01\/DSC_1439-1240x827.jpg 1240w, https:\/\/antoinelemaire-archi-photo.fr\/wp-content\/uploads\/2019\/01\/DSC_1439-508x339.jpg 508w\" sizes=\"auto, (max-width: 4496px) 100vw, 4496px\" \/><p id=\"caption-attachment-787\" class=\"wp-caption-text\">Maquette finale en carton gris du volume<\/p><\/div>\n<div id=\"attachment_788\" style=\"width: 4506px\" class=\"wp-caption alignnone\"><img loading=\"lazy\" decoding=\"async\" aria-describedby=\"caption-attachment-788\" class=\"wp-image-788 size-full\" src=\"http:\/\/antoinelemaire-archi-photo.fr\/wp-content\/uploads\/2019\/01\/DSC_1442.jpg\" alt=\"\" width=\"4496\" height=\"3000\" srcset=\"https:\/\/antoinelemaire-archi-photo.fr\/wp-content\/uploads\/2019\/01\/DSC_1442.jpg 4496w, https:\/\/antoinelemaire-archi-photo.fr\/wp-content\/uploads\/2019\/01\/DSC_1442-300x200.jpg 300w, https:\/\/antoinelemaire-archi-photo.fr\/wp-content\/uploads\/2019\/01\/DSC_1442-768x512.jpg 768w, https:\/\/antoinelemaire-archi-photo.fr\/wp-content\/uploads\/2019\/01\/DSC_1442-1024x683.jpg 1024w, https:\/\/antoinelemaire-archi-photo.fr\/wp-content\/uploads\/2019\/01\/DSC_1442-1240x827.jpg 1240w, https:\/\/antoinelemaire-archi-photo.fr\/wp-content\/uploads\/2019\/01\/DSC_1442-508x339.jpg 508w\" sizes=\"auto, (max-width: 4496px) 100vw, 4496px\" \/><p id=\"caption-attachment-788\" class=\"wp-caption-text\">Maquette du vide en carton gris<\/p><\/div>\n<p>Une fois la forme aboutit, nous avons men\u00e9 un deuxi\u00e8me travail de recherche, une recherche mat\u00e9rielle qui questionne la mat\u00e9rialit\u00e9. J&rsquo;ai donc d\u00e9cid\u00e9 d&rsquo;explorer la mati\u00e8re pl\u00e2tre en essayant de cr\u00e9er un cube avec une double mat\u00e9rialit\u00e9. Une mat\u00e9rialit\u00e9 brut de d\u00e9coffrage, lisse sur les faces int\u00e9rieures du vide, et une mat\u00e9rialit\u00e9 poreuse, alt\u00e9r\u00e9e sur les faces ext\u00e9rieures du cube.<\/p>\n<div id=\"attachment_790\" style=\"width: 4506px\" class=\"wp-caption alignnone\"><img loading=\"lazy\" decoding=\"async\" aria-describedby=\"caption-attachment-790\" class=\"size-full wp-image-790\" src=\"http:\/\/antoinelemaire-archi-photo.fr\/wp-content\/uploads\/2019\/01\/DSC_1448.jpg\" alt=\"Mat\u00e9rialit\u00e9 Piment espelette\" width=\"4496\" height=\"3000\" srcset=\"https:\/\/antoinelemaire-archi-photo.fr\/wp-content\/uploads\/2019\/01\/DSC_1448.jpg 4496w, https:\/\/antoinelemaire-archi-photo.fr\/wp-content\/uploads\/2019\/01\/DSC_1448-300x200.jpg 300w, https:\/\/antoinelemaire-archi-photo.fr\/wp-content\/uploads\/2019\/01\/DSC_1448-768x512.jpg 768w, https:\/\/antoinelemaire-archi-photo.fr\/wp-content\/uploads\/2019\/01\/DSC_1448-1024x683.jpg 1024w, https:\/\/antoinelemaire-archi-photo.fr\/wp-content\/uploads\/2019\/01\/DSC_1448-1240x827.jpg 1240w, https:\/\/antoinelemaire-archi-photo.fr\/wp-content\/uploads\/2019\/01\/DSC_1448-508x339.jpg 508w\" sizes=\"auto, (max-width: 4496px) 100vw, 4496px\" \/><p id=\"caption-attachment-790\" class=\"wp-caption-text\">Mat\u00e9rialit\u00e9 Piment espelette<\/p><\/div>\n<div id=\"attachment_791\" style=\"width: 4506px\" class=\"wp-caption alignnone\"><img loading=\"lazy\" decoding=\"async\" aria-describedby=\"caption-attachment-791\" class=\"size-full wp-image-791\" src=\"http:\/\/antoinelemaire-archi-photo.fr\/wp-content\/uploads\/2019\/01\/DSC_1467.jpg\" alt=\"Mat\u00e9rialit\u00e9, Herbe de provences\" width=\"4496\" height=\"3000\" srcset=\"https:\/\/antoinelemaire-archi-photo.fr\/wp-content\/uploads\/2019\/01\/DSC_1467.jpg 4496w, https:\/\/antoinelemaire-archi-photo.fr\/wp-content\/uploads\/2019\/01\/DSC_1467-300x200.jpg 300w, https:\/\/antoinelemaire-archi-photo.fr\/wp-content\/uploads\/2019\/01\/DSC_1467-768x512.jpg 768w, https:\/\/antoinelemaire-archi-photo.fr\/wp-content\/uploads\/2019\/01\/DSC_1467-1024x683.jpg 1024w, https:\/\/antoinelemaire-archi-photo.fr\/wp-content\/uploads\/2019\/01\/DSC_1467-1240x827.jpg 1240w, https:\/\/antoinelemaire-archi-photo.fr\/wp-content\/uploads\/2019\/01\/DSC_1467-508x339.jpg 508w\" sizes=\"auto, (max-width: 4496px) 100vw, 4496px\" \/><p id=\"caption-attachment-791\" class=\"wp-caption-text\">Mat\u00e9rialit\u00e9, Herbe de provences<\/p><\/div>\n<div id=\"attachment_792\" style=\"width: 4506px\" class=\"wp-caption alignnone\"><img loading=\"lazy\" decoding=\"async\" aria-describedby=\"caption-attachment-792\" class=\"size-full wp-image-792\" src=\"http:\/\/antoinelemaire-archi-photo.fr\/wp-content\/uploads\/2019\/01\/DSC_1476.jpg\" alt=\"Mat\u00e9rialit\u00e9 3\" width=\"4496\" height=\"3000\" srcset=\"https:\/\/antoinelemaire-archi-photo.fr\/wp-content\/uploads\/2019\/01\/DSC_1476.jpg 4496w, https:\/\/antoinelemaire-archi-photo.fr\/wp-content\/uploads\/2019\/01\/DSC_1476-300x200.jpg 300w, https:\/\/antoinelemaire-archi-photo.fr\/wp-content\/uploads\/2019\/01\/DSC_1476-768x512.jpg 768w, https:\/\/antoinelemaire-archi-photo.fr\/wp-content\/uploads\/2019\/01\/DSC_1476-1024x683.jpg 1024w, https:\/\/antoinelemaire-archi-photo.fr\/wp-content\/uploads\/2019\/01\/DSC_1476-1240x827.jpg 1240w, https:\/\/antoinelemaire-archi-photo.fr\/wp-content\/uploads\/2019\/01\/DSC_1476-508x339.jpg 508w\" sizes=\"auto, (max-width: 4496px) 100vw, 4496px\" \/><p id=\"caption-attachment-792\" class=\"wp-caption-text\">Mat\u00e9rialit\u00e9 3<\/p><\/div>\n<p>Une fois ces tests de mat\u00e9rialit\u00e9 r\u00e9alis\u00e9s nous avons d\u00fb transformer notre forme finale en carton en une forme reprenant la mat\u00e9rialit\u00e9 explor\u00e9e ci-dessus. J&rsquo;ai donc coul\u00e9 la forme ci-dessous.<\/p>\n<div id=\"attachment_813\" style=\"width: 4506px\" class=\"wp-caption alignnone\"><img loading=\"lazy\" decoding=\"async\" aria-describedby=\"caption-attachment-813\" class=\"size-full wp-image-813\" src=\"http:\/\/antoinelemaire-archi-photo.fr\/wp-content\/uploads\/2019\/01\/cube-1-copie.jpg\" alt=\"Cube de mati\u00e8re\" width=\"4496\" height=\"3000\" srcset=\"https:\/\/antoinelemaire-archi-photo.fr\/wp-content\/uploads\/2019\/01\/cube-1-copie.jpg 4496w, https:\/\/antoinelemaire-archi-photo.fr\/wp-content\/uploads\/2019\/01\/cube-1-copie-300x200.jpg 300w, https:\/\/antoinelemaire-archi-photo.fr\/wp-content\/uploads\/2019\/01\/cube-1-copie-768x512.jpg 768w, https:\/\/antoinelemaire-archi-photo.fr\/wp-content\/uploads\/2019\/01\/cube-1-copie-1024x683.jpg 1024w, https:\/\/antoinelemaire-archi-photo.fr\/wp-content\/uploads\/2019\/01\/cube-1-copie-1240x827.jpg 1240w, https:\/\/antoinelemaire-archi-photo.fr\/wp-content\/uploads\/2019\/01\/cube-1-copie-508x339.jpg 508w\" sizes=\"auto, (max-width: 4496px) 100vw, 4496px\" \/><p id=\"caption-attachment-813\" class=\"wp-caption-text\">Cube de mati\u00e8re<\/p><\/div>\n<div id=\"attachment_821\" style=\"width: 4506px\" class=\"wp-caption alignnone\"><img loading=\"lazy\" decoding=\"async\" aria-describedby=\"caption-attachment-821\" class=\"size-full wp-image-821\" src=\"http:\/\/antoinelemaire-archi-photo.fr\/wp-content\/uploads\/2019\/01\/cube-1-1-copie.jpg\" alt=\"Cube de Mati\u00e8re\" width=\"4496\" height=\"3000\" srcset=\"https:\/\/antoinelemaire-archi-photo.fr\/wp-content\/uploads\/2019\/01\/cube-1-1-copie.jpg 4496w, https:\/\/antoinelemaire-archi-photo.fr\/wp-content\/uploads\/2019\/01\/cube-1-1-copie-300x200.jpg 300w, https:\/\/antoinelemaire-archi-photo.fr\/wp-content\/uploads\/2019\/01\/cube-1-1-copie-768x512.jpg 768w, https:\/\/antoinelemaire-archi-photo.fr\/wp-content\/uploads\/2019\/01\/cube-1-1-copie-1024x683.jpg 1024w, https:\/\/antoinelemaire-archi-photo.fr\/wp-content\/uploads\/2019\/01\/cube-1-1-copie-1240x827.jpg 1240w, https:\/\/antoinelemaire-archi-photo.fr\/wp-content\/uploads\/2019\/01\/cube-1-1-copie-508x339.jpg 508w\" sizes=\"auto, (max-width: 4496px) 100vw, 4496px\" \/><p id=\"caption-attachment-821\" class=\"wp-caption-text\">Cube de Mati\u00e8re<\/p><\/div>\n<p>Suite \u00e0 ce premier travail exploratoire en maquette, la seconde \u00e9tape du travail est de transformer cette forme en plan et en coupe. Pour cela j&rsquo;ai essay\u00e9 de retransmettre l&rsquo;id\u00e9e de ma forme en plan en gardant ces dimensions, ses limites.<\/p>\n<p>Au Rez-de-Chauss\u00e9e, on va trouver deux entr\u00e9es, une entr\u00e9e pour le public et une entr\u00e9e pour les chercheurs. Cela me permet de s\u00e9parer les flux. Dans le hall d&rsquo;entr\u00e9e en double hauteur ouvert au public, on trouve un escalier qui nous permet de monter dans le cube et parcourir le projet \u00e0 travers un parcours ascensionnel jusqu&rsquo;\u00e0 l&rsquo;espace d&rsquo;exposition dans le dernier \u00e9tage du projet. \u00a0En montant petit-\u00e0-petit dans le projet on d\u00e9couvre des cadrages sur le paysage qui \u00e9volue en fonction de la hauteur dans le projet (vue sur la vall\u00e9e, vue sur la cyme des arbres, vue sur les montagnes, etc&#8230;) et on d\u00e9couvre les diff\u00e9rents espaces du projet.<\/p>\n<p>Dans tout mon projet j&rsquo;ai voulu d\u00e9velopper cette id\u00e9e d&rsquo;un parcours, depuis le Rez-de-chauss\u00e9e jusqu&rsquo;au R+4 \u00e0 travers diff\u00e9rentes s\u00e9quences. On commence par le hall d&rsquo;entr\u00e9e, puis ensuite on acc\u00e8de \u00e0 la biblioth\u00e8que, puis la terrasse, et enfin les salles d&rsquo;exposition. Puis une fois en haut on redescend par un autre escalier descendant qui permet de cr\u00e9er une boucle jusqu&rsquo;au Hall d&rsquo;entr\u00e9e Public.<\/p>\n<p>Pour les chercheurs, depuis le RDC ils ont acc\u00e8s au R+1 \u00e0 leur halle d&rsquo;exp\u00e9rimentation ainsi que leurs bureaux qui sont \u00e9clair\u00e9s en second jour par le hall d&rsquo;entr\u00e9e. Au RDC, ils ont \u00e0 disposition une salle de conf\u00e9rence ainsi qu&rsquo;un espace capable d&rsquo;accueillir des repr\u00e9sentations.<\/p>\n<div id=\"attachment_826\" style=\"width: 9943px\" class=\"wp-caption alignnone\"><img loading=\"lazy\" decoding=\"async\" aria-describedby=\"caption-attachment-826\" class=\"wp-image-826 size-full\" src=\"http:\/\/antoinelemaire-archi-photo.fr\/wp-content\/uploads\/2019\/02\/RDC.jpg\" alt=\"Rez-de-Chauss\u00e9e\" width=\"9933\" height=\"9933\" \/><p id=\"caption-attachment-826\" class=\"wp-caption-text\">Rez-de-Chauss\u00e9e<\/p><\/div>\n<div id=\"attachment_823\" style=\"width: 9943px\" class=\"wp-caption alignnone\"><img loading=\"lazy\" decoding=\"async\" aria-describedby=\"caption-attachment-823\" class=\"wp-image-823 size-full\" src=\"http:\/\/antoinelemaire-archi-photo.fr\/wp-content\/uploads\/2019\/02\/R1.jpg\" alt=\"R+1\" width=\"9933\" height=\"5886\" srcset=\"https:\/\/antoinelemaire-archi-photo.fr\/wp-content\/uploads\/2019\/02\/R1.jpg 9933w, https:\/\/antoinelemaire-archi-photo.fr\/wp-content\/uploads\/2019\/02\/R1-300x178.jpg 300w, https:\/\/antoinelemaire-archi-photo.fr\/wp-content\/uploads\/2019\/02\/R1-768x455.jpg 768w, https:\/\/antoinelemaire-archi-photo.fr\/wp-content\/uploads\/2019\/02\/R1-1024x607.jpg 1024w, https:\/\/antoinelemaire-archi-photo.fr\/wp-content\/uploads\/2019\/02\/R1-1240x735.jpg 1240w, https:\/\/antoinelemaire-archi-photo.fr\/wp-content\/uploads\/2019\/02\/R1-508x301.jpg 508w\" sizes=\"auto, (max-width: 9933px) 100vw, 9933px\" \/><p id=\"caption-attachment-823\" class=\"wp-caption-text\">R+1<\/p><\/div>\n<div id=\"attachment_824\" style=\"width: 9943px\" class=\"wp-caption alignnone\"><img loading=\"lazy\" decoding=\"async\" aria-describedby=\"caption-attachment-824\" class=\"wp-image-824 size-full\" src=\"http:\/\/antoinelemaire-archi-photo.fr\/wp-content\/uploads\/2019\/02\/R2.jpg\" alt=\"R+2\" width=\"9933\" height=\"5978\" srcset=\"https:\/\/antoinelemaire-archi-photo.fr\/wp-content\/uploads\/2019\/02\/R2.jpg 9933w, https:\/\/antoinelemaire-archi-photo.fr\/wp-content\/uploads\/2019\/02\/R2-300x181.jpg 300w, https:\/\/antoinelemaire-archi-photo.fr\/wp-content\/uploads\/2019\/02\/R2-768x462.jpg 768w, https:\/\/antoinelemaire-archi-photo.fr\/wp-content\/uploads\/2019\/02\/R2-1024x616.jpg 1024w, https:\/\/antoinelemaire-archi-photo.fr\/wp-content\/uploads\/2019\/02\/R2-1240x746.jpg 1240w, https:\/\/antoinelemaire-archi-photo.fr\/wp-content\/uploads\/2019\/02\/R2-508x306.jpg 508w\" sizes=\"auto, (max-width: 9933px) 100vw, 9933px\" \/><p id=\"caption-attachment-824\" class=\"wp-caption-text\">R+2<\/p><\/div>\n<div id=\"attachment_825\" style=\"width: 9943px\" class=\"wp-caption alignnone\"><img loading=\"lazy\" decoding=\"async\" aria-describedby=\"caption-attachment-825\" class=\"wp-image-825 size-full\" src=\"http:\/\/antoinelemaire-archi-photo.fr\/wp-content\/uploads\/2019\/02\/R3.jpg\" alt=\"R+3\" width=\"9933\" height=\"5903\" srcset=\"https:\/\/antoinelemaire-archi-photo.fr\/wp-content\/uploads\/2019\/02\/R3.jpg 9933w, https:\/\/antoinelemaire-archi-photo.fr\/wp-content\/uploads\/2019\/02\/R3-300x178.jpg 300w, https:\/\/antoinelemaire-archi-photo.fr\/wp-content\/uploads\/2019\/02\/R3-768x456.jpg 768w, https:\/\/antoinelemaire-archi-photo.fr\/wp-content\/uploads\/2019\/02\/R3-1024x609.jpg 1024w, https:\/\/antoinelemaire-archi-photo.fr\/wp-content\/uploads\/2019\/02\/R3-1240x737.jpg 1240w, https:\/\/antoinelemaire-archi-photo.fr\/wp-content\/uploads\/2019\/02\/R3-508x302.jpg 508w\" sizes=\"auto, (max-width: 9933px) 100vw, 9933px\" \/><p id=\"caption-attachment-825\" class=\"wp-caption-text\">R+3<\/p><\/div>\n<p>&nbsp;<\/p>\n<div id=\"attachment_822\" style=\"width: 9943px\" class=\"wp-caption alignnone\"><img loading=\"lazy\" decoding=\"async\" aria-describedby=\"caption-attachment-822\" class=\"wp-image-822 size-full\" src=\"http:\/\/antoinelemaire-archi-photo.fr\/wp-content\/uploads\/2019\/02\/R4.jpg\" alt=\"R+4\" width=\"9933\" height=\"5634\" srcset=\"https:\/\/antoinelemaire-archi-photo.fr\/wp-content\/uploads\/2019\/02\/R4.jpg 9933w, https:\/\/antoinelemaire-archi-photo.fr\/wp-content\/uploads\/2019\/02\/R4-300x170.jpg 300w, https:\/\/antoinelemaire-archi-photo.fr\/wp-content\/uploads\/2019\/02\/R4-768x436.jpg 768w, https:\/\/antoinelemaire-archi-photo.fr\/wp-content\/uploads\/2019\/02\/R4-1024x581.jpg 1024w, https:\/\/antoinelemaire-archi-photo.fr\/wp-content\/uploads\/2019\/02\/R4-1240x703.jpg 1240w, https:\/\/antoinelemaire-archi-photo.fr\/wp-content\/uploads\/2019\/02\/R4-508x288.jpg 508w\" sizes=\"auto, (max-width: 9933px) 100vw, 9933px\" \/><p id=\"caption-attachment-822\" class=\"wp-caption-text\">R+4<\/p><\/div>\n<div id=\"attachment_798\" style=\"width: 13507px\" class=\"wp-caption alignnone\"><img loading=\"lazy\" decoding=\"async\" aria-describedby=\"caption-attachment-798\" class=\"wp-image-798 size-full\" src=\"http:\/\/antoinelemaire-archi-photo.fr\/wp-content\/uploads\/2019\/01\/COUPE-C.jpg\" alt=\"Coupe BB\" width=\"13497\" height=\"9933\" \/><p id=\"caption-attachment-798\" class=\"wp-caption-text\">Coupe BB<\/p><\/div>\n<div id=\"attachment_797\" style=\"width: 13507px\" class=\"wp-caption alignnone\"><img loading=\"lazy\" decoding=\"async\" aria-describedby=\"caption-attachment-797\" class=\"wp-image-797 size-full\" src=\"http:\/\/antoinelemaire-archi-photo.fr\/wp-content\/uploads\/2019\/01\/COUPE-B.jpg\" alt=\"COUPE CC\" width=\"13497\" height=\"9933\" \/><p id=\"caption-attachment-797\" class=\"wp-caption-text\">COUPE CC<\/p><\/div>\n<div id=\"attachment_799\" style=\"width: 13507px\" class=\"wp-caption alignnone\"><img loading=\"lazy\" decoding=\"async\" aria-describedby=\"caption-attachment-799\" class=\"wp-image-799 size-full\" src=\"http:\/\/antoinelemaire-archi-photo.fr\/wp-content\/uploads\/2019\/01\/COUPE-D.jpg\" alt=\"Coupe DD\" width=\"13497\" height=\"9933\" \/><p id=\"caption-attachment-799\" class=\"wp-caption-text\">Coupe DD<\/p><\/div>\n<p>Une fois le travail en plan et en coupe effectu\u00e9e, il a fallu travailler les fa\u00e7ades. J&rsquo;ai essay\u00e9 de cr\u00e9er des fa\u00e7ades qui soit organis\u00e9es par des r\u00e8gles g\u00e9om\u00e9triques simples. Pour les fen\u00eatres, j&rsquo;ai travaill\u00e9 avec le nombre d&rsquo;or autour de deux d\u00e9clinaisons de fen\u00eatres. Des cadrages qui sont inscrits dans un carr\u00e9. Et des fen\u00eatres permettant d&rsquo;acc\u00e9der \u00e0 l&rsquo;ext\u00e9rieur qui sont inscrites dans un parall\u00e9l\u00e9pip\u00e8de.<\/p>\n<div id=\"attachment_802\" style=\"width: 13588px\" class=\"wp-caption alignnone\"><img loading=\"lazy\" decoding=\"async\" aria-describedby=\"caption-attachment-802\" class=\"wp-image-802 size-full\" src=\"http:\/\/antoinelemaire-archi-photo.fr\/wp-content\/uploads\/2019\/01\/FACADE-1.jpg\" alt=\"Fa\u00e7ade NORD\" width=\"13578\" height=\"8046\" \/><p id=\"caption-attachment-802\" class=\"wp-caption-text\">Fa\u00e7ade NORD<\/p><\/div>\n<div id=\"attachment_803\" style=\"width: 13586px\" class=\"wp-caption alignnone\"><img loading=\"lazy\" decoding=\"async\" aria-describedby=\"caption-attachment-803\" class=\"wp-image-803 size-full\" src=\"http:\/\/antoinelemaire-archi-photo.fr\/wp-content\/uploads\/2019\/01\/FACADE-2-CORRECTION.jpg\" alt=\"Fa\u00e7ade OUEST\" width=\"13576\" height=\"6829\" \/><p id=\"caption-attachment-803\" class=\"wp-caption-text\">Fa\u00e7ade OUEST<\/p><\/div>\n<div id=\"attachment_805\" style=\"width: 13588px\" class=\"wp-caption alignnone\"><img loading=\"lazy\" decoding=\"async\" aria-describedby=\"caption-attachment-805\" class=\"wp-image-805 size-full\" src=\"http:\/\/antoinelemaire-archi-photo.fr\/wp-content\/uploads\/2019\/01\/FACADE-3.jpg\" alt=\"Fa\u00e7ade EST\" width=\"13578\" height=\"7840\" \/><p id=\"caption-attachment-805\" class=\"wp-caption-text\">Fa\u00e7ade EST<\/p><\/div>\n<div id=\"attachment_806\" style=\"width: 13588px\" class=\"wp-caption alignnone\"><img loading=\"lazy\" decoding=\"async\" aria-describedby=\"caption-attachment-806\" class=\"wp-image-806 size-full\" src=\"http:\/\/antoinelemaire-archi-photo.fr\/wp-content\/uploads\/2019\/01\/FACADE-4.jpg\" alt=\"Fa\u00e7ade SUD\" width=\"13578\" height=\"7689\" \/><p id=\"caption-attachment-806\" class=\"wp-caption-text\">Fa\u00e7ade SUD<\/p><\/div>\n<p>Une fois ces deux \u00e9tapes termin\u00e9es, nous avons d\u00fb implanter notre projet dans le site. Le site est situ\u00e9 dans le parc du Luberon pr\u00e8s de la commune de Saint-Christol. Le parc du Luberon est le lieux d&rsquo;implantation des anciens sites de lancements nucl\u00e9aires fran\u00e7ais. Les 18 sites de lancements sont r\u00e9partis sur l&rsquo;ensemble du plateau d&rsquo;Albion. Ils sont constitu\u00e9 d&rsquo;un grand carr\u00e9 plat de environ 200 m\u00e8tres de c\u00f4t\u00e9.<\/p>\n<p>Le site sur lequel je me suis implant\u00e9 est situ\u00e9 dans un vallon entour\u00e9e de for\u00eats. On y acc\u00e8de par un grande route qui relie Revest-Du-Bion \u00e0 Montsalier. Il y a un petit hameau de 5 maisons proche du site. Pour d\u00e9cider de mon implantation, j&rsquo;ai choisis d&rsquo;utiliser le terrassement artificiel qui a \u00e9t\u00e9 r\u00e9alis\u00e9 \u00e0 la cr\u00e9ation du site nucl\u00e9aire. Cette diff\u00e9rence de niveau entre le Nord du terrain et le sud du terrain me permet de cr\u00e9er un jeu de niveau. Cela me permet de recr\u00e9er mon id\u00e9e de parcours ascensionnel \u00e0 l&rsquo;\u00e9chelle du site.<\/p>\n<p>On acc\u00e8de d&rsquo;abord au niveau inf\u00e9rieur, le parking. Il est arbor\u00e9 pour permettre aux voitures d&rsquo;\u00eatre dissimul\u00e9es et d&rsquo;\u00eatre \u00e0 l&rsquo;ombre. Ensuite les visiteurs acc\u00e8dent \u00e0 un premier niveau par des rampes. C&rsquo;est une esplanade qui fait face \u00e0 l&rsquo;angle de mon projet et qui permet aux visiteurs de l&rsquo;observer pour en saisir ces dimensions. Depuis cette esplanade les visiteurs peuvent acc\u00e9der au RDC du projet ou bien emprunter une rampe qui permet de faire le tour du projet en le d\u00e9couvrant. Une fois en haut du parcours ext\u00e9rieur, une rampe permet aux visiteurs d&rsquo;acc\u00e9der directement \u00e0 la terrasse principale du projet. Ils d\u00e9couvrent un cadrage sur le paysage, sur les montagnes du Luberon (voir Photo de maquette en d\u00e9but d&rsquo;article).<\/p>\n<div id=\"attachment_829\" style=\"width: 4828px\" class=\"wp-caption alignnone\"><img loading=\"lazy\" decoding=\"async\" aria-describedby=\"caption-attachment-829\" class=\"size-full wp-image-829\" src=\"http:\/\/antoinelemaire-archi-photo.fr\/wp-content\/uploads\/2019\/02\/ETAT-DES-LIEUX.jpg\" alt=\"\u00c9TAT DES LIEUX\" width=\"4818\" height=\"2519\" srcset=\"https:\/\/antoinelemaire-archi-photo.fr\/wp-content\/uploads\/2019\/02\/ETAT-DES-LIEUX.jpg 4818w, https:\/\/antoinelemaire-archi-photo.fr\/wp-content\/uploads\/2019\/02\/ETAT-DES-LIEUX-300x157.jpg 300w, https:\/\/antoinelemaire-archi-photo.fr\/wp-content\/uploads\/2019\/02\/ETAT-DES-LIEUX-768x402.jpg 768w, https:\/\/antoinelemaire-archi-photo.fr\/wp-content\/uploads\/2019\/02\/ETAT-DES-LIEUX-1024x535.jpg 1024w, https:\/\/antoinelemaire-archi-photo.fr\/wp-content\/uploads\/2019\/02\/ETAT-DES-LIEUX-1240x648.jpg 1240w, https:\/\/antoinelemaire-archi-photo.fr\/wp-content\/uploads\/2019\/02\/ETAT-DES-LIEUX-508x266.jpg 508w\" sizes=\"auto, (max-width: 4818px) 100vw, 4818px\" \/><p id=\"caption-attachment-829\" class=\"wp-caption-text\">\u00c9TAT DES LIEUX<\/p><\/div>\n<div id=\"attachment_809\" style=\"width: 9943px\" class=\"wp-caption alignnone\"><img loading=\"lazy\" decoding=\"async\" aria-describedby=\"caption-attachment-809\" class=\"wp-image-809 size-full\" src=\"http:\/\/antoinelemaire-archi-photo.fr\/wp-content\/uploads\/2019\/01\/plan-masse.jpg\" alt=\"Plan Masse\" width=\"9933\" height=\"14041\" \/><p id=\"caption-attachment-809\" class=\"wp-caption-text\">Plan Masse<\/p><\/div>\n<div id=\"attachment_800\" style=\"width: 9496px\" class=\"wp-caption alignnone\"><img loading=\"lazy\" decoding=\"async\" aria-describedby=\"caption-attachment-800\" class=\"wp-image-800 size-full\" src=\"http:\/\/antoinelemaire-archi-photo.fr\/wp-content\/uploads\/2019\/01\/COUPE-PAYSAGERE.jpg\" alt=\"Coupe paysag\u00e8re\" width=\"9486\" height=\"2124\" srcset=\"https:\/\/antoinelemaire-archi-photo.fr\/wp-content\/uploads\/2019\/01\/COUPE-PAYSAGERE.jpg 9486w, https:\/\/antoinelemaire-archi-photo.fr\/wp-content\/uploads\/2019\/01\/COUPE-PAYSAGERE-300x67.jpg 300w, https:\/\/antoinelemaire-archi-photo.fr\/wp-content\/uploads\/2019\/01\/COUPE-PAYSAGERE-768x172.jpg 768w, https:\/\/antoinelemaire-archi-photo.fr\/wp-content\/uploads\/2019\/01\/COUPE-PAYSAGERE-1024x229.jpg 1024w, https:\/\/antoinelemaire-archi-photo.fr\/wp-content\/uploads\/2019\/01\/COUPE-PAYSAGERE-1240x278.jpg 1240w, https:\/\/antoinelemaire-archi-photo.fr\/wp-content\/uploads\/2019\/01\/COUPE-PAYSAGERE-508x114.jpg 508w\" sizes=\"auto, (max-width: 9486px) 100vw, 9486px\" \/><p id=\"caption-attachment-800\" class=\"wp-caption-text\">Coupe paysag\u00e8re<\/p><\/div>\n<p>Ce semestre a \u00e9t\u00e9 l&rsquo;occasion de porter une attention particuli\u00e8re aux d\u00e9tails constructifs. Le structure porteuse du projet est en b\u00e9ton blanc. \u00a0A l&rsquo;int\u00e9rieur le b\u00e9ton est laiss\u00e9 apparent. Les planchers sont en b\u00e9ton et par dessus je rajoute un parquet en bois. En bas de chaque murs int\u00e9rieur est install\u00e9e une plainte en pierre pour rappeler la mat\u00e9rialit\u00e9 du site et prot\u00e9ger les murs des coups. Sur la terrasse, j&rsquo;ai utiliser des dalles de pierres pos\u00e9es sur des plots pour le sol. Pour les salles d&rsquo;exposition j&rsquo;ai d\u00e9cid\u00e9 d&rsquo;\u00e9clairer l&rsquo;espace de mani\u00e8re z\u00e9nithale. On peut voir cela \u00e0 travers le d\u00e9tail des fen\u00eatres ci-dessous. Pour \u00e9viter \u00a0que les oeuvres ne soit touch\u00e9 par de la lumi\u00e8re directe j&rsquo;ai mis en place des brises soleil sous les fen\u00eatres z\u00e9nithales comme on peut voir sur la coupe d\u00e9tail ci-dessous.<\/p>\n<div id=\"attachment_838\" style=\"width: 9943px\" class=\"wp-caption alignnone\"><img loading=\"lazy\" decoding=\"async\" aria-describedby=\"caption-attachment-838\" class=\"wp-image-838 size-full\" src=\"http:\/\/antoinelemaire-archi-photo.fr\/wp-content\/uploads\/2019\/02\/A08.jpg\" alt=\"D\u00e9tails\" width=\"9933\" height=\"14043\" \/><p id=\"caption-attachment-838\" class=\"wp-caption-text\">D\u00e9tails<\/p><\/div>\n<div id=\"attachment_801\" style=\"width: 8208px\" class=\"wp-caption alignnone\"><img loading=\"lazy\" decoding=\"async\" aria-describedby=\"caption-attachment-801\" class=\"wp-image-801 size-full\" src=\"http:\/\/antoinelemaire-archi-photo.fr\/wp-content\/uploads\/2019\/01\/DETAIL-VINGT.jpg\" alt=\"Coupe d\u00e9tail\" width=\"8198\" height=\"14041\" \/><p id=\"caption-attachment-801\" class=\"wp-caption-text\">Coupe d\u00e9tail<\/p><\/div>\n<div id=\"attachment_807\" style=\"width: 9587px\" class=\"wp-caption alignnone\"><img loading=\"lazy\" decoding=\"async\" aria-describedby=\"caption-attachment-807\" class=\"wp-image-807 size-full\" src=\"http:\/\/antoinelemaire-archi-photo.fr\/wp-content\/uploads\/2019\/01\/FACADE-VINGT.jpg\" alt=\"\" width=\"9577\" height=\"13744\" \/><p id=\"caption-attachment-807\" class=\"wp-caption-text\">Fa\u00e7ade D\u00e9tail<\/p><\/div>\n<div id=\"attachment_830\" style=\"width: 2458px\" class=\"wp-caption alignnone\"><img loading=\"lazy\" decoding=\"async\" aria-describedby=\"caption-attachment-830\" class=\"size-full wp-image-830\" src=\"http:\/\/antoinelemaire-archi-photo.fr\/wp-content\/uploads\/2019\/02\/maquette-11-copie.jpg\" alt=\"PHOTO DE MAQUETTE\" width=\"2448\" height=\"2448\" srcset=\"https:\/\/antoinelemaire-archi-photo.fr\/wp-content\/uploads\/2019\/02\/maquette-11-copie.jpg 2448w, https:\/\/antoinelemaire-archi-photo.fr\/wp-content\/uploads\/2019\/02\/maquette-11-copie-150x150.jpg 150w, https:\/\/antoinelemaire-archi-photo.fr\/wp-content\/uploads\/2019\/02\/maquette-11-copie-300x300.jpg 300w, https:\/\/antoinelemaire-archi-photo.fr\/wp-content\/uploads\/2019\/02\/maquette-11-copie-768x768.jpg 768w, https:\/\/antoinelemaire-archi-photo.fr\/wp-content\/uploads\/2019\/02\/maquette-11-copie-1024x1024.jpg 1024w, https:\/\/antoinelemaire-archi-photo.fr\/wp-content\/uploads\/2019\/02\/maquette-11-copie-1240x1240.jpg 1240w, https:\/\/antoinelemaire-archi-photo.fr\/wp-content\/uploads\/2019\/02\/maquette-11-copie-508x508.jpg 508w\" sizes=\"auto, (max-width: 2448px) 100vw, 2448px\" \/><p id=\"caption-attachment-830\" class=\"wp-caption-text\">PHOTO DE MAQUETTE<\/p><\/div>\n<div id=\"attachment_831\" style=\"width: 2458px\" class=\"wp-caption alignnone\"><img loading=\"lazy\" decoding=\"async\" aria-describedby=\"caption-attachment-831\" class=\"size-full wp-image-831\" src=\"http:\/\/antoinelemaire-archi-photo.fr\/wp-content\/uploads\/2019\/02\/maquette-8-copie.jpg\" alt=\"PHOTO DE MAQUETTE\" width=\"2448\" height=\"3264\" srcset=\"https:\/\/antoinelemaire-archi-photo.fr\/wp-content\/uploads\/2019\/02\/maquette-8-copie.jpg 2448w, https:\/\/antoinelemaire-archi-photo.fr\/wp-content\/uploads\/2019\/02\/maquette-8-copie-225x300.jpg 225w, https:\/\/antoinelemaire-archi-photo.fr\/wp-content\/uploads\/2019\/02\/maquette-8-copie-768x1024.jpg 768w, https:\/\/antoinelemaire-archi-photo.fr\/wp-content\/uploads\/2019\/02\/maquette-8-copie-1240x1653.jpg 1240w, https:\/\/antoinelemaire-archi-photo.fr\/wp-content\/uploads\/2019\/02\/maquette-8-copie-508x677.jpg 508w\" sizes=\"auto, (max-width: 2448px) 100vw, 2448px\" \/><p id=\"caption-attachment-831\" class=\"wp-caption-text\">PHOTO DE MAQUETTE<\/p><\/div>\n<div id=\"attachment_832\" style=\"width: 3274px\" class=\"wp-caption alignnone\"><img loading=\"lazy\" decoding=\"async\" aria-describedby=\"caption-attachment-832\" class=\"size-full wp-image-832\" src=\"http:\/\/antoinelemaire-archi-photo.fr\/wp-content\/uploads\/2019\/02\/maquette-2-copie.jpg\" alt=\"PHOTO DE MAQUETTE\" width=\"3264\" height=\"2448\" srcset=\"https:\/\/antoinelemaire-archi-photo.fr\/wp-content\/uploads\/2019\/02\/maquette-2-copie.jpg 3264w, https:\/\/antoinelemaire-archi-photo.fr\/wp-content\/uploads\/2019\/02\/maquette-2-copie-300x225.jpg 300w, https:\/\/antoinelemaire-archi-photo.fr\/wp-content\/uploads\/2019\/02\/maquette-2-copie-768x576.jpg 768w, https:\/\/antoinelemaire-archi-photo.fr\/wp-content\/uploads\/2019\/02\/maquette-2-copie-1024x768.jpg 1024w, https:\/\/antoinelemaire-archi-photo.fr\/wp-content\/uploads\/2019\/02\/maquette-2-copie-1240x930.jpg 1240w, https:\/\/antoinelemaire-archi-photo.fr\/wp-content\/uploads\/2019\/02\/maquette-2-copie-508x381.jpg 508w\" sizes=\"auto, (max-width: 3264px) 100vw, 3264px\" \/><p id=\"caption-attachment-832\" class=\"wp-caption-text\">PHOTO DE MAQUETTE<\/p><\/div>\n<div id=\"attachment_833\" style=\"width: 3274px\" class=\"wp-caption alignnone\"><img loading=\"lazy\" decoding=\"async\" aria-describedby=\"caption-attachment-833\" class=\"size-full wp-image-833\" src=\"http:\/\/antoinelemaire-archi-photo.fr\/wp-content\/uploads\/2019\/02\/maquette-7-copie.jpg\" alt=\"PHOTO DE MAQUETTE\" width=\"3264\" height=\"2448\" srcset=\"https:\/\/antoinelemaire-archi-photo.fr\/wp-content\/uploads\/2019\/02\/maquette-7-copie.jpg 3264w, https:\/\/antoinelemaire-archi-photo.fr\/wp-content\/uploads\/2019\/02\/maquette-7-copie-300x225.jpg 300w, https:\/\/antoinelemaire-archi-photo.fr\/wp-content\/uploads\/2019\/02\/maquette-7-copie-768x576.jpg 768w, https:\/\/antoinelemaire-archi-photo.fr\/wp-content\/uploads\/2019\/02\/maquette-7-copie-1024x768.jpg 1024w, https:\/\/antoinelemaire-archi-photo.fr\/wp-content\/uploads\/2019\/02\/maquette-7-copie-1240x930.jpg 1240w, https:\/\/antoinelemaire-archi-photo.fr\/wp-content\/uploads\/2019\/02\/maquette-7-copie-508x381.jpg 508w\" sizes=\"auto, (max-width: 3264px) 100vw, 3264px\" \/><p id=\"caption-attachment-833\" class=\"wp-caption-text\">PHOTO DE MAQUETTE<\/p><\/div>\n<p>PLANCHE :<\/p>\n<p>&nbsp;<\/p>\n<p>&nbsp;<\/p>\n","protected":false},"excerpt":{"rendered":"<p>Un centre d&rsquo;interpr\u00e9tation de l&rsquo;\u00e9nergie dans le parc du Luberon R\u00e9alis\u00e9 dans le cadre d&rsquo;un studio de projet de S7 dans le d\u00e9partement Mati\u00e8res sensibles \u00e0 L&rsquo;ENSA Marseille, le projet s&rsquo;est organis\u00e9 en 3 temps. Le but du Studio \u00e9tait de partir d&rsquo;une recherche formelle ex-situ qui nous m\u00e8nerait petit \u00e0 petit \u00e0 int\u00e9grer les [&hellip;]<\/p>\n","protected":false},"author":1,"featured_media":1054,"comment_status":"open","ping_status":"open","sticky":false,"template":"","format":"standard","meta":{"_monsterinsights_skip_tracking":false,"_monsterinsights_sitenote_active":false,"_monsterinsights_sitenote_note":"","_monsterinsights_sitenote_category":0,"footnotes":""},"categories":[18],"tags":[],"class_list":["post-784","post","type-post","status-publish","format-standard","has-post-thumbnail","hentry","category-architecture"],"_links":{"self":[{"href":"https:\/\/antoinelemaire-archi-photo.fr\/index.php\/wp-json\/wp\/v2\/posts\/784","targetHints":{"allow":["GET"]}}],"collection":[{"href":"https:\/\/antoinelemaire-archi-photo.fr\/index.php\/wp-json\/wp\/v2\/posts"}],"about":[{"href":"https:\/\/antoinelemaire-archi-photo.fr\/index.php\/wp-json\/wp\/v2\/types\/post"}],"author":[{"embeddable":true,"href":"https:\/\/antoinelemaire-archi-photo.fr\/index.php\/wp-json\/wp\/v2\/users\/1"}],"replies":[{"embeddable":true,"href":"https:\/\/antoinelemaire-archi-photo.fr\/index.php\/wp-json\/wp\/v2\/comments?post=784"}],"version-history":[{"count":14,"href":"https:\/\/antoinelemaire-archi-photo.fr\/index.php\/wp-json\/wp\/v2\/posts\/784\/revisions"}],"predecessor-version":[{"id":922,"href":"https:\/\/antoinelemaire-archi-photo.fr\/index.php\/wp-json\/wp\/v2\/posts\/784\/revisions\/922"}],"wp:featuredmedia":[{"embeddable":true,"href":"https:\/\/antoinelemaire-archi-photo.fr\/index.php\/wp-json\/wp\/v2\/media\/1054"}],"wp:attachment":[{"href":"https:\/\/antoinelemaire-archi-photo.fr\/index.php\/wp-json\/wp\/v2\/media?parent=784"}],"wp:term":[{"taxonomy":"category","embeddable":true,"href":"https:\/\/antoinelemaire-archi-photo.fr\/index.php\/wp-json\/wp\/v2\/categories?post=784"},{"taxonomy":"post_tag","embeddable":true,"href":"https:\/\/antoinelemaire-archi-photo.fr\/index.php\/wp-json\/wp\/v2\/tags?post=784"}],"curies":[{"name":"wp","href":"https:\/\/api.w.org\/{rel}","templated":true}]}}