{"id":776,"date":"2019-01-20T19:19:46","date_gmt":"2019-01-20T18:19:46","guid":{"rendered":"http:\/\/antoinelemaire-archi-photo.fr\/?p=776"},"modified":"2019-01-22T10:25:54","modified_gmt":"2019-01-22T09:25:54","slug":"memoire-de-seminaire-lart-des-structures","status":"publish","type":"post","link":"https:\/\/antoinelemaire-archi-photo.fr\/index.php\/2019\/01\/20\/memoire-de-seminaire-lart-des-structures\/","title":{"rendered":"M\u00e9moire de S\u00e9minaire \u00ab\u00a0L&rsquo;art des structures\u00a0\u00bb"},"content":{"rendered":"<h2 style=\"text-align: center;\">LES USAGES DE LA MAIN<\/h2>\n<p>&nbsp;<\/p>\n<p>Lors de mon semestre 7 \u00e0 l&rsquo;\u00e9cole Nationale Sup\u00e9rieure de Marseille, j&rsquo;ai pu r\u00e9aliser un s\u00e9minaire autour du th\u00e8me de la mati\u00e8re pierre et b\u00e9ton. Le but du s\u00e9minaire \u00e9tait de produire un m\u00e9moire sur le sujet que l&rsquo;on souhaitait autour du th\u00e8me du s\u00e9minaire.<\/p>\n<p>J&rsquo;ai donc choisi de mener un m\u00e9moire autour de la mat\u00e9rialit\u00e9 du b\u00e9ton et de la pierre. La probl\u00e9matique que traite mon m\u00e9moire est orient\u00e9e autour des usages de la main dans la travail de la mati\u00e8re. \u00a0J&rsquo;ai choisis de diff\u00e9rencier 3 usages de la main, la main qui pense, la main qui fait et enfin la main qui touche.<\/p>\n<p>La main qui pense est celle de l&rsquo;architecte. La main retranscrit sur papier sa pens\u00e9e, de mani\u00e8re \u00e0 l&rsquo;ancrer dans le r\u00e9el pour diffuser ses id\u00e9es. On assiste ensuite \u00e0 une exp\u00e9rimentation de la mati\u00e8re par la main du concepteur et l&rsquo;artisan qui vient modeler la mati\u00e8re. Cette main qui fait permet de retranscrire les id\u00e9es de l&rsquo;architecte \u00e0 travers la mati\u00e8re. \u00a0Enfin la derni\u00e8re intervention de la main est celle du visiteur. Le visiteur utilise ses mains pour toucher la mati\u00e8re et la comprendre. En faisant cela, il comprend les processus qui ont \u00e9t\u00e9 mis en place par les concepteurs et les artisans dans le travail de la mati\u00e8re. On a une boucle qui se cr\u00e9er entre ces diff\u00e9rents usages de la main.<\/p>\n<p>&nbsp;<\/p>\n<p style=\"text-align: center;\"><a href=\"http:\/\/antoinelemaire-archi-photo.fr\/wp-content\/uploads\/2019\/01\/M\u00e9moire-La-main_ANTOINE-LEMAIRE_\u00e0-jour-du-0601.pdf\">M\u00e9moire Les usages de la Main<\/a><\/p>\n<p>&nbsp;<\/p>\n","protected":false},"excerpt":{"rendered":"<p>LES USAGES DE LA MAIN &nbsp; Lors de mon semestre 7 \u00e0 l&rsquo;\u00e9cole Nationale Sup\u00e9rieure de Marseille, j&rsquo;ai pu r\u00e9aliser un s\u00e9minaire autour du th\u00e8me de la mati\u00e8re pierre et b\u00e9ton. Le but du s\u00e9minaire \u00e9tait de produire un m\u00e9moire sur le sujet que l&rsquo;on souhaitait autour du th\u00e8me du s\u00e9minaire. J&rsquo;ai donc choisi de [&hellip;]<\/p>\n","protected":false},"author":1,"featured_media":795,"comment_status":"open","ping_status":"open","sticky":false,"template":"","format":"standard","meta":{"_monsterinsights_skip_tracking":false,"_monsterinsights_sitenote_active":false,"_monsterinsights_sitenote_note":"","_monsterinsights_sitenote_category":0,"footnotes":""},"categories":[39],"tags":[],"class_list":["post-776","post","type-post","status-publish","format-standard","has-post-thumbnail","hentry","category-bibliographie"],"_links":{"self":[{"href":"https:\/\/antoinelemaire-archi-photo.fr\/index.php\/wp-json\/wp\/v2\/posts\/776","targetHints":{"allow":["GET"]}}],"collection":[{"href":"https:\/\/antoinelemaire-archi-photo.fr\/index.php\/wp-json\/wp\/v2\/posts"}],"about":[{"href":"https:\/\/antoinelemaire-archi-photo.fr\/index.php\/wp-json\/wp\/v2\/types\/post"}],"author":[{"embeddable":true,"href":"https:\/\/antoinelemaire-archi-photo.fr\/index.php\/wp-json\/wp\/v2\/users\/1"}],"replies":[{"embeddable":true,"href":"https:\/\/antoinelemaire-archi-photo.fr\/index.php\/wp-json\/wp\/v2\/comments?post=776"}],"version-history":[{"count":4,"href":"https:\/\/antoinelemaire-archi-photo.fr\/index.php\/wp-json\/wp\/v2\/posts\/776\/revisions"}],"predecessor-version":[{"id":783,"href":"https:\/\/antoinelemaire-archi-photo.fr\/index.php\/wp-json\/wp\/v2\/posts\/776\/revisions\/783"}],"wp:featuredmedia":[{"embeddable":true,"href":"https:\/\/antoinelemaire-archi-photo.fr\/index.php\/wp-json\/wp\/v2\/media\/795"}],"wp:attachment":[{"href":"https:\/\/antoinelemaire-archi-photo.fr\/index.php\/wp-json\/wp\/v2\/media?parent=776"}],"wp:term":[{"taxonomy":"category","embeddable":true,"href":"https:\/\/antoinelemaire-archi-photo.fr\/index.php\/wp-json\/wp\/v2\/categories?post=776"},{"taxonomy":"post_tag","embeddable":true,"href":"https:\/\/antoinelemaire-archi-photo.fr\/index.php\/wp-json\/wp\/v2\/tags?post=776"}],"curies":[{"name":"wp","href":"https:\/\/api.w.org\/{rel}","templated":true}]}}