{"id":759,"date":"2018-12-24T18:31:34","date_gmt":"2018-12-24T17:31:34","guid":{"rendered":"http:\/\/antoinelemaire-archi-photo.fr\/?p=759"},"modified":"2020-10-09T00:05:45","modified_gmt":"2020-10-08T22:05:45","slug":"on-the-top","status":"publish","type":"post","link":"https:\/\/antoinelemaire-archi-photo.fr\/index.php\/2018\/12\/24\/on-the-top\/","title":{"rendered":"Point G\u00e9ographique I Latitude : 43.259513  &#8211;  Longitude : 5.429043"},"content":{"rendered":"<h1 style=\"text-align: center;\">Nuances Urbaines<\/h1>\n<h2 style=\"text-align: center;\">On the Top<\/h2>\n<p>&nbsp;<\/p>\n<p>S\u00e9rie photo r\u00e9alis\u00e9e en haut des monts du Redon sur Marseille. Ici, le l&rsquo;horizon c\u00f4toie la ville, au moment du coucher de soleil, la ville se r\u00e9veille et les lumi\u00e8res de la ville se r\u00e9veillent.<\/p>\n<p>De plus, j&rsquo;ai pu photographier deux amis Lo\u00efc Bogo et R\u00e9mi Venditti qui ont accept\u00e9 de servir de mod\u00e8le. Un travail sur la lumi\u00e8re, les sources lumineuses et l&rsquo;horizon est men\u00e9 sur cette s\u00e9rie.<\/p>\n<p>&nbsp;<\/p>\n\n\t\t<style type=\"text\/css\">\n\t\t\t#gallery-1 {\n\t\t\t\tmargin: auto;\n\t\t\t}\n\t\t\t#gallery-1 .gallery-item {\n\t\t\t\tfloat: left;\n\t\t\t\tmargin-top: 10px;\n\t\t\t\ttext-align: center;\n\t\t\t\twidth: 100%;\n\t\t\t}\n\t\t\t#gallery-1 img {\n\t\t\t\tborder: 2px solid #cfcfcf;\n\t\t\t}\n\t\t\t#gallery-1 .gallery-caption {\n\t\t\t\tmargin-left: 0;\n\t\t\t}\n\t\t\t\/* see gallery_shortcode() in wp-includes\/media.php *\/\n\t\t<\/style>\n\t\t<div id='gallery-1' class='gallery galleryid-759 gallery-columns-1 gallery-size-full'><dl class='gallery-item'>\n\t\t\t<dt class='gallery-icon landscape'>\n\t\t\t\t<a href='https:\/\/antoinelemaire-archi-photo.fr\/index.php\/2018\/12\/24\/on-the-top\/les-frerot-au-top-de-marseille-31\/'><img loading=\"lazy\" decoding=\"async\" width=\"4496\" height=\"3000\" src=\"https:\/\/antoinelemaire-archi-photo.fr\/wp-content\/uploads\/2018\/12\/les-fr\u00e9rot-au-top-de-marseille-31.jpg\" class=\"attachment-full size-full\" alt=\"Ovni en vue\" aria-describedby=\"gallery-1-767\" srcset=\"https:\/\/antoinelemaire-archi-photo.fr\/wp-content\/uploads\/2018\/12\/les-fr\u00e9rot-au-top-de-marseille-31.jpg 4496w, https:\/\/antoinelemaire-archi-photo.fr\/wp-content\/uploads\/2018\/12\/les-fr\u00e9rot-au-top-de-marseille-31-300x200.jpg 300w, https:\/\/antoinelemaire-archi-photo.fr\/wp-content\/uploads\/2018\/12\/les-fr\u00e9rot-au-top-de-marseille-31-768x512.jpg 768w, https:\/\/antoinelemaire-archi-photo.fr\/wp-content\/uploads\/2018\/12\/les-fr\u00e9rot-au-top-de-marseille-31-1024x683.jpg 1024w, https:\/\/antoinelemaire-archi-photo.fr\/wp-content\/uploads\/2018\/12\/les-fr\u00e9rot-au-top-de-marseille-31-1240x827.jpg 1240w, https:\/\/antoinelemaire-archi-photo.fr\/wp-content\/uploads\/2018\/12\/les-fr\u00e9rot-au-top-de-marseille-31-508x339.jpg 508w\" sizes=\"auto, (max-width: 4496px) 100vw, 4496px\" \/><\/a>\n\t\t\t<\/dt>\n\t\t\t\t<dd class='wp-caption-text gallery-caption' id='gallery-1-767'>\n\t\t\t\tOvni en vue\n\t\t\t\t<\/dd><\/dl><br style=\"clear: both\" \/><dl class='gallery-item'>\n\t\t\t<dt class='gallery-icon landscape'>\n\t\t\t\t<a href='https:\/\/antoinelemaire-archi-photo.fr\/index.php\/2018\/12\/24\/on-the-top\/les-frerot-au-top-de-marseille-37-copie\/'><img loading=\"lazy\" decoding=\"async\" width=\"3000\" height=\"3000\" src=\"https:\/\/antoinelemaire-archi-photo.fr\/wp-content\/uploads\/2018\/12\/les-fr\u00e9rot-au-top-de-marseille-37-copie.jpg\" class=\"attachment-full size-full\" alt=\"Regards vers l&#039;horizon\" aria-describedby=\"gallery-1-769\" srcset=\"https:\/\/antoinelemaire-archi-photo.fr\/wp-content\/uploads\/2018\/12\/les-fr\u00e9rot-au-top-de-marseille-37-copie.jpg 3000w, https:\/\/antoinelemaire-archi-photo.fr\/wp-content\/uploads\/2018\/12\/les-fr\u00e9rot-au-top-de-marseille-37-copie-150x150.jpg 150w, https:\/\/antoinelemaire-archi-photo.fr\/wp-content\/uploads\/2018\/12\/les-fr\u00e9rot-au-top-de-marseille-37-copie-300x300.jpg 300w, https:\/\/antoinelemaire-archi-photo.fr\/wp-content\/uploads\/2018\/12\/les-fr\u00e9rot-au-top-de-marseille-37-copie-768x768.jpg 768w, https:\/\/antoinelemaire-archi-photo.fr\/wp-content\/uploads\/2018\/12\/les-fr\u00e9rot-au-top-de-marseille-37-copie-1024x1024.jpg 1024w, https:\/\/antoinelemaire-archi-photo.fr\/wp-content\/uploads\/2018\/12\/les-fr\u00e9rot-au-top-de-marseille-37-copie-1240x1240.jpg 1240w, https:\/\/antoinelemaire-archi-photo.fr\/wp-content\/uploads\/2018\/12\/les-fr\u00e9rot-au-top-de-marseille-37-copie-508x508.jpg 508w\" sizes=\"auto, (max-width: 3000px) 100vw, 3000px\" \/><\/a>\n\t\t\t<\/dt>\n\t\t\t\t<dd class='wp-caption-text gallery-caption' id='gallery-1-769'>\n\t\t\t\tRegards vers l&rsquo;horizon\n\t\t\t\t<\/dd><\/dl><br style=\"clear: both\" \/><dl class='gallery-item'>\n\t\t\t<dt class='gallery-icon landscape'>\n\t\t\t\t<a href='https:\/\/antoinelemaire-archi-photo.fr\/index.php\/2018\/12\/24\/on-the-top\/les-frerot-au-top-de-marseille-9\/'><img loading=\"lazy\" decoding=\"async\" width=\"4496\" height=\"3000\" src=\"https:\/\/antoinelemaire-archi-photo.fr\/wp-content\/uploads\/2018\/12\/les-fr\u00e9rot-au-top-de-marseille-9.jpg\" class=\"attachment-full size-full\" alt=\"Regards vers l&#039;horizon\" aria-describedby=\"gallery-1-762\" srcset=\"https:\/\/antoinelemaire-archi-photo.fr\/wp-content\/uploads\/2018\/12\/les-fr\u00e9rot-au-top-de-marseille-9.jpg 4496w, https:\/\/antoinelemaire-archi-photo.fr\/wp-content\/uploads\/2018\/12\/les-fr\u00e9rot-au-top-de-marseille-9-300x200.jpg 300w, https:\/\/antoinelemaire-archi-photo.fr\/wp-content\/uploads\/2018\/12\/les-fr\u00e9rot-au-top-de-marseille-9-768x512.jpg 768w, https:\/\/antoinelemaire-archi-photo.fr\/wp-content\/uploads\/2018\/12\/les-fr\u00e9rot-au-top-de-marseille-9-1024x683.jpg 1024w, https:\/\/antoinelemaire-archi-photo.fr\/wp-content\/uploads\/2018\/12\/les-fr\u00e9rot-au-top-de-marseille-9-1240x827.jpg 1240w, https:\/\/antoinelemaire-archi-photo.fr\/wp-content\/uploads\/2018\/12\/les-fr\u00e9rot-au-top-de-marseille-9-508x339.jpg 508w\" sizes=\"auto, (max-width: 4496px) 100vw, 4496px\" \/><\/a>\n\t\t\t<\/dt>\n\t\t\t\t<dd class='wp-caption-text gallery-caption' id='gallery-1-762'>\n\t\t\t\tRegards vers l&rsquo;horizon\n\t\t\t\t<\/dd><\/dl><br style=\"clear: both\" \/><dl class='gallery-item'>\n\t\t\t<dt class='gallery-icon landscape'>\n\t\t\t\t<a href='https:\/\/antoinelemaire-archi-photo.fr\/index.php\/2018\/12\/24\/on-the-top\/les-frerot-au-top-de-marseille-16\/'><img loading=\"lazy\" decoding=\"async\" width=\"4353\" height=\"2864\" src=\"https:\/\/antoinelemaire-archi-photo.fr\/wp-content\/uploads\/2018\/12\/les-fr\u00e9rot-au-top-de-marseille-16.jpg\" class=\"attachment-full size-full\" alt=\"Regards vers l&#039;horizon\" aria-describedby=\"gallery-1-764\" srcset=\"https:\/\/antoinelemaire-archi-photo.fr\/wp-content\/uploads\/2018\/12\/les-fr\u00e9rot-au-top-de-marseille-16.jpg 4353w, https:\/\/antoinelemaire-archi-photo.fr\/wp-content\/uploads\/2018\/12\/les-fr\u00e9rot-au-top-de-marseille-16-300x197.jpg 300w, https:\/\/antoinelemaire-archi-photo.fr\/wp-content\/uploads\/2018\/12\/les-fr\u00e9rot-au-top-de-marseille-16-768x505.jpg 768w, https:\/\/antoinelemaire-archi-photo.fr\/wp-content\/uploads\/2018\/12\/les-fr\u00e9rot-au-top-de-marseille-16-1024x674.jpg 1024w, https:\/\/antoinelemaire-archi-photo.fr\/wp-content\/uploads\/2018\/12\/les-fr\u00e9rot-au-top-de-marseille-16-1240x816.jpg 1240w, https:\/\/antoinelemaire-archi-photo.fr\/wp-content\/uploads\/2018\/12\/les-fr\u00e9rot-au-top-de-marseille-16-508x334.jpg 508w\" sizes=\"auto, (max-width: 4353px) 100vw, 4353px\" \/><\/a>\n\t\t\t<\/dt>\n\t\t\t\t<dd class='wp-caption-text gallery-caption' id='gallery-1-764'>\n\t\t\t\tRegards vers l&rsquo;horizon\n\t\t\t\t<\/dd><\/dl><br style=\"clear: both\" \/><dl class='gallery-item'>\n\t\t\t<dt class='gallery-icon landscape'>\n\t\t\t\t<a href='https:\/\/antoinelemaire-archi-photo.fr\/index.php\/2018\/12\/24\/on-the-top\/les-frerot-au-top-de-marseille-8\/'><img loading=\"lazy\" decoding=\"async\" width=\"4496\" height=\"3000\" src=\"https:\/\/antoinelemaire-archi-photo.fr\/wp-content\/uploads\/2018\/12\/les-fr\u00e9rot-au-top-de-marseille-8.jpg\" class=\"attachment-full size-full\" alt=\"Regards vers l&#039;horizon\" aria-describedby=\"gallery-1-761\" srcset=\"https:\/\/antoinelemaire-archi-photo.fr\/wp-content\/uploads\/2018\/12\/les-fr\u00e9rot-au-top-de-marseille-8.jpg 4496w, https:\/\/antoinelemaire-archi-photo.fr\/wp-content\/uploads\/2018\/12\/les-fr\u00e9rot-au-top-de-marseille-8-300x200.jpg 300w, https:\/\/antoinelemaire-archi-photo.fr\/wp-content\/uploads\/2018\/12\/les-fr\u00e9rot-au-top-de-marseille-8-768x512.jpg 768w, https:\/\/antoinelemaire-archi-photo.fr\/wp-content\/uploads\/2018\/12\/les-fr\u00e9rot-au-top-de-marseille-8-1024x683.jpg 1024w, https:\/\/antoinelemaire-archi-photo.fr\/wp-content\/uploads\/2018\/12\/les-fr\u00e9rot-au-top-de-marseille-8-1240x827.jpg 1240w, https:\/\/antoinelemaire-archi-photo.fr\/wp-content\/uploads\/2018\/12\/les-fr\u00e9rot-au-top-de-marseille-8-508x339.jpg 508w\" sizes=\"auto, (max-width: 4496px) 100vw, 4496px\" \/><\/a>\n\t\t\t<\/dt>\n\t\t\t\t<dd class='wp-caption-text gallery-caption' id='gallery-1-761'>\n\t\t\t\tRegards vers l&rsquo;horizon\n\t\t\t\t<\/dd><\/dl><br style=\"clear: both\" \/><dl class='gallery-item'>\n\t\t\t<dt class='gallery-icon landscape'>\n\t\t\t\t<a href='https:\/\/antoinelemaire-archi-photo.fr\/index.php\/2018\/12\/24\/on-the-top\/les-frerot-au-top-de-marseille-32-copie\/'><img loading=\"lazy\" decoding=\"async\" width=\"4496\" height=\"3000\" src=\"https:\/\/antoinelemaire-archi-photo.fr\/wp-content\/uploads\/2018\/12\/les-fr\u00e9rot-au-top-de-marseille-32-copie.jpg\" class=\"attachment-full size-full\" alt=\"Silhouette sur l&#039;horizon\" aria-describedby=\"gallery-1-768\" srcset=\"https:\/\/antoinelemaire-archi-photo.fr\/wp-content\/uploads\/2018\/12\/les-fr\u00e9rot-au-top-de-marseille-32-copie.jpg 4496w, https:\/\/antoinelemaire-archi-photo.fr\/wp-content\/uploads\/2018\/12\/les-fr\u00e9rot-au-top-de-marseille-32-copie-300x200.jpg 300w, https:\/\/antoinelemaire-archi-photo.fr\/wp-content\/uploads\/2018\/12\/les-fr\u00e9rot-au-top-de-marseille-32-copie-768x512.jpg 768w, https:\/\/antoinelemaire-archi-photo.fr\/wp-content\/uploads\/2018\/12\/les-fr\u00e9rot-au-top-de-marseille-32-copie-1024x683.jpg 1024w, https:\/\/antoinelemaire-archi-photo.fr\/wp-content\/uploads\/2018\/12\/les-fr\u00e9rot-au-top-de-marseille-32-copie-1240x827.jpg 1240w, https:\/\/antoinelemaire-archi-photo.fr\/wp-content\/uploads\/2018\/12\/les-fr\u00e9rot-au-top-de-marseille-32-copie-508x339.jpg 508w\" sizes=\"auto, (max-width: 4496px) 100vw, 4496px\" \/><\/a>\n\t\t\t<\/dt>\n\t\t\t\t<dd class='wp-caption-text gallery-caption' id='gallery-1-768'>\n\t\t\t\tSilhouette sur l&rsquo;horizon\n\t\t\t\t<\/dd><\/dl><br style=\"clear: both\" \/><dl class='gallery-item'>\n\t\t\t<dt class='gallery-icon landscape'>\n\t\t\t\t<a href='https:\/\/antoinelemaire-archi-photo.fr\/index.php\/2018\/12\/24\/on-the-top\/les-frerot-au-top-de-marseille-4\/'><img loading=\"lazy\" decoding=\"async\" width=\"4496\" height=\"3000\" src=\"https:\/\/antoinelemaire-archi-photo.fr\/wp-content\/uploads\/2018\/12\/les-fr\u00e9rot-au-top-de-marseille-4.jpg\" class=\"attachment-full size-full\" alt=\"L&#039;horizon lointain Marseillais\" aria-describedby=\"gallery-1-760\" srcset=\"https:\/\/antoinelemaire-archi-photo.fr\/wp-content\/uploads\/2018\/12\/les-fr\u00e9rot-au-top-de-marseille-4.jpg 4496w, https:\/\/antoinelemaire-archi-photo.fr\/wp-content\/uploads\/2018\/12\/les-fr\u00e9rot-au-top-de-marseille-4-300x200.jpg 300w, https:\/\/antoinelemaire-archi-photo.fr\/wp-content\/uploads\/2018\/12\/les-fr\u00e9rot-au-top-de-marseille-4-768x512.jpg 768w, https:\/\/antoinelemaire-archi-photo.fr\/wp-content\/uploads\/2018\/12\/les-fr\u00e9rot-au-top-de-marseille-4-1024x683.jpg 1024w, https:\/\/antoinelemaire-archi-photo.fr\/wp-content\/uploads\/2018\/12\/les-fr\u00e9rot-au-top-de-marseille-4-1240x827.jpg 1240w, https:\/\/antoinelemaire-archi-photo.fr\/wp-content\/uploads\/2018\/12\/les-fr\u00e9rot-au-top-de-marseille-4-508x339.jpg 508w\" sizes=\"auto, (max-width: 4496px) 100vw, 4496px\" \/><\/a>\n\t\t\t<\/dt>\n\t\t\t\t<dd class='wp-caption-text gallery-caption' id='gallery-1-760'>\n\t\t\t\tL&rsquo;horizon lointain Marseillais\n\t\t\t\t<\/dd><\/dl><br style=\"clear: both\" \/>\n\t\t<\/div>\n\n","protected":false},"excerpt":{"rendered":"<p>Nuances Urbaines On the Top &nbsp; S\u00e9rie photo r\u00e9alis\u00e9e en haut des monts du Redon sur Marseille. Ici, le l&rsquo;horizon c\u00f4toie la ville, au moment du coucher de soleil, la ville se r\u00e9veille et les lumi\u00e8res de la ville se r\u00e9veillent. De plus, j&rsquo;ai pu photographier deux amis Lo\u00efc Bogo et R\u00e9mi Venditti qui ont [&hellip;]<\/p>\n","protected":false},"author":1,"featured_media":768,"comment_status":"open","ping_status":"open","sticky":false,"template":"","format":"standard","meta":{"_monsterinsights_skip_tracking":false,"_monsterinsights_sitenote_active":false,"_monsterinsights_sitenote_note":"","_monsterinsights_sitenote_category":0,"footnotes":""},"categories":[20],"tags":[],"class_list":["post-759","post","type-post","status-publish","format-standard","has-post-thumbnail","hentry","category-photographie"],"_links":{"self":[{"href":"https:\/\/antoinelemaire-archi-photo.fr\/index.php\/wp-json\/wp\/v2\/posts\/759","targetHints":{"allow":["GET"]}}],"collection":[{"href":"https:\/\/antoinelemaire-archi-photo.fr\/index.php\/wp-json\/wp\/v2\/posts"}],"about":[{"href":"https:\/\/antoinelemaire-archi-photo.fr\/index.php\/wp-json\/wp\/v2\/types\/post"}],"author":[{"embeddable":true,"href":"https:\/\/antoinelemaire-archi-photo.fr\/index.php\/wp-json\/wp\/v2\/users\/1"}],"replies":[{"embeddable":true,"href":"https:\/\/antoinelemaire-archi-photo.fr\/index.php\/wp-json\/wp\/v2\/comments?post=759"}],"version-history":[{"count":4,"href":"https:\/\/antoinelemaire-archi-photo.fr\/index.php\/wp-json\/wp\/v2\/posts\/759\/revisions"}],"predecessor-version":[{"id":1114,"href":"https:\/\/antoinelemaire-archi-photo.fr\/index.php\/wp-json\/wp\/v2\/posts\/759\/revisions\/1114"}],"wp:featuredmedia":[{"embeddable":true,"href":"https:\/\/antoinelemaire-archi-photo.fr\/index.php\/wp-json\/wp\/v2\/media\/768"}],"wp:attachment":[{"href":"https:\/\/antoinelemaire-archi-photo.fr\/index.php\/wp-json\/wp\/v2\/media?parent=759"}],"wp:term":[{"taxonomy":"category","embeddable":true,"href":"https:\/\/antoinelemaire-archi-photo.fr\/index.php\/wp-json\/wp\/v2\/categories?post=759"},{"taxonomy":"post_tag","embeddable":true,"href":"https:\/\/antoinelemaire-archi-photo.fr\/index.php\/wp-json\/wp\/v2\/tags?post=759"}],"curies":[{"name":"wp","href":"https:\/\/api.w.org\/{rel}","templated":true}]}}