{"id":75,"date":"2017-09-08T16:52:15","date_gmt":"2017-09-08T14:52:15","guid":{"rendered":"http:\/\/antoinelemaire-archi-photo.fr\/?p=75"},"modified":"2020-10-09T00:49:36","modified_gmt":"2020-10-08T22:49:36","slug":"une-selection-de-photo-de-marseille-antoine-lemaire","status":"publish","type":"post","link":"https:\/\/antoinelemaire-archi-photo.fr\/index.php\/2017\/09\/08\/une-selection-de-photo-de-marseille-antoine-lemaire\/","title":{"rendered":"Point G\u00e9ographique I Latitude : 43.296482  &#8211;  Longitude : 5.369780"},"content":{"rendered":"<h1 style=\"text-align: center;\">NUANCES URBAINES<\/h1>\n<h2 style=\"text-align: center;\">MARSEILLE<\/h2>\n<p>&nbsp;<\/p>\n<p>&nbsp;<\/p>\n<p style=\"text-align: left;\"><span style=\"font-size: 16px;\">V<\/span><span style=\"font-size: 16px;\">oici une s\u00e9lection de photographies que j&rsquo;ai pu r\u00e9aliser \u00e0 Marseille.\u00a0<\/span><\/p>\n<p>&nbsp;<\/p>\n\n\t\t<style type=\"text\/css\">\n\t\t\t#gallery-1 {\n\t\t\t\tmargin: auto;\n\t\t\t}\n\t\t\t#gallery-1 .gallery-item {\n\t\t\t\tfloat: left;\n\t\t\t\tmargin-top: 10px;\n\t\t\t\ttext-align: center;\n\t\t\t\twidth: 50%;\n\t\t\t}\n\t\t\t#gallery-1 img {\n\t\t\t\tborder: 2px solid #cfcfcf;\n\t\t\t}\n\t\t\t#gallery-1 .gallery-caption {\n\t\t\t\tmargin-left: 0;\n\t\t\t}\n\t\t\t\/* see gallery_shortcode() in wp-includes\/media.php *\/\n\t\t<\/style>\n\t\t<div id='gallery-1' class='gallery galleryid-75 gallery-columns-2 gallery-size-full'><dl class='gallery-item'>\n\t\t\t<dt class='gallery-icon landscape'>\n\t\t\t\t<a href='https:\/\/antoinelemaire-archi-photo.fr\/index.php\/2017\/09\/08\/une-selection-de-photo-de-marseille-antoine-lemaire\/img_8007\/'><img loading=\"lazy\" decoding=\"async\" width=\"4272\" height=\"2848\" src=\"https:\/\/antoinelemaire-archi-photo.fr\/wp-content\/uploads\/2017\/09\/IMG_8007.jpg\" class=\"attachment-full size-full\" alt=\"\" aria-describedby=\"gallery-1-76\" srcset=\"https:\/\/antoinelemaire-archi-photo.fr\/wp-content\/uploads\/2017\/09\/IMG_8007.jpg 4272w, https:\/\/antoinelemaire-archi-photo.fr\/wp-content\/uploads\/2017\/09\/IMG_8007-300x200.jpg 300w, https:\/\/antoinelemaire-archi-photo.fr\/wp-content\/uploads\/2017\/09\/IMG_8007-768x512.jpg 768w, https:\/\/antoinelemaire-archi-photo.fr\/wp-content\/uploads\/2017\/09\/IMG_8007-1024x683.jpg 1024w, https:\/\/antoinelemaire-archi-photo.fr\/wp-content\/uploads\/2017\/09\/IMG_8007-750x500.jpg 750w\" sizes=\"auto, (max-width: 4272px) 100vw, 4272px\" \/><\/a>\n\t\t\t<\/dt>\n\t\t\t\t<dd class='wp-caption-text gallery-caption' id='gallery-1-76'>\n\t\t\t\tPhoto de nuit depuis le Roucas Blanc\n\t\t\t\t<\/dd><\/dl><dl class='gallery-item'>\n\t\t\t<dt class='gallery-icon landscape'>\n\t\t\t\t<a href='https:\/\/antoinelemaire-archi-photo.fr\/index.php\/2017\/09\/08\/une-selection-de-photo-de-marseille-antoine-lemaire\/img_8242\/'><img loading=\"lazy\" decoding=\"async\" width=\"4272\" height=\"2848\" src=\"https:\/\/antoinelemaire-archi-photo.fr\/wp-content\/uploads\/2017\/09\/IMG_8242.jpg\" class=\"attachment-full size-full\" alt=\"\" aria-describedby=\"gallery-1-77\" srcset=\"https:\/\/antoinelemaire-archi-photo.fr\/wp-content\/uploads\/2017\/09\/IMG_8242.jpg 4272w, https:\/\/antoinelemaire-archi-photo.fr\/wp-content\/uploads\/2017\/09\/IMG_8242-300x200.jpg 300w, https:\/\/antoinelemaire-archi-photo.fr\/wp-content\/uploads\/2017\/09\/IMG_8242-768x512.jpg 768w, https:\/\/antoinelemaire-archi-photo.fr\/wp-content\/uploads\/2017\/09\/IMG_8242-1024x683.jpg 1024w, https:\/\/antoinelemaire-archi-photo.fr\/wp-content\/uploads\/2017\/09\/IMG_8242-750x500.jpg 750w\" sizes=\"auto, (max-width: 4272px) 100vw, 4272px\" \/><\/a>\n\t\t\t<\/dt>\n\t\t\t\t<dd class='wp-caption-text gallery-caption' id='gallery-1-77'>\n\t\t\t\tUrbex \u00eeles du frioul\n\t\t\t\t<\/dd><\/dl><br style=\"clear: both\" \/><dl class='gallery-item'>\n\t\t\t<dt class='gallery-icon landscape'>\n\t\t\t\t<a href='https:\/\/antoinelemaire-archi-photo.fr\/index.php\/2017\/09\/08\/une-selection-de-photo-de-marseille-antoine-lemaire\/fullsizeoutput_1459\/'><img loading=\"lazy\" decoding=\"async\" width=\"4122\" height=\"2748\" src=\"https:\/\/antoinelemaire-archi-photo.fr\/wp-content\/uploads\/2017\/09\/fullsizeoutput_1459.jpeg\" class=\"attachment-full size-full\" alt=\"\" aria-describedby=\"gallery-1-78\" srcset=\"https:\/\/antoinelemaire-archi-photo.fr\/wp-content\/uploads\/2017\/09\/fullsizeoutput_1459.jpeg 4122w, https:\/\/antoinelemaire-archi-photo.fr\/wp-content\/uploads\/2017\/09\/fullsizeoutput_1459-300x200.jpeg 300w, https:\/\/antoinelemaire-archi-photo.fr\/wp-content\/uploads\/2017\/09\/fullsizeoutput_1459-768x512.jpeg 768w, https:\/\/antoinelemaire-archi-photo.fr\/wp-content\/uploads\/2017\/09\/fullsizeoutput_1459-1024x683.jpeg 1024w, https:\/\/antoinelemaire-archi-photo.fr\/wp-content\/uploads\/2017\/09\/fullsizeoutput_1459-750x500.jpeg 750w\" sizes=\"auto, (max-width: 4122px) 100vw, 4122px\" \/><\/a>\n\t\t\t<\/dt>\n\t\t\t\t<dd class='wp-caption-text gallery-caption' id='gallery-1-78'>\n\t\t\t\tCoucher de soleil sur le Roucas Blanc\n\t\t\t\t<\/dd><\/dl><dl class='gallery-item'>\n\t\t\t<dt class='gallery-icon landscape'>\n\t\t\t\t<a href='https:\/\/antoinelemaire-archi-photo.fr\/index.php\/2017\/09\/08\/une-selection-de-photo-de-marseille-antoine-lemaire\/fullsizeoutput_1432\/'><img loading=\"lazy\" decoding=\"async\" width=\"4272\" height=\"2848\" src=\"https:\/\/antoinelemaire-archi-photo.fr\/wp-content\/uploads\/2017\/09\/fullsizeoutput_1432.jpeg\" class=\"attachment-full size-full\" alt=\"\" aria-describedby=\"gallery-1-79\" srcset=\"https:\/\/antoinelemaire-archi-photo.fr\/wp-content\/uploads\/2017\/09\/fullsizeoutput_1432.jpeg 4272w, https:\/\/antoinelemaire-archi-photo.fr\/wp-content\/uploads\/2017\/09\/fullsizeoutput_1432-300x200.jpeg 300w, https:\/\/antoinelemaire-archi-photo.fr\/wp-content\/uploads\/2017\/09\/fullsizeoutput_1432-768x512.jpeg 768w, https:\/\/antoinelemaire-archi-photo.fr\/wp-content\/uploads\/2017\/09\/fullsizeoutput_1432-1024x683.jpeg 1024w, https:\/\/antoinelemaire-archi-photo.fr\/wp-content\/uploads\/2017\/09\/fullsizeoutput_1432-750x500.jpeg 750w\" sizes=\"auto, (max-width: 4272px) 100vw, 4272px\" \/><\/a>\n\t\t\t<\/dt>\n\t\t\t\t<dd class='wp-caption-text gallery-caption' id='gallery-1-79'>\n\t\t\t\tcoucher de soleil sur le roucas blanc\n\t\t\t\t<\/dd><\/dl><br style=\"clear: both\" \/><dl class='gallery-item'>\n\t\t\t<dt class='gallery-icon landscape'>\n\t\t\t\t<a href='https:\/\/antoinelemaire-archi-photo.fr\/index.php\/2017\/09\/08\/une-selection-de-photo-de-marseille-antoine-lemaire\/img_6352\/'><img loading=\"lazy\" decoding=\"async\" width=\"4272\" height=\"2848\" src=\"https:\/\/antoinelemaire-archi-photo.fr\/wp-content\/uploads\/2017\/09\/IMG_6352.jpg\" class=\"attachment-full size-full\" alt=\"\" aria-describedby=\"gallery-1-80\" srcset=\"https:\/\/antoinelemaire-archi-photo.fr\/wp-content\/uploads\/2017\/09\/IMG_6352.jpg 4272w, https:\/\/antoinelemaire-archi-photo.fr\/wp-content\/uploads\/2017\/09\/IMG_6352-300x200.jpg 300w, https:\/\/antoinelemaire-archi-photo.fr\/wp-content\/uploads\/2017\/09\/IMG_6352-768x512.jpg 768w, https:\/\/antoinelemaire-archi-photo.fr\/wp-content\/uploads\/2017\/09\/IMG_6352-1024x683.jpg 1024w, https:\/\/antoinelemaire-archi-photo.fr\/wp-content\/uploads\/2017\/09\/IMG_6352-750x500.jpg 750w\" sizes=\"auto, (max-width: 4272px) 100vw, 4272px\" \/><\/a>\n\t\t\t<\/dt>\n\t\t\t\t<dd class='wp-caption-text gallery-caption' id='gallery-1-80'>\n\t\t\t\tDepuis la Bonne M\u00e8re\n\t\t\t\t<\/dd><\/dl><dl class='gallery-item'>\n\t\t\t<dt class='gallery-icon landscape'>\n\t\t\t\t<a href='https:\/\/antoinelemaire-archi-photo.fr\/index.php\/2017\/09\/08\/une-selection-de-photo-de-marseille-antoine-lemaire\/img_0011\/'><img loading=\"lazy\" decoding=\"async\" width=\"2304\" height=\"1536\" src=\"https:\/\/antoinelemaire-archi-photo.fr\/wp-content\/uploads\/2017\/09\/IMG_0011.jpg\" class=\"attachment-full size-full\" alt=\"\" aria-describedby=\"gallery-1-81\" srcset=\"https:\/\/antoinelemaire-archi-photo.fr\/wp-content\/uploads\/2017\/09\/IMG_0011.jpg 2304w, https:\/\/antoinelemaire-archi-photo.fr\/wp-content\/uploads\/2017\/09\/IMG_0011-300x200.jpg 300w, https:\/\/antoinelemaire-archi-photo.fr\/wp-content\/uploads\/2017\/09\/IMG_0011-768x512.jpg 768w, https:\/\/antoinelemaire-archi-photo.fr\/wp-content\/uploads\/2017\/09\/IMG_0011-1024x683.jpg 1024w, https:\/\/antoinelemaire-archi-photo.fr\/wp-content\/uploads\/2017\/09\/IMG_0011-750x500.jpg 750w\" sizes=\"auto, (max-width: 2304px) 100vw, 2304px\" \/><\/a>\n\t\t\t<\/dt>\n\t\t\t\t<dd class='wp-caption-text gallery-caption' id='gallery-1-81'>\n\t\t\t\tMUCEM\n\t\t\t\t<\/dd><\/dl><br style=\"clear: both\" \/><dl class='gallery-item'>\n\t\t\t<dt class='gallery-icon landscape'>\n\t\t\t\t<a href='https:\/\/antoinelemaire-archi-photo.fr\/index.php\/2017\/09\/08\/une-selection-de-photo-de-marseille-antoine-lemaire\/fullsizeoutput_4f3\/'><img loading=\"lazy\" decoding=\"async\" width=\"4272\" height=\"2848\" src=\"https:\/\/antoinelemaire-archi-photo.fr\/wp-content\/uploads\/2017\/09\/fullsizeoutput_4f3.jpeg\" class=\"attachment-full size-full\" alt=\"\" aria-describedby=\"gallery-1-83\" srcset=\"https:\/\/antoinelemaire-archi-photo.fr\/wp-content\/uploads\/2017\/09\/fullsizeoutput_4f3.jpeg 4272w, https:\/\/antoinelemaire-archi-photo.fr\/wp-content\/uploads\/2017\/09\/fullsizeoutput_4f3-300x200.jpeg 300w, https:\/\/antoinelemaire-archi-photo.fr\/wp-content\/uploads\/2017\/09\/fullsizeoutput_4f3-768x512.jpeg 768w, https:\/\/antoinelemaire-archi-photo.fr\/wp-content\/uploads\/2017\/09\/fullsizeoutput_4f3-1024x683.jpeg 1024w, https:\/\/antoinelemaire-archi-photo.fr\/wp-content\/uploads\/2017\/09\/fullsizeoutput_4f3-750x500.jpeg 750w\" sizes=\"auto, (max-width: 4272px) 100vw, 4272px\" \/><\/a>\n\t\t\t<\/dt>\n\t\t\t\t<dd class='wp-caption-text gallery-caption' id='gallery-1-83'>\n\t\t\t\tMUCEM\n\t\t\t\t<\/dd><\/dl><dl class='gallery-item'>\n\t\t\t<dt class='gallery-icon landscape'>\n\t\t\t\t<a href='https:\/\/antoinelemaire-archi-photo.fr\/index.php\/2017\/09\/08\/une-selection-de-photo-de-marseille-antoine-lemaire\/fullsizeoutput_558\/'><img loading=\"lazy\" decoding=\"async\" width=\"4272\" height=\"2848\" src=\"https:\/\/antoinelemaire-archi-photo.fr\/wp-content\/uploads\/2017\/09\/fullsizeoutput_558.jpeg\" class=\"attachment-full size-full\" alt=\"\" aria-describedby=\"gallery-1-84\" srcset=\"https:\/\/antoinelemaire-archi-photo.fr\/wp-content\/uploads\/2017\/09\/fullsizeoutput_558.jpeg 4272w, https:\/\/antoinelemaire-archi-photo.fr\/wp-content\/uploads\/2017\/09\/fullsizeoutput_558-300x200.jpeg 300w, https:\/\/antoinelemaire-archi-photo.fr\/wp-content\/uploads\/2017\/09\/fullsizeoutput_558-768x512.jpeg 768w, https:\/\/antoinelemaire-archi-photo.fr\/wp-content\/uploads\/2017\/09\/fullsizeoutput_558-1024x683.jpeg 1024w, https:\/\/antoinelemaire-archi-photo.fr\/wp-content\/uploads\/2017\/09\/fullsizeoutput_558-750x500.jpeg 750w\" sizes=\"auto, (max-width: 4272px) 100vw, 4272px\" \/><\/a>\n\t\t\t<\/dt>\n\t\t\t\t<dd class='wp-caption-text gallery-caption' id='gallery-1-84'>\n\t\t\t\tVilla M\u00e9diterran\u00e9e \n\t\t\t\t<\/dd><\/dl><br style=\"clear: both\" \/><dl class='gallery-item'>\n\t\t\t<dt class='gallery-icon landscape'>\n\t\t\t\t<a href='https:\/\/antoinelemaire-archi-photo.fr\/index.php\/2017\/09\/08\/une-selection-de-photo-de-marseille-antoine-lemaire\/fullsizeoutput_4fb\/'><img loading=\"lazy\" decoding=\"async\" width=\"4272\" height=\"2045\" src=\"https:\/\/antoinelemaire-archi-photo.fr\/wp-content\/uploads\/2017\/09\/fullsizeoutput_4fb.jpeg\" class=\"attachment-full size-full\" alt=\"\" aria-describedby=\"gallery-1-85\" srcset=\"https:\/\/antoinelemaire-archi-photo.fr\/wp-content\/uploads\/2017\/09\/fullsizeoutput_4fb.jpeg 4272w, https:\/\/antoinelemaire-archi-photo.fr\/wp-content\/uploads\/2017\/09\/fullsizeoutput_4fb-300x144.jpeg 300w, https:\/\/antoinelemaire-archi-photo.fr\/wp-content\/uploads\/2017\/09\/fullsizeoutput_4fb-768x368.jpeg 768w, https:\/\/antoinelemaire-archi-photo.fr\/wp-content\/uploads\/2017\/09\/fullsizeoutput_4fb-1024x490.jpeg 1024w\" sizes=\"auto, (max-width: 4272px) 100vw, 4272px\" \/><\/a>\n\t\t\t<\/dt>\n\t\t\t\t<dd class='wp-caption-text gallery-caption' id='gallery-1-85'>\n\t\t\t\tAtelier Art Plastique\n\t\t\t\t<\/dd><\/dl><dl class='gallery-item'>\n\t\t\t<dt class='gallery-icon landscape'>\n\t\t\t\t<a href='https:\/\/antoinelemaire-archi-photo.fr\/index.php\/2017\/09\/08\/une-selection-de-photo-de-marseille-antoine-lemaire\/fullsizeoutput_555\/'><img loading=\"lazy\" decoding=\"async\" width=\"4272\" height=\"2848\" src=\"https:\/\/antoinelemaire-archi-photo.fr\/wp-content\/uploads\/2017\/09\/fullsizeoutput_555.jpeg\" class=\"attachment-full size-full\" alt=\"\" aria-describedby=\"gallery-1-86\" srcset=\"https:\/\/antoinelemaire-archi-photo.fr\/wp-content\/uploads\/2017\/09\/fullsizeoutput_555.jpeg 4272w, https:\/\/antoinelemaire-archi-photo.fr\/wp-content\/uploads\/2017\/09\/fullsizeoutput_555-300x200.jpeg 300w, https:\/\/antoinelemaire-archi-photo.fr\/wp-content\/uploads\/2017\/09\/fullsizeoutput_555-768x512.jpeg 768w, https:\/\/antoinelemaire-archi-photo.fr\/wp-content\/uploads\/2017\/09\/fullsizeoutput_555-1024x683.jpeg 1024w, https:\/\/antoinelemaire-archi-photo.fr\/wp-content\/uploads\/2017\/09\/fullsizeoutput_555-750x500.jpeg 750w\" sizes=\"auto, (max-width: 4272px) 100vw, 4272px\" \/><\/a>\n\t\t\t<\/dt>\n\t\t\t\t<dd class='wp-caption-text gallery-caption' id='gallery-1-86'>\n\t\t\t\tDepuis la Bonne M\u00e8re\n\t\t\t\t<\/dd><\/dl><br style=\"clear: both\" \/><dl class='gallery-item'>\n\t\t\t<dt class='gallery-icon landscape'>\n\t\t\t\t<a href='https:\/\/antoinelemaire-archi-photo.fr\/index.php\/2017\/09\/08\/une-selection-de-photo-de-marseille-antoine-lemaire\/fullsizeoutput_8d7\/'><img loading=\"lazy\" decoding=\"async\" width=\"4272\" height=\"2848\" src=\"https:\/\/antoinelemaire-archi-photo.fr\/wp-content\/uploads\/2017\/09\/fullsizeoutput_8d7.jpeg\" class=\"attachment-full size-full\" alt=\"\" aria-describedby=\"gallery-1-87\" srcset=\"https:\/\/antoinelemaire-archi-photo.fr\/wp-content\/uploads\/2017\/09\/fullsizeoutput_8d7.jpeg 4272w, https:\/\/antoinelemaire-archi-photo.fr\/wp-content\/uploads\/2017\/09\/fullsizeoutput_8d7-300x200.jpeg 300w, https:\/\/antoinelemaire-archi-photo.fr\/wp-content\/uploads\/2017\/09\/fullsizeoutput_8d7-768x512.jpeg 768w, https:\/\/antoinelemaire-archi-photo.fr\/wp-content\/uploads\/2017\/09\/fullsizeoutput_8d7-1024x683.jpeg 1024w, https:\/\/antoinelemaire-archi-photo.fr\/wp-content\/uploads\/2017\/09\/fullsizeoutput_8d7-750x500.jpeg 750w\" sizes=\"auto, (max-width: 4272px) 100vw, 4272px\" \/><\/a>\n\t\t\t<\/dt>\n\t\t\t\t<dd class='wp-caption-text gallery-caption' id='gallery-1-87'>\n\t\t\t\tVieux Port\n\t\t\t\t<\/dd><\/dl><dl class='gallery-item'>\n\t\t\t<dt class='gallery-icon landscape'>\n\t\t\t\t<a href='https:\/\/antoinelemaire-archi-photo.fr\/index.php\/2017\/09\/08\/une-selection-de-photo-de-marseille-antoine-lemaire\/fullsizeoutput_56f\/'><img loading=\"lazy\" decoding=\"async\" width=\"4272\" height=\"2848\" src=\"https:\/\/antoinelemaire-archi-photo.fr\/wp-content\/uploads\/2017\/09\/fullsizeoutput_56f.jpeg\" class=\"attachment-full size-full\" alt=\"\" aria-describedby=\"gallery-1-88\" srcset=\"https:\/\/antoinelemaire-archi-photo.fr\/wp-content\/uploads\/2017\/09\/fullsizeoutput_56f.jpeg 4272w, https:\/\/antoinelemaire-archi-photo.fr\/wp-content\/uploads\/2017\/09\/fullsizeoutput_56f-300x200.jpeg 300w, https:\/\/antoinelemaire-archi-photo.fr\/wp-content\/uploads\/2017\/09\/fullsizeoutput_56f-768x512.jpeg 768w, https:\/\/antoinelemaire-archi-photo.fr\/wp-content\/uploads\/2017\/09\/fullsizeoutput_56f-1024x683.jpeg 1024w, https:\/\/antoinelemaire-archi-photo.fr\/wp-content\/uploads\/2017\/09\/fullsizeoutput_56f-750x500.jpeg 750w\" sizes=\"auto, (max-width: 4272px) 100vw, 4272px\" \/><\/a>\n\t\t\t<\/dt>\n\t\t\t\t<dd class='wp-caption-text gallery-caption' id='gallery-1-88'>\n\t\t\t\tLes Goudes\n\t\t\t\t<\/dd><\/dl><br style=\"clear: both\" \/><dl class='gallery-item'>\n\t\t\t<dt class='gallery-icon landscape'>\n\t\t\t\t<a href='https:\/\/antoinelemaire-archi-photo.fr\/index.php\/2017\/09\/08\/une-selection-de-photo-de-marseille-antoine-lemaire\/img_0888\/'><img loading=\"lazy\" decoding=\"async\" width=\"3264\" height=\"2448\" src=\"https:\/\/antoinelemaire-archi-photo.fr\/wp-content\/uploads\/2017\/09\/IMG_0888.jpg\" class=\"attachment-full size-full\" alt=\"\" aria-describedby=\"gallery-1-89\" srcset=\"https:\/\/antoinelemaire-archi-photo.fr\/wp-content\/uploads\/2017\/09\/IMG_0888.jpg 3264w, https:\/\/antoinelemaire-archi-photo.fr\/wp-content\/uploads\/2017\/09\/IMG_0888-300x225.jpg 300w, https:\/\/antoinelemaire-archi-photo.fr\/wp-content\/uploads\/2017\/09\/IMG_0888-768x576.jpg 768w, https:\/\/antoinelemaire-archi-photo.fr\/wp-content\/uploads\/2017\/09\/IMG_0888-1024x768.jpg 1024w\" sizes=\"auto, (max-width: 3264px) 100vw, 3264px\" \/><\/a>\n\t\t\t<\/dt>\n\t\t\t\t<dd class='wp-caption-text gallery-caption' id='gallery-1-89'>\n\t\t\t\tSession V\u00e9lo\n\t\t\t\t<\/dd><\/dl><dl class='gallery-item'>\n\t\t\t<dt class='gallery-icon landscape'>\n\t\t\t\t<a href='https:\/\/antoinelemaire-archi-photo.fr\/index.php\/2017\/09\/08\/une-selection-de-photo-de-marseille-antoine-lemaire\/img_1296\/'><img loading=\"lazy\" decoding=\"async\" width=\"4096\" height=\"2144\" src=\"https:\/\/antoinelemaire-archi-photo.fr\/wp-content\/uploads\/2017\/09\/IMG_1296.jpg\" class=\"attachment-full size-full\" alt=\"\" aria-describedby=\"gallery-1-90\" srcset=\"https:\/\/antoinelemaire-archi-photo.fr\/wp-content\/uploads\/2017\/09\/IMG_1296.jpg 4096w, https:\/\/antoinelemaire-archi-photo.fr\/wp-content\/uploads\/2017\/09\/IMG_1296-300x157.jpg 300w, https:\/\/antoinelemaire-archi-photo.fr\/wp-content\/uploads\/2017\/09\/IMG_1296-768x402.jpg 768w, https:\/\/antoinelemaire-archi-photo.fr\/wp-content\/uploads\/2017\/09\/IMG_1296-1024x536.jpg 1024w\" sizes=\"auto, (max-width: 4096px) 100vw, 4096px\" \/><\/a>\n\t\t\t<\/dt>\n\t\t\t\t<dd class='wp-caption-text gallery-caption' id='gallery-1-90'>\n\t\t\t\tLe Stade V\u00e9lodrome\n\t\t\t\t<\/dd><\/dl><br style=\"clear: both\" \/><dl class='gallery-item'>\n\t\t\t<dt class='gallery-icon landscape'>\n\t\t\t\t<a href='https:\/\/antoinelemaire-archi-photo.fr\/index.php\/2017\/09\/08\/une-selection-de-photo-de-marseille-antoine-lemaire\/fullsizeoutput_1091\/'><img loading=\"lazy\" decoding=\"async\" width=\"4772\" height=\"2516\" src=\"https:\/\/antoinelemaire-archi-photo.fr\/wp-content\/uploads\/2017\/09\/fullsizeoutput_1091.jpeg\" class=\"attachment-full size-full\" alt=\"\" aria-describedby=\"gallery-1-91\" srcset=\"https:\/\/antoinelemaire-archi-photo.fr\/wp-content\/uploads\/2017\/09\/fullsizeoutput_1091.jpeg 4772w, https:\/\/antoinelemaire-archi-photo.fr\/wp-content\/uploads\/2017\/09\/fullsizeoutput_1091-300x158.jpeg 300w, https:\/\/antoinelemaire-archi-photo.fr\/wp-content\/uploads\/2017\/09\/fullsizeoutput_1091-768x405.jpeg 768w, https:\/\/antoinelemaire-archi-photo.fr\/wp-content\/uploads\/2017\/09\/fullsizeoutput_1091-1024x540.jpeg 1024w\" sizes=\"auto, (max-width: 4772px) 100vw, 4772px\" \/><\/a>\n\t\t\t<\/dt>\n\t\t\t\t<dd class='wp-caption-text gallery-caption' id='gallery-1-91'>\n\t\t\t\tCassis\n\t\t\t\t<\/dd><\/dl><dl class='gallery-item'>\n\t\t\t<dt class='gallery-icon landscape'>\n\t\t\t\t<a href='https:\/\/antoinelemaire-archi-photo.fr\/index.php\/2017\/09\/08\/une-selection-de-photo-de-marseille-antoine-lemaire\/fullsizeoutput_cad\/'><img loading=\"lazy\" decoding=\"async\" width=\"3264\" height=\"2448\" src=\"https:\/\/antoinelemaire-archi-photo.fr\/wp-content\/uploads\/2017\/09\/fullsizeoutput_cad.jpeg\" class=\"attachment-full size-full\" alt=\"\" aria-describedby=\"gallery-1-92\" srcset=\"https:\/\/antoinelemaire-archi-photo.fr\/wp-content\/uploads\/2017\/09\/fullsizeoutput_cad.jpeg 3264w, https:\/\/antoinelemaire-archi-photo.fr\/wp-content\/uploads\/2017\/09\/fullsizeoutput_cad-300x225.jpeg 300w, https:\/\/antoinelemaire-archi-photo.fr\/wp-content\/uploads\/2017\/09\/fullsizeoutput_cad-768x576.jpeg 768w, https:\/\/antoinelemaire-archi-photo.fr\/wp-content\/uploads\/2017\/09\/fullsizeoutput_cad-1024x768.jpeg 1024w\" sizes=\"auto, (max-width: 3264px) 100vw, 3264px\" \/><\/a>\n\t\t\t<\/dt>\n\t\t\t\t<dd class='wp-caption-text gallery-caption' id='gallery-1-92'>\n\t\t\t\tCoucher de Soleil depuis L&rsquo;appartement\n\t\t\t\t<\/dd><\/dl><br style=\"clear: both\" \/><dl class='gallery-item'>\n\t\t\t<dt class='gallery-icon landscape'>\n\t\t\t\t<a href='https:\/\/antoinelemaire-archi-photo.fr\/index.php\/2017\/09\/08\/une-selection-de-photo-de-marseille-antoine-lemaire\/fullsizeoutput_ffe\/'><img loading=\"lazy\" decoding=\"async\" width=\"4272\" height=\"2848\" src=\"https:\/\/antoinelemaire-archi-photo.fr\/wp-content\/uploads\/2017\/09\/fullsizeoutput_ffe.jpeg\" class=\"attachment-full size-full\" alt=\"\" aria-describedby=\"gallery-1-93\" srcset=\"https:\/\/antoinelemaire-archi-photo.fr\/wp-content\/uploads\/2017\/09\/fullsizeoutput_ffe.jpeg 4272w, https:\/\/antoinelemaire-archi-photo.fr\/wp-content\/uploads\/2017\/09\/fullsizeoutput_ffe-300x200.jpeg 300w, https:\/\/antoinelemaire-archi-photo.fr\/wp-content\/uploads\/2017\/09\/fullsizeoutput_ffe-768x512.jpeg 768w, https:\/\/antoinelemaire-archi-photo.fr\/wp-content\/uploads\/2017\/09\/fullsizeoutput_ffe-1024x683.jpeg 1024w, https:\/\/antoinelemaire-archi-photo.fr\/wp-content\/uploads\/2017\/09\/fullsizeoutput_ffe-750x500.jpeg 750w\" sizes=\"auto, (max-width: 4272px) 100vw, 4272px\" \/><\/a>\n\t\t\t<\/dt>\n\t\t\t\t<dd class='wp-caption-text gallery-caption' id='gallery-1-93'>\n\t\t\t\tCoucher de Soleil depuis L&rsquo;appartement\n\t\t\t\t<\/dd><\/dl>\n\t\t\t<br style='clear: both' \/>\n\t\t<\/div>\n\n","protected":false},"excerpt":{"rendered":"<p>NUANCES URBAINES MARSEILLE &nbsp; &nbsp; Voici une s\u00e9lection de photographies que j&rsquo;ai pu r\u00e9aliser \u00e0 Marseille.\u00a0 &nbsp;<\/p>\n","protected":false},"author":1,"featured_media":77,"comment_status":"open","ping_status":"open","sticky":false,"template":"","format":"standard","meta":{"_monsterinsights_skip_tracking":false,"_monsterinsights_sitenote_active":false,"_monsterinsights_sitenote_note":"","_monsterinsights_sitenote_category":0,"footnotes":""},"categories":[21,20],"tags":[16,11,13,15,17,14,12,9,8,10],"class_list":["post-75","post","type-post","status-publish","format-standard","has-post-thumbnail","hentry","category-photo-marseille","category-photographie","tag-antoine","tag-architecture","tag-art","tag-blog","tag-lemaire","tag-marseille","tag-photo","tag-photo-lyon","tag-photo-marseille","tag-photo-voyage-2017"],"_links":{"self":[{"href":"https:\/\/antoinelemaire-archi-photo.fr\/index.php\/wp-json\/wp\/v2\/posts\/75","targetHints":{"allow":["GET"]}}],"collection":[{"href":"https:\/\/antoinelemaire-archi-photo.fr\/index.php\/wp-json\/wp\/v2\/posts"}],"about":[{"href":"https:\/\/antoinelemaire-archi-photo.fr\/index.php\/wp-json\/wp\/v2\/types\/post"}],"author":[{"embeddable":true,"href":"https:\/\/antoinelemaire-archi-photo.fr\/index.php\/wp-json\/wp\/v2\/users\/1"}],"replies":[{"embeddable":true,"href":"https:\/\/antoinelemaire-archi-photo.fr\/index.php\/wp-json\/wp\/v2\/comments?post=75"}],"version-history":[{"count":4,"href":"https:\/\/antoinelemaire-archi-photo.fr\/index.php\/wp-json\/wp\/v2\/posts\/75\/revisions"}],"predecessor-version":[{"id":1133,"href":"https:\/\/antoinelemaire-archi-photo.fr\/index.php\/wp-json\/wp\/v2\/posts\/75\/revisions\/1133"}],"wp:featuredmedia":[{"embeddable":true,"href":"https:\/\/antoinelemaire-archi-photo.fr\/index.php\/wp-json\/wp\/v2\/media\/77"}],"wp:attachment":[{"href":"https:\/\/antoinelemaire-archi-photo.fr\/index.php\/wp-json\/wp\/v2\/media?parent=75"}],"wp:term":[{"taxonomy":"category","embeddable":true,"href":"https:\/\/antoinelemaire-archi-photo.fr\/index.php\/wp-json\/wp\/v2\/categories?post=75"},{"taxonomy":"post_tag","embeddable":true,"href":"https:\/\/antoinelemaire-archi-photo.fr\/index.php\/wp-json\/wp\/v2\/tags?post=75"}],"curies":[{"name":"wp","href":"https:\/\/api.w.org\/{rel}","templated":true}]}}