{"id":735,"date":"2018-12-24T18:10:05","date_gmt":"2018-12-24T17:10:05","guid":{"rendered":"http:\/\/antoinelemaire-archi-photo.fr\/?p=735"},"modified":"2020-10-16T12:08:21","modified_gmt":"2020-10-16T10:08:21","slug":"workshop-taille-de-pierre","status":"publish","type":"post","link":"https:\/\/antoinelemaire-archi-photo.fr\/index.php\/2018\/12\/24\/workshop-taille-de-pierre\/","title":{"rendered":"Workshop I Taille de Pierre"},"content":{"rendered":"<h1 style=\"text-align: center;\">Taille d&rsquo;une voute syrienne en pierre<\/h1>\n<p>&nbsp;<\/p>\n<p>Pendant mon semestre s7, j&rsquo;ai eu la chance de r\u00e9aliser un s\u00e9minaire sur le sujet du mat\u00e9riau Pierre(s). C&rsquo;\u00e9tait l&rsquo;occasion de mener des recherches sur cette mati\u00e8re et de rencontrer des acteurs qui m\u00e8nent un travail autour de la Pierre. Nous avons donc eu la chance de rencontrer des architectes concevant avec la pierre, de visiter des chantiers, ainsi que de mener un Workshop dans un Atelier de taille de Pierre o\u00f9 nous avons taill\u00e9 une Vo\u00fbte Syrienne.<\/p>\n<p>Nous avons donc \u00e9t\u00e9 aid\u00e9 par les apprentis tailleurs de pierre pour tailler \u00e0 la main chaque pierre qui constituerait notre vo\u00fbte. Les principaux outils utilis\u00e9s sont le ciseaux, le chemin de fer, la lime, et la massette.<\/p>\n<p>Ce workshop m&rsquo;a permis d&rsquo;exp\u00e9rimenter la mati\u00e8re \u00e0 l&rsquo;\u00e9chelle 1 et de ressentir la composition de la Pierre et du savoir n\u00e9c\u00e9ssaire pour la tailler et la mettre en oeuvre. On ressent vraiment cette agilit\u00e9 de la main \u00e0 travailler a mati\u00e8re pour la modeler et la r\u00e9v\u00e9ler.<\/p>\n\n\t\t<style type=\"text\/css\">\n\t\t\t#gallery-1 {\n\t\t\t\tmargin: auto;\n\t\t\t}\n\t\t\t#gallery-1 .gallery-item {\n\t\t\t\tfloat: left;\n\t\t\t\tmargin-top: 10px;\n\t\t\t\ttext-align: center;\n\t\t\t\twidth: 100%;\n\t\t\t}\n\t\t\t#gallery-1 img {\n\t\t\t\tborder: 2px solid #cfcfcf;\n\t\t\t}\n\t\t\t#gallery-1 .gallery-caption {\n\t\t\t\tmargin-left: 0;\n\t\t\t}\n\t\t\t\/* see gallery_shortcode() in wp-includes\/media.php *\/\n\t\t<\/style>\n\t\t<div id='gallery-1' class='gallery galleryid-735 gallery-columns-1 gallery-size-full'><dl class='gallery-item'>\n\t\t\t<dt class='gallery-icon landscape'>\n\t\t\t\t<a href='https:\/\/antoinelemaire-archi-photo.fr\/index.php\/2018\/12\/24\/workshop-taille-de-pierre\/contre\/'><img loading=\"lazy\" decoding=\"async\" width=\"2422\" height=\"2422\" src=\"https:\/\/antoinelemaire-archi-photo.fr\/wp-content\/uploads\/2018\/12\/contre.jpg\" class=\"attachment-full size-full\" alt=\"Cintre\" aria-describedby=\"gallery-1-753\" srcset=\"https:\/\/antoinelemaire-archi-photo.fr\/wp-content\/uploads\/2018\/12\/contre.jpg 2422w, https:\/\/antoinelemaire-archi-photo.fr\/wp-content\/uploads\/2018\/12\/contre-150x150.jpg 150w, https:\/\/antoinelemaire-archi-photo.fr\/wp-content\/uploads\/2018\/12\/contre-300x300.jpg 300w, https:\/\/antoinelemaire-archi-photo.fr\/wp-content\/uploads\/2018\/12\/contre-768x768.jpg 768w, https:\/\/antoinelemaire-archi-photo.fr\/wp-content\/uploads\/2018\/12\/contre-1024x1024.jpg 1024w, https:\/\/antoinelemaire-archi-photo.fr\/wp-content\/uploads\/2018\/12\/contre-1240x1240.jpg 1240w, https:\/\/antoinelemaire-archi-photo.fr\/wp-content\/uploads\/2018\/12\/contre-508x508.jpg 508w\" sizes=\"auto, (max-width: 2422px) 100vw, 2422px\" \/><\/a>\n\t\t\t<\/dt>\n\t\t\t\t<dd class='wp-caption-text gallery-caption' id='gallery-1-753'>\n\t\t\t\tCintreCintre\n\t\t\t\t<\/dd><\/dl><br style=\"clear: both\" \/><dl class='gallery-item'>\n\t\t\t<dt class='gallery-icon landscape'>\n\t\t\t\t<a href='https:\/\/antoinelemaire-archi-photo.fr\/index.php\/2018\/12\/24\/workshop-taille-de-pierre\/voute-avec-ceintre\/'><img loading=\"lazy\" decoding=\"async\" width=\"2448\" height=\"2448\" src=\"https:\/\/antoinelemaire-archi-photo.fr\/wp-content\/uploads\/2018\/12\/voute-avec-ceintre.jpg\" class=\"attachment-full size-full\" alt=\"Vo\u00fbte Syrienne avec son cintre\" aria-describedby=\"gallery-1-745\" srcset=\"https:\/\/antoinelemaire-archi-photo.fr\/wp-content\/uploads\/2018\/12\/voute-avec-ceintre.jpg 2448w, https:\/\/antoinelemaire-archi-photo.fr\/wp-content\/uploads\/2018\/12\/voute-avec-ceintre-150x150.jpg 150w, https:\/\/antoinelemaire-archi-photo.fr\/wp-content\/uploads\/2018\/12\/voute-avec-ceintre-300x300.jpg 300w, https:\/\/antoinelemaire-archi-photo.fr\/wp-content\/uploads\/2018\/12\/voute-avec-ceintre-768x768.jpg 768w, https:\/\/antoinelemaire-archi-photo.fr\/wp-content\/uploads\/2018\/12\/voute-avec-ceintre-1024x1024.jpg 1024w, https:\/\/antoinelemaire-archi-photo.fr\/wp-content\/uploads\/2018\/12\/voute-avec-ceintre-1240x1240.jpg 1240w, https:\/\/antoinelemaire-archi-photo.fr\/wp-content\/uploads\/2018\/12\/voute-avec-ceintre-508x508.jpg 508w\" sizes=\"auto, (max-width: 2448px) 100vw, 2448px\" \/><\/a>\n\t\t\t<\/dt>\n\t\t\t\t<dd class='wp-caption-text gallery-caption' id='gallery-1-745'>\n\t\t\t\tVo\u00fbte Syrienne avec son cintre\n\t\t\t\t<\/dd><\/dl><br style=\"clear: both\" \/><dl class='gallery-item'>\n\t\t\t<dt class='gallery-icon landscape'>\n\t\t\t\t<a href='https:\/\/antoinelemaire-archi-photo.fr\/index.php\/2018\/12\/24\/workshop-taille-de-pierre\/voute-plus-cintre\/'><img loading=\"lazy\" decoding=\"async\" width=\"2448\" height=\"2448\" src=\"https:\/\/antoinelemaire-archi-photo.fr\/wp-content\/uploads\/2018\/12\/voute-plus-cintre.jpg\" class=\"attachment-full size-full\" alt=\"Vo\u00fbte Syrienne avec son cintre\" aria-describedby=\"gallery-1-747\" srcset=\"https:\/\/antoinelemaire-archi-photo.fr\/wp-content\/uploads\/2018\/12\/voute-plus-cintre.jpg 2448w, https:\/\/antoinelemaire-archi-photo.fr\/wp-content\/uploads\/2018\/12\/voute-plus-cintre-150x150.jpg 150w, https:\/\/antoinelemaire-archi-photo.fr\/wp-content\/uploads\/2018\/12\/voute-plus-cintre-300x300.jpg 300w, https:\/\/antoinelemaire-archi-photo.fr\/wp-content\/uploads\/2018\/12\/voute-plus-cintre-768x768.jpg 768w, https:\/\/antoinelemaire-archi-photo.fr\/wp-content\/uploads\/2018\/12\/voute-plus-cintre-1024x1024.jpg 1024w, https:\/\/antoinelemaire-archi-photo.fr\/wp-content\/uploads\/2018\/12\/voute-plus-cintre-1240x1240.jpg 1240w, https:\/\/antoinelemaire-archi-photo.fr\/wp-content\/uploads\/2018\/12\/voute-plus-cintre-508x508.jpg 508w\" sizes=\"auto, (max-width: 2448px) 100vw, 2448px\" \/><\/a>\n\t\t\t<\/dt>\n\t\t\t\t<dd class='wp-caption-text gallery-caption' id='gallery-1-747'>\n\t\t\t\tVo\u00fbte Syrienne avec son cintre\n\t\t\t\t<\/dd><\/dl><br style=\"clear: both\" \/><dl class='gallery-item'>\n\t\t\t<dt class='gallery-icon landscape'>\n\t\t\t\t<a href='https:\/\/antoinelemaire-archi-photo.fr\/index.php\/2018\/12\/24\/workshop-taille-de-pierre\/detail\/'><img loading=\"lazy\" decoding=\"async\" width=\"2448\" height=\"2448\" src=\"https:\/\/antoinelemaire-archi-photo.fr\/wp-content\/uploads\/2018\/12\/d\u00e9tail.jpg\" class=\"attachment-full size-full\" alt=\"Cl\u00e9 de vo\u00fbte avec son cintre\" aria-describedby=\"gallery-1-749\" srcset=\"https:\/\/antoinelemaire-archi-photo.fr\/wp-content\/uploads\/2018\/12\/d\u00e9tail.jpg 2448w, https:\/\/antoinelemaire-archi-photo.fr\/wp-content\/uploads\/2018\/12\/d\u00e9tail-150x150.jpg 150w, https:\/\/antoinelemaire-archi-photo.fr\/wp-content\/uploads\/2018\/12\/d\u00e9tail-300x300.jpg 300w, https:\/\/antoinelemaire-archi-photo.fr\/wp-content\/uploads\/2018\/12\/d\u00e9tail-768x768.jpg 768w, https:\/\/antoinelemaire-archi-photo.fr\/wp-content\/uploads\/2018\/12\/d\u00e9tail-1024x1024.jpg 1024w, https:\/\/antoinelemaire-archi-photo.fr\/wp-content\/uploads\/2018\/12\/d\u00e9tail-1240x1240.jpg 1240w, https:\/\/antoinelemaire-archi-photo.fr\/wp-content\/uploads\/2018\/12\/d\u00e9tail-508x508.jpg 508w\" sizes=\"auto, (max-width: 2448px) 100vw, 2448px\" \/><\/a>\n\t\t\t<\/dt>\n\t\t\t\t<dd class='wp-caption-text gallery-caption' id='gallery-1-749'>\n\t\t\t\tCl\u00e9 de vo\u00fbte avec son cintre\n\t\t\t\t<\/dd><\/dl><br style=\"clear: both\" \/><dl class='gallery-item'>\n\t\t\t<dt class='gallery-icon landscape'>\n\t\t\t\t<a href='https:\/\/antoinelemaire-archi-photo.fr\/index.php\/2018\/12\/24\/workshop-taille-de-pierre\/voute-sans-cintre\/'><img loading=\"lazy\" decoding=\"async\" width=\"2448\" height=\"2448\" src=\"https:\/\/antoinelemaire-archi-photo.fr\/wp-content\/uploads\/2018\/12\/voute-sans-cintre.jpg\" class=\"attachment-full size-full\" alt=\"Vo\u00fbte Syrienne\" aria-describedby=\"gallery-1-737\" srcset=\"https:\/\/antoinelemaire-archi-photo.fr\/wp-content\/uploads\/2018\/12\/voute-sans-cintre.jpg 2448w, https:\/\/antoinelemaire-archi-photo.fr\/wp-content\/uploads\/2018\/12\/voute-sans-cintre-150x150.jpg 150w, https:\/\/antoinelemaire-archi-photo.fr\/wp-content\/uploads\/2018\/12\/voute-sans-cintre-300x300.jpg 300w, https:\/\/antoinelemaire-archi-photo.fr\/wp-content\/uploads\/2018\/12\/voute-sans-cintre-768x768.jpg 768w, https:\/\/antoinelemaire-archi-photo.fr\/wp-content\/uploads\/2018\/12\/voute-sans-cintre-1024x1024.jpg 1024w, https:\/\/antoinelemaire-archi-photo.fr\/wp-content\/uploads\/2018\/12\/voute-sans-cintre-1240x1240.jpg 1240w, https:\/\/antoinelemaire-archi-photo.fr\/wp-content\/uploads\/2018\/12\/voute-sans-cintre-508x508.jpg 508w\" sizes=\"auto, (max-width: 2448px) 100vw, 2448px\" \/><\/a>\n\t\t\t<\/dt>\n\t\t\t\t<dd class='wp-caption-text gallery-caption' id='gallery-1-737'>\n\t\t\t\tVo\u00fbte Syrienne\n\t\t\t\t<\/dd><\/dl><br style=\"clear: both\" \/><dl class='gallery-item'>\n\t\t\t<dt class='gallery-icon landscape'>\n\t\t\t\t<a href='https:\/\/antoinelemaire-archi-photo.fr\/index.php\/2018\/12\/24\/workshop-taille-de-pierre\/voute\/'><img loading=\"lazy\" decoding=\"async\" width=\"2448\" height=\"2448\" src=\"https:\/\/antoinelemaire-archi-photo.fr\/wp-content\/uploads\/2018\/12\/v\u00f4ute.jpg\" class=\"attachment-full size-full\" alt=\"Vo\u00fbte Syrienne\" aria-describedby=\"gallery-1-736\" srcset=\"https:\/\/antoinelemaire-archi-photo.fr\/wp-content\/uploads\/2018\/12\/v\u00f4ute.jpg 2448w, https:\/\/antoinelemaire-archi-photo.fr\/wp-content\/uploads\/2018\/12\/v\u00f4ute-150x150.jpg 150w, https:\/\/antoinelemaire-archi-photo.fr\/wp-content\/uploads\/2018\/12\/v\u00f4ute-300x300.jpg 300w, https:\/\/antoinelemaire-archi-photo.fr\/wp-content\/uploads\/2018\/12\/v\u00f4ute-768x768.jpg 768w, https:\/\/antoinelemaire-archi-photo.fr\/wp-content\/uploads\/2018\/12\/v\u00f4ute-1024x1024.jpg 1024w, https:\/\/antoinelemaire-archi-photo.fr\/wp-content\/uploads\/2018\/12\/v\u00f4ute-1240x1240.jpg 1240w, https:\/\/antoinelemaire-archi-photo.fr\/wp-content\/uploads\/2018\/12\/v\u00f4ute-508x508.jpg 508w\" sizes=\"auto, (max-width: 2448px) 100vw, 2448px\" \/><\/a>\n\t\t\t<\/dt>\n\t\t\t\t<dd class='wp-caption-text gallery-caption' id='gallery-1-736'>\n\t\t\t\tVo\u00fbte Syrienne\n\t\t\t\t<\/dd><\/dl><br style=\"clear: both\" \/><dl class='gallery-item'>\n\t\t\t<dt class='gallery-icon landscape'>\n\t\t\t\t<a href='https:\/\/antoinelemaire-archi-photo.fr\/index.php\/2018\/12\/24\/workshop-taille-de-pierre\/cle-de-voute\/'><img loading=\"lazy\" decoding=\"async\" width=\"2448\" height=\"2448\" src=\"https:\/\/antoinelemaire-archi-photo.fr\/wp-content\/uploads\/2018\/12\/cl\u00e9-de-v\u00f4ute.jpg\" class=\"attachment-full size-full\" alt=\"Cl\u00e9 de vo\u00fbte sans cintre\" aria-describedby=\"gallery-1-754\" srcset=\"https:\/\/antoinelemaire-archi-photo.fr\/wp-content\/uploads\/2018\/12\/cl\u00e9-de-v\u00f4ute.jpg 2448w, https:\/\/antoinelemaire-archi-photo.fr\/wp-content\/uploads\/2018\/12\/cl\u00e9-de-v\u00f4ute-150x150.jpg 150w, https:\/\/antoinelemaire-archi-photo.fr\/wp-content\/uploads\/2018\/12\/cl\u00e9-de-v\u00f4ute-300x300.jpg 300w, https:\/\/antoinelemaire-archi-photo.fr\/wp-content\/uploads\/2018\/12\/cl\u00e9-de-v\u00f4ute-768x768.jpg 768w, https:\/\/antoinelemaire-archi-photo.fr\/wp-content\/uploads\/2018\/12\/cl\u00e9-de-v\u00f4ute-1024x1024.jpg 1024w, https:\/\/antoinelemaire-archi-photo.fr\/wp-content\/uploads\/2018\/12\/cl\u00e9-de-v\u00f4ute-1240x1240.jpg 1240w, https:\/\/antoinelemaire-archi-photo.fr\/wp-content\/uploads\/2018\/12\/cl\u00e9-de-v\u00f4ute-508x508.jpg 508w\" sizes=\"auto, (max-width: 2448px) 100vw, 2448px\" \/><\/a>\n\t\t\t<\/dt>\n\t\t\t\t<dd class='wp-caption-text gallery-caption' id='gallery-1-754'>\n\t\t\t\tCl\u00e9 de vo\u00fbte sans cintre\n\t\t\t\t<\/dd><\/dl><br style=\"clear: both\" \/><dl class='gallery-item'>\n\t\t\t<dt class='gallery-icon landscape'>\n\t\t\t\t<a href='https:\/\/antoinelemaire-archi-photo.fr\/index.php\/2018\/12\/24\/workshop-taille-de-pierre\/debut-voute\/'><img loading=\"lazy\" decoding=\"async\" width=\"2448\" height=\"2448\" src=\"https:\/\/antoinelemaire-archi-photo.fr\/wp-content\/uploads\/2018\/12\/d\u00e9but-vo\u00fbte.jpg\" class=\"attachment-full size-full\" alt=\"Pied de vo\u00fbte\" aria-describedby=\"gallery-1-750\" srcset=\"https:\/\/antoinelemaire-archi-photo.fr\/wp-content\/uploads\/2018\/12\/d\u00e9but-vo\u00fbte.jpg 2448w, https:\/\/antoinelemaire-archi-photo.fr\/wp-content\/uploads\/2018\/12\/d\u00e9but-vo\u00fbte-150x150.jpg 150w, https:\/\/antoinelemaire-archi-photo.fr\/wp-content\/uploads\/2018\/12\/d\u00e9but-vo\u00fbte-300x300.jpg 300w, https:\/\/antoinelemaire-archi-photo.fr\/wp-content\/uploads\/2018\/12\/d\u00e9but-vo\u00fbte-768x768.jpg 768w, https:\/\/antoinelemaire-archi-photo.fr\/wp-content\/uploads\/2018\/12\/d\u00e9but-vo\u00fbte-1024x1024.jpg 1024w, https:\/\/antoinelemaire-archi-photo.fr\/wp-content\/uploads\/2018\/12\/d\u00e9but-vo\u00fbte-1240x1240.jpg 1240w, https:\/\/antoinelemaire-archi-photo.fr\/wp-content\/uploads\/2018\/12\/d\u00e9but-vo\u00fbte-508x508.jpg 508w\" sizes=\"auto, (max-width: 2448px) 100vw, 2448px\" \/><\/a>\n\t\t\t<\/dt>\n\t\t\t\t<dd class='wp-caption-text gallery-caption' id='gallery-1-750'>\n\t\t\t\tPied de vo\u00fbte\n\t\t\t\t<\/dd><\/dl><br style=\"clear: both\" \/><dl class='gallery-item'>\n\t\t\t<dt class='gallery-icon landscape'>\n\t\t\t\t<a href='https:\/\/antoinelemaire-archi-photo.fr\/index.php\/2018\/12\/24\/workshop-taille-de-pierre\/voute-3\/'><img loading=\"lazy\" decoding=\"async\" width=\"2448\" height=\"2448\" src=\"https:\/\/antoinelemaire-archi-photo.fr\/wp-content\/uploads\/2018\/12\/voute-3.jpg\" class=\"attachment-full size-full\" alt=\"Claveau en forme d&#039;Amande\" aria-describedby=\"gallery-1-738\" srcset=\"https:\/\/antoinelemaire-archi-photo.fr\/wp-content\/uploads\/2018\/12\/voute-3.jpg 2448w, https:\/\/antoinelemaire-archi-photo.fr\/wp-content\/uploads\/2018\/12\/voute-3-150x150.jpg 150w, https:\/\/antoinelemaire-archi-photo.fr\/wp-content\/uploads\/2018\/12\/voute-3-300x300.jpg 300w, https:\/\/antoinelemaire-archi-photo.fr\/wp-content\/uploads\/2018\/12\/voute-3-768x768.jpg 768w, https:\/\/antoinelemaire-archi-photo.fr\/wp-content\/uploads\/2018\/12\/voute-3-1024x1024.jpg 1024w, https:\/\/antoinelemaire-archi-photo.fr\/wp-content\/uploads\/2018\/12\/voute-3-1240x1240.jpg 1240w, https:\/\/antoinelemaire-archi-photo.fr\/wp-content\/uploads\/2018\/12\/voute-3-508x508.jpg 508w\" sizes=\"auto, (max-width: 2448px) 100vw, 2448px\" \/><\/a>\n\t\t\t<\/dt>\n\t\t\t\t<dd class='wp-caption-text gallery-caption' id='gallery-1-738'>\n\t\t\t\tClaveau en forme d&rsquo;Amande\n\t\t\t\t<\/dd><\/dl><br style=\"clear: both\" \/><dl class='gallery-item'>\n\t\t\t<dt class='gallery-icon landscape'>\n\t\t\t\t<a href='https:\/\/antoinelemaire-archi-photo.fr\/index.php\/2018\/12\/24\/workshop-taille-de-pierre\/voute-2\/'><img loading=\"lazy\" decoding=\"async\" width=\"2448\" height=\"2448\" src=\"https:\/\/antoinelemaire-archi-photo.fr\/wp-content\/uploads\/2018\/12\/voute-2.jpg\" class=\"attachment-full size-full\" alt=\"Claveau en forme d&#039;Amande\" aria-describedby=\"gallery-1-739\" srcset=\"https:\/\/antoinelemaire-archi-photo.fr\/wp-content\/uploads\/2018\/12\/voute-2.jpg 2448w, https:\/\/antoinelemaire-archi-photo.fr\/wp-content\/uploads\/2018\/12\/voute-2-150x150.jpg 150w, https:\/\/antoinelemaire-archi-photo.fr\/wp-content\/uploads\/2018\/12\/voute-2-300x300.jpg 300w, https:\/\/antoinelemaire-archi-photo.fr\/wp-content\/uploads\/2018\/12\/voute-2-768x768.jpg 768w, https:\/\/antoinelemaire-archi-photo.fr\/wp-content\/uploads\/2018\/12\/voute-2-1024x1024.jpg 1024w, https:\/\/antoinelemaire-archi-photo.fr\/wp-content\/uploads\/2018\/12\/voute-2-1240x1240.jpg 1240w, https:\/\/antoinelemaire-archi-photo.fr\/wp-content\/uploads\/2018\/12\/voute-2-508x508.jpg 508w\" sizes=\"auto, (max-width: 2448px) 100vw, 2448px\" \/><\/a>\n\t\t\t<\/dt>\n\t\t\t\t<dd class='wp-caption-text gallery-caption' id='gallery-1-739'>\n\t\t\t\tClaveau en forme d&rsquo;Amande\n\t\t\t\t<\/dd><\/dl><br style=\"clear: both\" \/><dl class='gallery-item'>\n\t\t\t<dt class='gallery-icon landscape'>\n\t\t\t\t<a href='https:\/\/antoinelemaire-archi-photo.fr\/index.php\/2018\/12\/24\/workshop-taille-de-pierre\/pierre-taillee\/'><img loading=\"lazy\" decoding=\"async\" width=\"2448\" height=\"2448\" src=\"https:\/\/antoinelemaire-archi-photo.fr\/wp-content\/uploads\/2018\/12\/pierre-taill\u00e9e.jpg\" class=\"attachment-full size-full\" alt=\"Claveau en forme d&#039;Amande\" aria-describedby=\"gallery-1-741\" srcset=\"https:\/\/antoinelemaire-archi-photo.fr\/wp-content\/uploads\/2018\/12\/pierre-taill\u00e9e.jpg 2448w, https:\/\/antoinelemaire-archi-photo.fr\/wp-content\/uploads\/2018\/12\/pierre-taill\u00e9e-150x150.jpg 150w, https:\/\/antoinelemaire-archi-photo.fr\/wp-content\/uploads\/2018\/12\/pierre-taill\u00e9e-300x300.jpg 300w, https:\/\/antoinelemaire-archi-photo.fr\/wp-content\/uploads\/2018\/12\/pierre-taill\u00e9e-768x768.jpg 768w, https:\/\/antoinelemaire-archi-photo.fr\/wp-content\/uploads\/2018\/12\/pierre-taill\u00e9e-1024x1024.jpg 1024w, https:\/\/antoinelemaire-archi-photo.fr\/wp-content\/uploads\/2018\/12\/pierre-taill\u00e9e-1240x1240.jpg 1240w, https:\/\/antoinelemaire-archi-photo.fr\/wp-content\/uploads\/2018\/12\/pierre-taill\u00e9e-508x508.jpg 508w\" sizes=\"auto, (max-width: 2448px) 100vw, 2448px\" \/><\/a>\n\t\t\t<\/dt>\n\t\t\t\t<dd class='wp-caption-text gallery-caption' id='gallery-1-741'>\n\t\t\t\tClaveau en forme d&rsquo;Amande\n\t\t\t\t<\/dd><\/dl><br style=\"clear: both\" \/><dl class='gallery-item'>\n\t\t\t<dt class='gallery-icon landscape'>\n\t\t\t\t<a href='https:\/\/antoinelemaire-archi-photo.fr\/index.php\/2018\/12\/24\/workshop-taille-de-pierre\/tailleur-2\/'><img loading=\"lazy\" decoding=\"async\" width=\"2448\" height=\"2448\" src=\"https:\/\/antoinelemaire-archi-photo.fr\/wp-content\/uploads\/2018\/12\/tailleur-2.jpg\" class=\"attachment-full size-full\" alt=\"Tailleur de pierre taillant une cl\u00e9 de vo\u00fbte\" aria-describedby=\"gallery-1-743\" srcset=\"https:\/\/antoinelemaire-archi-photo.fr\/wp-content\/uploads\/2018\/12\/tailleur-2.jpg 2448w, https:\/\/antoinelemaire-archi-photo.fr\/wp-content\/uploads\/2018\/12\/tailleur-2-150x150.jpg 150w, https:\/\/antoinelemaire-archi-photo.fr\/wp-content\/uploads\/2018\/12\/tailleur-2-300x300.jpg 300w, https:\/\/antoinelemaire-archi-photo.fr\/wp-content\/uploads\/2018\/12\/tailleur-2-768x768.jpg 768w, https:\/\/antoinelemaire-archi-photo.fr\/wp-content\/uploads\/2018\/12\/tailleur-2-1024x1024.jpg 1024w, https:\/\/antoinelemaire-archi-photo.fr\/wp-content\/uploads\/2018\/12\/tailleur-2-1240x1240.jpg 1240w, https:\/\/antoinelemaire-archi-photo.fr\/wp-content\/uploads\/2018\/12\/tailleur-2-508x508.jpg 508w\" sizes=\"auto, (max-width: 2448px) 100vw, 2448px\" \/><\/a>\n\t\t\t<\/dt>\n\t\t\t\t<dd class='wp-caption-text gallery-caption' id='gallery-1-743'>\n\t\t\t\tTailleur de pierre taillant une cl\u00e9 de vo\u00fbte\n\t\t\t\t<\/dd><\/dl><br style=\"clear: both\" \/><dl class='gallery-item'>\n\t\t\t<dt class='gallery-icon landscape'>\n\t\t\t\t<a href='https:\/\/antoinelemaire-archi-photo.fr\/index.php\/2018\/12\/24\/workshop-taille-de-pierre\/tailleur\/'><img loading=\"lazy\" decoding=\"async\" width=\"2448\" height=\"2448\" src=\"https:\/\/antoinelemaire-archi-photo.fr\/wp-content\/uploads\/2018\/12\/tailleur.jpg\" class=\"attachment-full size-full\" alt=\"Tailleur de pierre taillant une cl\u00e9 de vo\u00fbte\" aria-describedby=\"gallery-1-746\" srcset=\"https:\/\/antoinelemaire-archi-photo.fr\/wp-content\/uploads\/2018\/12\/tailleur.jpg 2448w, https:\/\/antoinelemaire-archi-photo.fr\/wp-content\/uploads\/2018\/12\/tailleur-150x150.jpg 150w, https:\/\/antoinelemaire-archi-photo.fr\/wp-content\/uploads\/2018\/12\/tailleur-300x300.jpg 300w, https:\/\/antoinelemaire-archi-photo.fr\/wp-content\/uploads\/2018\/12\/tailleur-768x768.jpg 768w, https:\/\/antoinelemaire-archi-photo.fr\/wp-content\/uploads\/2018\/12\/tailleur-1024x1024.jpg 1024w, https:\/\/antoinelemaire-archi-photo.fr\/wp-content\/uploads\/2018\/12\/tailleur-1240x1240.jpg 1240w, https:\/\/antoinelemaire-archi-photo.fr\/wp-content\/uploads\/2018\/12\/tailleur-508x508.jpg 508w\" sizes=\"auto, (max-width: 2448px) 100vw, 2448px\" \/><\/a>\n\t\t\t<\/dt>\n\t\t\t\t<dd class='wp-caption-text gallery-caption' id='gallery-1-746'>\n\t\t\t\tTailleur de pierre taillant une cl\u00e9 de vo\u00fbte\n\t\t\t\t<\/dd><\/dl><br style=\"clear: both\" \/><dl class='gallery-item'>\n\t\t\t<dt class='gallery-icon landscape'>\n\t\t\t\t<a href='https:\/\/antoinelemaire-archi-photo.fr\/index.php\/2018\/12\/24\/workshop-taille-de-pierre\/main\/'><img loading=\"lazy\" decoding=\"async\" width=\"2448\" height=\"2448\" src=\"https:\/\/antoinelemaire-archi-photo.fr\/wp-content\/uploads\/2018\/12\/main.jpg\" class=\"attachment-full size-full\" alt=\"Tailleur de pierre taillant une cl\u00e9 de vo\u00fbte\" aria-describedby=\"gallery-1-751\" srcset=\"https:\/\/antoinelemaire-archi-photo.fr\/wp-content\/uploads\/2018\/12\/main.jpg 2448w, https:\/\/antoinelemaire-archi-photo.fr\/wp-content\/uploads\/2018\/12\/main-150x150.jpg 150w, https:\/\/antoinelemaire-archi-photo.fr\/wp-content\/uploads\/2018\/12\/main-300x300.jpg 300w, https:\/\/antoinelemaire-archi-photo.fr\/wp-content\/uploads\/2018\/12\/main-768x768.jpg 768w, https:\/\/antoinelemaire-archi-photo.fr\/wp-content\/uploads\/2018\/12\/main-1024x1024.jpg 1024w, https:\/\/antoinelemaire-archi-photo.fr\/wp-content\/uploads\/2018\/12\/main-1240x1240.jpg 1240w, https:\/\/antoinelemaire-archi-photo.fr\/wp-content\/uploads\/2018\/12\/main-508x508.jpg 508w\" sizes=\"auto, (max-width: 2448px) 100vw, 2448px\" \/><\/a>\n\t\t\t<\/dt>\n\t\t\t\t<dd class='wp-caption-text gallery-caption' id='gallery-1-751'>\n\t\t\t\tTailleur de pierre taillant une cl\u00e9 de vo\u00fbte\n\t\t\t\t<\/dd><\/dl><br style=\"clear: both\" \/><dl class='gallery-item'>\n\t\t\t<dt class='gallery-icon landscape'>\n\t\t\t\t<a href='https:\/\/antoinelemaire-archi-photo.fr\/index.php\/2018\/12\/24\/workshop-taille-de-pierre\/lime\/'><img loading=\"lazy\" decoding=\"async\" width=\"2448\" height=\"2448\" src=\"https:\/\/antoinelemaire-archi-photo.fr\/wp-content\/uploads\/2018\/12\/lime.jpg\" class=\"attachment-full size-full\" alt=\"Lime\" aria-describedby=\"gallery-1-748\" srcset=\"https:\/\/antoinelemaire-archi-photo.fr\/wp-content\/uploads\/2018\/12\/lime.jpg 2448w, https:\/\/antoinelemaire-archi-photo.fr\/wp-content\/uploads\/2018\/12\/lime-150x150.jpg 150w, https:\/\/antoinelemaire-archi-photo.fr\/wp-content\/uploads\/2018\/12\/lime-300x300.jpg 300w, https:\/\/antoinelemaire-archi-photo.fr\/wp-content\/uploads\/2018\/12\/lime-768x768.jpg 768w, https:\/\/antoinelemaire-archi-photo.fr\/wp-content\/uploads\/2018\/12\/lime-1024x1024.jpg 1024w, https:\/\/antoinelemaire-archi-photo.fr\/wp-content\/uploads\/2018\/12\/lime-1240x1240.jpg 1240w, https:\/\/antoinelemaire-archi-photo.fr\/wp-content\/uploads\/2018\/12\/lime-508x508.jpg 508w\" sizes=\"auto, (max-width: 2448px) 100vw, 2448px\" \/><\/a>\n\t\t\t<\/dt>\n\t\t\t\t<dd class='wp-caption-text gallery-caption' id='gallery-1-748'>\n\t\t\t\tLime\n\t\t\t\t<\/dd><\/dl><br style=\"clear: both\" \/><dl class='gallery-item'>\n\t\t\t<dt class='gallery-icon landscape'>\n\t\t\t\t<a href='https:\/\/antoinelemaire-archi-photo.fr\/index.php\/2018\/12\/24\/workshop-taille-de-pierre\/outil\/'><img loading=\"lazy\" decoding=\"async\" width=\"2448\" height=\"2448\" src=\"https:\/\/antoinelemaire-archi-photo.fr\/wp-content\/uploads\/2018\/12\/OUTIL-.jpg\" class=\"attachment-full size-full\" alt=\"Massette Portugaise\" aria-describedby=\"gallery-1-752\" srcset=\"https:\/\/antoinelemaire-archi-photo.fr\/wp-content\/uploads\/2018\/12\/OUTIL-.jpg 2448w, https:\/\/antoinelemaire-archi-photo.fr\/wp-content\/uploads\/2018\/12\/OUTIL--150x150.jpg 150w, https:\/\/antoinelemaire-archi-photo.fr\/wp-content\/uploads\/2018\/12\/OUTIL--300x300.jpg 300w, https:\/\/antoinelemaire-archi-photo.fr\/wp-content\/uploads\/2018\/12\/OUTIL--768x768.jpg 768w, https:\/\/antoinelemaire-archi-photo.fr\/wp-content\/uploads\/2018\/12\/OUTIL--1024x1024.jpg 1024w, https:\/\/antoinelemaire-archi-photo.fr\/wp-content\/uploads\/2018\/12\/OUTIL--1240x1240.jpg 1240w, https:\/\/antoinelemaire-archi-photo.fr\/wp-content\/uploads\/2018\/12\/OUTIL--508x508.jpg 508w\" sizes=\"auto, (max-width: 2448px) 100vw, 2448px\" \/><\/a>\n\t\t\t<\/dt>\n\t\t\t\t<dd class='wp-caption-text gallery-caption' id='gallery-1-752'>\n\t\t\t\tMassette Portugaise\n\t\t\t\t<\/dd><\/dl><br style=\"clear: both\" \/><dl class='gallery-item'>\n\t\t\t<dt class='gallery-icon landscape'>\n\t\t\t\t<a href='https:\/\/antoinelemaire-archi-photo.fr\/index.php\/2018\/12\/24\/workshop-taille-de-pierre\/ciseau\/'><img loading=\"lazy\" decoding=\"async\" width=\"2448\" height=\"2448\" src=\"https:\/\/antoinelemaire-archi-photo.fr\/wp-content\/uploads\/2018\/12\/ciseau.jpg\" class=\"attachment-full size-full\" alt=\"Ciseau \u00e0 Pierre\" aria-describedby=\"gallery-1-755\" srcset=\"https:\/\/antoinelemaire-archi-photo.fr\/wp-content\/uploads\/2018\/12\/ciseau.jpg 2448w, https:\/\/antoinelemaire-archi-photo.fr\/wp-content\/uploads\/2018\/12\/ciseau-150x150.jpg 150w, https:\/\/antoinelemaire-archi-photo.fr\/wp-content\/uploads\/2018\/12\/ciseau-300x300.jpg 300w, https:\/\/antoinelemaire-archi-photo.fr\/wp-content\/uploads\/2018\/12\/ciseau-768x768.jpg 768w, https:\/\/antoinelemaire-archi-photo.fr\/wp-content\/uploads\/2018\/12\/ciseau-1024x1024.jpg 1024w, https:\/\/antoinelemaire-archi-photo.fr\/wp-content\/uploads\/2018\/12\/ciseau-1240x1240.jpg 1240w, https:\/\/antoinelemaire-archi-photo.fr\/wp-content\/uploads\/2018\/12\/ciseau-508x508.jpg 508w\" sizes=\"auto, (max-width: 2448px) 100vw, 2448px\" \/><\/a>\n\t\t\t<\/dt>\n\t\t\t\t<dd class='wp-caption-text gallery-caption' id='gallery-1-755'>\n\t\t\t\tCiseau \u00e0 Pierre\n\t\t\t\t<\/dd><\/dl><br style=\"clear: both\" \/><dl class='gallery-item'>\n\t\t\t<dt class='gallery-icon landscape'>\n\t\t\t\t<a href='https:\/\/antoinelemaire-archi-photo.fr\/index.php\/2018\/12\/24\/workshop-taille-de-pierre\/chemindefer\/'><img loading=\"lazy\" decoding=\"async\" width=\"2448\" height=\"2448\" src=\"https:\/\/antoinelemaire-archi-photo.fr\/wp-content\/uploads\/2018\/12\/chemindefer.jpg\" class=\"attachment-full size-full\" alt=\"Chemin de Fer\" aria-describedby=\"gallery-1-757\" srcset=\"https:\/\/antoinelemaire-archi-photo.fr\/wp-content\/uploads\/2018\/12\/chemindefer.jpg 2448w, https:\/\/antoinelemaire-archi-photo.fr\/wp-content\/uploads\/2018\/12\/chemindefer-150x150.jpg 150w, https:\/\/antoinelemaire-archi-photo.fr\/wp-content\/uploads\/2018\/12\/chemindefer-300x300.jpg 300w, https:\/\/antoinelemaire-archi-photo.fr\/wp-content\/uploads\/2018\/12\/chemindefer-768x768.jpg 768w, https:\/\/antoinelemaire-archi-photo.fr\/wp-content\/uploads\/2018\/12\/chemindefer-1024x1024.jpg 1024w, https:\/\/antoinelemaire-archi-photo.fr\/wp-content\/uploads\/2018\/12\/chemindefer-1240x1240.jpg 1240w, https:\/\/antoinelemaire-archi-photo.fr\/wp-content\/uploads\/2018\/12\/chemindefer-508x508.jpg 508w\" sizes=\"auto, (max-width: 2448px) 100vw, 2448px\" \/><\/a>\n\t\t\t<\/dt>\n\t\t\t\t<dd class='wp-caption-text gallery-caption' id='gallery-1-757'>\n\t\t\t\tChemin de Fer\n\t\t\t\t<\/dd><\/dl><br style=\"clear: both\" \/><dl class='gallery-item'>\n\t\t\t<dt class='gallery-icon landscape'>\n\t\t\t\t<a href='https:\/\/antoinelemaire-archi-photo.fr\/index.php\/2018\/12\/24\/workshop-taille-de-pierre\/chemindefer2\/'><img loading=\"lazy\" decoding=\"async\" width=\"2448\" height=\"2448\" src=\"https:\/\/antoinelemaire-archi-photo.fr\/wp-content\/uploads\/2018\/12\/chemindefer2.jpg\" class=\"attachment-full size-full\" alt=\"Chemin de Fer\" aria-describedby=\"gallery-1-756\" srcset=\"https:\/\/antoinelemaire-archi-photo.fr\/wp-content\/uploads\/2018\/12\/chemindefer2.jpg 2448w, https:\/\/antoinelemaire-archi-photo.fr\/wp-content\/uploads\/2018\/12\/chemindefer2-150x150.jpg 150w, https:\/\/antoinelemaire-archi-photo.fr\/wp-content\/uploads\/2018\/12\/chemindefer2-300x300.jpg 300w, https:\/\/antoinelemaire-archi-photo.fr\/wp-content\/uploads\/2018\/12\/chemindefer2-768x768.jpg 768w, https:\/\/antoinelemaire-archi-photo.fr\/wp-content\/uploads\/2018\/12\/chemindefer2-1024x1024.jpg 1024w, https:\/\/antoinelemaire-archi-photo.fr\/wp-content\/uploads\/2018\/12\/chemindefer2-1240x1240.jpg 1240w, https:\/\/antoinelemaire-archi-photo.fr\/wp-content\/uploads\/2018\/12\/chemindefer2-508x508.jpg 508w\" sizes=\"auto, (max-width: 2448px) 100vw, 2448px\" \/><\/a>\n\t\t\t<\/dt>\n\t\t\t\t<dd class='wp-caption-text gallery-caption' id='gallery-1-756'>\n\t\t\t\tChemin de Fer\n\t\t\t\t<\/dd><\/dl><br style=\"clear: both\" \/><dl class='gallery-item'>\n\t\t\t<dt class='gallery-icon landscape'>\n\t\t\t\t<a href='https:\/\/antoinelemaire-archi-photo.fr\/index.php\/2018\/12\/24\/workshop-taille-de-pierre\/pierre-2\/'><img loading=\"lazy\" decoding=\"async\" width=\"2448\" height=\"2448\" src=\"https:\/\/antoinelemaire-archi-photo.fr\/wp-content\/uploads\/2018\/12\/pierre-2.jpg\" class=\"attachment-full size-full\" alt=\"Pierre incrust\u00e9e de Silex\" aria-describedby=\"gallery-1-742\" srcset=\"https:\/\/antoinelemaire-archi-photo.fr\/wp-content\/uploads\/2018\/12\/pierre-2.jpg 2448w, https:\/\/antoinelemaire-archi-photo.fr\/wp-content\/uploads\/2018\/12\/pierre-2-150x150.jpg 150w, https:\/\/antoinelemaire-archi-photo.fr\/wp-content\/uploads\/2018\/12\/pierre-2-300x300.jpg 300w, https:\/\/antoinelemaire-archi-photo.fr\/wp-content\/uploads\/2018\/12\/pierre-2-768x768.jpg 768w, https:\/\/antoinelemaire-archi-photo.fr\/wp-content\/uploads\/2018\/12\/pierre-2-1024x1024.jpg 1024w, https:\/\/antoinelemaire-archi-photo.fr\/wp-content\/uploads\/2018\/12\/pierre-2-1240x1240.jpg 1240w, https:\/\/antoinelemaire-archi-photo.fr\/wp-content\/uploads\/2018\/12\/pierre-2-508x508.jpg 508w\" sizes=\"auto, (max-width: 2448px) 100vw, 2448px\" \/><\/a>\n\t\t\t<\/dt>\n\t\t\t\t<dd class='wp-caption-text gallery-caption' id='gallery-1-742'>\n\t\t\t\tPierre incrust\u00e9e de Silex\n\t\t\t\t<\/dd><\/dl><br style=\"clear: both\" \/><dl class='gallery-item'>\n\t\t\t<dt class='gallery-icon landscape'>\n\t\t\t\t<a href='https:\/\/antoinelemaire-archi-photo.fr\/index.php\/2018\/12\/24\/workshop-taille-de-pierre\/pierre\/'><img loading=\"lazy\" decoding=\"async\" width=\"2448\" height=\"2448\" src=\"https:\/\/antoinelemaire-archi-photo.fr\/wp-content\/uploads\/2018\/12\/pierre.jpg\" class=\"attachment-full size-full\" alt=\"Pierre et silex incrust\u00e9\" aria-describedby=\"gallery-1-744\" srcset=\"https:\/\/antoinelemaire-archi-photo.fr\/wp-content\/uploads\/2018\/12\/pierre.jpg 2448w, https:\/\/antoinelemaire-archi-photo.fr\/wp-content\/uploads\/2018\/12\/pierre-150x150.jpg 150w, https:\/\/antoinelemaire-archi-photo.fr\/wp-content\/uploads\/2018\/12\/pierre-300x300.jpg 300w, https:\/\/antoinelemaire-archi-photo.fr\/wp-content\/uploads\/2018\/12\/pierre-768x768.jpg 768w, https:\/\/antoinelemaire-archi-photo.fr\/wp-content\/uploads\/2018\/12\/pierre-1024x1024.jpg 1024w, https:\/\/antoinelemaire-archi-photo.fr\/wp-content\/uploads\/2018\/12\/pierre-1240x1240.jpg 1240w, https:\/\/antoinelemaire-archi-photo.fr\/wp-content\/uploads\/2018\/12\/pierre-508x508.jpg 508w\" sizes=\"auto, (max-width: 2448px) 100vw, 2448px\" \/><\/a>\n\t\t\t<\/dt>\n\t\t\t\t<dd class='wp-caption-text gallery-caption' id='gallery-1-744'>\n\t\t\t\tPierre et silex incrust\u00e9\n\t\t\t\t<\/dd><\/dl><br style=\"clear: both\" \/>\n\t\t<\/div>\n\n","protected":false},"excerpt":{"rendered":"<p>Taille d&rsquo;une voute syrienne en pierre &nbsp; Pendant mon semestre s7, j&rsquo;ai eu la chance de r\u00e9aliser un s\u00e9minaire sur le sujet du mat\u00e9riau Pierre(s). C&rsquo;\u00e9tait l&rsquo;occasion de mener des recherches sur cette mati\u00e8re et de rencontrer des acteurs qui m\u00e8nent un travail autour de la Pierre. Nous avons donc eu la chance de rencontrer [&hellip;]<\/p>\n","protected":false},"author":1,"featured_media":736,"comment_status":"open","ping_status":"open","sticky":false,"template":"","format":"gallery","meta":{"_monsterinsights_skip_tracking":false,"_monsterinsights_sitenote_active":false,"_monsterinsights_sitenote_note":"","_monsterinsights_sitenote_category":0,"footnotes":""},"categories":[38],"tags":[],"class_list":["post-735","post","type-post","status-publish","format-gallery","has-post-thumbnail","hentry","category-concours","post_format-post-format-gallery"],"_links":{"self":[{"href":"https:\/\/antoinelemaire-archi-photo.fr\/index.php\/wp-json\/wp\/v2\/posts\/735","targetHints":{"allow":["GET"]}}],"collection":[{"href":"https:\/\/antoinelemaire-archi-photo.fr\/index.php\/wp-json\/wp\/v2\/posts"}],"about":[{"href":"https:\/\/antoinelemaire-archi-photo.fr\/index.php\/wp-json\/wp\/v2\/types\/post"}],"author":[{"embeddable":true,"href":"https:\/\/antoinelemaire-archi-photo.fr\/index.php\/wp-json\/wp\/v2\/users\/1"}],"replies":[{"embeddable":true,"href":"https:\/\/antoinelemaire-archi-photo.fr\/index.php\/wp-json\/wp\/v2\/comments?post=735"}],"version-history":[{"count":2,"href":"https:\/\/antoinelemaire-archi-photo.fr\/index.php\/wp-json\/wp\/v2\/posts\/735\/revisions"}],"predecessor-version":[{"id":1139,"href":"https:\/\/antoinelemaire-archi-photo.fr\/index.php\/wp-json\/wp\/v2\/posts\/735\/revisions\/1139"}],"wp:featuredmedia":[{"embeddable":true,"href":"https:\/\/antoinelemaire-archi-photo.fr\/index.php\/wp-json\/wp\/v2\/media\/736"}],"wp:attachment":[{"href":"https:\/\/antoinelemaire-archi-photo.fr\/index.php\/wp-json\/wp\/v2\/media?parent=735"}],"wp:term":[{"taxonomy":"category","embeddable":true,"href":"https:\/\/antoinelemaire-archi-photo.fr\/index.php\/wp-json\/wp\/v2\/categories?post=735"},{"taxonomy":"post_tag","embeddable":true,"href":"https:\/\/antoinelemaire-archi-photo.fr\/index.php\/wp-json\/wp\/v2\/tags?post=735"}],"curies":[{"name":"wp","href":"https:\/\/api.w.org\/{rel}","templated":true}]}}