{"id":676,"date":"2018-09-25T18:25:43","date_gmt":"2018-09-25T16:25:43","guid":{"rendered":"http:\/\/antoinelemaire-archi-photo.fr\/?p=676"},"modified":"2020-10-09T00:08:13","modified_gmt":"2020-10-08T22:08:13","slug":"casa-das-historias-paula-rego","status":"publish","type":"post","link":"https:\/\/antoinelemaire-archi-photo.fr\/index.php\/2018\/09\/25\/casa-das-historias-paula-rego\/","title":{"rendered":"Point G\u00e9ographique I Latitude : 38.694949  &#8211;  Longitude : -9.424105"},"content":{"rendered":"<h1 style=\"text-align: center;\">nuances architecturales<\/h1>\n<h2 style=\"text-align: center;\">Casa Das Historias Paula Rego<\/h2>\n<h4 style=\"text-align: center;\">Edouardo Souto De Moura<\/h4>\n<p>&nbsp;<\/p>\n<p style=\"text-align: left;\">Photographies du mus\u00e9e de la Casa Das Historias Paula Rego \u00e0 Casca\u00efs au Portugal.<\/p>\n<p style=\"text-align: left;\">Ce mus\u00e9e est construit en 2008 par Edouardo Souto De Moura. Il est construit au coeur de la ville de Casca\u00efs dans un quartier r\u00e9sidentiel. Ses forme g\u00e9om\u00e9trique et l&rsquo;utilisation du b\u00e9ton teint\u00e9 rouge ainsi que les banches en bois lui donne son caract\u00e8re insolite dans une ville plut\u00f4t blanche.<\/p>\n<p style=\"text-align: left;\">De l&rsquo;ext\u00e9rieur ce mus\u00e9e ne laisse paraitre que tr\u00e8s peu d&rsquo;ouvertures pour tant quand on rentre \u00e0 l&rsquo;int\u00e9rieur on d\u00e9couvre des espaces lumineux qui vont \u00eatre \u00e9clair\u00e9s par des patios donnant sur le coeur du mus\u00e9e. On parcoure le mus\u00e9e ensuivent une s\u00e9rie d&rsquo;espaces lumineux qui constituent l&rsquo;exposition. De Plus le mus\u00e9e poss\u00e8dent deux espaces majeurs situ\u00e9 dans les \u00ab\u00a0chemin\u00e9e\u00a0\u00bb o\u00f9 se situe la boutique et le restaurant du mus\u00e9e. Ces deux espaces \u00e9clair\u00e9s z\u00e9nithalement sont d&rsquo;une dimension divine comme la lumi\u00e8re pourrait rentrer dans une cath\u00e9drale.<\/p>\n\n\t\t<style type=\"text\/css\">\n\t\t\t#gallery-1 {\n\t\t\t\tmargin: auto;\n\t\t\t}\n\t\t\t#gallery-1 .gallery-item {\n\t\t\t\tfloat: left;\n\t\t\t\tmargin-top: 10px;\n\t\t\t\ttext-align: center;\n\t\t\t\twidth: 100%;\n\t\t\t}\n\t\t\t#gallery-1 img {\n\t\t\t\tborder: 2px solid #cfcfcf;\n\t\t\t}\n\t\t\t#gallery-1 .gallery-caption {\n\t\t\t\tmargin-left: 0;\n\t\t\t}\n\t\t\t\/* see gallery_shortcode() in wp-includes\/media.php *\/\n\t\t<\/style>\n\t\t<div id='gallery-1' class='gallery galleryid-676 gallery-columns-1 gallery-size-full'><dl class='gallery-item'>\n\t\t\t<dt class='gallery-icon landscape'>\n\t\t\t\t<a href='https:\/\/antoinelemaire-archi-photo.fr\/index.php\/2018\/09\/25\/casa-das-historias-paula-rego\/historias-1\/'><img loading=\"lazy\" decoding=\"async\" width=\"4496\" height=\"3000\" src=\"https:\/\/antoinelemaire-archi-photo.fr\/wp-content\/uploads\/2018\/12\/historias-1.jpg\" class=\"attachment-full size-full\" alt=\"Mus\u00e9o Casa Das historias Paula Rego\" aria-describedby=\"gallery-1-686\" srcset=\"https:\/\/antoinelemaire-archi-photo.fr\/wp-content\/uploads\/2018\/12\/historias-1.jpg 4496w, https:\/\/antoinelemaire-archi-photo.fr\/wp-content\/uploads\/2018\/12\/historias-1-300x200.jpg 300w, https:\/\/antoinelemaire-archi-photo.fr\/wp-content\/uploads\/2018\/12\/historias-1-768x512.jpg 768w, https:\/\/antoinelemaire-archi-photo.fr\/wp-content\/uploads\/2018\/12\/historias-1-1024x683.jpg 1024w, https:\/\/antoinelemaire-archi-photo.fr\/wp-content\/uploads\/2018\/12\/historias-1-1240x827.jpg 1240w, https:\/\/antoinelemaire-archi-photo.fr\/wp-content\/uploads\/2018\/12\/historias-1-508x339.jpg 508w\" sizes=\"auto, (max-width: 4496px) 100vw, 4496px\" \/><\/a>\n\t\t\t<\/dt>\n\t\t\t\t<dd class='wp-caption-text gallery-caption' id='gallery-1-686'>\n\t\t\t\tArriv\u00e9e depuis la rue\n\t\t\t\t<\/dd><\/dl><br style=\"clear: both\" \/><dl class='gallery-item'>\n\t\t\t<dt class='gallery-icon landscape'>\n\t\t\t\t<a href='https:\/\/antoinelemaire-archi-photo.fr\/index.php\/2018\/09\/25\/casa-das-historias-paula-rego\/edouardosoutodemoura1-2\/'><img loading=\"lazy\" decoding=\"async\" width=\"4496\" height=\"3000\" src=\"https:\/\/antoinelemaire-archi-photo.fr\/wp-content\/uploads\/2018\/09\/EdouardoSoutodeMoura1.jpg\" class=\"attachment-full size-full\" alt=\"Mus\u00e9o Casa Das historias Paula Rego\" aria-describedby=\"gallery-1-678\" srcset=\"https:\/\/antoinelemaire-archi-photo.fr\/wp-content\/uploads\/2018\/09\/EdouardoSoutodeMoura1.jpg 4496w, https:\/\/antoinelemaire-archi-photo.fr\/wp-content\/uploads\/2018\/09\/EdouardoSoutodeMoura1-300x200.jpg 300w, https:\/\/antoinelemaire-archi-photo.fr\/wp-content\/uploads\/2018\/09\/EdouardoSoutodeMoura1-768x512.jpg 768w, https:\/\/antoinelemaire-archi-photo.fr\/wp-content\/uploads\/2018\/09\/EdouardoSoutodeMoura1-1024x683.jpg 1024w, https:\/\/antoinelemaire-archi-photo.fr\/wp-content\/uploads\/2018\/09\/EdouardoSoutodeMoura1-1240x827.jpg 1240w, https:\/\/antoinelemaire-archi-photo.fr\/wp-content\/uploads\/2018\/09\/EdouardoSoutodeMoura1-508x339.jpg 508w\" sizes=\"auto, (max-width: 4496px) 100vw, 4496px\" \/><\/a>\n\t\t\t<\/dt>\n\t\t\t\t<dd class='wp-caption-text gallery-caption' id='gallery-1-678'>\n\t\t\t\tEntr\u00e9e du Mus\u00e9e\n\t\t\t\t<\/dd><\/dl><br style=\"clear: both\" \/><dl class='gallery-item'>\n\t\t\t<dt class='gallery-icon landscape'>\n\t\t\t\t<a href='https:\/\/antoinelemaire-archi-photo.fr\/index.php\/2018\/09\/25\/casa-das-historias-paula-rego\/edouardosoutodemoura5\/'><img loading=\"lazy\" decoding=\"async\" width=\"4496\" height=\"3000\" src=\"https:\/\/antoinelemaire-archi-photo.fr\/wp-content\/uploads\/2018\/09\/EdouardoSoutodeMoura5.jpg\" class=\"attachment-full size-full\" alt=\"Mus\u00e9o Casa Das historias Paula Rego\" aria-describedby=\"gallery-1-680\" srcset=\"https:\/\/antoinelemaire-archi-photo.fr\/wp-content\/uploads\/2018\/09\/EdouardoSoutodeMoura5.jpg 4496w, https:\/\/antoinelemaire-archi-photo.fr\/wp-content\/uploads\/2018\/09\/EdouardoSoutodeMoura5-300x200.jpg 300w, https:\/\/antoinelemaire-archi-photo.fr\/wp-content\/uploads\/2018\/09\/EdouardoSoutodeMoura5-768x512.jpg 768w, https:\/\/antoinelemaire-archi-photo.fr\/wp-content\/uploads\/2018\/09\/EdouardoSoutodeMoura5-1024x683.jpg 1024w, https:\/\/antoinelemaire-archi-photo.fr\/wp-content\/uploads\/2018\/09\/EdouardoSoutodeMoura5-1240x827.jpg 1240w, https:\/\/antoinelemaire-archi-photo.fr\/wp-content\/uploads\/2018\/09\/EdouardoSoutodeMoura5-508x339.jpg 508w\" sizes=\"auto, (max-width: 4496px) 100vw, 4496px\" \/><\/a>\n\t\t\t<\/dt>\n\t\t\t\t<dd class='wp-caption-text gallery-caption' id='gallery-1-680'>\n\t\t\t\tLes chemin\u00e9es \n\t\t\t\t<\/dd><\/dl><br style=\"clear: both\" \/><dl class='gallery-item'>\n\t\t\t<dt class='gallery-icon landscape'>\n\t\t\t\t<a href='https:\/\/antoinelemaire-archi-photo.fr\/index.php\/2018\/09\/25\/casa-das-historias-paula-rego\/edouardosoutodemoura3-2\/'><img loading=\"lazy\" decoding=\"async\" width=\"4496\" height=\"3000\" src=\"https:\/\/antoinelemaire-archi-photo.fr\/wp-content\/uploads\/2018\/09\/EdouardoSoutodeMoura3.jpg\" class=\"attachment-full size-full\" alt=\"Mus\u00e9o Casa Das historias Paula Rego\" aria-describedby=\"gallery-1-679\" srcset=\"https:\/\/antoinelemaire-archi-photo.fr\/wp-content\/uploads\/2018\/09\/EdouardoSoutodeMoura3.jpg 4496w, https:\/\/antoinelemaire-archi-photo.fr\/wp-content\/uploads\/2018\/09\/EdouardoSoutodeMoura3-300x200.jpg 300w, https:\/\/antoinelemaire-archi-photo.fr\/wp-content\/uploads\/2018\/09\/EdouardoSoutodeMoura3-768x512.jpg 768w, https:\/\/antoinelemaire-archi-photo.fr\/wp-content\/uploads\/2018\/09\/EdouardoSoutodeMoura3-1024x683.jpg 1024w, https:\/\/antoinelemaire-archi-photo.fr\/wp-content\/uploads\/2018\/09\/EdouardoSoutodeMoura3-1240x827.jpg 1240w, https:\/\/antoinelemaire-archi-photo.fr\/wp-content\/uploads\/2018\/09\/EdouardoSoutodeMoura3-508x339.jpg 508w\" sizes=\"auto, (max-width: 4496px) 100vw, 4496px\" \/><\/a>\n\t\t\t<\/dt>\n\t\t\t\t<dd class='wp-caption-text gallery-caption' id='gallery-1-679'>\n\t\t\t\tD\u00e9tails des chemin\u00e9es\n\t\t\t\t<\/dd><\/dl><br style=\"clear: both\" \/><dl class='gallery-item'>\n\t\t\t<dt class='gallery-icon portrait'>\n\t\t\t\t<a href='https:\/\/antoinelemaire-archi-photo.fr\/index.php\/2018\/09\/25\/casa-das-historias-paula-rego\/dsc_8505\/'><img loading=\"lazy\" decoding=\"async\" width=\"3000\" height=\"4496\" src=\"https:\/\/antoinelemaire-archi-photo.fr\/wp-content\/uploads\/2018\/12\/DSC_8505.jpg\" class=\"attachment-full size-full\" alt=\"Mus\u00e9o Casa Das historias Paula Rego\" aria-describedby=\"gallery-1-683\" srcset=\"https:\/\/antoinelemaire-archi-photo.fr\/wp-content\/uploads\/2018\/12\/DSC_8505.jpg 3000w, https:\/\/antoinelemaire-archi-photo.fr\/wp-content\/uploads\/2018\/12\/DSC_8505-200x300.jpg 200w, https:\/\/antoinelemaire-archi-photo.fr\/wp-content\/uploads\/2018\/12\/DSC_8505-768x1151.jpg 768w, https:\/\/antoinelemaire-archi-photo.fr\/wp-content\/uploads\/2018\/12\/DSC_8505-683x1024.jpg 683w, https:\/\/antoinelemaire-archi-photo.fr\/wp-content\/uploads\/2018\/12\/DSC_8505-1240x1858.jpg 1240w, https:\/\/antoinelemaire-archi-photo.fr\/wp-content\/uploads\/2018\/12\/DSC_8505-508x761.jpg 508w\" sizes=\"auto, (max-width: 3000px) 100vw, 3000px\" \/><\/a>\n\t\t\t<\/dt>\n\t\t\t\t<dd class='wp-caption-text gallery-caption' id='gallery-1-683'>\n\t\t\t\tReflet sur le b\u00e9ton rouge et banch\u00e9 en bois\n\t\t\t\t<\/dd><\/dl><br style=\"clear: both\" \/><dl class='gallery-item'>\n\t\t\t<dt class='gallery-icon landscape'>\n\t\t\t\t<a href='https:\/\/antoinelemaire-archi-photo.fr\/index.php\/2018\/09\/25\/casa-das-historias-paula-rego\/edouardosoutodemoura2-2\/'><img loading=\"lazy\" decoding=\"async\" width=\"4496\" height=\"3000\" src=\"https:\/\/antoinelemaire-archi-photo.fr\/wp-content\/uploads\/2018\/12\/EdouardoSoutodeMoura2.jpg\" class=\"attachment-full size-full\" alt=\"Mus\u00e9o Casa Das historias Paula Rego\" aria-describedby=\"gallery-1-684\" srcset=\"https:\/\/antoinelemaire-archi-photo.fr\/wp-content\/uploads\/2018\/12\/EdouardoSoutodeMoura2.jpg 4496w, https:\/\/antoinelemaire-archi-photo.fr\/wp-content\/uploads\/2018\/12\/EdouardoSoutodeMoura2-300x200.jpg 300w, https:\/\/antoinelemaire-archi-photo.fr\/wp-content\/uploads\/2018\/12\/EdouardoSoutodeMoura2-768x512.jpg 768w, https:\/\/antoinelemaire-archi-photo.fr\/wp-content\/uploads\/2018\/12\/EdouardoSoutodeMoura2-1024x683.jpg 1024w, https:\/\/antoinelemaire-archi-photo.fr\/wp-content\/uploads\/2018\/12\/EdouardoSoutodeMoura2-1240x827.jpg 1240w, https:\/\/antoinelemaire-archi-photo.fr\/wp-content\/uploads\/2018\/12\/EdouardoSoutodeMoura2-508x339.jpg 508w\" sizes=\"auto, (max-width: 4496px) 100vw, 4496px\" \/><\/a>\n\t\t\t<\/dt>\n\t\t\t\t<dd class='wp-caption-text gallery-caption' id='gallery-1-684'>\n\t\t\t\tNature et b\u00e9ton\n\t\t\t\t<\/dd><\/dl><br style=\"clear: both\" \/><dl class='gallery-item'>\n\t\t\t<dt class='gallery-icon portrait'>\n\t\t\t\t<a href='https:\/\/antoinelemaire-archi-photo.fr\/index.php\/2018\/09\/25\/casa-das-historias-paula-rego\/historias-2\/'><img loading=\"lazy\" decoding=\"async\" width=\"3000\" height=\"4496\" src=\"https:\/\/antoinelemaire-archi-photo.fr\/wp-content\/uploads\/2018\/12\/historias-2.jpg\" class=\"attachment-full size-full\" alt=\"Mus\u00e9o Casa Das historias Paula Rego\" aria-describedby=\"gallery-1-687\" srcset=\"https:\/\/antoinelemaire-archi-photo.fr\/wp-content\/uploads\/2018\/12\/historias-2.jpg 3000w, https:\/\/antoinelemaire-archi-photo.fr\/wp-content\/uploads\/2018\/12\/historias-2-200x300.jpg 200w, https:\/\/antoinelemaire-archi-photo.fr\/wp-content\/uploads\/2018\/12\/historias-2-768x1151.jpg 768w, https:\/\/antoinelemaire-archi-photo.fr\/wp-content\/uploads\/2018\/12\/historias-2-683x1024.jpg 683w, https:\/\/antoinelemaire-archi-photo.fr\/wp-content\/uploads\/2018\/12\/historias-2-1240x1858.jpg 1240w, https:\/\/antoinelemaire-archi-photo.fr\/wp-content\/uploads\/2018\/12\/historias-2-508x761.jpg 508w\" sizes=\"auto, (max-width: 3000px) 100vw, 3000px\" \/><\/a>\n\t\t\t<\/dt>\n\t\t\t\t<dd class='wp-caption-text gallery-caption' id='gallery-1-687'>\n\t\t\t\tBoutique du Mus\u00e9e\n\t\t\t\t<\/dd><\/dl><br style=\"clear: both\" \/><dl class='gallery-item'>\n\t\t\t<dt class='gallery-icon landscape'>\n\t\t\t\t<a href='https:\/\/antoinelemaire-archi-photo.fr\/index.php\/2018\/09\/25\/casa-das-historias-paula-rego\/historias-3\/'><img loading=\"lazy\" decoding=\"async\" width=\"4496\" height=\"3000\" src=\"https:\/\/antoinelemaire-archi-photo.fr\/wp-content\/uploads\/2018\/12\/historias-3.jpg\" class=\"attachment-full size-full\" alt=\"Mus\u00e9o Casa Das historias Paula Rego\" aria-describedby=\"gallery-1-688\" srcset=\"https:\/\/antoinelemaire-archi-photo.fr\/wp-content\/uploads\/2018\/12\/historias-3.jpg 4496w, https:\/\/antoinelemaire-archi-photo.fr\/wp-content\/uploads\/2018\/12\/historias-3-300x200.jpg 300w, https:\/\/antoinelemaire-archi-photo.fr\/wp-content\/uploads\/2018\/12\/historias-3-768x512.jpg 768w, https:\/\/antoinelemaire-archi-photo.fr\/wp-content\/uploads\/2018\/12\/historias-3-1024x683.jpg 1024w, https:\/\/antoinelemaire-archi-photo.fr\/wp-content\/uploads\/2018\/12\/historias-3-1240x827.jpg 1240w, https:\/\/antoinelemaire-archi-photo.fr\/wp-content\/uploads\/2018\/12\/historias-3-508x339.jpg 508w\" sizes=\"auto, (max-width: 4496px) 100vw, 4496px\" \/><\/a>\n\t\t\t<\/dt>\n\t\t\t\t<dd class='wp-caption-text gallery-caption' id='gallery-1-688'>\n\t\t\t\tSalle d&rsquo;exposition\n\t\t\t\t<\/dd><\/dl><br style=\"clear: both\" \/><dl class='gallery-item'>\n\t\t\t<dt class='gallery-icon landscape'>\n\t\t\t\t<a href='https:\/\/antoinelemaire-archi-photo.fr\/index.php\/2018\/09\/25\/casa-das-historias-paula-rego\/souto-de-moura-2\/'><img loading=\"lazy\" decoding=\"async\" width=\"4496\" height=\"3000\" src=\"https:\/\/antoinelemaire-archi-photo.fr\/wp-content\/uploads\/2018\/12\/souto-de-moura-2.jpg\" class=\"attachment-full size-full\" alt=\"Mus\u00e9o Casa Das historias Paula Rego\" aria-describedby=\"gallery-1-689\" srcset=\"https:\/\/antoinelemaire-archi-photo.fr\/wp-content\/uploads\/2018\/12\/souto-de-moura-2.jpg 4496w, https:\/\/antoinelemaire-archi-photo.fr\/wp-content\/uploads\/2018\/12\/souto-de-moura-2-300x200.jpg 300w, https:\/\/antoinelemaire-archi-photo.fr\/wp-content\/uploads\/2018\/12\/souto-de-moura-2-768x512.jpg 768w, https:\/\/antoinelemaire-archi-photo.fr\/wp-content\/uploads\/2018\/12\/souto-de-moura-2-1024x683.jpg 1024w, https:\/\/antoinelemaire-archi-photo.fr\/wp-content\/uploads\/2018\/12\/souto-de-moura-2-1240x827.jpg 1240w, https:\/\/antoinelemaire-archi-photo.fr\/wp-content\/uploads\/2018\/12\/souto-de-moura-2-508x339.jpg 508w\" sizes=\"auto, (max-width: 4496px) 100vw, 4496px\" \/><\/a>\n\t\t\t<\/dt>\n\t\t\t\t<dd class='wp-caption-text gallery-caption' id='gallery-1-689'>\n\t\t\t\tPuit de lumi\u00e8re du Mus\u00e9e\n\t\t\t\t<\/dd><\/dl><br style=\"clear: both\" \/><dl class='gallery-item'>\n\t\t\t<dt class='gallery-icon landscape'>\n\t\t\t\t<a href='https:\/\/antoinelemaire-archi-photo.fr\/index.php\/2018\/09\/25\/casa-das-historias-paula-rego\/souto-de-moura-3\/'><img loading=\"lazy\" decoding=\"async\" width=\"4496\" height=\"3000\" src=\"https:\/\/antoinelemaire-archi-photo.fr\/wp-content\/uploads\/2018\/12\/souto-de-moura-3.jpg\" class=\"attachment-full size-full\" alt=\"Mus\u00e9o Casa Das historias Paula Rego\" aria-describedby=\"gallery-1-690\" srcset=\"https:\/\/antoinelemaire-archi-photo.fr\/wp-content\/uploads\/2018\/12\/souto-de-moura-3.jpg 4496w, https:\/\/antoinelemaire-archi-photo.fr\/wp-content\/uploads\/2018\/12\/souto-de-moura-3-300x200.jpg 300w, https:\/\/antoinelemaire-archi-photo.fr\/wp-content\/uploads\/2018\/12\/souto-de-moura-3-768x512.jpg 768w, https:\/\/antoinelemaire-archi-photo.fr\/wp-content\/uploads\/2018\/12\/souto-de-moura-3-1024x683.jpg 1024w, https:\/\/antoinelemaire-archi-photo.fr\/wp-content\/uploads\/2018\/12\/souto-de-moura-3-1240x827.jpg 1240w, https:\/\/antoinelemaire-archi-photo.fr\/wp-content\/uploads\/2018\/12\/souto-de-moura-3-508x339.jpg 508w\" sizes=\"auto, (max-width: 4496px) 100vw, 4496px\" \/><\/a>\n\t\t\t<\/dt>\n\t\t\t\t<dd class='wp-caption-text gallery-caption' id='gallery-1-690'>\n\t\t\t\tD\u00e9tail du puit de lumi\u00e8re\n\t\t\t\t<\/dd><\/dl><br style=\"clear: both\" \/>\n\t\t<\/div>\n\n<p>&nbsp;<\/p>\n<p>&nbsp;<\/p>\n","protected":false},"excerpt":{"rendered":"<p>nuances architecturales Casa Das Historias Paula Rego Edouardo Souto De Moura &nbsp; Photographies du mus\u00e9e de la Casa Das Historias Paula Rego \u00e0 Casca\u00efs au Portugal. Ce mus\u00e9e est construit en 2008 par Edouardo Souto De Moura. Il est construit au coeur de la ville de Casca\u00efs dans un quartier r\u00e9sidentiel. Ses forme g\u00e9om\u00e9trique et [&hellip;]<\/p>\n","protected":false},"author":1,"featured_media":680,"comment_status":"open","ping_status":"open","sticky":false,"template":"","format":"gallery","meta":{"_monsterinsights_skip_tracking":false,"_monsterinsights_sitenote_active":false,"_monsterinsights_sitenote_note":"","_monsterinsights_sitenote_category":0,"footnotes":""},"categories":[20],"tags":[],"class_list":["post-676","post","type-post","status-publish","format-gallery","has-post-thumbnail","hentry","category-photographie","post_format-post-format-gallery"],"_links":{"self":[{"href":"https:\/\/antoinelemaire-archi-photo.fr\/index.php\/wp-json\/wp\/v2\/posts\/676","targetHints":{"allow":["GET"]}}],"collection":[{"href":"https:\/\/antoinelemaire-archi-photo.fr\/index.php\/wp-json\/wp\/v2\/posts"}],"about":[{"href":"https:\/\/antoinelemaire-archi-photo.fr\/index.php\/wp-json\/wp\/v2\/types\/post"}],"author":[{"embeddable":true,"href":"https:\/\/antoinelemaire-archi-photo.fr\/index.php\/wp-json\/wp\/v2\/users\/1"}],"replies":[{"embeddable":true,"href":"https:\/\/antoinelemaire-archi-photo.fr\/index.php\/wp-json\/wp\/v2\/comments?post=676"}],"version-history":[{"count":5,"href":"https:\/\/antoinelemaire-archi-photo.fr\/index.php\/wp-json\/wp\/v2\/posts\/676\/revisions"}],"predecessor-version":[{"id":1115,"href":"https:\/\/antoinelemaire-archi-photo.fr\/index.php\/wp-json\/wp\/v2\/posts\/676\/revisions\/1115"}],"wp:featuredmedia":[{"embeddable":true,"href":"https:\/\/antoinelemaire-archi-photo.fr\/index.php\/wp-json\/wp\/v2\/media\/680"}],"wp:attachment":[{"href":"https:\/\/antoinelemaire-archi-photo.fr\/index.php\/wp-json\/wp\/v2\/media?parent=676"}],"wp:term":[{"taxonomy":"category","embeddable":true,"href":"https:\/\/antoinelemaire-archi-photo.fr\/index.php\/wp-json\/wp\/v2\/categories?post=676"},{"taxonomy":"post_tag","embeddable":true,"href":"https:\/\/antoinelemaire-archi-photo.fr\/index.php\/wp-json\/wp\/v2\/tags?post=676"}],"curies":[{"name":"wp","href":"https:\/\/api.w.org\/{rel}","templated":true}]}}