{"id":662,"date":"2018-08-23T11:47:21","date_gmt":"2018-08-23T09:47:21","guid":{"rendered":"http:\/\/antoinelemaire-archi-photo.fr\/?p=662"},"modified":"2019-01-20T19:21:14","modified_gmt":"2019-01-20T18:21:14","slug":"memoire-de-fin-de-license-antoine-lemaire","status":"publish","type":"post","link":"https:\/\/antoinelemaire-archi-photo.fr\/index.php\/2018\/08\/23\/memoire-de-fin-de-license-antoine-lemaire\/","title":{"rendered":"M\u00e9moire de fin de Licence"},"content":{"rendered":"<h2 style=\"text-align: center;\">Une esth\u00e9tique du bidonville:<\/h2>\n<p>&nbsp;<\/p>\n<p>Pour mon m\u00e9moire de fin de Licence, j&rsquo;ai d\u00e9cid\u00e9 d&rsquo;\u00e9tudier la situation des bidonvilles en France. Pour aborder ce sujet j&rsquo;ai d\u00e9cider de me concentrer sur un point peu abord\u00e9 sur le bidonville, celle de son esth\u00e9tique. Comment l&rsquo;esth\u00e9tique du bidonville pourrait \u00eatre un vecteur d&rsquo;une meilleure acceptation de cette forme d&rsquo;habitat en France.<\/p>\n<p style=\"text-align: center;\"><a href=\"http:\/\/antoinelemaire-archi-photo.fr\/wp-content\/uploads\/2018\/08\/M\u00e9moire-de-Fin-de-License-Antoine-Lemaire-.pdf\">M\u00e9moire de Fin de License Antoine Lemaire<\/a><\/p>\n","protected":false},"excerpt":{"rendered":"<p>Une esth\u00e9tique du bidonville: &nbsp; Pour mon m\u00e9moire de fin de Licence, j&rsquo;ai d\u00e9cid\u00e9 d&rsquo;\u00e9tudier la situation des bidonvilles en France. Pour aborder ce sujet j&rsquo;ai d\u00e9cider de me concentrer sur un point peu abord\u00e9 sur le bidonville, celle de son esth\u00e9tique. Comment l&rsquo;esth\u00e9tique du bidonville pourrait \u00eatre un vecteur d&rsquo;une meilleure acceptation de cette [&hellip;]<\/p>\n","protected":false},"author":1,"featured_media":665,"comment_status":"open","ping_status":"open","sticky":false,"template":"","format":"gallery","meta":{"_monsterinsights_skip_tracking":false,"_monsterinsights_sitenote_active":false,"_monsterinsights_sitenote_note":"","_monsterinsights_sitenote_category":0,"footnotes":""},"categories":[39],"tags":[],"class_list":["post-662","post","type-post","status-publish","format-gallery","has-post-thumbnail","hentry","category-bibliographie","post_format-post-format-gallery"],"_links":{"self":[{"href":"https:\/\/antoinelemaire-archi-photo.fr\/index.php\/wp-json\/wp\/v2\/posts\/662","targetHints":{"allow":["GET"]}}],"collection":[{"href":"https:\/\/antoinelemaire-archi-photo.fr\/index.php\/wp-json\/wp\/v2\/posts"}],"about":[{"href":"https:\/\/antoinelemaire-archi-photo.fr\/index.php\/wp-json\/wp\/v2\/types\/post"}],"author":[{"embeddable":true,"href":"https:\/\/antoinelemaire-archi-photo.fr\/index.php\/wp-json\/wp\/v2\/users\/1"}],"replies":[{"embeddable":true,"href":"https:\/\/antoinelemaire-archi-photo.fr\/index.php\/wp-json\/wp\/v2\/comments?post=662"}],"version-history":[{"count":3,"href":"https:\/\/antoinelemaire-archi-photo.fr\/index.php\/wp-json\/wp\/v2\/posts\/662\/revisions"}],"predecessor-version":[{"id":782,"href":"https:\/\/antoinelemaire-archi-photo.fr\/index.php\/wp-json\/wp\/v2\/posts\/662\/revisions\/782"}],"wp:featuredmedia":[{"embeddable":true,"href":"https:\/\/antoinelemaire-archi-photo.fr\/index.php\/wp-json\/wp\/v2\/media\/665"}],"wp:attachment":[{"href":"https:\/\/antoinelemaire-archi-photo.fr\/index.php\/wp-json\/wp\/v2\/media?parent=662"}],"wp:term":[{"taxonomy":"category","embeddable":true,"href":"https:\/\/antoinelemaire-archi-photo.fr\/index.php\/wp-json\/wp\/v2\/categories?post=662"},{"taxonomy":"post_tag","embeddable":true,"href":"https:\/\/antoinelemaire-archi-photo.fr\/index.php\/wp-json\/wp\/v2\/tags?post=662"}],"curies":[{"name":"wp","href":"https:\/\/api.w.org\/{rel}","templated":true}]}}