{"id":625,"date":"2018-08-21T09:09:48","date_gmt":"2018-08-21T07:09:48","guid":{"rendered":"http:\/\/antoinelemaire-archi-photo.fr\/?p=625"},"modified":"2020-10-09T00:13:08","modified_gmt":"2020-10-08T22:13:08","slug":"the-wall","status":"publish","type":"post","link":"https:\/\/antoinelemaire-archi-photo.fr\/index.php\/2018\/08\/21\/the-wall\/","title":{"rendered":"Point G\u00e9ographique I Latitude : 44.626249  &#8211;  Longitude : -1.257430"},"content":{"rendered":"<h1 style=\"text-align: center;\">Nuances de paysages<\/h1>\n<h2 style=\"text-align: center;\">Bunkers de l&rsquo;Atlantique<\/h2>\n<p>&nbsp;<\/p>\n<p>Voici une s\u00e9rie photo r\u00e9alis\u00e9e pendant une balade sur le cap ferret le long de l&rsquo;ancien mur de l&rsquo;atlantique. On peut y d\u00e9couvrir de nombreux bunkers qui s&rsquo;enfoncent petit \u00e0 petit dans l&rsquo;oc\u00e9an.<\/p>\n<p>&nbsp;<\/p>\n<p>L&rsquo;id\u00e9e de cette s\u00e9rie photographique est de mettre en valeur cette acceptation de la ruine militaire par l&rsquo;Homme. On peut d\u00e9couvrir comment l&rsquo;Homme r\u00e9investit et r\u00e9interpr\u00e8te les traces de ces monuments dont l&rsquo;usage premier \u00e9tait de d\u00e9fendre un pays contre l&rsquo;assaut des Hommes venus des mers.<\/p>\n<p>&nbsp;<\/p>\n\n\t\t<style type=\"text\/css\">\n\t\t\t#gallery-1 {\n\t\t\t\tmargin: auto;\n\t\t\t}\n\t\t\t#gallery-1 .gallery-item {\n\t\t\t\tfloat: left;\n\t\t\t\tmargin-top: 10px;\n\t\t\t\ttext-align: center;\n\t\t\t\twidth: 100%;\n\t\t\t}\n\t\t\t#gallery-1 img {\n\t\t\t\tborder: 2px solid #cfcfcf;\n\t\t\t}\n\t\t\t#gallery-1 .gallery-caption {\n\t\t\t\tmargin-left: 0;\n\t\t\t}\n\t\t\t\/* see gallery_shortcode() in wp-includes\/media.php *\/\n\t\t<\/style>\n\t\t<div id='gallery-1' class='gallery galleryid-625 gallery-columns-1 gallery-size-full'><dl class='gallery-item'>\n\t\t\t<dt class='gallery-icon landscape'>\n\t\t\t\t<a href='https:\/\/antoinelemaire-archi-photo.fr\/index.php\/2018\/08\/21\/the-wall\/bumker-1\/'><img loading=\"lazy\" decoding=\"async\" width=\"4496\" height=\"3000\" src=\"https:\/\/antoinelemaire-archi-photo.fr\/wp-content\/uploads\/2018\/08\/bumker-1.jpg\" class=\"attachment-full size-full\" alt=\"Mur de l&#039;Atlantique \u00e0 l&#039;entr\u00e9e du Cap Ferret\" aria-describedby=\"gallery-1-626\" srcset=\"https:\/\/antoinelemaire-archi-photo.fr\/wp-content\/uploads\/2018\/08\/bumker-1.jpg 4496w, https:\/\/antoinelemaire-archi-photo.fr\/wp-content\/uploads\/2018\/08\/bumker-1-300x200.jpg 300w, https:\/\/antoinelemaire-archi-photo.fr\/wp-content\/uploads\/2018\/08\/bumker-1-768x512.jpg 768w, https:\/\/antoinelemaire-archi-photo.fr\/wp-content\/uploads\/2018\/08\/bumker-1-1024x683.jpg 1024w, https:\/\/antoinelemaire-archi-photo.fr\/wp-content\/uploads\/2018\/08\/bumker-1-750x500.jpg 750w\" sizes=\"auto, (max-width: 4496px) 100vw, 4496px\" \/><\/a>\n\t\t\t<\/dt>\n\t\t\t\t<dd class='wp-caption-text gallery-caption' id='gallery-1-626'>\n\t\t\t\tMur de l&rsquo;Atlantique \u00e0 l&rsquo;entr\u00e9e du Cap Ferret\n\t\t\t\t<\/dd><\/dl><br style=\"clear: both\" \/><dl class='gallery-item'>\n\t\t\t<dt class='gallery-icon landscape'>\n\t\t\t\t<a href='https:\/\/antoinelemaire-archi-photo.fr\/index.php\/2018\/08\/21\/the-wall\/bumker-6\/'><img loading=\"lazy\" decoding=\"async\" width=\"4496\" height=\"3000\" src=\"https:\/\/antoinelemaire-archi-photo.fr\/wp-content\/uploads\/2018\/08\/bumker-6.jpg\" class=\"attachment-full size-full\" alt=\"Mer de Bunker\" aria-describedby=\"gallery-1-631\" srcset=\"https:\/\/antoinelemaire-archi-photo.fr\/wp-content\/uploads\/2018\/08\/bumker-6.jpg 4496w, https:\/\/antoinelemaire-archi-photo.fr\/wp-content\/uploads\/2018\/08\/bumker-6-300x200.jpg 300w, https:\/\/antoinelemaire-archi-photo.fr\/wp-content\/uploads\/2018\/08\/bumker-6-768x512.jpg 768w, https:\/\/antoinelemaire-archi-photo.fr\/wp-content\/uploads\/2018\/08\/bumker-6-1024x683.jpg 1024w, https:\/\/antoinelemaire-archi-photo.fr\/wp-content\/uploads\/2018\/08\/bumker-6-750x500.jpg 750w\" sizes=\"auto, (max-width: 4496px) 100vw, 4496px\" \/><\/a>\n\t\t\t<\/dt>\n\t\t\t\t<dd class='wp-caption-text gallery-caption' id='gallery-1-631'>\n\t\t\t\tMer de Bunker\n\t\t\t\t<\/dd><\/dl><br style=\"clear: both\" \/><dl class='gallery-item'>\n\t\t\t<dt class='gallery-icon landscape'>\n\t\t\t\t<a href='https:\/\/antoinelemaire-archi-photo.fr\/index.php\/2018\/08\/21\/the-wall\/bumker-7\/'><img loading=\"lazy\" decoding=\"async\" width=\"4496\" height=\"3000\" src=\"https:\/\/antoinelemaire-archi-photo.fr\/wp-content\/uploads\/2018\/08\/bumker-7.jpg\" class=\"attachment-full size-full\" alt=\"Mer de Bunker 2\" aria-describedby=\"gallery-1-632\" srcset=\"https:\/\/antoinelemaire-archi-photo.fr\/wp-content\/uploads\/2018\/08\/bumker-7.jpg 4496w, https:\/\/antoinelemaire-archi-photo.fr\/wp-content\/uploads\/2018\/08\/bumker-7-300x200.jpg 300w, https:\/\/antoinelemaire-archi-photo.fr\/wp-content\/uploads\/2018\/08\/bumker-7-768x512.jpg 768w, https:\/\/antoinelemaire-archi-photo.fr\/wp-content\/uploads\/2018\/08\/bumker-7-1024x683.jpg 1024w, https:\/\/antoinelemaire-archi-photo.fr\/wp-content\/uploads\/2018\/08\/bumker-7-750x500.jpg 750w\" sizes=\"auto, (max-width: 4496px) 100vw, 4496px\" \/><\/a>\n\t\t\t<\/dt>\n\t\t\t\t<dd class='wp-caption-text gallery-caption' id='gallery-1-632'>\n\t\t\t\tMer de Bunker 2\n\t\t\t\t<\/dd><\/dl><br style=\"clear: both\" \/><dl class='gallery-item'>\n\t\t\t<dt class='gallery-icon landscape'>\n\t\t\t\t<a href='https:\/\/antoinelemaire-archi-photo.fr\/index.php\/2018\/08\/21\/the-wall\/bumker-4\/'><img loading=\"lazy\" decoding=\"async\" width=\"4496\" height=\"3000\" src=\"https:\/\/antoinelemaire-archi-photo.fr\/wp-content\/uploads\/2018\/08\/bumker-4.jpg\" class=\"attachment-full size-full\" alt=\"Un bunker immerg\u00e9 en disparition\" aria-describedby=\"gallery-1-629\" srcset=\"https:\/\/antoinelemaire-archi-photo.fr\/wp-content\/uploads\/2018\/08\/bumker-4.jpg 4496w, https:\/\/antoinelemaire-archi-photo.fr\/wp-content\/uploads\/2018\/08\/bumker-4-300x200.jpg 300w, https:\/\/antoinelemaire-archi-photo.fr\/wp-content\/uploads\/2018\/08\/bumker-4-768x512.jpg 768w, https:\/\/antoinelemaire-archi-photo.fr\/wp-content\/uploads\/2018\/08\/bumker-4-1024x683.jpg 1024w, https:\/\/antoinelemaire-archi-photo.fr\/wp-content\/uploads\/2018\/08\/bumker-4-750x500.jpg 750w\" sizes=\"auto, (max-width: 4496px) 100vw, 4496px\" \/><\/a>\n\t\t\t<\/dt>\n\t\t\t\t<dd class='wp-caption-text gallery-caption' id='gallery-1-629'>\n\t\t\t\tUn bunker immerg\u00e9 en disparition\n\t\t\t\t<\/dd><\/dl><br style=\"clear: both\" \/><dl class='gallery-item'>\n\t\t\t<dt class='gallery-icon landscape'>\n\t\t\t\t<a href='https:\/\/antoinelemaire-archi-photo.fr\/index.php\/2018\/08\/21\/the-wall\/bumker-2\/'><img loading=\"lazy\" decoding=\"async\" width=\"4496\" height=\"3000\" src=\"https:\/\/antoinelemaire-archi-photo.fr\/wp-content\/uploads\/2018\/08\/bumker-2.jpg\" class=\"attachment-full size-full\" alt=\"Un bunker immerg\u00e9 en disparition\" aria-describedby=\"gallery-1-627\" srcset=\"https:\/\/antoinelemaire-archi-photo.fr\/wp-content\/uploads\/2018\/08\/bumker-2.jpg 4496w, https:\/\/antoinelemaire-archi-photo.fr\/wp-content\/uploads\/2018\/08\/bumker-2-300x200.jpg 300w, https:\/\/antoinelemaire-archi-photo.fr\/wp-content\/uploads\/2018\/08\/bumker-2-768x512.jpg 768w, https:\/\/antoinelemaire-archi-photo.fr\/wp-content\/uploads\/2018\/08\/bumker-2-1024x683.jpg 1024w, https:\/\/antoinelemaire-archi-photo.fr\/wp-content\/uploads\/2018\/08\/bumker-2-750x500.jpg 750w\" sizes=\"auto, (max-width: 4496px) 100vw, 4496px\" \/><\/a>\n\t\t\t<\/dt>\n\t\t\t\t<dd class='wp-caption-text gallery-caption' id='gallery-1-627'>\n\t\t\t\tUn bunker immerg\u00e9 en disparition\n\t\t\t\t<\/dd><\/dl><br style=\"clear: both\" \/><dl class='gallery-item'>\n\t\t\t<dt class='gallery-icon landscape'>\n\t\t\t\t<a href='https:\/\/antoinelemaire-archi-photo.fr\/index.php\/2018\/08\/21\/the-wall\/bumker-3\/'><img loading=\"lazy\" decoding=\"async\" width=\"4496\" height=\"3000\" src=\"https:\/\/antoinelemaire-archi-photo.fr\/wp-content\/uploads\/2018\/08\/bumker-3.jpg\" class=\"attachment-full size-full\" alt=\"Histoire pass\u00e9es, Nouvelles utilit\u00e9s\" aria-describedby=\"gallery-1-628\" srcset=\"https:\/\/antoinelemaire-archi-photo.fr\/wp-content\/uploads\/2018\/08\/bumker-3.jpg 4496w, https:\/\/antoinelemaire-archi-photo.fr\/wp-content\/uploads\/2018\/08\/bumker-3-300x200.jpg 300w, https:\/\/antoinelemaire-archi-photo.fr\/wp-content\/uploads\/2018\/08\/bumker-3-768x512.jpg 768w, https:\/\/antoinelemaire-archi-photo.fr\/wp-content\/uploads\/2018\/08\/bumker-3-1024x683.jpg 1024w, https:\/\/antoinelemaire-archi-photo.fr\/wp-content\/uploads\/2018\/08\/bumker-3-750x500.jpg 750w\" sizes=\"auto, (max-width: 4496px) 100vw, 4496px\" \/><\/a>\n\t\t\t<\/dt>\n\t\t\t\t<dd class='wp-caption-text gallery-caption' id='gallery-1-628'>\n\t\t\t\tHistoire pass\u00e9es, Nouvelles utilit\u00e9s\n\t\t\t\t<\/dd><\/dl><br style=\"clear: both\" \/><dl class='gallery-item'>\n\t\t\t<dt class='gallery-icon landscape'>\n\t\t\t\t<a href='https:\/\/antoinelemaire-archi-photo.fr\/index.php\/2018\/08\/21\/the-wall\/bumker-9\/'><img loading=\"lazy\" decoding=\"async\" width=\"4496\" height=\"3000\" src=\"https:\/\/antoinelemaire-archi-photo.fr\/wp-content\/uploads\/2018\/08\/bumker-9.jpg\" class=\"attachment-full size-full\" alt=\"Disparition of art\" aria-describedby=\"gallery-1-633\" srcset=\"https:\/\/antoinelemaire-archi-photo.fr\/wp-content\/uploads\/2018\/08\/bumker-9.jpg 4496w, https:\/\/antoinelemaire-archi-photo.fr\/wp-content\/uploads\/2018\/08\/bumker-9-300x200.jpg 300w, https:\/\/antoinelemaire-archi-photo.fr\/wp-content\/uploads\/2018\/08\/bumker-9-768x512.jpg 768w, https:\/\/antoinelemaire-archi-photo.fr\/wp-content\/uploads\/2018\/08\/bumker-9-1024x683.jpg 1024w, https:\/\/antoinelemaire-archi-photo.fr\/wp-content\/uploads\/2018\/08\/bumker-9-750x500.jpg 750w\" sizes=\"auto, (max-width: 4496px) 100vw, 4496px\" \/><\/a>\n\t\t\t<\/dt>\n\t\t\t\t<dd class='wp-caption-text gallery-caption' id='gallery-1-633'>\n\t\t\t\tDisparition of art\n\t\t\t\t<\/dd><\/dl><br style=\"clear: both\" \/><dl class='gallery-item'>\n\t\t\t<dt class='gallery-icon landscape'>\n\t\t\t\t<a href='https:\/\/antoinelemaire-archi-photo.fr\/index.php\/2018\/08\/21\/the-wall\/bumker-11\/'><img loading=\"lazy\" decoding=\"async\" width=\"4496\" height=\"3000\" src=\"https:\/\/antoinelemaire-archi-photo.fr\/wp-content\/uploads\/2018\/08\/bumker-11.jpg\" class=\"attachment-full size-full\" alt=\"P\u00eache au Bunker ?\" aria-describedby=\"gallery-1-635\" srcset=\"https:\/\/antoinelemaire-archi-photo.fr\/wp-content\/uploads\/2018\/08\/bumker-11.jpg 4496w, https:\/\/antoinelemaire-archi-photo.fr\/wp-content\/uploads\/2018\/08\/bumker-11-300x200.jpg 300w, https:\/\/antoinelemaire-archi-photo.fr\/wp-content\/uploads\/2018\/08\/bumker-11-768x512.jpg 768w, https:\/\/antoinelemaire-archi-photo.fr\/wp-content\/uploads\/2018\/08\/bumker-11-1024x683.jpg 1024w, https:\/\/antoinelemaire-archi-photo.fr\/wp-content\/uploads\/2018\/08\/bumker-11-750x500.jpg 750w\" sizes=\"auto, (max-width: 4496px) 100vw, 4496px\" \/><\/a>\n\t\t\t<\/dt>\n\t\t\t\t<dd class='wp-caption-text gallery-caption' id='gallery-1-635'>\n\t\t\t\tP\u00eache au Bunker ?\n\t\t\t\t<\/dd><\/dl><br style=\"clear: both\" \/><dl class='gallery-item'>\n\t\t\t<dt class='gallery-icon landscape'>\n\t\t\t\t<a href='https:\/\/antoinelemaire-archi-photo.fr\/index.php\/2018\/08\/21\/the-wall\/bumker-13\/'><img loading=\"lazy\" decoding=\"async\" width=\"4496\" height=\"3000\" src=\"https:\/\/antoinelemaire-archi-photo.fr\/wp-content\/uploads\/2018\/08\/bumker-13.jpg\" class=\"attachment-full size-full\" alt=\"Bunker ensabl\u00e9\" aria-describedby=\"gallery-1-636\" srcset=\"https:\/\/antoinelemaire-archi-photo.fr\/wp-content\/uploads\/2018\/08\/bumker-13.jpg 4496w, https:\/\/antoinelemaire-archi-photo.fr\/wp-content\/uploads\/2018\/08\/bumker-13-300x200.jpg 300w, https:\/\/antoinelemaire-archi-photo.fr\/wp-content\/uploads\/2018\/08\/bumker-13-768x512.jpg 768w, https:\/\/antoinelemaire-archi-photo.fr\/wp-content\/uploads\/2018\/08\/bumker-13-1024x683.jpg 1024w, https:\/\/antoinelemaire-archi-photo.fr\/wp-content\/uploads\/2018\/08\/bumker-13-750x500.jpg 750w\" sizes=\"auto, (max-width: 4496px) 100vw, 4496px\" \/><\/a>\n\t\t\t<\/dt>\n\t\t\t\t<dd class='wp-caption-text gallery-caption' id='gallery-1-636'>\n\t\t\t\tBunker ensabl\u00e9\n\t\t\t\t<\/dd><\/dl><br style=\"clear: both\" \/><dl class='gallery-item'>\n\t\t\t<dt class='gallery-icon landscape'>\n\t\t\t\t<a href='https:\/\/antoinelemaire-archi-photo.fr\/index.php\/2018\/08\/21\/the-wall\/bumker-5\/'><img loading=\"lazy\" decoding=\"async\" width=\"4496\" height=\"3000\" src=\"https:\/\/antoinelemaire-archi-photo.fr\/wp-content\/uploads\/2018\/08\/bumker-5.jpg\" class=\"attachment-full size-full\" alt=\"D\u00e9barquement imm\u00e9diat\" aria-describedby=\"gallery-1-630\" srcset=\"https:\/\/antoinelemaire-archi-photo.fr\/wp-content\/uploads\/2018\/08\/bumker-5.jpg 4496w, https:\/\/antoinelemaire-archi-photo.fr\/wp-content\/uploads\/2018\/08\/bumker-5-300x200.jpg 300w, https:\/\/antoinelemaire-archi-photo.fr\/wp-content\/uploads\/2018\/08\/bumker-5-768x512.jpg 768w, https:\/\/antoinelemaire-archi-photo.fr\/wp-content\/uploads\/2018\/08\/bumker-5-1024x683.jpg 1024w, https:\/\/antoinelemaire-archi-photo.fr\/wp-content\/uploads\/2018\/08\/bumker-5-750x500.jpg 750w\" sizes=\"auto, (max-width: 4496px) 100vw, 4496px\" \/><\/a>\n\t\t\t<\/dt>\n\t\t\t\t<dd class='wp-caption-text gallery-caption' id='gallery-1-630'>\n\t\t\t\tD\u00e9barquement imm\u00e9diat \n\t\t\t\t<\/dd><\/dl><br style=\"clear: both\" \/><dl class='gallery-item'>\n\t\t\t<dt class='gallery-icon portrait'>\n\t\t\t\t<a href='https:\/\/antoinelemaire-archi-photo.fr\/index.php\/2018\/08\/21\/the-wall\/bumker-10\/'><img loading=\"lazy\" decoding=\"async\" width=\"3000\" height=\"4496\" src=\"https:\/\/antoinelemaire-archi-photo.fr\/wp-content\/uploads\/2018\/08\/bumker-10.jpg\" class=\"attachment-full size-full\" alt=\"Histoire de Bunker\" aria-describedby=\"gallery-1-634\" srcset=\"https:\/\/antoinelemaire-archi-photo.fr\/wp-content\/uploads\/2018\/08\/bumker-10.jpg 3000w, https:\/\/antoinelemaire-archi-photo.fr\/wp-content\/uploads\/2018\/08\/bumker-10-200x300.jpg 200w, https:\/\/antoinelemaire-archi-photo.fr\/wp-content\/uploads\/2018\/08\/bumker-10-768x1151.jpg 768w, https:\/\/antoinelemaire-archi-photo.fr\/wp-content\/uploads\/2018\/08\/bumker-10-683x1024.jpg 683w\" sizes=\"auto, (max-width: 3000px) 100vw, 3000px\" \/><\/a>\n\t\t\t<\/dt>\n\t\t\t\t<dd class='wp-caption-text gallery-caption' id='gallery-1-634'>\n\t\t\t\tHistoire de Bunker\n\t\t\t\t<\/dd><\/dl><br style=\"clear: both\" \/><dl class='gallery-item'>\n\t\t\t<dt class='gallery-icon landscape'>\n\t\t\t\t<a href='https:\/\/antoinelemaire-archi-photo.fr\/index.php\/2018\/08\/21\/the-wall\/bumker-12\/'><img loading=\"lazy\" decoding=\"async\" width=\"4496\" height=\"3000\" src=\"https:\/\/antoinelemaire-archi-photo.fr\/wp-content\/uploads\/2018\/08\/bumker-12.jpg\" class=\"attachment-full size-full\" alt=\"Art and Utility of Bunker\" aria-describedby=\"gallery-1-638\" srcset=\"https:\/\/antoinelemaire-archi-photo.fr\/wp-content\/uploads\/2018\/08\/bumker-12.jpg 4496w, https:\/\/antoinelemaire-archi-photo.fr\/wp-content\/uploads\/2018\/08\/bumker-12-300x200.jpg 300w, https:\/\/antoinelemaire-archi-photo.fr\/wp-content\/uploads\/2018\/08\/bumker-12-768x512.jpg 768w, https:\/\/antoinelemaire-archi-photo.fr\/wp-content\/uploads\/2018\/08\/bumker-12-1024x683.jpg 1024w, https:\/\/antoinelemaire-archi-photo.fr\/wp-content\/uploads\/2018\/08\/bumker-12-750x500.jpg 750w\" sizes=\"auto, (max-width: 4496px) 100vw, 4496px\" \/><\/a>\n\t\t\t<\/dt>\n\t\t\t\t<dd class='wp-caption-text gallery-caption' id='gallery-1-638'>\n\t\t\t\tArt and Utility of Bunker\n\t\t\t\t<\/dd><\/dl><br style=\"clear: both\" \/><dl class='gallery-item'>\n\t\t\t<dt class='gallery-icon landscape'>\n\t\t\t\t<a href='https:\/\/antoinelemaire-archi-photo.fr\/index.php\/2018\/08\/21\/the-wall\/bumker-14\/'><img loading=\"lazy\" decoding=\"async\" width=\"4496\" height=\"3000\" src=\"https:\/\/antoinelemaire-archi-photo.fr\/wp-content\/uploads\/2018\/08\/bumker-14.jpg\" class=\"attachment-full size-full\" alt=\"Lueur d&#039;histoire\" aria-describedby=\"gallery-1-637\" srcset=\"https:\/\/antoinelemaire-archi-photo.fr\/wp-content\/uploads\/2018\/08\/bumker-14.jpg 4496w, https:\/\/antoinelemaire-archi-photo.fr\/wp-content\/uploads\/2018\/08\/bumker-14-300x200.jpg 300w, https:\/\/antoinelemaire-archi-photo.fr\/wp-content\/uploads\/2018\/08\/bumker-14-768x512.jpg 768w, https:\/\/antoinelemaire-archi-photo.fr\/wp-content\/uploads\/2018\/08\/bumker-14-1024x683.jpg 1024w, https:\/\/antoinelemaire-archi-photo.fr\/wp-content\/uploads\/2018\/08\/bumker-14-750x500.jpg 750w\" sizes=\"auto, (max-width: 4496px) 100vw, 4496px\" \/><\/a>\n\t\t\t<\/dt>\n\t\t\t\t<dd class='wp-caption-text gallery-caption' id='gallery-1-637'>\n\t\t\t\tLueur d&rsquo;histoire\n\t\t\t\t<\/dd><\/dl><br style=\"clear: both\" \/>\n\t\t<\/div>\n\n","protected":false},"excerpt":{"rendered":"<p>Nuances de paysages Bunkers de l&rsquo;Atlantique &nbsp; Voici une s\u00e9rie photo r\u00e9alis\u00e9e pendant une balade sur le cap ferret le long de l&rsquo;ancien mur de l&rsquo;atlantique. On peut y d\u00e9couvrir de nombreux bunkers qui s&rsquo;enfoncent petit \u00e0 petit dans l&rsquo;oc\u00e9an. &nbsp; L&rsquo;id\u00e9e de cette s\u00e9rie photographique est de mettre en valeur cette acceptation de la [&hellip;]<\/p>\n","protected":false},"author":1,"featured_media":636,"comment_status":"open","ping_status":"open","sticky":false,"template":"","format":"gallery","meta":{"_monsterinsights_skip_tracking":false,"_monsterinsights_sitenote_active":false,"_monsterinsights_sitenote_note":"","_monsterinsights_sitenote_category":0,"footnotes":""},"categories":[42,20],"tags":[],"class_list":["post-625","post","type-post","status-publish","format-gallery","has-post-thumbnail","hentry","category-photo-darchitecture","category-photographie","post_format-post-format-gallery"],"_links":{"self":[{"href":"https:\/\/antoinelemaire-archi-photo.fr\/index.php\/wp-json\/wp\/v2\/posts\/625","targetHints":{"allow":["GET"]}}],"collection":[{"href":"https:\/\/antoinelemaire-archi-photo.fr\/index.php\/wp-json\/wp\/v2\/posts"}],"about":[{"href":"https:\/\/antoinelemaire-archi-photo.fr\/index.php\/wp-json\/wp\/v2\/types\/post"}],"author":[{"embeddable":true,"href":"https:\/\/antoinelemaire-archi-photo.fr\/index.php\/wp-json\/wp\/v2\/users\/1"}],"replies":[{"embeddable":true,"href":"https:\/\/antoinelemaire-archi-photo.fr\/index.php\/wp-json\/wp\/v2\/comments?post=625"}],"version-history":[{"count":3,"href":"https:\/\/antoinelemaire-archi-photo.fr\/index.php\/wp-json\/wp\/v2\/posts\/625\/revisions"}],"predecessor-version":[{"id":1116,"href":"https:\/\/antoinelemaire-archi-photo.fr\/index.php\/wp-json\/wp\/v2\/posts\/625\/revisions\/1116"}],"wp:featuredmedia":[{"embeddable":true,"href":"https:\/\/antoinelemaire-archi-photo.fr\/index.php\/wp-json\/wp\/v2\/media\/636"}],"wp:attachment":[{"href":"https:\/\/antoinelemaire-archi-photo.fr\/index.php\/wp-json\/wp\/v2\/media?parent=625"}],"wp:term":[{"taxonomy":"category","embeddable":true,"href":"https:\/\/antoinelemaire-archi-photo.fr\/index.php\/wp-json\/wp\/v2\/categories?post=625"},{"taxonomy":"post_tag","embeddable":true,"href":"https:\/\/antoinelemaire-archi-photo.fr\/index.php\/wp-json\/wp\/v2\/tags?post=625"}],"curies":[{"name":"wp","href":"https:\/\/api.w.org\/{rel}","templated":true}]}}