{"id":590,"date":"2018-08-02T10:58:19","date_gmt":"2018-08-02T08:58:19","guid":{"rendered":"http:\/\/antoinelemaire-archi-photo.fr\/?p=590"},"modified":"2020-10-08T13:20:02","modified_gmt":"2020-10-08T11:20:02","slug":"un-voyage-a-lisbonne-antoine-lemaire","status":"publish","type":"post","link":"https:\/\/antoinelemaire-archi-photo.fr\/index.php\/2018\/08\/02\/un-voyage-a-lisbonne-antoine-lemaire\/","title":{"rendered":"Point G\u00e9ographique I Latitude : 38.707504   &#8211;  Longitude : -9.136473"},"content":{"rendered":"<h2 style=\"text-align: center;\">Nuances d&rsquo;un voyage architectural \u00e0 lisbonne<\/h2>\n<p>&nbsp;<\/p>\n<p>Ce voyage \u00e0 Lisbonne a \u00e9t\u00e9 \u00a0l&rsquo;occasion de visiter une ville avec une histoire ancienne. Cette ville, elle est riche par cette cohabitation ds styles anciens et des styles modernes. On peut autant trouver une architecture vernaculaire et visiter de nombreuses interventions architecturales modernes.<\/p>\n<p>Ce voyage \u00e0 Lisbonne m&rsquo;aura beaucoup apport\u00e9 sur le plan architectural. J&rsquo;aurais eu la chance de visiter de nombreux projets d&rsquo;architectes qui me fascinent et me nourrisse dans ma culture architecturale. Cela aura \u00e9t\u00e9 aussi l&rsquo;occasion de d\u00e9couvrir ce pays o\u00f9 la joie des Lisbonnins aura enrichit ce voyage.<\/p>\n<p>Les photographies suivantes pr\u00e9sentent un ensemble de projets contemporains et anciens de la ville de Lisbonne. Elle pr\u00e9sentent sous \u00a0diff\u00e9rents point de vue g\u00e9om\u00e9triques, la douceur de l&rsquo;ombre et de la lumi\u00e8re qui viennent r\u00e9v\u00e9ler la sp\u00e9cificit\u00e9 de chacun de ces projets.<\/p>\n<p>&nbsp;<\/p>\n\n\t\t<style type=\"text\/css\">\n\t\t\t#gallery-1 {\n\t\t\t\tmargin: auto;\n\t\t\t}\n\t\t\t#gallery-1 .gallery-item {\n\t\t\t\tfloat: left;\n\t\t\t\tmargin-top: 10px;\n\t\t\t\ttext-align: center;\n\t\t\t\twidth: 100%;\n\t\t\t}\n\t\t\t#gallery-1 img {\n\t\t\t\tborder: 2px solid #cfcfcf;\n\t\t\t}\n\t\t\t#gallery-1 .gallery-caption {\n\t\t\t\tmargin-left: 0;\n\t\t\t}\n\t\t\t\/* see gallery_shortcode() in wp-includes\/media.php *\/\n\t\t<\/style>\n\t\t<div id='gallery-1' class='gallery galleryid-590 gallery-columns-1 gallery-size-full'><dl class='gallery-item'>\n\t\t\t<dt class='gallery-icon portrait'>\n\t\t\t\t<a href='https:\/\/antoinelemaire-archi-photo.fr\/index.php\/2018\/08\/02\/un-voyage-a-lisbonne-antoine-lemaire\/fondation2\/'><img loading=\"lazy\" decoding=\"async\" width=\"3000\" height=\"4496\" src=\"https:\/\/antoinelemaire-archi-photo.fr\/wp-content\/uploads\/2018\/08\/fondation2.jpg\" class=\"attachment-full size-full\" alt=\"Fondation Champalimaud\" aria-describedby=\"gallery-1-594\" srcset=\"https:\/\/antoinelemaire-archi-photo.fr\/wp-content\/uploads\/2018\/08\/fondation2.jpg 3000w, https:\/\/antoinelemaire-archi-photo.fr\/wp-content\/uploads\/2018\/08\/fondation2-200x300.jpg 200w, https:\/\/antoinelemaire-archi-photo.fr\/wp-content\/uploads\/2018\/08\/fondation2-768x1151.jpg 768w, https:\/\/antoinelemaire-archi-photo.fr\/wp-content\/uploads\/2018\/08\/fondation2-683x1024.jpg 683w\" sizes=\"auto, (max-width: 3000px) 100vw, 3000px\" \/><\/a>\n\t\t\t<\/dt>\n\t\t\t\t<dd class='wp-caption-text gallery-caption' id='gallery-1-594'>\n\t\t\t\tFondation Champalimaud\n\t\t\t\t<\/dd><\/dl><br style=\"clear: both\" \/><dl class='gallery-item'>\n\t\t\t<dt class='gallery-icon landscape'>\n\t\t\t\t<a href='https:\/\/antoinelemaire-archi-photo.fr\/index.php\/2018\/08\/02\/un-voyage-a-lisbonne-antoine-lemaire\/fondation\/'><img loading=\"lazy\" decoding=\"async\" width=\"4496\" height=\"3000\" src=\"https:\/\/antoinelemaire-archi-photo.fr\/wp-content\/uploads\/2018\/08\/fondation.jpg\" class=\"attachment-full size-full\" alt=\"Fondation Champalimaud\" aria-describedby=\"gallery-1-595\" srcset=\"https:\/\/antoinelemaire-archi-photo.fr\/wp-content\/uploads\/2018\/08\/fondation.jpg 4496w, https:\/\/antoinelemaire-archi-photo.fr\/wp-content\/uploads\/2018\/08\/fondation-300x200.jpg 300w, https:\/\/antoinelemaire-archi-photo.fr\/wp-content\/uploads\/2018\/08\/fondation-768x512.jpg 768w, https:\/\/antoinelemaire-archi-photo.fr\/wp-content\/uploads\/2018\/08\/fondation-1024x683.jpg 1024w, https:\/\/antoinelemaire-archi-photo.fr\/wp-content\/uploads\/2018\/08\/fondation-750x500.jpg 750w\" sizes=\"auto, (max-width: 4496px) 100vw, 4496px\" \/><\/a>\n\t\t\t<\/dt>\n\t\t\t\t<dd class='wp-caption-text gallery-caption' id='gallery-1-595'>\n\t\t\t\tFondation Champalimaud\n\t\t\t\t<\/dd><\/dl><br style=\"clear: both\" \/><dl class='gallery-item'>\n\t\t\t<dt class='gallery-icon landscape'>\n\t\t\t\t<a href='https:\/\/antoinelemaire-archi-photo.fr\/index.php\/2018\/08\/02\/un-voyage-a-lisbonne-antoine-lemaire\/monumentaumort\/'><img loading=\"lazy\" decoding=\"async\" width=\"4496\" height=\"3000\" src=\"https:\/\/antoinelemaire-archi-photo.fr\/wp-content\/uploads\/2018\/08\/Monumentaumort.jpg\" class=\"attachment-full size-full\" alt=\"Monument aux morts\" aria-describedby=\"gallery-1-596\" srcset=\"https:\/\/antoinelemaire-archi-photo.fr\/wp-content\/uploads\/2018\/08\/Monumentaumort.jpg 4496w, https:\/\/antoinelemaire-archi-photo.fr\/wp-content\/uploads\/2018\/08\/Monumentaumort-300x200.jpg 300w, https:\/\/antoinelemaire-archi-photo.fr\/wp-content\/uploads\/2018\/08\/Monumentaumort-768x512.jpg 768w, https:\/\/antoinelemaire-archi-photo.fr\/wp-content\/uploads\/2018\/08\/Monumentaumort-1024x683.jpg 1024w, https:\/\/antoinelemaire-archi-photo.fr\/wp-content\/uploads\/2018\/08\/Monumentaumort-750x500.jpg 750w\" sizes=\"auto, (max-width: 4496px) 100vw, 4496px\" \/><\/a>\n\t\t\t<\/dt>\n\t\t\t\t<dd class='wp-caption-text gallery-caption' id='gallery-1-596'>\n\t\t\t\tMonument aux morts \n\t\t\t\t<\/dd><\/dl><br style=\"clear: both\" \/><dl class='gallery-item'>\n\t\t\t<dt class='gallery-icon portrait'>\n\t\t\t\t<a href='https:\/\/antoinelemaire-archi-photo.fr\/index.php\/2018\/08\/02\/un-voyage-a-lisbonne-antoine-lemaire\/hotel1\/'><img loading=\"lazy\" decoding=\"async\" width=\"2915\" height=\"4312\" src=\"https:\/\/antoinelemaire-archi-photo.fr\/wp-content\/uploads\/2018\/08\/hotel1.jpg\" class=\"attachment-full size-full\" alt=\"Altis Belem Hotel\" aria-describedby=\"gallery-1-597\" srcset=\"https:\/\/antoinelemaire-archi-photo.fr\/wp-content\/uploads\/2018\/08\/hotel1.jpg 2915w, https:\/\/antoinelemaire-archi-photo.fr\/wp-content\/uploads\/2018\/08\/hotel1-203x300.jpg 203w, https:\/\/antoinelemaire-archi-photo.fr\/wp-content\/uploads\/2018\/08\/hotel1-768x1136.jpg 768w, https:\/\/antoinelemaire-archi-photo.fr\/wp-content\/uploads\/2018\/08\/hotel1-692x1024.jpg 692w\" sizes=\"auto, (max-width: 2915px) 100vw, 2915px\" \/><\/a>\n\t\t\t<\/dt>\n\t\t\t\t<dd class='wp-caption-text gallery-caption' id='gallery-1-597'>\n\t\t\t\tAltis Belem Hotel\n\t\t\t\t<\/dd><\/dl><br style=\"clear: both\" \/><dl class='gallery-item'>\n\t\t\t<dt class='gallery-icon landscape'>\n\t\t\t\t<a href='https:\/\/antoinelemaire-archi-photo.fr\/index.php\/2018\/08\/02\/un-voyage-a-lisbonne-antoine-lemaire\/fullsizeoutput_79f\/'><img loading=\"lazy\" decoding=\"async\" width=\"4403\" height=\"2938\" src=\"https:\/\/antoinelemaire-archi-photo.fr\/wp-content\/uploads\/2018\/08\/fullsizeoutput_79f.jpeg\" class=\"attachment-full size-full\" alt=\"A Margem BAR\" aria-describedby=\"gallery-1-598\" srcset=\"https:\/\/antoinelemaire-archi-photo.fr\/wp-content\/uploads\/2018\/08\/fullsizeoutput_79f.jpeg 4403w, https:\/\/antoinelemaire-archi-photo.fr\/wp-content\/uploads\/2018\/08\/fullsizeoutput_79f-300x200.jpeg 300w, https:\/\/antoinelemaire-archi-photo.fr\/wp-content\/uploads\/2018\/08\/fullsizeoutput_79f-768x512.jpeg 768w, https:\/\/antoinelemaire-archi-photo.fr\/wp-content\/uploads\/2018\/08\/fullsizeoutput_79f-1024x683.jpeg 1024w, https:\/\/antoinelemaire-archi-photo.fr\/wp-content\/uploads\/2018\/08\/fullsizeoutput_79f-750x500.jpeg 750w\" sizes=\"auto, (max-width: 4403px) 100vw, 4403px\" \/><\/a>\n\t\t\t<\/dt>\n\t\t\t\t<dd class='wp-caption-text gallery-caption' id='gallery-1-598'>\n\t\t\t\tA Margem BAR\n\t\t\t\t<\/dd><\/dl><br style=\"clear: both\" \/><dl class='gallery-item'>\n\t\t\t<dt class='gallery-icon landscape'>\n\t\t\t\t<a href='https:\/\/antoinelemaire-archi-photo.fr\/index.php\/2018\/08\/02\/un-voyage-a-lisbonne-antoine-lemaire\/bar1\/'><img loading=\"lazy\" decoding=\"async\" width=\"4496\" height=\"3000\" src=\"https:\/\/antoinelemaire-archi-photo.fr\/wp-content\/uploads\/2018\/08\/BAR1.jpg\" class=\"attachment-full size-full\" alt=\"A Margem BAR\" aria-describedby=\"gallery-1-599\" srcset=\"https:\/\/antoinelemaire-archi-photo.fr\/wp-content\/uploads\/2018\/08\/BAR1.jpg 4496w, https:\/\/antoinelemaire-archi-photo.fr\/wp-content\/uploads\/2018\/08\/BAR1-300x200.jpg 300w, https:\/\/antoinelemaire-archi-photo.fr\/wp-content\/uploads\/2018\/08\/BAR1-768x512.jpg 768w, https:\/\/antoinelemaire-archi-photo.fr\/wp-content\/uploads\/2018\/08\/BAR1-1024x683.jpg 1024w, https:\/\/antoinelemaire-archi-photo.fr\/wp-content\/uploads\/2018\/08\/BAR1-750x500.jpg 750w\" sizes=\"auto, (max-width: 4496px) 100vw, 4496px\" \/><\/a>\n\t\t\t<\/dt>\n\t\t\t\t<dd class='wp-caption-text gallery-caption' id='gallery-1-599'>\n\t\t\t\tA Margem BAR\n\t\t\t\t<\/dd><\/dl><br style=\"clear: both\" \/><dl class='gallery-item'>\n\t\t\t<dt class='gallery-icon landscape'>\n\t\t\t\t<a href='https:\/\/antoinelemaire-archi-photo.fr\/index.php\/2018\/08\/02\/un-voyage-a-lisbonne-antoine-lemaire\/maat3\/'><img loading=\"lazy\" decoding=\"async\" width=\"4496\" height=\"3000\" src=\"https:\/\/antoinelemaire-archi-photo.fr\/wp-content\/uploads\/2018\/08\/MAAT3.jpg\" class=\"attachment-full size-full\" alt=\"Passerelle du MAAT\" aria-describedby=\"gallery-1-600\" srcset=\"https:\/\/antoinelemaire-archi-photo.fr\/wp-content\/uploads\/2018\/08\/MAAT3.jpg 4496w, https:\/\/antoinelemaire-archi-photo.fr\/wp-content\/uploads\/2018\/08\/MAAT3-300x200.jpg 300w, https:\/\/antoinelemaire-archi-photo.fr\/wp-content\/uploads\/2018\/08\/MAAT3-768x512.jpg 768w, https:\/\/antoinelemaire-archi-photo.fr\/wp-content\/uploads\/2018\/08\/MAAT3-1024x683.jpg 1024w, https:\/\/antoinelemaire-archi-photo.fr\/wp-content\/uploads\/2018\/08\/MAAT3-750x500.jpg 750w\" sizes=\"auto, (max-width: 4496px) 100vw, 4496px\" \/><\/a>\n\t\t\t<\/dt>\n\t\t\t\t<dd class='wp-caption-text gallery-caption' id='gallery-1-600'>\n\t\t\t\tPasserelle du MAAT\n\t\t\t\t<\/dd><\/dl><br style=\"clear: both\" \/><dl class='gallery-item'>\n\t\t\t<dt class='gallery-icon landscape'>\n\t\t\t\t<a href='https:\/\/antoinelemaire-archi-photo.fr\/index.php\/2018\/08\/02\/un-voyage-a-lisbonne-antoine-lemaire\/maat1\/'><img loading=\"lazy\" decoding=\"async\" width=\"4496\" height=\"3000\" src=\"https:\/\/antoinelemaire-archi-photo.fr\/wp-content\/uploads\/2018\/08\/MAAT1.jpg\" class=\"attachment-full size-full\" alt=\"Entr\u00e9e du MAAT\" aria-describedby=\"gallery-1-601\" srcset=\"https:\/\/antoinelemaire-archi-photo.fr\/wp-content\/uploads\/2018\/08\/MAAT1.jpg 4496w, https:\/\/antoinelemaire-archi-photo.fr\/wp-content\/uploads\/2018\/08\/MAAT1-300x200.jpg 300w, https:\/\/antoinelemaire-archi-photo.fr\/wp-content\/uploads\/2018\/08\/MAAT1-768x512.jpg 768w, https:\/\/antoinelemaire-archi-photo.fr\/wp-content\/uploads\/2018\/08\/MAAT1-1024x683.jpg 1024w, https:\/\/antoinelemaire-archi-photo.fr\/wp-content\/uploads\/2018\/08\/MAAT1-750x500.jpg 750w\" sizes=\"auto, (max-width: 4496px) 100vw, 4496px\" \/><\/a>\n\t\t\t<\/dt>\n\t\t\t\t<dd class='wp-caption-text gallery-caption' id='gallery-1-601'>\n\t\t\t\tEntr\u00e9e du MAAT\n\t\t\t\t<\/dd><\/dl><br style=\"clear: both\" \/><dl class='gallery-item'>\n\t\t\t<dt class='gallery-icon portrait'>\n\t\t\t\t<a href='https:\/\/antoinelemaire-archi-photo.fr\/index.php\/2018\/08\/02\/un-voyage-a-lisbonne-antoine-lemaire\/maat2\/'><img loading=\"lazy\" decoding=\"async\" width=\"3000\" height=\"4496\" src=\"https:\/\/antoinelemaire-archi-photo.fr\/wp-content\/uploads\/2018\/08\/MAAT2.jpg\" class=\"attachment-full size-full\" alt=\"MAAT and Sky\" aria-describedby=\"gallery-1-602\" srcset=\"https:\/\/antoinelemaire-archi-photo.fr\/wp-content\/uploads\/2018\/08\/MAAT2.jpg 3000w, https:\/\/antoinelemaire-archi-photo.fr\/wp-content\/uploads\/2018\/08\/MAAT2-200x300.jpg 200w, https:\/\/antoinelemaire-archi-photo.fr\/wp-content\/uploads\/2018\/08\/MAAT2-768x1151.jpg 768w, https:\/\/antoinelemaire-archi-photo.fr\/wp-content\/uploads\/2018\/08\/MAAT2-683x1024.jpg 683w\" sizes=\"auto, (max-width: 3000px) 100vw, 3000px\" \/><\/a>\n\t\t\t<\/dt>\n\t\t\t\t<dd class='wp-caption-text gallery-caption' id='gallery-1-602'>\n\t\t\t\tMAAT and Sky\n\t\t\t\t<\/dd><\/dl><br style=\"clear: both\" \/><dl class='gallery-item'>\n\t\t\t<dt class='gallery-icon landscape'>\n\t\t\t\t<a href='https:\/\/antoinelemaire-archi-photo.fr\/index.php\/2018\/08\/02\/un-voyage-a-lisbonne-antoine-lemaire\/sintra1\/'><img loading=\"lazy\" decoding=\"async\" width=\"4496\" height=\"3000\" src=\"https:\/\/antoinelemaire-archi-photo.fr\/wp-content\/uploads\/2018\/08\/Sintra1.jpg\" class=\"attachment-full size-full\" alt=\"Palais de Sintra\" aria-describedby=\"gallery-1-603\" srcset=\"https:\/\/antoinelemaire-archi-photo.fr\/wp-content\/uploads\/2018\/08\/Sintra1.jpg 4496w, https:\/\/antoinelemaire-archi-photo.fr\/wp-content\/uploads\/2018\/08\/Sintra1-300x200.jpg 300w, https:\/\/antoinelemaire-archi-photo.fr\/wp-content\/uploads\/2018\/08\/Sintra1-768x512.jpg 768w, https:\/\/antoinelemaire-archi-photo.fr\/wp-content\/uploads\/2018\/08\/Sintra1-1024x683.jpg 1024w, https:\/\/antoinelemaire-archi-photo.fr\/wp-content\/uploads\/2018\/08\/Sintra1-750x500.jpg 750w\" sizes=\"auto, (max-width: 4496px) 100vw, 4496px\" \/><\/a>\n\t\t\t<\/dt>\n\t\t\t\t<dd class='wp-caption-text gallery-caption' id='gallery-1-603'>\n\t\t\t\tPalais de Sintra\n\t\t\t\t<\/dd><\/dl><br style=\"clear: both\" \/><dl class='gallery-item'>\n\t\t\t<dt class='gallery-icon landscape'>\n\t\t\t\t<a href='https:\/\/antoinelemaire-archi-photo.fr\/index.php\/2018\/08\/02\/un-voyage-a-lisbonne-antoine-lemaire\/edouardosoutodemoura1\/'><img loading=\"lazy\" decoding=\"async\" width=\"4496\" height=\"3000\" src=\"https:\/\/antoinelemaire-archi-photo.fr\/wp-content\/uploads\/2018\/08\/EdouardoSoutodeMoura1.jpg\" class=\"attachment-full size-full\" alt=\"Mus\u00e9o Casa Das Historias\" aria-describedby=\"gallery-1-607\" srcset=\"https:\/\/antoinelemaire-archi-photo.fr\/wp-content\/uploads\/2018\/08\/EdouardoSoutodeMoura1.jpg 4496w, https:\/\/antoinelemaire-archi-photo.fr\/wp-content\/uploads\/2018\/08\/EdouardoSoutodeMoura1-300x200.jpg 300w, https:\/\/antoinelemaire-archi-photo.fr\/wp-content\/uploads\/2018\/08\/EdouardoSoutodeMoura1-768x512.jpg 768w, https:\/\/antoinelemaire-archi-photo.fr\/wp-content\/uploads\/2018\/08\/EdouardoSoutodeMoura1-1024x683.jpg 1024w, https:\/\/antoinelemaire-archi-photo.fr\/wp-content\/uploads\/2018\/08\/EdouardoSoutodeMoura1-750x500.jpg 750w\" sizes=\"auto, (max-width: 4496px) 100vw, 4496px\" \/><\/a>\n\t\t\t<\/dt>\n\t\t\t\t<dd class='wp-caption-text gallery-caption' id='gallery-1-607'>\n\t\t\t\tMus\u00e9o Casa Das Historias, Edouardo Souto De Moura\n\t\t\t\t<\/dd><\/dl><br style=\"clear: both\" \/><dl class='gallery-item'>\n\t\t\t<dt class='gallery-icon landscape'>\n\t\t\t\t<a href='https:\/\/antoinelemaire-archi-photo.fr\/index.php\/2018\/08\/02\/un-voyage-a-lisbonne-antoine-lemaire\/edouardosoutodemoura2\/'><img loading=\"lazy\" decoding=\"async\" width=\"4496\" height=\"3000\" src=\"https:\/\/antoinelemaire-archi-photo.fr\/wp-content\/uploads\/2018\/08\/EdouardoSoutodeMoura2.jpg\" class=\"attachment-full size-full\" alt=\"Mus\u00e9o Casa Das Historias\" aria-describedby=\"gallery-1-606\" srcset=\"https:\/\/antoinelemaire-archi-photo.fr\/wp-content\/uploads\/2018\/08\/EdouardoSoutodeMoura2.jpg 4496w, https:\/\/antoinelemaire-archi-photo.fr\/wp-content\/uploads\/2018\/08\/EdouardoSoutodeMoura2-300x200.jpg 300w, https:\/\/antoinelemaire-archi-photo.fr\/wp-content\/uploads\/2018\/08\/EdouardoSoutodeMoura2-768x512.jpg 768w, https:\/\/antoinelemaire-archi-photo.fr\/wp-content\/uploads\/2018\/08\/EdouardoSoutodeMoura2-1024x683.jpg 1024w, https:\/\/antoinelemaire-archi-photo.fr\/wp-content\/uploads\/2018\/08\/EdouardoSoutodeMoura2-750x500.jpg 750w\" sizes=\"auto, (max-width: 4496px) 100vw, 4496px\" \/><\/a>\n\t\t\t<\/dt>\n\t\t\t\t<dd class='wp-caption-text gallery-caption' id='gallery-1-606'>\n\t\t\t\tMus\u00e9o Casa Das Historias, Edouardo Souto De Moura\n\t\t\t\t<\/dd><\/dl><br style=\"clear: both\" \/><dl class='gallery-item'>\n\t\t\t<dt class='gallery-icon landscape'>\n\t\t\t\t<a href='https:\/\/antoinelemaire-archi-photo.fr\/index.php\/2018\/08\/02\/un-voyage-a-lisbonne-antoine-lemaire\/edouardosoutodemoura3\/'><img loading=\"lazy\" decoding=\"async\" width=\"4496\" height=\"3000\" src=\"https:\/\/antoinelemaire-archi-photo.fr\/wp-content\/uploads\/2018\/08\/EdouardoSoutodeMoura3.jpg\" class=\"attachment-full size-full\" alt=\"Mus\u00e9o Casa Das Historias\" aria-describedby=\"gallery-1-605\" srcset=\"https:\/\/antoinelemaire-archi-photo.fr\/wp-content\/uploads\/2018\/08\/EdouardoSoutodeMoura3.jpg 4496w, https:\/\/antoinelemaire-archi-photo.fr\/wp-content\/uploads\/2018\/08\/EdouardoSoutodeMoura3-300x200.jpg 300w, https:\/\/antoinelemaire-archi-photo.fr\/wp-content\/uploads\/2018\/08\/EdouardoSoutodeMoura3-768x512.jpg 768w, https:\/\/antoinelemaire-archi-photo.fr\/wp-content\/uploads\/2018\/08\/EdouardoSoutodeMoura3-1024x683.jpg 1024w, https:\/\/antoinelemaire-archi-photo.fr\/wp-content\/uploads\/2018\/08\/EdouardoSoutodeMoura3-750x500.jpg 750w\" sizes=\"auto, (max-width: 4496px) 100vw, 4496px\" \/><\/a>\n\t\t\t<\/dt>\n\t\t\t\t<dd class='wp-caption-text gallery-caption' id='gallery-1-605'>\n\t\t\t\tMus\u00e9o Casa Das Historias, Edouardo Souto De Moura\n\t\t\t\t<\/dd><\/dl><br style=\"clear: both\" \/><dl class='gallery-item'>\n\t\t\t<dt class='gallery-icon portrait'>\n\t\t\t\t<a href='https:\/\/antoinelemaire-archi-photo.fr\/index.php\/2018\/08\/02\/un-voyage-a-lisbonne-antoine-lemaire\/fullsizeoutput_7a0\/'><img loading=\"lazy\" decoding=\"async\" width=\"2929\" height=\"4390\" src=\"https:\/\/antoinelemaire-archi-photo.fr\/wp-content\/uploads\/2018\/08\/fullsizeoutput_7a0.jpeg\" class=\"attachment-full size-full\" alt=\"Mus\u00e9o Casa Das Historias\" aria-describedby=\"gallery-1-604\" srcset=\"https:\/\/antoinelemaire-archi-photo.fr\/wp-content\/uploads\/2018\/08\/fullsizeoutput_7a0.jpeg 2929w, https:\/\/antoinelemaire-archi-photo.fr\/wp-content\/uploads\/2018\/08\/fullsizeoutput_7a0-200x300.jpeg 200w, https:\/\/antoinelemaire-archi-photo.fr\/wp-content\/uploads\/2018\/08\/fullsizeoutput_7a0-768x1151.jpeg 768w, https:\/\/antoinelemaire-archi-photo.fr\/wp-content\/uploads\/2018\/08\/fullsizeoutput_7a0-683x1024.jpeg 683w\" sizes=\"auto, (max-width: 2929px) 100vw, 2929px\" \/><\/a>\n\t\t\t<\/dt>\n\t\t\t\t<dd class='wp-caption-text gallery-caption' id='gallery-1-604'>\n\t\t\t\tMus\u00e9o Casa Das Historias, Edouardo Souto De Moura\n\t\t\t\t<\/dd><\/dl><br style=\"clear: both\" \/><dl class='gallery-item'>\n\t\t\t<dt class='gallery-icon landscape'>\n\t\t\t\t<a href='https:\/\/antoinelemaire-archi-photo.fr\/index.php\/2018\/08\/02\/un-voyage-a-lisbonne-antoine-lemaire\/facade1-2\/'><img loading=\"lazy\" decoding=\"async\" width=\"4375\" height=\"2919\" src=\"https:\/\/antoinelemaire-archi-photo.fr\/wp-content\/uploads\/2018\/08\/fa\u00e7ade1.jpg\" class=\"attachment-full size-full\" alt=\"Fa\u00e7ade d&#039;H\u00f4tel\" aria-describedby=\"gallery-1-614\" srcset=\"https:\/\/antoinelemaire-archi-photo.fr\/wp-content\/uploads\/2018\/08\/fa\u00e7ade1.jpg 4375w, https:\/\/antoinelemaire-archi-photo.fr\/wp-content\/uploads\/2018\/08\/fa\u00e7ade1-300x200.jpg 300w, https:\/\/antoinelemaire-archi-photo.fr\/wp-content\/uploads\/2018\/08\/fa\u00e7ade1-768x512.jpg 768w, https:\/\/antoinelemaire-archi-photo.fr\/wp-content\/uploads\/2018\/08\/fa\u00e7ade1-1024x683.jpg 1024w, https:\/\/antoinelemaire-archi-photo.fr\/wp-content\/uploads\/2018\/08\/fa\u00e7ade1-750x500.jpg 750w\" sizes=\"auto, (max-width: 4375px) 100vw, 4375px\" \/><\/a>\n\t\t\t<\/dt>\n\t\t\t\t<dd class='wp-caption-text gallery-caption' id='gallery-1-614'>\n\t\t\t\tFa\u00e7ade d&rsquo;H\u00f4tel\n\t\t\t\t<\/dd><\/dl><br style=\"clear: both\" \/><dl class='gallery-item'>\n\t\t\t<dt class='gallery-icon landscape'>\n\t\t\t\t<a href='https:\/\/antoinelemaire-archi-photo.fr\/index.php\/2018\/08\/02\/un-voyage-a-lisbonne-antoine-lemaire\/siza1\/'><img loading=\"lazy\" decoding=\"async\" width=\"4195\" height=\"2941\" src=\"https:\/\/antoinelemaire-archi-photo.fr\/wp-content\/uploads\/2018\/08\/Siza1.jpg\" class=\"attachment-full size-full\" alt=\"Pavillon du Portugal\" aria-describedby=\"gallery-1-615\" srcset=\"https:\/\/antoinelemaire-archi-photo.fr\/wp-content\/uploads\/2018\/08\/Siza1.jpg 4195w, https:\/\/antoinelemaire-archi-photo.fr\/wp-content\/uploads\/2018\/08\/Siza1-300x210.jpg 300w, https:\/\/antoinelemaire-archi-photo.fr\/wp-content\/uploads\/2018\/08\/Siza1-768x538.jpg 768w, https:\/\/antoinelemaire-archi-photo.fr\/wp-content\/uploads\/2018\/08\/Siza1-1024x718.jpg 1024w\" sizes=\"auto, (max-width: 4195px) 100vw, 4195px\" \/><\/a>\n\t\t\t<\/dt>\n\t\t\t\t<dd class='wp-caption-text gallery-caption' id='gallery-1-615'>\n\t\t\t\tPavillon du Portugal , Alvaro Siza\n\t\t\t\t<\/dd><\/dl><br style=\"clear: both\" \/><dl class='gallery-item'>\n\t\t\t<dt class='gallery-icon landscape'>\n\t\t\t\t<a href='https:\/\/antoinelemaire-archi-photo.fr\/index.php\/2018\/08\/02\/un-voyage-a-lisbonne-antoine-lemaire\/airesmateus-2\/'><img loading=\"lazy\" decoding=\"async\" width=\"4496\" height=\"3000\" src=\"https:\/\/antoinelemaire-archi-photo.fr\/wp-content\/uploads\/2018\/08\/airesmateus-1.jpg\" class=\"attachment-full size-full\" alt=\"Mus\u00e9e de la Casa Santa Marta\" aria-describedby=\"gallery-1-1078\" srcset=\"https:\/\/antoinelemaire-archi-photo.fr\/wp-content\/uploads\/2018\/08\/airesmateus-1.jpg 4496w, https:\/\/antoinelemaire-archi-photo.fr\/wp-content\/uploads\/2018\/08\/airesmateus-1-300x200.jpg 300w, https:\/\/antoinelemaire-archi-photo.fr\/wp-content\/uploads\/2018\/08\/airesmateus-1-768x512.jpg 768w, https:\/\/antoinelemaire-archi-photo.fr\/wp-content\/uploads\/2018\/08\/airesmateus-1-1024x683.jpg 1024w, https:\/\/antoinelemaire-archi-photo.fr\/wp-content\/uploads\/2018\/08\/airesmateus-1-1240x827.jpg 1240w, https:\/\/antoinelemaire-archi-photo.fr\/wp-content\/uploads\/2018\/08\/airesmateus-1-508x339.jpg 508w\" sizes=\"auto, (max-width: 4496px) 100vw, 4496px\" \/><\/a>\n\t\t\t<\/dt>\n\t\t\t\t<dd class='wp-caption-text gallery-caption' id='gallery-1-1078'>\n\t\t\t\tMus\u00e9e de la Casa Santa Marta par Aires Mateus\n\t\t\t\t<\/dd><\/dl><br style=\"clear: both\" \/><dl class='gallery-item'>\n\t\t\t<dt class='gallery-icon portrait'>\n\t\t\t\t<a href='https:\/\/antoinelemaire-archi-photo.fr\/index.php\/2018\/08\/02\/un-voyage-a-lisbonne-antoine-lemaire\/airesmateus2-2\/'><img loading=\"lazy\" decoding=\"async\" width=\"2926\" height=\"4385\" src=\"https:\/\/antoinelemaire-archi-photo.fr\/wp-content\/uploads\/2018\/08\/airesmateus2-1.jpg\" class=\"attachment-full size-full\" alt=\"Mus\u00e9e de la Casa Santa Marta\" aria-describedby=\"gallery-1-1079\" srcset=\"https:\/\/antoinelemaire-archi-photo.fr\/wp-content\/uploads\/2018\/08\/airesmateus2-1.jpg 2926w, https:\/\/antoinelemaire-archi-photo.fr\/wp-content\/uploads\/2018\/08\/airesmateus2-1-200x300.jpg 200w, https:\/\/antoinelemaire-archi-photo.fr\/wp-content\/uploads\/2018\/08\/airesmateus2-1-768x1151.jpg 768w, https:\/\/antoinelemaire-archi-photo.fr\/wp-content\/uploads\/2018\/08\/airesmateus2-1-683x1024.jpg 683w, https:\/\/antoinelemaire-archi-photo.fr\/wp-content\/uploads\/2018\/08\/airesmateus2-1-1240x1858.jpg 1240w, https:\/\/antoinelemaire-archi-photo.fr\/wp-content\/uploads\/2018\/08\/airesmateus2-1-508x761.jpg 508w\" sizes=\"auto, (max-width: 2926px) 100vw, 2926px\" \/><\/a>\n\t\t\t<\/dt>\n\t\t\t\t<dd class='wp-caption-text gallery-caption' id='gallery-1-1079'>\n\t\t\t\tMus\u00e9e de la Casa Santa Marta par Aires Mateus\n\t\t\t\t<\/dd><\/dl><br style=\"clear: both\" \/><dl class='gallery-item'>\n\t\t\t<dt class='gallery-icon landscape'>\n\t\t\t\t<a href='https:\/\/antoinelemaire-archi-photo.fr\/index.php\/2018\/08\/02\/un-voyage-a-lisbonne-antoine-lemaire\/airesmateuschloe\/'><img loading=\"lazy\" decoding=\"async\" width=\"4237\" height=\"2787\" src=\"https:\/\/antoinelemaire-archi-photo.fr\/wp-content\/uploads\/2018\/08\/AiresMateuschlo\u00e9.jpg\" class=\"attachment-full size-full\" alt=\"Nouvelle Universit\u00e9 de Lisbonne par Aires Mateus\" aria-describedby=\"gallery-1-1080\" srcset=\"https:\/\/antoinelemaire-archi-photo.fr\/wp-content\/uploads\/2018\/08\/AiresMateuschlo\u00e9.jpg 4237w, https:\/\/antoinelemaire-archi-photo.fr\/wp-content\/uploads\/2018\/08\/AiresMateuschlo\u00e9-300x197.jpg 300w, https:\/\/antoinelemaire-archi-photo.fr\/wp-content\/uploads\/2018\/08\/AiresMateuschlo\u00e9-768x505.jpg 768w, https:\/\/antoinelemaire-archi-photo.fr\/wp-content\/uploads\/2018\/08\/AiresMateuschlo\u00e9-1024x674.jpg 1024w, https:\/\/antoinelemaire-archi-photo.fr\/wp-content\/uploads\/2018\/08\/AiresMateuschlo\u00e9-1240x816.jpg 1240w, https:\/\/antoinelemaire-archi-photo.fr\/wp-content\/uploads\/2018\/08\/AiresMateuschlo\u00e9-508x334.jpg 508w\" sizes=\"auto, (max-width: 4237px) 100vw, 4237px\" \/><\/a>\n\t\t\t<\/dt>\n\t\t\t\t<dd class='wp-caption-text gallery-caption' id='gallery-1-1080'>\n\t\t\t\tNouvelle Universit\u00e9 de Lisbonne par Aires Mateus \n\t\t\t\t<\/dd><\/dl><br style=\"clear: both\" \/><dl class='gallery-item'>\n\t\t\t<dt class='gallery-icon landscape'>\n\t\t\t\t<a href='https:\/\/antoinelemaire-archi-photo.fr\/index.php\/2018\/08\/02\/un-voyage-a-lisbonne-antoine-lemaire\/airesmateuschloe2\/'><img loading=\"lazy\" decoding=\"async\" width=\"4496\" height=\"3000\" src=\"https:\/\/antoinelemaire-archi-photo.fr\/wp-content\/uploads\/2018\/08\/AiresMateuschlo\u00e92.jpg\" class=\"attachment-full size-full\" alt=\"Nouvelle Universit\u00e9 de Lisbonne par Aires Mateus\" aria-describedby=\"gallery-1-1081\" srcset=\"https:\/\/antoinelemaire-archi-photo.fr\/wp-content\/uploads\/2018\/08\/AiresMateuschlo\u00e92.jpg 4496w, https:\/\/antoinelemaire-archi-photo.fr\/wp-content\/uploads\/2018\/08\/AiresMateuschlo\u00e92-300x200.jpg 300w, https:\/\/antoinelemaire-archi-photo.fr\/wp-content\/uploads\/2018\/08\/AiresMateuschlo\u00e92-768x512.jpg 768w, https:\/\/antoinelemaire-archi-photo.fr\/wp-content\/uploads\/2018\/08\/AiresMateuschlo\u00e92-1024x683.jpg 1024w, https:\/\/antoinelemaire-archi-photo.fr\/wp-content\/uploads\/2018\/08\/AiresMateuschlo\u00e92-1240x827.jpg 1240w, https:\/\/antoinelemaire-archi-photo.fr\/wp-content\/uploads\/2018\/08\/AiresMateuschlo\u00e92-508x339.jpg 508w\" sizes=\"auto, (max-width: 4496px) 100vw, 4496px\" \/><\/a>\n\t\t\t<\/dt>\n\t\t\t\t<dd class='wp-caption-text gallery-caption' id='gallery-1-1081'>\n\t\t\t\tNouvelle Universit\u00e9 de Lisbonne par Aires Mateus \n\t\t\t\t<\/dd><\/dl><br style=\"clear: both\" \/><dl class='gallery-item'>\n\t\t\t<dt class='gallery-icon landscape'>\n\t\t\t\t<a href='https:\/\/antoinelemaire-archi-photo.fr\/index.php\/2018\/08\/02\/un-voyage-a-lisbonne-antoine-lemaire\/airesmateusgeometry\/'><img loading=\"lazy\" decoding=\"async\" width=\"4243\" height=\"2843\" src=\"https:\/\/antoinelemaire-archi-photo.fr\/wp-content\/uploads\/2018\/08\/AiresMateusGEOMETRY.jpg\" class=\"attachment-full size-full\" alt=\"Nouvelle Universit\u00e9 de Lisbonne par Aires Mateus\" aria-describedby=\"gallery-1-1082\" srcset=\"https:\/\/antoinelemaire-archi-photo.fr\/wp-content\/uploads\/2018\/08\/AiresMateusGEOMETRY.jpg 4243w, https:\/\/antoinelemaire-archi-photo.fr\/wp-content\/uploads\/2018\/08\/AiresMateusGEOMETRY-300x201.jpg 300w, https:\/\/antoinelemaire-archi-photo.fr\/wp-content\/uploads\/2018\/08\/AiresMateusGEOMETRY-768x515.jpg 768w, https:\/\/antoinelemaire-archi-photo.fr\/wp-content\/uploads\/2018\/08\/AiresMateusGEOMETRY-1024x686.jpg 1024w, https:\/\/antoinelemaire-archi-photo.fr\/wp-content\/uploads\/2018\/08\/AiresMateusGEOMETRY-1240x831.jpg 1240w, https:\/\/antoinelemaire-archi-photo.fr\/wp-content\/uploads\/2018\/08\/AiresMateusGEOMETRY-508x340.jpg 508w\" sizes=\"auto, (max-width: 4243px) 100vw, 4243px\" \/><\/a>\n\t\t\t<\/dt>\n\t\t\t\t<dd class='wp-caption-text gallery-caption' id='gallery-1-1082'>\n\t\t\t\tNouvelle Universit\u00e9 de Lisbonne par Aires Mateus \n\t\t\t\t<\/dd><\/dl><br style=\"clear: both\" \/><dl class='gallery-item'>\n\t\t\t<dt class='gallery-icon landscape'>\n\t\t\t\t<a href='https:\/\/antoinelemaire-archi-photo.fr\/index.php\/2018\/08\/02\/un-voyage-a-lisbonne-antoine-lemaire\/airesmateusplane\/'><img loading=\"lazy\" decoding=\"async\" width=\"4435\" height=\"2853\" src=\"https:\/\/antoinelemaire-archi-photo.fr\/wp-content\/uploads\/2018\/08\/AiresMateusPlane.jpg\" class=\"attachment-full size-full\" alt=\"Nouvelle Universit\u00e9 de Lisbonne par Aires Mateus\" aria-describedby=\"gallery-1-1084\" srcset=\"https:\/\/antoinelemaire-archi-photo.fr\/wp-content\/uploads\/2018\/08\/AiresMateusPlane.jpg 4435w, https:\/\/antoinelemaire-archi-photo.fr\/wp-content\/uploads\/2018\/08\/AiresMateusPlane-300x193.jpg 300w, https:\/\/antoinelemaire-archi-photo.fr\/wp-content\/uploads\/2018\/08\/AiresMateusPlane-768x494.jpg 768w, https:\/\/antoinelemaire-archi-photo.fr\/wp-content\/uploads\/2018\/08\/AiresMateusPlane-1024x659.jpg 1024w, https:\/\/antoinelemaire-archi-photo.fr\/wp-content\/uploads\/2018\/08\/AiresMateusPlane-1240x798.jpg 1240w, https:\/\/antoinelemaire-archi-photo.fr\/wp-content\/uploads\/2018\/08\/AiresMateusPlane-508x327.jpg 508w\" sizes=\"auto, (max-width: 4435px) 100vw, 4435px\" \/><\/a>\n\t\t\t<\/dt>\n\t\t\t\t<dd class='wp-caption-text gallery-caption' id='gallery-1-1084'>\n\t\t\t\tNouvelle Universit\u00e9 de Lisbonne par Aires Mateus \n\t\t\t\t<\/dd><\/dl><br style=\"clear: both\" \/><dl class='gallery-item'>\n\t\t\t<dt class='gallery-icon landscape'>\n\t\t\t\t<a href='https:\/\/antoinelemaire-archi-photo.fr\/index.php\/2018\/08\/02\/un-voyage-a-lisbonne-antoine-lemaire\/fullsizeoutput_7a1\/'><img loading=\"lazy\" decoding=\"async\" width=\"4366\" height=\"2913\" src=\"https:\/\/antoinelemaire-archi-photo.fr\/wp-content\/uploads\/2018\/08\/fullsizeoutput_7a1.jpeg\" class=\"attachment-full size-full\" alt=\"Gare de Oriente\" aria-describedby=\"gallery-1-610\" srcset=\"https:\/\/antoinelemaire-archi-photo.fr\/wp-content\/uploads\/2018\/08\/fullsizeoutput_7a1.jpeg 4366w, https:\/\/antoinelemaire-archi-photo.fr\/wp-content\/uploads\/2018\/08\/fullsizeoutput_7a1-300x200.jpeg 300w, https:\/\/antoinelemaire-archi-photo.fr\/wp-content\/uploads\/2018\/08\/fullsizeoutput_7a1-768x512.jpeg 768w, https:\/\/antoinelemaire-archi-photo.fr\/wp-content\/uploads\/2018\/08\/fullsizeoutput_7a1-1024x683.jpeg 1024w, https:\/\/antoinelemaire-archi-photo.fr\/wp-content\/uploads\/2018\/08\/fullsizeoutput_7a1-750x500.jpeg 750w\" sizes=\"auto, (max-width: 4366px) 100vw, 4366px\" \/><\/a>\n\t\t\t<\/dt>\n\t\t\t\t<dd class='wp-caption-text gallery-caption' id='gallery-1-610'>\n\t\t\t\tGare de Oriente , Santiago Calatrava\n\t\t\t\t<\/dd><\/dl><br style=\"clear: both\" \/><dl class='gallery-item'>\n\t\t\t<dt class='gallery-icon landscape'>\n\t\t\t\t<a href='https:\/\/antoinelemaire-archi-photo.fr\/index.php\/2018\/08\/02\/un-voyage-a-lisbonne-antoine-lemaire\/calatravagare4-2\/'><img loading=\"lazy\" decoding=\"async\" width=\"4496\" height=\"3000\" src=\"https:\/\/antoinelemaire-archi-photo.fr\/wp-content\/uploads\/2018\/08\/CALATRAVAGARE4-1.jpg\" class=\"attachment-full size-full\" alt=\"Gare de Oriente , Santiago Calatrava\" aria-describedby=\"gallery-1-1086\" srcset=\"https:\/\/antoinelemaire-archi-photo.fr\/wp-content\/uploads\/2018\/08\/CALATRAVAGARE4-1.jpg 4496w, https:\/\/antoinelemaire-archi-photo.fr\/wp-content\/uploads\/2018\/08\/CALATRAVAGARE4-1-300x200.jpg 300w, https:\/\/antoinelemaire-archi-photo.fr\/wp-content\/uploads\/2018\/08\/CALATRAVAGARE4-1-768x512.jpg 768w, https:\/\/antoinelemaire-archi-photo.fr\/wp-content\/uploads\/2018\/08\/CALATRAVAGARE4-1-1024x683.jpg 1024w, https:\/\/antoinelemaire-archi-photo.fr\/wp-content\/uploads\/2018\/08\/CALATRAVAGARE4-1-1240x827.jpg 1240w, https:\/\/antoinelemaire-archi-photo.fr\/wp-content\/uploads\/2018\/08\/CALATRAVAGARE4-1-508x339.jpg 508w\" sizes=\"auto, (max-width: 4496px) 100vw, 4496px\" \/><\/a>\n\t\t\t<\/dt>\n\t\t\t\t<dd class='wp-caption-text gallery-caption' id='gallery-1-1086'>\n\t\t\t\tGare de Oriente , Santiago Calatrava\n\t\t\t\t<\/dd><\/dl><br style=\"clear: both\" \/><dl class='gallery-item'>\n\t\t\t<dt class='gallery-icon landscape'>\n\t\t\t\t<a href='https:\/\/antoinelemaire-archi-photo.fr\/index.php\/2018\/08\/02\/un-voyage-a-lisbonne-antoine-lemaire\/calatravagare1-2\/'><img loading=\"lazy\" decoding=\"async\" width=\"4496\" height=\"3000\" src=\"https:\/\/antoinelemaire-archi-photo.fr\/wp-content\/uploads\/2018\/08\/CALATRAVAGARE1-1.jpg\" class=\"attachment-full size-full\" alt=\"Gare de Oriente , Santiago Calatrava\" aria-describedby=\"gallery-1-1085\" srcset=\"https:\/\/antoinelemaire-archi-photo.fr\/wp-content\/uploads\/2018\/08\/CALATRAVAGARE1-1.jpg 4496w, https:\/\/antoinelemaire-archi-photo.fr\/wp-content\/uploads\/2018\/08\/CALATRAVAGARE1-1-300x200.jpg 300w, https:\/\/antoinelemaire-archi-photo.fr\/wp-content\/uploads\/2018\/08\/CALATRAVAGARE1-1-768x512.jpg 768w, https:\/\/antoinelemaire-archi-photo.fr\/wp-content\/uploads\/2018\/08\/CALATRAVAGARE1-1-1024x683.jpg 1024w, https:\/\/antoinelemaire-archi-photo.fr\/wp-content\/uploads\/2018\/08\/CALATRAVAGARE1-1-1240x827.jpg 1240w, https:\/\/antoinelemaire-archi-photo.fr\/wp-content\/uploads\/2018\/08\/CALATRAVAGARE1-1-508x339.jpg 508w\" sizes=\"auto, (max-width: 4496px) 100vw, 4496px\" \/><\/a>\n\t\t\t<\/dt>\n\t\t\t\t<dd class='wp-caption-text gallery-caption' id='gallery-1-1085'>\n\t\t\t\tGare de Oriente , Santiago Calatrava\n\t\t\t\t<\/dd><\/dl><br style=\"clear: both\" \/><dl class='gallery-item'>\n\t\t\t<dt class='gallery-icon landscape'>\n\t\t\t\t<a href='https:\/\/antoinelemaire-archi-photo.fr\/index.php\/2018\/08\/02\/un-voyage-a-lisbonne-antoine-lemaire\/calatravagare3-2\/'><img loading=\"lazy\" decoding=\"async\" width=\"4496\" height=\"3000\" src=\"https:\/\/antoinelemaire-archi-photo.fr\/wp-content\/uploads\/2018\/08\/CALATRAVAGARE3-1.jpg\" class=\"attachment-full size-full\" alt=\"Gare de Oriente , Santiago Calatrava\" aria-describedby=\"gallery-1-1087\" srcset=\"https:\/\/antoinelemaire-archi-photo.fr\/wp-content\/uploads\/2018\/08\/CALATRAVAGARE3-1.jpg 4496w, https:\/\/antoinelemaire-archi-photo.fr\/wp-content\/uploads\/2018\/08\/CALATRAVAGARE3-1-300x200.jpg 300w, https:\/\/antoinelemaire-archi-photo.fr\/wp-content\/uploads\/2018\/08\/CALATRAVAGARE3-1-768x512.jpg 768w, https:\/\/antoinelemaire-archi-photo.fr\/wp-content\/uploads\/2018\/08\/CALATRAVAGARE3-1-1024x683.jpg 1024w, https:\/\/antoinelemaire-archi-photo.fr\/wp-content\/uploads\/2018\/08\/CALATRAVAGARE3-1-1240x827.jpg 1240w, https:\/\/antoinelemaire-archi-photo.fr\/wp-content\/uploads\/2018\/08\/CALATRAVAGARE3-1-508x339.jpg 508w\" sizes=\"auto, (max-width: 4496px) 100vw, 4496px\" \/><\/a>\n\t\t\t<\/dt>\n\t\t\t\t<dd class='wp-caption-text gallery-caption' id='gallery-1-1087'>\n\t\t\t\tGare de Oriente , Santiago Calatrava\n\t\t\t\t<\/dd><\/dl><br style=\"clear: both\" \/>\n\t\t<\/div>\n\n<p>&nbsp;<\/p>\n","protected":false},"excerpt":{"rendered":"<p>Nuances d&rsquo;un voyage architectural \u00e0 lisbonne &nbsp; Ce voyage \u00e0 Lisbonne a \u00e9t\u00e9 \u00a0l&rsquo;occasion de visiter une ville avec une histoire ancienne. Cette ville, elle est riche par cette cohabitation ds styles anciens et des styles modernes. On peut autant trouver une architecture vernaculaire et visiter de nombreuses interventions architecturales modernes. Ce voyage \u00e0 Lisbonne [&hellip;]<\/p>\n","protected":false},"author":1,"featured_media":608,"comment_status":"open","ping_status":"open","sticky":false,"template":"","format":"standard","meta":{"_monsterinsights_skip_tracking":false,"_monsterinsights_sitenote_active":false,"_monsterinsights_sitenote_note":"","_monsterinsights_sitenote_category":0,"footnotes":""},"categories":[20],"tags":[],"class_list":["post-590","post","type-post","status-publish","format-standard","has-post-thumbnail","hentry","category-photographie"],"_links":{"self":[{"href":"https:\/\/antoinelemaire-archi-photo.fr\/index.php\/wp-json\/wp\/v2\/posts\/590","targetHints":{"allow":["GET"]}}],"collection":[{"href":"https:\/\/antoinelemaire-archi-photo.fr\/index.php\/wp-json\/wp\/v2\/posts"}],"about":[{"href":"https:\/\/antoinelemaire-archi-photo.fr\/index.php\/wp-json\/wp\/v2\/types\/post"}],"author":[{"embeddable":true,"href":"https:\/\/antoinelemaire-archi-photo.fr\/index.php\/wp-json\/wp\/v2\/users\/1"}],"replies":[{"embeddable":true,"href":"https:\/\/antoinelemaire-archi-photo.fr\/index.php\/wp-json\/wp\/v2\/comments?post=590"}],"version-history":[{"count":5,"href":"https:\/\/antoinelemaire-archi-photo.fr\/index.php\/wp-json\/wp\/v2\/posts\/590\/revisions"}],"predecessor-version":[{"id":1104,"href":"https:\/\/antoinelemaire-archi-photo.fr\/index.php\/wp-json\/wp\/v2\/posts\/590\/revisions\/1104"}],"wp:featuredmedia":[{"embeddable":true,"href":"https:\/\/antoinelemaire-archi-photo.fr\/index.php\/wp-json\/wp\/v2\/media\/608"}],"wp:attachment":[{"href":"https:\/\/antoinelemaire-archi-photo.fr\/index.php\/wp-json\/wp\/v2\/media?parent=590"}],"wp:term":[{"taxonomy":"category","embeddable":true,"href":"https:\/\/antoinelemaire-archi-photo.fr\/index.php\/wp-json\/wp\/v2\/categories?post=590"},{"taxonomy":"post_tag","embeddable":true,"href":"https:\/\/antoinelemaire-archi-photo.fr\/index.php\/wp-json\/wp\/v2\/tags?post=590"}],"curies":[{"name":"wp","href":"https:\/\/api.w.org\/{rel}","templated":true}]}}