{"id":543,"date":"2018-07-22T16:14:13","date_gmt":"2018-07-22T14:14:13","guid":{"rendered":"http:\/\/antoinelemaire-archi-photo.fr\/?p=543"},"modified":"2020-10-09T00:32:26","modified_gmt":"2020-10-08T22:32:26","slug":"feu","status":"publish","type":"post","link":"https:\/\/antoinelemaire-archi-photo.fr\/index.php\/2018\/07\/22\/feu\/","title":{"rendered":"Point G\u00e9ographique I Latitude : 46.307360  &#8211;  Longitude : 4.793242"},"content":{"rendered":"<h1 style=\"text-align: center;\">nuances de lumi\u00e8res<\/h1>\n<h3 style=\"text-align: center;\">Feu d&rsquo;artifice de Charnay-L\u00e8s-M\u00e2con<\/h3>\n<p style=\"text-align: center;\">\n<p>S\u00e9rie photographique r\u00e9alis\u00e9e un soir d&rsquo;\u00e9t\u00e9 du 14 juillet \u00e0 Charnay-L\u00e8s-M\u00e2con.<\/p>\n<p>&nbsp;<\/p>\n\n\t\t<style type=\"text\/css\">\n\t\t\t#gallery-1 {\n\t\t\t\tmargin: auto;\n\t\t\t}\n\t\t\t#gallery-1 .gallery-item {\n\t\t\t\tfloat: left;\n\t\t\t\tmargin-top: 10px;\n\t\t\t\ttext-align: center;\n\t\t\t\twidth: 100%;\n\t\t\t}\n\t\t\t#gallery-1 img {\n\t\t\t\tborder: 2px solid #cfcfcf;\n\t\t\t}\n\t\t\t#gallery-1 .gallery-caption {\n\t\t\t\tmargin-left: 0;\n\t\t\t}\n\t\t\t\/* see gallery_shortcode() in wp-includes\/media.php *\/\n\t\t<\/style>\n\t\t<div id='gallery-1' class='gallery galleryid-543 gallery-columns-1 gallery-size-large'><dl class='gallery-item'>\n\t\t\t<dt class='gallery-icon portrait'>\n\t\t\t\t<a href='https:\/\/antoinelemaire-archi-photo.fr\/index.php\/2018\/07\/22\/feu\/dsc_0939\/'><img loading=\"lazy\" decoding=\"async\" width=\"600\" height=\"900\" src=\"https:\/\/antoinelemaire-archi-photo.fr\/wp-content\/uploads\/2018\/07\/DSC_0939-683x1024.jpg\" class=\"attachment-large size-large\" alt=\"Feu d&#039;artifice de Charnay-l\u00e8s-M\u00e2con\" aria-describedby=\"gallery-1-567\" srcset=\"https:\/\/antoinelemaire-archi-photo.fr\/wp-content\/uploads\/2018\/07\/DSC_0939-683x1024.jpg 683w, https:\/\/antoinelemaire-archi-photo.fr\/wp-content\/uploads\/2018\/07\/DSC_0939-200x300.jpg 200w, https:\/\/antoinelemaire-archi-photo.fr\/wp-content\/uploads\/2018\/07\/DSC_0939-768x1151.jpg 768w\" sizes=\"auto, (max-width: 600px) 100vw, 600px\" \/><\/a>\n\t\t\t<\/dt>\n\t\t\t\t<dd class='wp-caption-text gallery-caption' id='gallery-1-567'>\n\t\t\t\tFeu d&rsquo;artifice de Charnay-l\u00e8s-M\u00e2con\n\t\t\t\t<\/dd><\/dl><br style=\"clear: both\" \/><dl class='gallery-item'>\n\t\t\t<dt class='gallery-icon portrait'>\n\t\t\t\t<a href='https:\/\/antoinelemaire-archi-photo.fr\/index.php\/2018\/07\/22\/feu\/dsc_0940\/'><img loading=\"lazy\" decoding=\"async\" width=\"600\" height=\"900\" src=\"https:\/\/antoinelemaire-archi-photo.fr\/wp-content\/uploads\/2018\/07\/DSC_0940-683x1024.jpg\" class=\"attachment-large size-large\" alt=\"Feu d&#039;artifice de Charnay-l\u00e8s-M\u00e2con\" aria-describedby=\"gallery-1-568\" srcset=\"https:\/\/antoinelemaire-archi-photo.fr\/wp-content\/uploads\/2018\/07\/DSC_0940-683x1024.jpg 683w, https:\/\/antoinelemaire-archi-photo.fr\/wp-content\/uploads\/2018\/07\/DSC_0940-200x300.jpg 200w, https:\/\/antoinelemaire-archi-photo.fr\/wp-content\/uploads\/2018\/07\/DSC_0940-768x1151.jpg 768w\" sizes=\"auto, (max-width: 600px) 100vw, 600px\" \/><\/a>\n\t\t\t<\/dt>\n\t\t\t\t<dd class='wp-caption-text gallery-caption' id='gallery-1-568'>\n\t\t\t\tFeu d&rsquo;artifice de Charnay-l\u00e8s-M\u00e2con\n\t\t\t\t<\/dd><\/dl><br style=\"clear: both\" \/><dl class='gallery-item'>\n\t\t\t<dt class='gallery-icon landscape'>\n\t\t\t\t<a href='https:\/\/antoinelemaire-archi-photo.fr\/index.php\/2018\/07\/22\/feu\/dsc_0952\/'><img loading=\"lazy\" decoding=\"async\" width=\"600\" height=\"600\" src=\"https:\/\/antoinelemaire-archi-photo.fr\/wp-content\/uploads\/2018\/07\/DSC_0952-1024x1024.jpg\" class=\"attachment-large size-large\" alt=\"Feu d&#039;artifice de Charnay-l\u00e8s-M\u00e2con\" aria-describedby=\"gallery-1-569\" srcset=\"https:\/\/antoinelemaire-archi-photo.fr\/wp-content\/uploads\/2018\/07\/DSC_0952-1024x1024.jpg 1024w, https:\/\/antoinelemaire-archi-photo.fr\/wp-content\/uploads\/2018\/07\/DSC_0952-150x150.jpg 150w, https:\/\/antoinelemaire-archi-photo.fr\/wp-content\/uploads\/2018\/07\/DSC_0952-300x300.jpg 300w, https:\/\/antoinelemaire-archi-photo.fr\/wp-content\/uploads\/2018\/07\/DSC_0952-768x768.jpg 768w, https:\/\/antoinelemaire-archi-photo.fr\/wp-content\/uploads\/2018\/07\/DSC_0952-500x500.jpg 500w\" sizes=\"auto, (max-width: 600px) 100vw, 600px\" \/><\/a>\n\t\t\t<\/dt>\n\t\t\t\t<dd class='wp-caption-text gallery-caption' id='gallery-1-569'>\n\t\t\t\tFeu d&rsquo;artifice de Charnay-l\u00e8s-M\u00e2con\n\t\t\t\t<\/dd><\/dl><br style=\"clear: both\" \/><dl class='gallery-item'>\n\t\t\t<dt class='gallery-icon portrait'>\n\t\t\t\t<a href='https:\/\/antoinelemaire-archi-photo.fr\/index.php\/2018\/07\/22\/feu\/dsc_0934\/'><img loading=\"lazy\" decoding=\"async\" width=\"600\" height=\"900\" src=\"https:\/\/antoinelemaire-archi-photo.fr\/wp-content\/uploads\/2018\/07\/DSC_0934-683x1024.jpg\" class=\"attachment-large size-large\" alt=\"Feu d&#039;artifice de Charnay-l\u00e8s-M\u00e2con\" aria-describedby=\"gallery-1-570\" srcset=\"https:\/\/antoinelemaire-archi-photo.fr\/wp-content\/uploads\/2018\/07\/DSC_0934-683x1024.jpg 683w, https:\/\/antoinelemaire-archi-photo.fr\/wp-content\/uploads\/2018\/07\/DSC_0934-200x300.jpg 200w, https:\/\/antoinelemaire-archi-photo.fr\/wp-content\/uploads\/2018\/07\/DSC_0934-768x1151.jpg 768w\" sizes=\"auto, (max-width: 600px) 100vw, 600px\" \/><\/a>\n\t\t\t<\/dt>\n\t\t\t\t<dd class='wp-caption-text gallery-caption' id='gallery-1-570'>\n\t\t\t\tFeu d&rsquo;artifice de Charnay-l\u00e8s-M\u00e2con\n\t\t\t\t<\/dd><\/dl><br style=\"clear: both\" \/><dl class='gallery-item'>\n\t\t\t<dt class='gallery-icon landscape'>\n\t\t\t\t<a href='https:\/\/antoinelemaire-archi-photo.fr\/index.php\/2018\/07\/22\/feu\/dsc_0935\/'><img loading=\"lazy\" decoding=\"async\" width=\"600\" height=\"600\" src=\"https:\/\/antoinelemaire-archi-photo.fr\/wp-content\/uploads\/2018\/07\/DSC_0935-1024x1024.jpg\" class=\"attachment-large size-large\" alt=\"Feu d&#039;artifice de Charnay-l\u00e8s-M\u00e2con\" aria-describedby=\"gallery-1-571\" srcset=\"https:\/\/antoinelemaire-archi-photo.fr\/wp-content\/uploads\/2018\/07\/DSC_0935-1024x1024.jpg 1024w, https:\/\/antoinelemaire-archi-photo.fr\/wp-content\/uploads\/2018\/07\/DSC_0935-150x150.jpg 150w, https:\/\/antoinelemaire-archi-photo.fr\/wp-content\/uploads\/2018\/07\/DSC_0935-300x300.jpg 300w, https:\/\/antoinelemaire-archi-photo.fr\/wp-content\/uploads\/2018\/07\/DSC_0935-768x768.jpg 768w, https:\/\/antoinelemaire-archi-photo.fr\/wp-content\/uploads\/2018\/07\/DSC_0935-500x500.jpg 500w\" sizes=\"auto, (max-width: 600px) 100vw, 600px\" \/><\/a>\n\t\t\t<\/dt>\n\t\t\t\t<dd class='wp-caption-text gallery-caption' id='gallery-1-571'>\n\t\t\t\tFeu d&rsquo;artifice de Charnay-l\u00e8s-M\u00e2con\n\t\t\t\t<\/dd><\/dl><br style=\"clear: both\" \/><dl class='gallery-item'>\n\t\t\t<dt class='gallery-icon landscape'>\n\t\t\t\t<a href='https:\/\/antoinelemaire-archi-photo.fr\/index.php\/2018\/07\/22\/feu\/dsc_0936\/'><img loading=\"lazy\" decoding=\"async\" width=\"600\" height=\"600\" src=\"https:\/\/antoinelemaire-archi-photo.fr\/wp-content\/uploads\/2018\/07\/DSC_0936-1024x1024.jpg\" class=\"attachment-large size-large\" alt=\"Feu d&#039;artifice de Charnay-l\u00e8s-M\u00e2con\" aria-describedby=\"gallery-1-572\" srcset=\"https:\/\/antoinelemaire-archi-photo.fr\/wp-content\/uploads\/2018\/07\/DSC_0936-1024x1024.jpg 1024w, https:\/\/antoinelemaire-archi-photo.fr\/wp-content\/uploads\/2018\/07\/DSC_0936-150x150.jpg 150w, https:\/\/antoinelemaire-archi-photo.fr\/wp-content\/uploads\/2018\/07\/DSC_0936-300x300.jpg 300w, https:\/\/antoinelemaire-archi-photo.fr\/wp-content\/uploads\/2018\/07\/DSC_0936-768x768.jpg 768w, https:\/\/antoinelemaire-archi-photo.fr\/wp-content\/uploads\/2018\/07\/DSC_0936-500x500.jpg 500w\" sizes=\"auto, (max-width: 600px) 100vw, 600px\" \/><\/a>\n\t\t\t<\/dt>\n\t\t\t\t<dd class='wp-caption-text gallery-caption' id='gallery-1-572'>\n\t\t\t\tFeu d&rsquo;artifice de Charnay-l\u00e8s-M\u00e2con\n\t\t\t\t<\/dd><\/dl><br style=\"clear: both\" \/><dl class='gallery-item'>\n\t\t\t<dt class='gallery-icon portrait'>\n\t\t\t\t<a href='https:\/\/antoinelemaire-archi-photo.fr\/index.php\/2018\/07\/22\/feu\/dsc_0938\/'><img loading=\"lazy\" decoding=\"async\" width=\"600\" height=\"900\" src=\"https:\/\/antoinelemaire-archi-photo.fr\/wp-content\/uploads\/2018\/07\/DSC_0938-683x1024.jpg\" class=\"attachment-large size-large\" alt=\"Feu d&#039;artifice de Charnay-l\u00e8s-M\u00e2con\" aria-describedby=\"gallery-1-573\" srcset=\"https:\/\/antoinelemaire-archi-photo.fr\/wp-content\/uploads\/2018\/07\/DSC_0938-683x1024.jpg 683w, https:\/\/antoinelemaire-archi-photo.fr\/wp-content\/uploads\/2018\/07\/DSC_0938-200x300.jpg 200w, https:\/\/antoinelemaire-archi-photo.fr\/wp-content\/uploads\/2018\/07\/DSC_0938-768x1151.jpg 768w\" sizes=\"auto, (max-width: 600px) 100vw, 600px\" \/><\/a>\n\t\t\t<\/dt>\n\t\t\t\t<dd class='wp-caption-text gallery-caption' id='gallery-1-573'>\n\t\t\t\tFeu d&rsquo;artifice de Charnay-l\u00e8s-M\u00e2con\n\t\t\t\t<\/dd><\/dl><br style=\"clear: both\" \/><dl class='gallery-item'>\n\t\t\t<dt class='gallery-icon portrait'>\n\t\t\t\t<a href='https:\/\/antoinelemaire-archi-photo.fr\/index.php\/2018\/07\/22\/feu\/dsc_0931\/'><img loading=\"lazy\" decoding=\"async\" width=\"600\" height=\"900\" src=\"https:\/\/antoinelemaire-archi-photo.fr\/wp-content\/uploads\/2018\/07\/DSC_0931-683x1024.jpg\" class=\"attachment-large size-large\" alt=\"Feu d&#039;artifice de Charnay-l\u00e8s-M\u00e2con\" aria-describedby=\"gallery-1-574\" srcset=\"https:\/\/antoinelemaire-archi-photo.fr\/wp-content\/uploads\/2018\/07\/DSC_0931-683x1024.jpg 683w, https:\/\/antoinelemaire-archi-photo.fr\/wp-content\/uploads\/2018\/07\/DSC_0931-200x300.jpg 200w, https:\/\/antoinelemaire-archi-photo.fr\/wp-content\/uploads\/2018\/07\/DSC_0931-768x1151.jpg 768w\" sizes=\"auto, (max-width: 600px) 100vw, 600px\" \/><\/a>\n\t\t\t<\/dt>\n\t\t\t\t<dd class='wp-caption-text gallery-caption' id='gallery-1-574'>\n\t\t\t\tFeu d&rsquo;artifice de Charnay-l\u00e8s-M\u00e2con\n\t\t\t\t<\/dd><\/dl><br style=\"clear: both\" \/><dl class='gallery-item'>\n\t\t\t<dt class='gallery-icon portrait'>\n\t\t\t\t<a href='https:\/\/antoinelemaire-archi-photo.fr\/index.php\/2018\/07\/22\/feu\/dsc_0932\/'><img loading=\"lazy\" decoding=\"async\" width=\"600\" height=\"900\" src=\"https:\/\/antoinelemaire-archi-photo.fr\/wp-content\/uploads\/2018\/07\/DSC_0932-683x1024.jpg\" class=\"attachment-large size-large\" alt=\"Feu d&#039;artifice de Charnay-l\u00e8s-M\u00e2con\" aria-describedby=\"gallery-1-575\" srcset=\"https:\/\/antoinelemaire-archi-photo.fr\/wp-content\/uploads\/2018\/07\/DSC_0932-683x1024.jpg 683w, https:\/\/antoinelemaire-archi-photo.fr\/wp-content\/uploads\/2018\/07\/DSC_0932-200x300.jpg 200w, https:\/\/antoinelemaire-archi-photo.fr\/wp-content\/uploads\/2018\/07\/DSC_0932-768x1151.jpg 768w\" sizes=\"auto, (max-width: 600px) 100vw, 600px\" \/><\/a>\n\t\t\t<\/dt>\n\t\t\t\t<dd class='wp-caption-text gallery-caption' id='gallery-1-575'>\n\t\t\t\tFeu d&rsquo;artifice de Charnay-l\u00e8s-M\u00e2con\n\t\t\t\t<\/dd><\/dl><br style=\"clear: both\" \/><dl class='gallery-item'>\n\t\t\t<dt class='gallery-icon landscape'>\n\t\t\t\t<a href='https:\/\/antoinelemaire-archi-photo.fr\/index.php\/2018\/07\/22\/feu\/dsc_0928-copie\/'><img loading=\"lazy\" decoding=\"async\" width=\"600\" height=\"600\" src=\"https:\/\/antoinelemaire-archi-photo.fr\/wp-content\/uploads\/2018\/07\/DSC_0928-copie-1024x1024.jpg\" class=\"attachment-large size-large\" alt=\"Feu d&#039;artifice de Charnay-l\u00e8s-M\u00e2con\" aria-describedby=\"gallery-1-576\" srcset=\"https:\/\/antoinelemaire-archi-photo.fr\/wp-content\/uploads\/2018\/07\/DSC_0928-copie-1024x1024.jpg 1024w, https:\/\/antoinelemaire-archi-photo.fr\/wp-content\/uploads\/2018\/07\/DSC_0928-copie-150x150.jpg 150w, https:\/\/antoinelemaire-archi-photo.fr\/wp-content\/uploads\/2018\/07\/DSC_0928-copie-300x300.jpg 300w, https:\/\/antoinelemaire-archi-photo.fr\/wp-content\/uploads\/2018\/07\/DSC_0928-copie-768x768.jpg 768w, https:\/\/antoinelemaire-archi-photo.fr\/wp-content\/uploads\/2018\/07\/DSC_0928-copie-500x500.jpg 500w\" sizes=\"auto, (max-width: 600px) 100vw, 600px\" \/><\/a>\n\t\t\t<\/dt>\n\t\t\t\t<dd class='wp-caption-text gallery-caption' id='gallery-1-576'>\n\t\t\t\tFeu d&rsquo;artifice de Charnay-l\u00e8s-M\u00e2con\n\t\t\t\t<\/dd><\/dl><br style=\"clear: both\" \/><dl class='gallery-item'>\n\t\t\t<dt class='gallery-icon landscape'>\n\t\t\t\t<a href='https:\/\/antoinelemaire-archi-photo.fr\/index.php\/2018\/07\/22\/feu\/dsc_0853\/'><img loading=\"lazy\" decoding=\"async\" width=\"600\" height=\"600\" src=\"https:\/\/antoinelemaire-archi-photo.fr\/wp-content\/uploads\/2018\/07\/DSC_0853-1024x1024.jpg\" class=\"attachment-large size-large\" alt=\"Feu d&#039;artifice de Charnay-l\u00e8s-M\u00e2con\" aria-describedby=\"gallery-1-577\" srcset=\"https:\/\/antoinelemaire-archi-photo.fr\/wp-content\/uploads\/2018\/07\/DSC_0853-1024x1024.jpg 1024w, https:\/\/antoinelemaire-archi-photo.fr\/wp-content\/uploads\/2018\/07\/DSC_0853-150x150.jpg 150w, https:\/\/antoinelemaire-archi-photo.fr\/wp-content\/uploads\/2018\/07\/DSC_0853-300x300.jpg 300w, https:\/\/antoinelemaire-archi-photo.fr\/wp-content\/uploads\/2018\/07\/DSC_0853-768x768.jpg 768w, https:\/\/antoinelemaire-archi-photo.fr\/wp-content\/uploads\/2018\/07\/DSC_0853-500x500.jpg 500w, https:\/\/antoinelemaire-archi-photo.fr\/wp-content\/uploads\/2018\/07\/DSC_0853.jpg 1449w\" sizes=\"auto, (max-width: 600px) 100vw, 600px\" \/><\/a>\n\t\t\t<\/dt>\n\t\t\t\t<dd class='wp-caption-text gallery-caption' id='gallery-1-577'>\n\t\t\t\tFeu d&rsquo;artifice de Charnay-l\u00e8s-M\u00e2con\n\t\t\t\t<\/dd><\/dl><br style=\"clear: both\" \/><dl class='gallery-item'>\n\t\t\t<dt class='gallery-icon landscape'>\n\t\t\t\t<a href='https:\/\/antoinelemaire-archi-photo.fr\/index.php\/2018\/07\/22\/feu\/attachment\/578\/'><img loading=\"lazy\" decoding=\"async\" width=\"600\" height=\"600\" src=\"https:\/\/antoinelemaire-archi-photo.fr\/wp-content\/uploads\/2018\/07\/unnamed-file-1024x1024.jpg\" class=\"attachment-large size-large\" alt=\"Feu d&#039;artifice de Charnay-l\u00e8s-M\u00e2con\" aria-describedby=\"gallery-1-578\" srcset=\"https:\/\/antoinelemaire-archi-photo.fr\/wp-content\/uploads\/2018\/07\/unnamed-file-1024x1024.jpg 1024w, https:\/\/antoinelemaire-archi-photo.fr\/wp-content\/uploads\/2018\/07\/unnamed-file-150x150.jpg 150w, https:\/\/antoinelemaire-archi-photo.fr\/wp-content\/uploads\/2018\/07\/unnamed-file-300x300.jpg 300w, https:\/\/antoinelemaire-archi-photo.fr\/wp-content\/uploads\/2018\/07\/unnamed-file-768x768.jpg 768w, https:\/\/antoinelemaire-archi-photo.fr\/wp-content\/uploads\/2018\/07\/unnamed-file-500x500.jpg 500w\" sizes=\"auto, (max-width: 600px) 100vw, 600px\" \/><\/a>\n\t\t\t<\/dt>\n\t\t\t\t<dd class='wp-caption-text gallery-caption' id='gallery-1-578'>\n\t\t\t\tFeu d&rsquo;artifice de Charnay-l\u00e8s-M\u00e2con\n\t\t\t\t<\/dd><\/dl><br style=\"clear: both\" \/><dl class='gallery-item'>\n\t\t\t<dt class='gallery-icon landscape'>\n\t\t\t\t<a href='https:\/\/antoinelemaire-archi-photo.fr\/index.php\/2018\/07\/22\/feu\/dsc_0887\/'><img loading=\"lazy\" decoding=\"async\" width=\"600\" height=\"600\" src=\"https:\/\/antoinelemaire-archi-photo.fr\/wp-content\/uploads\/2018\/07\/DSC_0887-1024x1024.jpg\" class=\"attachment-large size-large\" alt=\"Feu d&#039;artifice de Charnay-l\u00e8s-M\u00e2con\" aria-describedby=\"gallery-1-579\" srcset=\"https:\/\/antoinelemaire-archi-photo.fr\/wp-content\/uploads\/2018\/07\/DSC_0887-1024x1024.jpg 1024w, https:\/\/antoinelemaire-archi-photo.fr\/wp-content\/uploads\/2018\/07\/DSC_0887-150x150.jpg 150w, https:\/\/antoinelemaire-archi-photo.fr\/wp-content\/uploads\/2018\/07\/DSC_0887-300x300.jpg 300w, https:\/\/antoinelemaire-archi-photo.fr\/wp-content\/uploads\/2018\/07\/DSC_0887-768x768.jpg 768w, https:\/\/antoinelemaire-archi-photo.fr\/wp-content\/uploads\/2018\/07\/DSC_0887-500x500.jpg 500w\" sizes=\"auto, (max-width: 600px) 100vw, 600px\" \/><\/a>\n\t\t\t<\/dt>\n\t\t\t\t<dd class='wp-caption-text gallery-caption' id='gallery-1-579'>\n\t\t\t\tFeu d&rsquo;artifice de Charnay-l\u00e8s-M\u00e2con\n\t\t\t\t<\/dd><\/dl><br style=\"clear: both\" \/><dl class='gallery-item'>\n\t\t\t<dt class='gallery-icon landscape'>\n\t\t\t\t<a href='https:\/\/antoinelemaire-archi-photo.fr\/index.php\/2018\/07\/22\/feu\/dsc_0895-copie\/'><img loading=\"lazy\" decoding=\"async\" width=\"600\" height=\"600\" src=\"https:\/\/antoinelemaire-archi-photo.fr\/wp-content\/uploads\/2018\/07\/DSC_0895-copie-1024x1024.jpg\" class=\"attachment-large size-large\" alt=\"Feu d&#039;artifice de Charnay-l\u00e8s-M\u00e2con\" aria-describedby=\"gallery-1-580\" srcset=\"https:\/\/antoinelemaire-archi-photo.fr\/wp-content\/uploads\/2018\/07\/DSC_0895-copie-1024x1024.jpg 1024w, https:\/\/antoinelemaire-archi-photo.fr\/wp-content\/uploads\/2018\/07\/DSC_0895-copie-150x150.jpg 150w, https:\/\/antoinelemaire-archi-photo.fr\/wp-content\/uploads\/2018\/07\/DSC_0895-copie-300x300.jpg 300w, https:\/\/antoinelemaire-archi-photo.fr\/wp-content\/uploads\/2018\/07\/DSC_0895-copie-768x768.jpg 768w, https:\/\/antoinelemaire-archi-photo.fr\/wp-content\/uploads\/2018\/07\/DSC_0895-copie-500x500.jpg 500w\" sizes=\"auto, (max-width: 600px) 100vw, 600px\" \/><\/a>\n\t\t\t<\/dt>\n\t\t\t\t<dd class='wp-caption-text gallery-caption' id='gallery-1-580'>\n\t\t\t\tFeu d&rsquo;artifice de Charnay-l\u00e8s-M\u00e2con\n\t\t\t\t<\/dd><\/dl><br style=\"clear: both\" \/><dl class='gallery-item'>\n\t\t\t<dt class='gallery-icon landscape'>\n\t\t\t\t<a href='https:\/\/antoinelemaire-archi-photo.fr\/index.php\/2018\/07\/22\/feu\/dsc_0825-copie\/'><img loading=\"lazy\" decoding=\"async\" width=\"600\" height=\"600\" src=\"https:\/\/antoinelemaire-archi-photo.fr\/wp-content\/uploads\/2018\/07\/DSC_0825-copie-1024x1024.jpg\" class=\"attachment-large size-large\" alt=\"Feu d&#039;artifice de Charnay-l\u00e8s-M\u00e2con\" aria-describedby=\"gallery-1-581\" srcset=\"https:\/\/antoinelemaire-archi-photo.fr\/wp-content\/uploads\/2018\/07\/DSC_0825-copie-1024x1024.jpg 1024w, https:\/\/antoinelemaire-archi-photo.fr\/wp-content\/uploads\/2018\/07\/DSC_0825-copie-150x150.jpg 150w, https:\/\/antoinelemaire-archi-photo.fr\/wp-content\/uploads\/2018\/07\/DSC_0825-copie-300x300.jpg 300w, https:\/\/antoinelemaire-archi-photo.fr\/wp-content\/uploads\/2018\/07\/DSC_0825-copie-768x768.jpg 768w, https:\/\/antoinelemaire-archi-photo.fr\/wp-content\/uploads\/2018\/07\/DSC_0825-copie-500x500.jpg 500w, https:\/\/antoinelemaire-archi-photo.fr\/wp-content\/uploads\/2018\/07\/DSC_0825-copie.jpg 1763w\" sizes=\"auto, (max-width: 600px) 100vw, 600px\" \/><\/a>\n\t\t\t<\/dt>\n\t\t\t\t<dd class='wp-caption-text gallery-caption' id='gallery-1-581'>\n\t\t\t\tFeu d&rsquo;artifice de Charnay-l\u00e8s-M\u00e2con\n\t\t\t\t<\/dd><\/dl><br style=\"clear: both\" \/><dl class='gallery-item'>\n\t\t\t<dt class='gallery-icon portrait'>\n\t\t\t\t<a href='https:\/\/antoinelemaire-archi-photo.fr\/index.php\/2018\/07\/22\/feu\/dsc_0839-copie\/'><img loading=\"lazy\" decoding=\"async\" width=\"600\" height=\"600\" src=\"https:\/\/antoinelemaire-archi-photo.fr\/wp-content\/uploads\/2018\/07\/DSC_0839-copie-1024x1024.jpg\" class=\"attachment-large size-large\" alt=\"Feu d&#039;artifice de Charnay-l\u00e8s-M\u00e2con\" aria-describedby=\"gallery-1-582\" srcset=\"https:\/\/antoinelemaire-archi-photo.fr\/wp-content\/uploads\/2018\/07\/DSC_0839-copie-1024x1024.jpg 1024w, https:\/\/antoinelemaire-archi-photo.fr\/wp-content\/uploads\/2018\/07\/DSC_0839-copie-150x150.jpg 150w, https:\/\/antoinelemaire-archi-photo.fr\/wp-content\/uploads\/2018\/07\/DSC_0839-copie-300x300.jpg 300w, https:\/\/antoinelemaire-archi-photo.fr\/wp-content\/uploads\/2018\/07\/DSC_0839-copie-768x768.jpg 768w, https:\/\/antoinelemaire-archi-photo.fr\/wp-content\/uploads\/2018\/07\/DSC_0839-copie-500x500.jpg 500w, https:\/\/antoinelemaire-archi-photo.fr\/wp-content\/uploads\/2018\/07\/DSC_0839-copie.jpg 1700w\" sizes=\"auto, (max-width: 600px) 100vw, 600px\" \/><\/a>\n\t\t\t<\/dt>\n\t\t\t\t<dd class='wp-caption-text gallery-caption' id='gallery-1-582'>\n\t\t\t\tFeu d&rsquo;artifice de Charnay-l\u00e8s-M\u00e2con\n\t\t\t\t<\/dd><\/dl><br style=\"clear: both\" \/><dl class='gallery-item'>\n\t\t\t<dt class='gallery-icon landscape'>\n\t\t\t\t<a href='https:\/\/antoinelemaire-archi-photo.fr\/index.php\/2018\/07\/22\/feu\/dsc_0824\/'><img loading=\"lazy\" decoding=\"async\" width=\"600\" height=\"600\" src=\"https:\/\/antoinelemaire-archi-photo.fr\/wp-content\/uploads\/2018\/07\/DSC_0824-1024x1024.jpg\" class=\"attachment-large size-large\" alt=\"Feu d&#039;artifice de Charnay-l\u00e8s-M\u00e2con\" aria-describedby=\"gallery-1-583\" srcset=\"https:\/\/antoinelemaire-archi-photo.fr\/wp-content\/uploads\/2018\/07\/DSC_0824-1024x1024.jpg 1024w, https:\/\/antoinelemaire-archi-photo.fr\/wp-content\/uploads\/2018\/07\/DSC_0824-150x150.jpg 150w, https:\/\/antoinelemaire-archi-photo.fr\/wp-content\/uploads\/2018\/07\/DSC_0824-300x300.jpg 300w, https:\/\/antoinelemaire-archi-photo.fr\/wp-content\/uploads\/2018\/07\/DSC_0824-768x768.jpg 768w, https:\/\/antoinelemaire-archi-photo.fr\/wp-content\/uploads\/2018\/07\/DSC_0824-500x500.jpg 500w, https:\/\/antoinelemaire-archi-photo.fr\/wp-content\/uploads\/2018\/07\/DSC_0824.jpg 1616w\" sizes=\"auto, (max-width: 600px) 100vw, 600px\" \/><\/a>\n\t\t\t<\/dt>\n\t\t\t\t<dd class='wp-caption-text gallery-caption' id='gallery-1-583'>\n\t\t\t\tFeu d&rsquo;artifice de Charnay-l\u00e8s-M\u00e2con\n\t\t\t\t<\/dd><\/dl><br style=\"clear: both\" \/>\n\t\t<\/div>\n\n","protected":false},"excerpt":{"rendered":"<p>nuances de lumi\u00e8res Feu d&rsquo;artifice de Charnay-L\u00e8s-M\u00e2con S\u00e9rie photographique r\u00e9alis\u00e9e un soir d&rsquo;\u00e9t\u00e9 du 14 juillet \u00e0 Charnay-L\u00e8s-M\u00e2con. &nbsp;<\/p>\n","protected":false},"author":1,"featured_media":583,"comment_status":"open","ping_status":"open","sticky":false,"template":"","format":"standard","meta":{"_monsterinsights_skip_tracking":false,"_monsterinsights_sitenote_active":false,"_monsterinsights_sitenote_note":"","_monsterinsights_sitenote_category":0,"footnotes":""},"categories":[20],"tags":[],"class_list":["post-543","post","type-post","status-publish","format-standard","has-post-thumbnail","hentry","category-photographie"],"_links":{"self":[{"href":"https:\/\/antoinelemaire-archi-photo.fr\/index.php\/wp-json\/wp\/v2\/posts\/543","targetHints":{"allow":["GET"]}}],"collection":[{"href":"https:\/\/antoinelemaire-archi-photo.fr\/index.php\/wp-json\/wp\/v2\/posts"}],"about":[{"href":"https:\/\/antoinelemaire-archi-photo.fr\/index.php\/wp-json\/wp\/v2\/types\/post"}],"author":[{"embeddable":true,"href":"https:\/\/antoinelemaire-archi-photo.fr\/index.php\/wp-json\/wp\/v2\/users\/1"}],"replies":[{"embeddable":true,"href":"https:\/\/antoinelemaire-archi-photo.fr\/index.php\/wp-json\/wp\/v2\/comments?post=543"}],"version-history":[{"count":4,"href":"https:\/\/antoinelemaire-archi-photo.fr\/index.php\/wp-json\/wp\/v2\/posts\/543\/revisions"}],"predecessor-version":[{"id":1123,"href":"https:\/\/antoinelemaire-archi-photo.fr\/index.php\/wp-json\/wp\/v2\/posts\/543\/revisions\/1123"}],"wp:featuredmedia":[{"embeddable":true,"href":"https:\/\/antoinelemaire-archi-photo.fr\/index.php\/wp-json\/wp\/v2\/media\/583"}],"wp:attachment":[{"href":"https:\/\/antoinelemaire-archi-photo.fr\/index.php\/wp-json\/wp\/v2\/media?parent=543"}],"wp:term":[{"taxonomy":"category","embeddable":true,"href":"https:\/\/antoinelemaire-archi-photo.fr\/index.php\/wp-json\/wp\/v2\/categories?post=543"},{"taxonomy":"post_tag","embeddable":true,"href":"https:\/\/antoinelemaire-archi-photo.fr\/index.php\/wp-json\/wp\/v2\/tags?post=543"}],"curies":[{"name":"wp","href":"https:\/\/api.w.org\/{rel}","templated":true}]}}