{"id":510,"date":"2018-07-03T10:41:30","date_gmt":"2018-07-03T08:41:30","guid":{"rendered":"http:\/\/antoinelemaire-archi-photo.fr\/?p=510"},"modified":"2020-10-09T00:27:36","modified_gmt":"2020-10-08T22:27:36","slug":"un-week-end-a-venise-2018-antoine-lemaire","status":"publish","type":"post","link":"https:\/\/antoinelemaire-archi-photo.fr\/index.php\/2018\/07\/03\/un-week-end-a-venise-2018-antoine-lemaire\/","title":{"rendered":"Point G\u00e9ographique I Latitude : 45.429090  &#8211;  Longitude : 12.358176"},"content":{"rendered":"<h1 style=\"text-align: center;\">Nuances urbaines<\/h1>\n<h2 style=\"text-align: center;\">Un voyage architectural \u00e0 Venise<\/h2>\n<p>&nbsp;<\/p>\n<p>Une s\u00e9lection de photos r\u00e9alis\u00e9e \u00e0 Venise pendant la Biennale d&rsquo;Architecture de Venise. J&rsquo;ai pu y d\u00e9couvrir l&rsquo;architecture contemporaine de cette ville flottante. Durant la biennale d&rsquo;Architecture de Venise, de nombreux projets et installations sont visibles. Cela m&rsquo;a donn\u00e9 l&rsquo;opportunit\u00e9 de r\u00e9alis\u00e9 une s\u00e9rie de clich\u00e9 de ces lieux d&rsquo;architecture. Des chapelles du vatican au cimeti\u00e8re de San Michele.<\/p>\n\n\t\t<style type=\"text\/css\">\n\t\t\t#gallery-1 {\n\t\t\t\tmargin: auto;\n\t\t\t}\n\t\t\t#gallery-1 .gallery-item {\n\t\t\t\tfloat: left;\n\t\t\t\tmargin-top: 10px;\n\t\t\t\ttext-align: center;\n\t\t\t\twidth: 100%;\n\t\t\t}\n\t\t\t#gallery-1 img {\n\t\t\t\tborder: 2px solid #cfcfcf;\n\t\t\t}\n\t\t\t#gallery-1 .gallery-caption {\n\t\t\t\tmargin-left: 0;\n\t\t\t}\n\t\t\t\/* see gallery_shortcode() in wp-includes\/media.php *\/\n\t\t<\/style>\n\t\t<div id='gallery-1' class='gallery galleryid-510 gallery-columns-1 gallery-size-full'><dl class='gallery-item'>\n\t\t\t<dt class='gallery-icon landscape'>\n\t\t\t\t<a href='https:\/\/antoinelemaire-archi-photo.fr\/index.php\/2018\/07\/03\/un-week-end-a-venise-2018-antoine-lemaire\/soutodemouraeee\/'><img loading=\"lazy\" decoding=\"async\" width=\"4455\" height=\"2905\" src=\"https:\/\/antoinelemaire-archi-photo.fr\/wp-content\/uploads\/2018\/06\/soutodemoura\u00e9\u00e9\u00e9.jpg\" class=\"attachment-full size-full\" alt=\"Chapelle du Vatican par Eduardo SOUTO DE MOURA\" aria-describedby=\"gallery-1-536\" srcset=\"https:\/\/antoinelemaire-archi-photo.fr\/wp-content\/uploads\/2018\/06\/soutodemoura\u00e9\u00e9\u00e9.jpg 4455w, https:\/\/antoinelemaire-archi-photo.fr\/wp-content\/uploads\/2018\/06\/soutodemoura\u00e9\u00e9\u00e9-300x196.jpg 300w, https:\/\/antoinelemaire-archi-photo.fr\/wp-content\/uploads\/2018\/06\/soutodemoura\u00e9\u00e9\u00e9-768x501.jpg 768w, https:\/\/antoinelemaire-archi-photo.fr\/wp-content\/uploads\/2018\/06\/soutodemoura\u00e9\u00e9\u00e9-1024x668.jpg 1024w, https:\/\/antoinelemaire-archi-photo.fr\/wp-content\/uploads\/2018\/06\/soutodemoura\u00e9\u00e9\u00e9-360x235.jpg 360w\" sizes=\"auto, (max-width: 4455px) 100vw, 4455px\" \/><\/a>\n\t\t\t<\/dt>\n\t\t\t\t<dd class='wp-caption-text gallery-caption' id='gallery-1-536'>\n\t\t\t\tChapelle du Vatican par Eduardo SOUTO DE MOURA\n\t\t\t\t<\/dd><\/dl><br style=\"clear: both\" \/><dl class='gallery-item'>\n\t\t\t<dt class='gallery-icon landscape'>\n\t\t\t\t<a href='https:\/\/antoinelemaire-archi-photo.fr\/index.php\/2018\/07\/03\/un-week-end-a-venise-2018-antoine-lemaire\/soutodemouraee\/'><img loading=\"lazy\" decoding=\"async\" width=\"4496\" height=\"3000\" src=\"https:\/\/antoinelemaire-archi-photo.fr\/wp-content\/uploads\/2018\/06\/soutodemoura\u00e9\u00e9.jpg\" class=\"attachment-full size-full\" alt=\"Chapelle du Vatican par Eduardo SOUTO DE MOURA\" aria-describedby=\"gallery-1-535\" srcset=\"https:\/\/antoinelemaire-archi-photo.fr\/wp-content\/uploads\/2018\/06\/soutodemoura\u00e9\u00e9.jpg 4496w, https:\/\/antoinelemaire-archi-photo.fr\/wp-content\/uploads\/2018\/06\/soutodemoura\u00e9\u00e9-300x200.jpg 300w, https:\/\/antoinelemaire-archi-photo.fr\/wp-content\/uploads\/2018\/06\/soutodemoura\u00e9\u00e9-768x512.jpg 768w, https:\/\/antoinelemaire-archi-photo.fr\/wp-content\/uploads\/2018\/06\/soutodemoura\u00e9\u00e9-1024x683.jpg 1024w, https:\/\/antoinelemaire-archi-photo.fr\/wp-content\/uploads\/2018\/06\/soutodemoura\u00e9\u00e9-750x500.jpg 750w\" sizes=\"auto, (max-width: 4496px) 100vw, 4496px\" \/><\/a>\n\t\t\t<\/dt>\n\t\t\t\t<dd class='wp-caption-text gallery-caption' id='gallery-1-535'>\n\t\t\t\tChapelle du Vatican par Eduardo SOUTO DE MOURA\n\t\t\t\t<\/dd><\/dl><br style=\"clear: both\" \/><dl class='gallery-item'>\n\t\t\t<dt class='gallery-icon landscape'>\n\t\t\t\t<a href='https:\/\/antoinelemaire-archi-photo.fr\/index.php\/2018\/07\/03\/un-week-end-a-venise-2018-antoine-lemaire\/soutodemoura\/'><img loading=\"lazy\" decoding=\"async\" width=\"3529\" height=\"2652\" src=\"https:\/\/antoinelemaire-archi-photo.fr\/wp-content\/uploads\/2018\/06\/SOUTODEMOURA.jpg\" class=\"attachment-full size-full\" alt=\"Chapelle du Vatican par Eduardo SOUTO DE MOURA\" aria-describedby=\"gallery-1-533\" srcset=\"https:\/\/antoinelemaire-archi-photo.fr\/wp-content\/uploads\/2018\/06\/SOUTODEMOURA.jpg 3529w, https:\/\/antoinelemaire-archi-photo.fr\/wp-content\/uploads\/2018\/06\/SOUTODEMOURA-300x225.jpg 300w, https:\/\/antoinelemaire-archi-photo.fr\/wp-content\/uploads\/2018\/06\/SOUTODEMOURA-768x577.jpg 768w, https:\/\/antoinelemaire-archi-photo.fr\/wp-content\/uploads\/2018\/06\/SOUTODEMOURA-1024x770.jpg 1024w\" sizes=\"auto, (max-width: 3529px) 100vw, 3529px\" \/><\/a>\n\t\t\t<\/dt>\n\t\t\t\t<dd class='wp-caption-text gallery-caption' id='gallery-1-533'>\n\t\t\t\tChapelle du Vatican par Eduardo SOUTO DE MOURA\n\t\t\t\t<\/dd><\/dl><br style=\"clear: both\" \/><dl class='gallery-item'>\n\t\t\t<dt class='gallery-icon landscape'>\n\t\t\t\t<a href='https:\/\/antoinelemaire-archi-photo.fr\/index.php\/2018\/07\/03\/un-week-end-a-venise-2018-antoine-lemaire\/souto-de-moura\/'><img loading=\"lazy\" decoding=\"async\" width=\"4118\" height=\"2784\" src=\"https:\/\/antoinelemaire-archi-photo.fr\/wp-content\/uploads\/2018\/06\/souto-de-moura.jpg\" class=\"attachment-full size-full\" alt=\"Chapelle du Vatican par Eduardo SOUTO DE MOURA\" aria-describedby=\"gallery-1-532\" srcset=\"https:\/\/antoinelemaire-archi-photo.fr\/wp-content\/uploads\/2018\/06\/souto-de-moura.jpg 4118w, https:\/\/antoinelemaire-archi-photo.fr\/wp-content\/uploads\/2018\/06\/souto-de-moura-300x203.jpg 300w, https:\/\/antoinelemaire-archi-photo.fr\/wp-content\/uploads\/2018\/06\/souto-de-moura-768x519.jpg 768w, https:\/\/antoinelemaire-archi-photo.fr\/wp-content\/uploads\/2018\/06\/souto-de-moura-1024x692.jpg 1024w\" sizes=\"auto, (max-width: 4118px) 100vw, 4118px\" \/><\/a>\n\t\t\t<\/dt>\n\t\t\t\t<dd class='wp-caption-text gallery-caption' id='gallery-1-532'>\n\t\t\t\tChapelle du Vatican par Eduardo SOUTO DE MOURA\n\t\t\t\t<\/dd><\/dl><br style=\"clear: both\" \/><dl class='gallery-item'>\n\t\t\t<dt class='gallery-icon landscape'>\n\t\t\t\t<a href='https:\/\/antoinelemaire-archi-photo.fr\/index.php\/2018\/07\/03\/un-week-end-a-venise-2018-antoine-lemaire\/dsc_6246-copie\/'><img loading=\"lazy\" decoding=\"async\" width=\"4288\" height=\"3000\" src=\"https:\/\/antoinelemaire-archi-photo.fr\/wp-content\/uploads\/2018\/06\/DSC_6246-copie.jpg\" class=\"attachment-full size-full\" alt=\"Pavillon des Pays Nordiques Sver FEHN\" aria-describedby=\"gallery-1-524\" srcset=\"https:\/\/antoinelemaire-archi-photo.fr\/wp-content\/uploads\/2018\/06\/DSC_6246-copie.jpg 4288w, https:\/\/antoinelemaire-archi-photo.fr\/wp-content\/uploads\/2018\/06\/DSC_6246-copie-300x210.jpg 300w, https:\/\/antoinelemaire-archi-photo.fr\/wp-content\/uploads\/2018\/06\/DSC_6246-copie-768x537.jpg 768w, https:\/\/antoinelemaire-archi-photo.fr\/wp-content\/uploads\/2018\/06\/DSC_6246-copie-1024x716.jpg 1024w\" sizes=\"auto, (max-width: 4288px) 100vw, 4288px\" \/><\/a>\n\t\t\t<\/dt>\n\t\t\t\t<dd class='wp-caption-text gallery-caption' id='gallery-1-524'>\n\t\t\t\tPavillon des Pays Nordiques Sver FEHN\n\t\t\t\t<\/dd><\/dl><br style=\"clear: both\" \/><dl class='gallery-item'>\n\t\t\t<dt class='gallery-icon portrait'>\n\t\t\t\t<a href='https:\/\/antoinelemaire-archi-photo.fr\/index.php\/2018\/07\/03\/un-week-end-a-venise-2018-antoine-lemaire\/dsc_6222\/'><img loading=\"lazy\" decoding=\"async\" width=\"3000\" height=\"4496\" src=\"https:\/\/antoinelemaire-archi-photo.fr\/wp-content\/uploads\/2018\/06\/DSC_6222.jpg\" class=\"attachment-full size-full\" alt=\"Pavillon des Pays Nordiques Sver FEHN\" aria-describedby=\"gallery-1-523\" srcset=\"https:\/\/antoinelemaire-archi-photo.fr\/wp-content\/uploads\/2018\/06\/DSC_6222.jpg 3000w, https:\/\/antoinelemaire-archi-photo.fr\/wp-content\/uploads\/2018\/06\/DSC_6222-200x300.jpg 200w, https:\/\/antoinelemaire-archi-photo.fr\/wp-content\/uploads\/2018\/06\/DSC_6222-768x1151.jpg 768w, https:\/\/antoinelemaire-archi-photo.fr\/wp-content\/uploads\/2018\/06\/DSC_6222-683x1024.jpg 683w\" sizes=\"auto, (max-width: 3000px) 100vw, 3000px\" \/><\/a>\n\t\t\t<\/dt>\n\t\t\t\t<dd class='wp-caption-text gallery-caption' id='gallery-1-523'>\n\t\t\t\tPavillon des Pays Nordiques Sver FEHN\n\t\t\t\t<\/dd><\/dl><br style=\"clear: both\" \/><dl class='gallery-item'>\n\t\t\t<dt class='gallery-icon portrait'>\n\t\t\t\t<a href='https:\/\/antoinelemaire-archi-photo.fr\/index.php\/2018\/07\/03\/un-week-end-a-venise-2018-antoine-lemaire\/dsc_6671\/'><img loading=\"lazy\" decoding=\"async\" width=\"3000\" height=\"4496\" src=\"https:\/\/antoinelemaire-archi-photo.fr\/wp-content\/uploads\/2018\/06\/DSC_6671.jpg\" class=\"attachment-full size-full\" alt=\"Cimeti\u00e8re de San Michele par David CHIPPERRFIELD\" aria-describedby=\"gallery-1-527\" srcset=\"https:\/\/antoinelemaire-archi-photo.fr\/wp-content\/uploads\/2018\/06\/DSC_6671.jpg 3000w, https:\/\/antoinelemaire-archi-photo.fr\/wp-content\/uploads\/2018\/06\/DSC_6671-200x300.jpg 200w, https:\/\/antoinelemaire-archi-photo.fr\/wp-content\/uploads\/2018\/06\/DSC_6671-768x1151.jpg 768w, https:\/\/antoinelemaire-archi-photo.fr\/wp-content\/uploads\/2018\/06\/DSC_6671-683x1024.jpg 683w\" sizes=\"auto, (max-width: 3000px) 100vw, 3000px\" \/><\/a>\n\t\t\t<\/dt>\n\t\t\t\t<dd class='wp-caption-text gallery-caption' id='gallery-1-527'>\n\t\t\t\tCimeti\u00e8re de San Michele par David CHIPPERRFIELD\n\t\t\t\t<\/dd><\/dl><br style=\"clear: both\" \/><dl class='gallery-item'>\n\t\t\t<dt class='gallery-icon landscape'>\n\t\t\t\t<a href='https:\/\/antoinelemaire-archi-photo.fr\/index.php\/2018\/07\/03\/un-week-end-a-venise-2018-antoine-lemaire\/chipperfieldee\/'><img loading=\"lazy\" decoding=\"async\" width=\"4496\" height=\"3000\" src=\"https:\/\/antoinelemaire-archi-photo.fr\/wp-content\/uploads\/2018\/06\/CHIPPERFIELD\u00e9\u00e9.jpg\" class=\"attachment-full size-full\" alt=\"Cimeti\u00e8re de San Michele par David CHIPPERRFIELDCimeti\u00e8re de San Michele par David CHIPPERRFIELD\" aria-describedby=\"gallery-1-517\" srcset=\"https:\/\/antoinelemaire-archi-photo.fr\/wp-content\/uploads\/2018\/06\/CHIPPERFIELD\u00e9\u00e9.jpg 4496w, https:\/\/antoinelemaire-archi-photo.fr\/wp-content\/uploads\/2018\/06\/CHIPPERFIELD\u00e9\u00e9-300x200.jpg 300w, https:\/\/antoinelemaire-archi-photo.fr\/wp-content\/uploads\/2018\/06\/CHIPPERFIELD\u00e9\u00e9-768x512.jpg 768w, https:\/\/antoinelemaire-archi-photo.fr\/wp-content\/uploads\/2018\/06\/CHIPPERFIELD\u00e9\u00e9-1024x683.jpg 1024w, https:\/\/antoinelemaire-archi-photo.fr\/wp-content\/uploads\/2018\/06\/CHIPPERFIELD\u00e9\u00e9-750x500.jpg 750w\" sizes=\"auto, (max-width: 4496px) 100vw, 4496px\" \/><\/a>\n\t\t\t<\/dt>\n\t\t\t\t<dd class='wp-caption-text gallery-caption' id='gallery-1-517'>\n\t\t\t\tCimeti\u00e8re de San Michele par David CHIPPERRFIELD\n\t\t\t\t<\/dd><\/dl><br style=\"clear: both\" \/><dl class='gallery-item'>\n\t\t\t<dt class='gallery-icon portrait'>\n\t\t\t\t<a href='https:\/\/antoinelemaire-archi-photo.fr\/index.php\/2018\/07\/03\/un-week-end-a-venise-2018-antoine-lemaire\/chipperfield\/'><img loading=\"lazy\" decoding=\"async\" width=\"3000\" height=\"4496\" src=\"https:\/\/antoinelemaire-archi-photo.fr\/wp-content\/uploads\/2018\/06\/CHIPPERFIELD.jpg\" class=\"attachment-full size-full\" alt=\"Cimeti\u00e8re de San Michele par David CHIPPERRFIELD\" aria-describedby=\"gallery-1-515\" srcset=\"https:\/\/antoinelemaire-archi-photo.fr\/wp-content\/uploads\/2018\/06\/CHIPPERFIELD.jpg 3000w, https:\/\/antoinelemaire-archi-photo.fr\/wp-content\/uploads\/2018\/06\/CHIPPERFIELD-200x300.jpg 200w, https:\/\/antoinelemaire-archi-photo.fr\/wp-content\/uploads\/2018\/06\/CHIPPERFIELD-768x1151.jpg 768w, https:\/\/antoinelemaire-archi-photo.fr\/wp-content\/uploads\/2018\/06\/CHIPPERFIELD-683x1024.jpg 683w\" sizes=\"auto, (max-width: 3000px) 100vw, 3000px\" \/><\/a>\n\t\t\t<\/dt>\n\t\t\t\t<dd class='wp-caption-text gallery-caption' id='gallery-1-515'>\n\t\t\t\tCimeti\u00e8re de San Michele par David CHIPPERRFIELD\n\t\t\t\t<\/dd><\/dl><br style=\"clear: both\" \/><dl class='gallery-item'>\n\t\t\t<dt class='gallery-icon landscape'>\n\t\t\t\t<a href='https:\/\/antoinelemaire-archi-photo.fr\/index.php\/2018\/07\/03\/un-week-end-a-venise-2018-antoine-lemaire\/chipperfielde\/'><img loading=\"lazy\" decoding=\"async\" width=\"3785\" height=\"2344\" src=\"https:\/\/antoinelemaire-archi-photo.fr\/wp-content\/uploads\/2018\/06\/CHIPPERFIELD\u00e9.jpg\" class=\"attachment-full size-full\" alt=\"Cimeti\u00e8re de San Michele par David CHIPPERRFIELD\" aria-describedby=\"gallery-1-516\" srcset=\"https:\/\/antoinelemaire-archi-photo.fr\/wp-content\/uploads\/2018\/06\/CHIPPERFIELD\u00e9.jpg 3785w, https:\/\/antoinelemaire-archi-photo.fr\/wp-content\/uploads\/2018\/06\/CHIPPERFIELD\u00e9-300x186.jpg 300w, https:\/\/antoinelemaire-archi-photo.fr\/wp-content\/uploads\/2018\/06\/CHIPPERFIELD\u00e9-768x476.jpg 768w, https:\/\/antoinelemaire-archi-photo.fr\/wp-content\/uploads\/2018\/06\/CHIPPERFIELD\u00e9-1024x634.jpg 1024w\" sizes=\"auto, (max-width: 3785px) 100vw, 3785px\" \/><\/a>\n\t\t\t<\/dt>\n\t\t\t\t<dd class='wp-caption-text gallery-caption' id='gallery-1-516'>\n\t\t\t\tCimeti\u00e8re de San Michele par David CHIPPERRFIELD\n\t\t\t\t<\/dd><\/dl><br style=\"clear: both\" \/><dl class='gallery-item'>\n\t\t\t<dt class='gallery-icon portrait'>\n\t\t\t\t<a href='https:\/\/antoinelemaire-archi-photo.fr\/index.php\/2018\/07\/03\/un-week-end-a-venise-2018-antoine-lemaire\/chapellee\/'><img loading=\"lazy\" decoding=\"async\" width=\"3000\" height=\"4496\" src=\"https:\/\/antoinelemaire-archi-photo.fr\/wp-content\/uploads\/2018\/06\/chapelle\u00e9.jpg\" class=\"attachment-full size-full\" alt=\"Chapelle d&#039;Andrew BERMAN\" aria-describedby=\"gallery-1-514\" srcset=\"https:\/\/antoinelemaire-archi-photo.fr\/wp-content\/uploads\/2018\/06\/chapelle\u00e9.jpg 3000w, https:\/\/antoinelemaire-archi-photo.fr\/wp-content\/uploads\/2018\/06\/chapelle\u00e9-200x300.jpg 200w, https:\/\/antoinelemaire-archi-photo.fr\/wp-content\/uploads\/2018\/06\/chapelle\u00e9-768x1151.jpg 768w, https:\/\/antoinelemaire-archi-photo.fr\/wp-content\/uploads\/2018\/06\/chapelle\u00e9-683x1024.jpg 683w\" sizes=\"auto, (max-width: 3000px) 100vw, 3000px\" \/><\/a>\n\t\t\t<\/dt>\n\t\t\t\t<dd class='wp-caption-text gallery-caption' id='gallery-1-514'>\n\t\t\t\tChapelle d&rsquo;Andrew BERMAN\n\t\t\t\t<\/dd><\/dl><br style=\"clear: both\" \/><dl class='gallery-item'>\n\t\t\t<dt class='gallery-icon landscape'>\n\t\t\t\t<a href='https:\/\/antoinelemaire-archi-photo.fr\/index.php\/2018\/07\/03\/un-week-end-a-venise-2018-antoine-lemaire\/chapelle-carre\/'><img loading=\"lazy\" decoding=\"async\" width=\"3000\" height=\"3000\" src=\"https:\/\/antoinelemaire-archi-photo.fr\/wp-content\/uploads\/2018\/06\/CHAPELLE-CARRE.jpg\" class=\"attachment-full size-full\" alt=\"Chapelle de Sean GODSELL\" aria-describedby=\"gallery-1-512\" srcset=\"https:\/\/antoinelemaire-archi-photo.fr\/wp-content\/uploads\/2018\/06\/CHAPELLE-CARRE.jpg 3000w, https:\/\/antoinelemaire-archi-photo.fr\/wp-content\/uploads\/2018\/06\/CHAPELLE-CARRE-150x150.jpg 150w, https:\/\/antoinelemaire-archi-photo.fr\/wp-content\/uploads\/2018\/06\/CHAPELLE-CARRE-300x300.jpg 300w, https:\/\/antoinelemaire-archi-photo.fr\/wp-content\/uploads\/2018\/06\/CHAPELLE-CARRE-768x768.jpg 768w, https:\/\/antoinelemaire-archi-photo.fr\/wp-content\/uploads\/2018\/06\/CHAPELLE-CARRE-1024x1024.jpg 1024w, https:\/\/antoinelemaire-archi-photo.fr\/wp-content\/uploads\/2018\/06\/CHAPELLE-CARRE-500x500.jpg 500w\" sizes=\"auto, (max-width: 3000px) 100vw, 3000px\" \/><\/a>\n\t\t\t<\/dt>\n\t\t\t\t<dd class='wp-caption-text gallery-caption' id='gallery-1-512'>\n\t\t\t\tChapelle de Sean GODSELL\n\t\t\t\t<\/dd><\/dl><br style=\"clear: both\" \/><dl class='gallery-item'>\n\t\t\t<dt class='gallery-icon landscape'>\n\t\t\t\t<a href='https:\/\/antoinelemaire-archi-photo.fr\/index.php\/2018\/07\/03\/un-week-end-a-venise-2018-antoine-lemaire\/dsc_6503\/'><img loading=\"lazy\" decoding=\"async\" width=\"4496\" height=\"3000\" src=\"https:\/\/antoinelemaire-archi-photo.fr\/wp-content\/uploads\/2018\/06\/DSC_6503.jpg\" class=\"attachment-full size-full\" alt=\"Chapelle de Norman FOSTER ET PARTNERS\" aria-describedby=\"gallery-1-526\" srcset=\"https:\/\/antoinelemaire-archi-photo.fr\/wp-content\/uploads\/2018\/06\/DSC_6503.jpg 4496w, https:\/\/antoinelemaire-archi-photo.fr\/wp-content\/uploads\/2018\/06\/DSC_6503-300x200.jpg 300w, https:\/\/antoinelemaire-archi-photo.fr\/wp-content\/uploads\/2018\/06\/DSC_6503-768x512.jpg 768w, https:\/\/antoinelemaire-archi-photo.fr\/wp-content\/uploads\/2018\/06\/DSC_6503-1024x683.jpg 1024w, https:\/\/antoinelemaire-archi-photo.fr\/wp-content\/uploads\/2018\/06\/DSC_6503-750x500.jpg 750w\" sizes=\"auto, (max-width: 4496px) 100vw, 4496px\" \/><\/a>\n\t\t\t<\/dt>\n\t\t\t\t<dd class='wp-caption-text gallery-caption' id='gallery-1-526'>\n\t\t\t\tChapelle de Norman FOSTER ET PARTNERS\n\t\t\t\t<\/dd><\/dl><br style=\"clear: both\" \/><dl class='gallery-item'>\n\t\t\t<dt class='gallery-icon landscape'>\n\t\t\t\t<a href='https:\/\/antoinelemaire-archi-photo.fr\/index.php\/2018\/07\/03\/un-week-end-a-venise-2018-antoine-lemaire\/arsenal\/'><img loading=\"lazy\" decoding=\"async\" width=\"4353\" height=\"2905\" src=\"https:\/\/antoinelemaire-archi-photo.fr\/wp-content\/uploads\/2018\/06\/arsenal.jpg\" class=\"attachment-full size-full\" alt=\"Exposition de la biennale de Venise\" aria-describedby=\"gallery-1-511\" srcset=\"https:\/\/antoinelemaire-archi-photo.fr\/wp-content\/uploads\/2018\/06\/arsenal.jpg 4353w, https:\/\/antoinelemaire-archi-photo.fr\/wp-content\/uploads\/2018\/06\/arsenal-300x200.jpg 300w, https:\/\/antoinelemaire-archi-photo.fr\/wp-content\/uploads\/2018\/06\/arsenal-768x513.jpg 768w, https:\/\/antoinelemaire-archi-photo.fr\/wp-content\/uploads\/2018\/06\/arsenal-1024x683.jpg 1024w, https:\/\/antoinelemaire-archi-photo.fr\/wp-content\/uploads\/2018\/06\/arsenal-750x500.jpg 750w\" sizes=\"auto, (max-width: 4353px) 100vw, 4353px\" \/><\/a>\n\t\t\t<\/dt>\n\t\t\t\t<dd class='wp-caption-text gallery-caption' id='gallery-1-511'>\n\t\t\t\tExposition de la biennale de Venise\n\t\t\t\t<\/dd><\/dl><br style=\"clear: both\" \/><dl class='gallery-item'>\n\t\t\t<dt class='gallery-icon landscape'>\n\t\t\t\t<a href='https:\/\/antoinelemaire-archi-photo.fr\/index.php\/2018\/07\/03\/un-week-end-a-venise-2018-antoine-lemaire\/skytoit\/'><img loading=\"lazy\" decoding=\"async\" width=\"4353\" height=\"2888\" src=\"https:\/\/antoinelemaire-archi-photo.fr\/wp-content\/uploads\/2018\/06\/skytoit.jpg\" class=\"attachment-full size-full\" alt=\"Les toits de Venise\" aria-describedby=\"gallery-1-531\" srcset=\"https:\/\/antoinelemaire-archi-photo.fr\/wp-content\/uploads\/2018\/06\/skytoit.jpg 4353w, https:\/\/antoinelemaire-archi-photo.fr\/wp-content\/uploads\/2018\/06\/skytoit-300x199.jpg 300w, https:\/\/antoinelemaire-archi-photo.fr\/wp-content\/uploads\/2018\/06\/skytoit-768x510.jpg 768w, https:\/\/antoinelemaire-archi-photo.fr\/wp-content\/uploads\/2018\/06\/skytoit-1024x679.jpg 1024w\" sizes=\"auto, (max-width: 4353px) 100vw, 4353px\" \/><\/a>\n\t\t\t<\/dt>\n\t\t\t\t<dd class='wp-caption-text gallery-caption' id='gallery-1-531'>\n\t\t\t\tLes toits de Venise\n\t\t\t\t<\/dd><\/dl><br style=\"clear: both\" \/><dl class='gallery-item'>\n\t\t\t<dt class='gallery-icon portrait'>\n\t\t\t\t<a href='https:\/\/antoinelemaire-archi-photo.fr\/index.php\/2018\/07\/03\/un-week-end-a-venise-2018-antoine-lemaire\/skytoit-2\/'><img loading=\"lazy\" decoding=\"async\" width=\"2902\" height=\"4425\" src=\"https:\/\/antoinelemaire-archi-photo.fr\/wp-content\/uploads\/2018\/06\/skytoit-2.jpg\" class=\"attachment-full size-full\" alt=\"Les toits de Venise\" aria-describedby=\"gallery-1-530\" srcset=\"https:\/\/antoinelemaire-archi-photo.fr\/wp-content\/uploads\/2018\/06\/skytoit-2.jpg 2902w, https:\/\/antoinelemaire-archi-photo.fr\/wp-content\/uploads\/2018\/06\/skytoit-2-197x300.jpg 197w, https:\/\/antoinelemaire-archi-photo.fr\/wp-content\/uploads\/2018\/06\/skytoit-2-768x1171.jpg 768w, https:\/\/antoinelemaire-archi-photo.fr\/wp-content\/uploads\/2018\/06\/skytoit-2-672x1024.jpg 672w\" sizes=\"auto, (max-width: 2902px) 100vw, 2902px\" \/><\/a>\n\t\t\t<\/dt>\n\t\t\t\t<dd class='wp-caption-text gallery-caption' id='gallery-1-530'>\n\t\t\t\tLes toits de Venise\n\t\t\t\t<\/dd><\/dl><br style=\"clear: both\" \/><dl class='gallery-item'>\n\t\t\t<dt class='gallery-icon landscape'>\n\t\t\t\t<a href='https:\/\/antoinelemaire-archi-photo.fr\/index.php\/2018\/07\/03\/un-week-end-a-venise-2018-antoine-lemaire\/placefontaines\/'><img loading=\"lazy\" decoding=\"async\" width=\"4496\" height=\"3000\" src=\"https:\/\/antoinelemaire-archi-photo.fr\/wp-content\/uploads\/2018\/06\/placefontaines.jpg\" class=\"attachment-full size-full\" alt=\"Place Campo San Giacomo di Rialto\" aria-describedby=\"gallery-1-529\" srcset=\"https:\/\/antoinelemaire-archi-photo.fr\/wp-content\/uploads\/2018\/06\/placefontaines.jpg 4496w, https:\/\/antoinelemaire-archi-photo.fr\/wp-content\/uploads\/2018\/06\/placefontaines-300x200.jpg 300w, https:\/\/antoinelemaire-archi-photo.fr\/wp-content\/uploads\/2018\/06\/placefontaines-768x512.jpg 768w, https:\/\/antoinelemaire-archi-photo.fr\/wp-content\/uploads\/2018\/06\/placefontaines-1024x683.jpg 1024w, https:\/\/antoinelemaire-archi-photo.fr\/wp-content\/uploads\/2018\/06\/placefontaines-750x500.jpg 750w\" sizes=\"auto, (max-width: 4496px) 100vw, 4496px\" \/><\/a>\n\t\t\t<\/dt>\n\t\t\t\t<dd class='wp-caption-text gallery-caption' id='gallery-1-529'>\n\t\t\t\tPlace Campo San Giacomo di Rialto\n\t\t\t\t<\/dd><\/dl><br style=\"clear: both\" \/><dl class='gallery-item'>\n\t\t\t<dt class='gallery-icon landscape'>\n\t\t\t\t<a href='https:\/\/antoinelemaire-archi-photo.fr\/index.php\/2018\/07\/03\/un-week-end-a-venise-2018-antoine-lemaire\/venise-de-nuit\/'><img loading=\"lazy\" decoding=\"async\" width=\"4496\" height=\"3000\" src=\"https:\/\/antoinelemaire-archi-photo.fr\/wp-content\/uploads\/2018\/06\/venise-de-nuit.jpg\" class=\"attachment-full size-full\" alt=\"San Michele by night\" aria-describedby=\"gallery-1-537\" srcset=\"https:\/\/antoinelemaire-archi-photo.fr\/wp-content\/uploads\/2018\/06\/venise-de-nuit.jpg 4496w, https:\/\/antoinelemaire-archi-photo.fr\/wp-content\/uploads\/2018\/06\/venise-de-nuit-300x200.jpg 300w, https:\/\/antoinelemaire-archi-photo.fr\/wp-content\/uploads\/2018\/06\/venise-de-nuit-768x512.jpg 768w, https:\/\/antoinelemaire-archi-photo.fr\/wp-content\/uploads\/2018\/06\/venise-de-nuit-1024x683.jpg 1024w, https:\/\/antoinelemaire-archi-photo.fr\/wp-content\/uploads\/2018\/06\/venise-de-nuit-750x500.jpg 750w\" sizes=\"auto, (max-width: 4496px) 100vw, 4496px\" \/><\/a>\n\t\t\t<\/dt>\n\t\t\t\t<dd class='wp-caption-text gallery-caption' id='gallery-1-537'>\n\t\t\t\tSan Michele by night\n\t\t\t\t<\/dd><\/dl><br style=\"clear: both\" \/><dl class='gallery-item'>\n\t\t\t<dt class='gallery-icon landscape'>\n\t\t\t\t<a href='https:\/\/antoinelemaire-archi-photo.fr\/index.php\/2018\/07\/03\/un-week-end-a-venise-2018-antoine-lemaire\/dsc_6055\/'><img loading=\"lazy\" decoding=\"async\" width=\"4496\" height=\"3000\" src=\"https:\/\/antoinelemaire-archi-photo.fr\/wp-content\/uploads\/2018\/06\/DSC_6055.jpg\" class=\"attachment-full size-full\" alt=\"Basilique Saint Marc reflect\" aria-describedby=\"gallery-1-518\" srcset=\"https:\/\/antoinelemaire-archi-photo.fr\/wp-content\/uploads\/2018\/06\/DSC_6055.jpg 4496w, https:\/\/antoinelemaire-archi-photo.fr\/wp-content\/uploads\/2018\/06\/DSC_6055-300x200.jpg 300w, https:\/\/antoinelemaire-archi-photo.fr\/wp-content\/uploads\/2018\/06\/DSC_6055-768x512.jpg 768w, https:\/\/antoinelemaire-archi-photo.fr\/wp-content\/uploads\/2018\/06\/DSC_6055-1024x683.jpg 1024w, https:\/\/antoinelemaire-archi-photo.fr\/wp-content\/uploads\/2018\/06\/DSC_6055-750x500.jpg 750w\" sizes=\"auto, (max-width: 4496px) 100vw, 4496px\" \/><\/a>\n\t\t\t<\/dt>\n\t\t\t\t<dd class='wp-caption-text gallery-caption' id='gallery-1-518'>\n\t\t\t\tBasilique Saint Marc reflect\n\t\t\t\t<\/dd><\/dl><br style=\"clear: both\" \/><dl class='gallery-item'>\n\t\t\t<dt class='gallery-icon landscape'>\n\t\t\t\t<a href='https:\/\/antoinelemaire-archi-photo.fr\/index.php\/2018\/07\/03\/un-week-end-a-venise-2018-antoine-lemaire\/murano\/'><img loading=\"lazy\" decoding=\"async\" width=\"4496\" height=\"3000\" src=\"https:\/\/antoinelemaire-archi-photo.fr\/wp-content\/uploads\/2018\/06\/MURANO.jpg\" class=\"attachment-full size-full\" alt=\"L&#039;\u00eele de Murano\" aria-describedby=\"gallery-1-528\" srcset=\"https:\/\/antoinelemaire-archi-photo.fr\/wp-content\/uploads\/2018\/06\/MURANO.jpg 4496w, https:\/\/antoinelemaire-archi-photo.fr\/wp-content\/uploads\/2018\/06\/MURANO-300x200.jpg 300w, https:\/\/antoinelemaire-archi-photo.fr\/wp-content\/uploads\/2018\/06\/MURANO-768x512.jpg 768w, https:\/\/antoinelemaire-archi-photo.fr\/wp-content\/uploads\/2018\/06\/MURANO-1024x683.jpg 1024w, https:\/\/antoinelemaire-archi-photo.fr\/wp-content\/uploads\/2018\/06\/MURANO-750x500.jpg 750w\" sizes=\"auto, (max-width: 4496px) 100vw, 4496px\" \/><\/a>\n\t\t\t<\/dt>\n\t\t\t\t<dd class='wp-caption-text gallery-caption' id='gallery-1-528'>\n\t\t\t\tL&rsquo;\u00eele de Murano\n\t\t\t\t<\/dd><\/dl><br style=\"clear: both\" \/><dl class='gallery-item'>\n\t\t\t<dt class='gallery-icon landscape'>\n\t\t\t\t<a href='https:\/\/antoinelemaire-archi-photo.fr\/index.php\/2018\/07\/03\/un-week-end-a-venise-2018-antoine-lemaire\/dsc_6351-copie\/'><img loading=\"lazy\" decoding=\"async\" width=\"4496\" height=\"3000\" src=\"https:\/\/antoinelemaire-archi-photo.fr\/wp-content\/uploads\/2018\/06\/DSC_6351-copie.jpg\" class=\"attachment-full size-full\" alt=\"Gondolier\" aria-describedby=\"gallery-1-525\" srcset=\"https:\/\/antoinelemaire-archi-photo.fr\/wp-content\/uploads\/2018\/06\/DSC_6351-copie.jpg 4496w, https:\/\/antoinelemaire-archi-photo.fr\/wp-content\/uploads\/2018\/06\/DSC_6351-copie-300x200.jpg 300w, https:\/\/antoinelemaire-archi-photo.fr\/wp-content\/uploads\/2018\/06\/DSC_6351-copie-768x512.jpg 768w, https:\/\/antoinelemaire-archi-photo.fr\/wp-content\/uploads\/2018\/06\/DSC_6351-copie-1024x683.jpg 1024w, https:\/\/antoinelemaire-archi-photo.fr\/wp-content\/uploads\/2018\/06\/DSC_6351-copie-750x500.jpg 750w\" sizes=\"auto, (max-width: 4496px) 100vw, 4496px\" \/><\/a>\n\t\t\t<\/dt>\n\t\t\t\t<dd class='wp-caption-text gallery-caption' id='gallery-1-525'>\n\t\t\t\tGondolier\n\t\t\t\t<\/dd><\/dl><br style=\"clear: both\" \/><dl class='gallery-item'>\n\t\t\t<dt class='gallery-icon portrait'>\n\t\t\t\t<a href='https:\/\/antoinelemaire-archi-photo.fr\/index.php\/2018\/07\/03\/un-week-end-a-venise-2018-antoine-lemaire\/dsc_6130\/'><img loading=\"lazy\" decoding=\"async\" width=\"3000\" height=\"4496\" src=\"https:\/\/antoinelemaire-archi-photo.fr\/wp-content\/uploads\/2018\/06\/DSC_6130.jpg\" class=\"attachment-full size-full\" alt=\"Ombres et lumi\u00e8res\" srcset=\"https:\/\/antoinelemaire-archi-photo.fr\/wp-content\/uploads\/2018\/06\/DSC_6130.jpg 3000w, https:\/\/antoinelemaire-archi-photo.fr\/wp-content\/uploads\/2018\/06\/DSC_6130-200x300.jpg 200w, https:\/\/antoinelemaire-archi-photo.fr\/wp-content\/uploads\/2018\/06\/DSC_6130-768x1151.jpg 768w, https:\/\/antoinelemaire-archi-photo.fr\/wp-content\/uploads\/2018\/06\/DSC_6130-683x1024.jpg 683w\" sizes=\"auto, (max-width: 3000px) 100vw, 3000px\" \/><\/a>\n\t\t\t<\/dt><\/dl><br style=\"clear: both\" \/><dl class='gallery-item'>\n\t\t\t<dt class='gallery-icon landscape'>\n\t\t\t\t<a href='https:\/\/antoinelemaire-archi-photo.fr\/index.php\/2018\/07\/03\/un-week-end-a-venise-2018-antoine-lemaire\/dsc_6115\/'><img loading=\"lazy\" decoding=\"async\" width=\"4496\" height=\"3000\" src=\"https:\/\/antoinelemaire-archi-photo.fr\/wp-content\/uploads\/2018\/06\/DSC_6115.jpg\" class=\"attachment-full size-full\" alt=\"Linges au vent\" aria-describedby=\"gallery-1-521\" srcset=\"https:\/\/antoinelemaire-archi-photo.fr\/wp-content\/uploads\/2018\/06\/DSC_6115.jpg 4496w, https:\/\/antoinelemaire-archi-photo.fr\/wp-content\/uploads\/2018\/06\/DSC_6115-300x200.jpg 300w, https:\/\/antoinelemaire-archi-photo.fr\/wp-content\/uploads\/2018\/06\/DSC_6115-768x512.jpg 768w, https:\/\/antoinelemaire-archi-photo.fr\/wp-content\/uploads\/2018\/06\/DSC_6115-1024x683.jpg 1024w, https:\/\/antoinelemaire-archi-photo.fr\/wp-content\/uploads\/2018\/06\/DSC_6115-750x500.jpg 750w\" sizes=\"auto, (max-width: 4496px) 100vw, 4496px\" \/><\/a>\n\t\t\t<\/dt>\n\t\t\t\t<dd class='wp-caption-text gallery-caption' id='gallery-1-521'>\n\t\t\t\tLinges au vent\n\t\t\t\t<\/dd><\/dl><br style=\"clear: both\" \/><dl class='gallery-item'>\n\t\t\t<dt class='gallery-icon landscape'>\n\t\t\t\t<a href='https:\/\/antoinelemaire-archi-photo.fr\/index.php\/2018\/07\/03\/un-week-end-a-venise-2018-antoine-lemaire\/dsc_6106\/'><img loading=\"lazy\" decoding=\"async\" width=\"4496\" height=\"3000\" src=\"https:\/\/antoinelemaire-archi-photo.fr\/wp-content\/uploads\/2018\/06\/DSC_6106.jpg\" class=\"attachment-full size-full\" alt=\"La lumi\u00e8re indique le chemin\" aria-describedby=\"gallery-1-520\" srcset=\"https:\/\/antoinelemaire-archi-photo.fr\/wp-content\/uploads\/2018\/06\/DSC_6106.jpg 4496w, https:\/\/antoinelemaire-archi-photo.fr\/wp-content\/uploads\/2018\/06\/DSC_6106-300x200.jpg 300w, https:\/\/antoinelemaire-archi-photo.fr\/wp-content\/uploads\/2018\/06\/DSC_6106-768x512.jpg 768w, https:\/\/antoinelemaire-archi-photo.fr\/wp-content\/uploads\/2018\/06\/DSC_6106-1024x683.jpg 1024w, https:\/\/antoinelemaire-archi-photo.fr\/wp-content\/uploads\/2018\/06\/DSC_6106-750x500.jpg 750w\" sizes=\"auto, (max-width: 4496px) 100vw, 4496px\" \/><\/a>\n\t\t\t<\/dt>\n\t\t\t\t<dd class='wp-caption-text gallery-caption' id='gallery-1-520'>\n\t\t\t\tLa lumi\u00e8re indique le chemin\n\t\t\t\t<\/dd><\/dl><br style=\"clear: both\" \/><dl class='gallery-item'>\n\t\t\t<dt class='gallery-icon landscape'>\n\t\t\t\t<a href='https:\/\/antoinelemaire-archi-photo.fr\/index.php\/2018\/07\/03\/un-week-end-a-venise-2018-antoine-lemaire\/dsc_6102\/'><img loading=\"lazy\" decoding=\"async\" width=\"4496\" height=\"3000\" src=\"https:\/\/antoinelemaire-archi-photo.fr\/wp-content\/uploads\/2018\/06\/DSC_6102.jpg\" class=\"attachment-full size-full\" alt=\"Mauvais chemin\" aria-describedby=\"gallery-1-519\" srcset=\"https:\/\/antoinelemaire-archi-photo.fr\/wp-content\/uploads\/2018\/06\/DSC_6102.jpg 4496w, https:\/\/antoinelemaire-archi-photo.fr\/wp-content\/uploads\/2018\/06\/DSC_6102-300x200.jpg 300w, https:\/\/antoinelemaire-archi-photo.fr\/wp-content\/uploads\/2018\/06\/DSC_6102-768x512.jpg 768w, https:\/\/antoinelemaire-archi-photo.fr\/wp-content\/uploads\/2018\/06\/DSC_6102-1024x683.jpg 1024w, https:\/\/antoinelemaire-archi-photo.fr\/wp-content\/uploads\/2018\/06\/DSC_6102-750x500.jpg 750w\" sizes=\"auto, (max-width: 4496px) 100vw, 4496px\" \/><\/a>\n\t\t\t<\/dt>\n\t\t\t\t<dd class='wp-caption-text gallery-caption' id='gallery-1-519'>\n\t\t\t\tMauvais chemin\n\t\t\t\t<\/dd><\/dl><br style=\"clear: both\" \/>\n\t\t<\/div>\n\n","protected":false},"excerpt":{"rendered":"<p>Nuances urbaines Un voyage architectural \u00e0 Venise &nbsp; Une s\u00e9lection de photos r\u00e9alis\u00e9e \u00e0 Venise pendant la Biennale d&rsquo;Architecture de Venise. J&rsquo;ai pu y d\u00e9couvrir l&rsquo;architecture contemporaine de cette ville flottante. Durant la biennale d&rsquo;Architecture de Venise, de nombreux projets et installations sont visibles. Cela m&rsquo;a donn\u00e9 l&rsquo;opportunit\u00e9 de r\u00e9alis\u00e9 une s\u00e9rie de clich\u00e9 de [&hellip;]<\/p>\n","protected":false},"author":1,"featured_media":537,"comment_status":"open","ping_status":"open","sticky":false,"template":"","format":"standard","meta":{"_monsterinsights_skip_tracking":false,"_monsterinsights_sitenote_active":false,"_monsterinsights_sitenote_note":"","_monsterinsights_sitenote_category":0,"footnotes":""},"categories":[20],"tags":[],"class_list":["post-510","post","type-post","status-publish","format-standard","has-post-thumbnail","hentry","category-photographie"],"_links":{"self":[{"href":"https:\/\/antoinelemaire-archi-photo.fr\/index.php\/wp-json\/wp\/v2\/posts\/510","targetHints":{"allow":["GET"]}}],"collection":[{"href":"https:\/\/antoinelemaire-archi-photo.fr\/index.php\/wp-json\/wp\/v2\/posts"}],"about":[{"href":"https:\/\/antoinelemaire-archi-photo.fr\/index.php\/wp-json\/wp\/v2\/types\/post"}],"author":[{"embeddable":true,"href":"https:\/\/antoinelemaire-archi-photo.fr\/index.php\/wp-json\/wp\/v2\/users\/1"}],"replies":[{"embeddable":true,"href":"https:\/\/antoinelemaire-archi-photo.fr\/index.php\/wp-json\/wp\/v2\/comments?post=510"}],"version-history":[{"count":4,"href":"https:\/\/antoinelemaire-archi-photo.fr\/index.php\/wp-json\/wp\/v2\/posts\/510\/revisions"}],"predecessor-version":[{"id":1121,"href":"https:\/\/antoinelemaire-archi-photo.fr\/index.php\/wp-json\/wp\/v2\/posts\/510\/revisions\/1121"}],"wp:featuredmedia":[{"embeddable":true,"href":"https:\/\/antoinelemaire-archi-photo.fr\/index.php\/wp-json\/wp\/v2\/media\/537"}],"wp:attachment":[{"href":"https:\/\/antoinelemaire-archi-photo.fr\/index.php\/wp-json\/wp\/v2\/media?parent=510"}],"wp:term":[{"taxonomy":"category","embeddable":true,"href":"https:\/\/antoinelemaire-archi-photo.fr\/index.php\/wp-json\/wp\/v2\/categories?post=510"},{"taxonomy":"post_tag","embeddable":true,"href":"https:\/\/antoinelemaire-archi-photo.fr\/index.php\/wp-json\/wp\/v2\/tags?post=510"}],"curies":[{"name":"wp","href":"https:\/\/api.w.org\/{rel}","templated":true}]}}