{"id":481,"date":"2018-06-27T10:10:34","date_gmt":"2018-06-27T08:10:34","guid":{"rendered":"http:\/\/antoinelemaire-archi-photo.fr\/?p=481"},"modified":"2020-02-01T17:49:00","modified_gmt":"2020-02-01T16:49:00","slug":"un-groupe-scolaire-a-marseille-antoine-lemaire","status":"publish","type":"post","link":"https:\/\/antoinelemaire-archi-photo.fr\/index.php\/2018\/06\/27\/un-groupe-scolaire-a-marseille-antoine-lemaire\/","title":{"rendered":"Un groupe scolaire \u00e0 Marseille"},"content":{"rendered":"<h2 style=\"text-align: center;\">Un groupe scolaire \u00e0 Marseille:<\/h2>\n<div id=\"attachment_508\" style=\"width: 3274px\" class=\"wp-caption alignnone\"><img loading=\"lazy\" decoding=\"async\" aria-describedby=\"caption-attachment-508\" class=\"size-full wp-image-508\" src=\"http:\/\/antoinelemaire-archi-photo.fr\/wp-content\/uploads\/2018\/06\/axonoirblanc.jpg\" alt=\"Vue du projet dans le site\" width=\"3264\" height=\"2448\" srcset=\"https:\/\/antoinelemaire-archi-photo.fr\/wp-content\/uploads\/2018\/06\/axonoirblanc.jpg 3264w, https:\/\/antoinelemaire-archi-photo.fr\/wp-content\/uploads\/2018\/06\/axonoirblanc-300x225.jpg 300w, https:\/\/antoinelemaire-archi-photo.fr\/wp-content\/uploads\/2018\/06\/axonoirblanc-768x576.jpg 768w, https:\/\/antoinelemaire-archi-photo.fr\/wp-content\/uploads\/2018\/06\/axonoirblanc-1024x768.jpg 1024w\" sizes=\"auto, (max-width: 3264px) 100vw, 3264px\" \/><p id=\"caption-attachment-508\" class=\"wp-caption-text\">Vue du projet dans le site<\/p><\/div>\n<p style=\"text-align: center;\">Projet de groupe: Alo\u00efs Lagier\u2014Lomer et Antoine Lemaire<\/p>\n<p>Le projet se situe sur dans le quartier du 7\u00e8me arrondissement de Marseille sur la bute Bompart.\u00a0 Ce quartier pr\u00e9sente un tissu peu dense constitu\u00e9 majoritairement de pavillons et de villas en pierre.\u00a0De plus, on note une forte pr\u00e9sence du v\u00e9g\u00e9tal et de la la pierre tant dans les constructions que sur les sols. L&rsquo;\u00e9cole se situe sur le point dominant de la colline faisant d&rsquo;elle un point marquant .\u00a0De plus on note un manque d&rsquo;espaces publics dans le quartier.<\/p>\n<p>La premi\u00e8re intention a \u00e9t\u00e9 de relier le vallon Nord et le vallon sud du site car ils ne sont aujourd\u2019hui par reli\u00e9s facilement et peu accessibles aux pi\u00e9tons \u00e0 travers une s\u00e9rie de balades urbaines qui sont organis\u00e9s dans le projet \u00e0 travers un jeu de vues et de paysage.\u00a0La deuxi\u00e8me intention a \u00e9t\u00e9 de travailler sur diff\u00e9rents niveaux de sols qui adoptent un statut public ou priv\u00e9 sp\u00e9cifique en fonction de sa hauteur altim\u00e9trique.\u00a0Puis enfin nous avons travaill\u00e9 sur une perm\u00e9abilit\u00e9 des espaces entre l\u2019\u00e9cole maternelle, l\u2019\u00e9cole \u00e9l\u00e9mentaire, la cr\u00e8che, et l\u2019espace public. Cette perm\u00e9abilit\u00e9 se trouve maitriser par des jeux de niveaux qui donne acc\u00e8s ou non aux diff\u00e9rents espaces du projet.<\/p>\n<p>&nbsp;<\/p>\n<p>Le projet reprend les grandes lignes du site. Celle de la restanque qui se transformera en parc et celle du boulevard Am\u00e9d\u00e9e Autran qui passe devant l&rsquo;\u00e9cole. Le projet est organis\u00e9\u00a0dans un socle o\u00f9 l\u2019on place tous les programmes du groupe scolaire. Cela permet de le dissocier de l\u2019espace public qui se trouve sur le socle et de lui offrir des qualit\u00e9s. Sur le socle se trouve des espaces offerts \u00e0 la ville, une place, des balades, des jardins.<\/p>\n<p>La cr\u00e8che est organis\u00e9e comme une bande, l\u2019\u00e9cole \u00e9l\u00e9mentaire comme une \u00e9cole tourn\u00e9e autour d\u2019une cour \u00e0 patio et la maternelle en lien direct avec l\u2019espace public. La cour maternelle sert \u00e0 la maternelle en journ\u00e9e et au public quand elle n\u2019est pas utilis\u00e9e. Enfin la rencontre des \u00e9coles maternelle et \u00e9l\u00e9mentaire se fait \u00e0 travers la rencontre des axes majeurs du projet ou l\u2019on trouve au centre les espaces communs, cantine, p\u00e9riscolaire, biblioth\u00e8que.<\/p>\n<p>Chaque \u00e9cole est travaill\u00e9e individuellement, tout en gardant des liens visuels et physiques comme dit pr\u00e9alablement.\u00a0Elles b\u00e9n\u00e9ficient toutes d\u2019une entr\u00e9e sp\u00e9cifique travaill\u00e9e en lien avec le site en rapport avec la topographie.\u00a0Pour la cr\u00e8che, on y acc\u00e8de par une rampe qui nous emm\u00e8ne dans la cour. Cela met \u00e0 distance l\u2019espace de la cr\u00e8che de l\u2019espace public en s\u2019isolant dans le socle. La cr\u00e8che est organis\u00e9e autour de deux espaces de vies o\u00f9 les enfants peuvent s\u2019amuser. D\u2019un c\u00f4t\u00e9 se trouve les espaces de l\u2019administration et de l\u2019autre les espaces de dortoirs et toilettes pour les enfants.\u00a0Pour l\u2019\u00e9l\u00e9mentaire, l\u2019acc\u00e8s se fait par un glissement depuis le boulevard Am\u00e9d\u00e9e Autran en traversant une colonnade qui agit comme filtre. On peut aussi acc\u00e9der au toit de l\u2019\u00e9cole et \u00e0 la biblioth\u00e8que.\u00a0Une fois dans l\u2019\u00e9cole, les salles de classes s\u2019organisent sur les deux c\u00f4t\u00e9 Nord et Sud de la cour.\u00a0On retrouve une continuit\u00e9 de sol entre la cour de l\u2019\u00e9l\u00e9mentaire et le terrain de sport permettant \u00e0 la cour de s\u2019\u00e9tendre vers l\u2019ext\u00e9rieure.\u00a0Les classes au Sud b\u00e9n\u00e9ficient d\u2019un apport lumineux suppl\u00e9mentaire gr\u00e2ce au patio permettant par la m\u00eame occasion de lier les deux classes.\u00a0Enfin pour la maternelle, les salles de classes s\u2019ouvrent totalement sur l\u2019ext\u00e9rieur permettant aux enfants d\u2019\u00e9tablir un rapport au monde. Les salles de couchages elles s\u2019ouvrent sur une cour plus priv\u00e9e o\u00f9 les enfants viennent s\u2019amuser pendant les pauses.<\/p>\n<p>Au R+1, on va trouver une \u00e9mergence, un \u00e9quipement public, la biblioth\u00e8que. C\u2019est un \u00e9quipement \u00e0 la fois offert aux \u00e9l\u00e8ves et aux habitants. Elle est \u00e0 la fois accessible depuis l\u2019\u00e9cole pour les \u00e9l\u00e8ves et depuis l\u2019espace public pour les habitants du quartier. Elle est organis\u00e9e autour d\u2019un espace central o\u00f9 se trouve une grande table.<\/p>\n<p>Le lien entre les deux vallons se fait \u00e0 travers la cr\u00e9ation de balades urbaines. La premi\u00e8re s\u2019ordonne autour d\u2019un espace public qui peut devenir une extension de la cour de la maternelle pendant les heures d\u2019\u00e9cole. L\u2019autre par une grande terrasse se situant sur le socle ponctu\u00e9 par des massifs v\u00e9g\u00e9taux. Toutes les deux proposent des vues sur le cirque marseillais.\u00a0Ces deux balades se retrouvent dans le dernier espace majeur du projet, un grand jardin que l\u2019on parcourt par le biais d\u2019une rampe ou d\u2019un grand escalier qui reprend un des axes fort du site.<\/p>\n<p>&nbsp;<\/p>\n<p>Les classes de maternelle sont organis\u00e9es de mani\u00e8re \u00e0 proposer un espace de travail et un espace de jeu. Chacune d\u2019entres elles b\u00e9n\u00e9ficient d\u2019un acc\u00e8s \u00e0 un local de rangement qui lient les classes entre elles. De plus le plissement du mur permet d\u2019amener des casiers et des portes manteaux devant les classes.\u00a0Pour les classes \u00e9l\u00e9mentaires, elles sont organis\u00e9es de mani\u00e8re plus individuelles, elles s\u2019ouvrent totalement sur l\u2019ext\u00e9rieur permettant d\u2019\u00e9tendre l\u2019espace de la classe sur les cours.<\/p>\n<p>La structure de l\u2019\u00e9cole est r\u00e9alis\u00e9e en pierre pour les murs et en b\u00e9ton pour les planchers. Nous avons pris le parti de ne pas rajouter d\u2019isolant dans les murs du fait de l\u2019inertie thermique de la pierre et de l\u2019enfoncement de l\u2019\u00e9cole dans le sol.<\/p>\n<p>&nbsp;<\/p>\n<p>En conclusion ce projet se veut comme un lien entre les deux vallons, en faisant cohabiter les usages publics et priv\u00e9s travaill\u00e9s par diff\u00e9rents niveaux de sols. Et tout cela dans un socle habit\u00e9.<\/p>\n\n\t\t<style type=\"text\/css\">\n\t\t\t#gallery-1 {\n\t\t\t\tmargin: auto;\n\t\t\t}\n\t\t\t#gallery-1 .gallery-item {\n\t\t\t\tfloat: left;\n\t\t\t\tmargin-top: 10px;\n\t\t\t\ttext-align: center;\n\t\t\t\twidth: 100%;\n\t\t\t}\n\t\t\t#gallery-1 img {\n\t\t\t\tborder: 2px solid #cfcfcf;\n\t\t\t}\n\t\t\t#gallery-1 .gallery-caption {\n\t\t\t\tmargin-left: 0;\n\t\t\t}\n\t\t\t\/* see gallery_shortcode() in wp-includes\/media.php *\/\n\t\t<\/style>\n\t\t<div id='gallery-1' class='gallery galleryid-481 gallery-columns-1 gallery-size-full'><dl class='gallery-item'>\n\t\t\t<dt class='gallery-icon portrait'>\n\t\t\t\t<a href='https:\/\/antoinelemaire-archi-photo.fr\/index.php\/2018\/06\/27\/un-groupe-scolaire-a-marseille-antoine-lemaire\/a1_couleur_9\/'><img loading=\"lazy\" decoding=\"async\" width=\"7016\" height=\"9933\" src=\"https:\/\/antoinelemaire-archi-photo.fr\/wp-content\/uploads\/2018\/06\/A1_COULEUR_9.jpg\" class=\"attachment-full size-full\" alt=\"R\u00e9f\u00e9rences\" aria-describedby=\"gallery-1-501\" srcset=\"https:\/\/antoinelemaire-archi-photo.fr\/wp-content\/uploads\/2018\/06\/A1_COULEUR_9.jpg 7016w, https:\/\/antoinelemaire-archi-photo.fr\/wp-content\/uploads\/2018\/06\/A1_COULEUR_9-212x300.jpg 212w, https:\/\/antoinelemaire-archi-photo.fr\/wp-content\/uploads\/2018\/06\/A1_COULEUR_9-768x1087.jpg 768w, https:\/\/antoinelemaire-archi-photo.fr\/wp-content\/uploads\/2018\/06\/A1_COULEUR_9-723x1024.jpg 723w\" sizes=\"auto, (max-width: 7016px) 100vw, 7016px\" \/><\/a>\n\t\t\t<\/dt>\n\t\t\t\t<dd class='wp-caption-text gallery-caption' id='gallery-1-501'>\n\t\t\t\tR\u00e9f\u00e9rences\n\t\t\t\t<\/dd><\/dl><br style=\"clear: both\" \/><dl class='gallery-item'>\n\t\t\t<dt class='gallery-icon landscape'>\n\t\t\t\t<a href='https:\/\/antoinelemaire-archi-photo.fr\/index.php\/2018\/06\/27\/un-groupe-scolaire-a-marseille-antoine-lemaire\/usersantoinedesktopsite-amedee-autranmarseille_au_top-dwg\/'><img loading=\"lazy\" decoding=\"async\" width=\"4715\" height=\"3358\" src=\"https:\/\/antoinelemaire-archi-photo.fr\/wp-content\/uploads\/2018\/06\/PLAN-DE-SITUATION-DEUX-MILLE.jpg\" class=\"attachment-full size-full\" alt=\"Plan de situation 1\/2000\" aria-describedby=\"gallery-1-495\" srcset=\"https:\/\/antoinelemaire-archi-photo.fr\/wp-content\/uploads\/2018\/06\/PLAN-DE-SITUATION-DEUX-MILLE.jpg 4715w, https:\/\/antoinelemaire-archi-photo.fr\/wp-content\/uploads\/2018\/06\/PLAN-DE-SITUATION-DEUX-MILLE-300x214.jpg 300w, https:\/\/antoinelemaire-archi-photo.fr\/wp-content\/uploads\/2018\/06\/PLAN-DE-SITUATION-DEUX-MILLE-768x547.jpg 768w, https:\/\/antoinelemaire-archi-photo.fr\/wp-content\/uploads\/2018\/06\/PLAN-DE-SITUATION-DEUX-MILLE-1024x729.jpg 1024w\" sizes=\"auto, (max-width: 4715px) 100vw, 4715px\" \/><\/a>\n\t\t\t<\/dt>\n\t\t\t\t<dd class='wp-caption-text gallery-caption' id='gallery-1-495'>\n\t\t\t\tPlan de situation 1\/2000\n\t\t\t\t<\/dd><\/dl><br style=\"clear: both\" \/><dl class='gallery-item'>\n\t\t\t<dt class='gallery-icon landscape'>\n\t\t\t\t<a href='https:\/\/antoinelemaire-archi-photo.fr\/index.php\/2018\/06\/27\/un-groupe-scolaire-a-marseille-antoine-lemaire\/usersantoinedocumentsprojetsite-amedee-autranrendudocum\/'><img loading=\"lazy\" decoding=\"async\" width=\"7016\" height=\"4961\" src=\"https:\/\/antoinelemaire-archi-photo.fr\/wp-content\/uploads\/2018\/06\/plan-masse-ombr\u00e9-ARBORE.jpg\" class=\"attachment-full size-full\" alt=\"Plan de Masse 1\/500\" aria-describedby=\"gallery-1-500\" srcset=\"https:\/\/antoinelemaire-archi-photo.fr\/wp-content\/uploads\/2018\/06\/plan-masse-ombr\u00e9-ARBORE.jpg 7016w, https:\/\/antoinelemaire-archi-photo.fr\/wp-content\/uploads\/2018\/06\/plan-masse-ombr\u00e9-ARBORE-300x212.jpg 300w, https:\/\/antoinelemaire-archi-photo.fr\/wp-content\/uploads\/2018\/06\/plan-masse-ombr\u00e9-ARBORE-768x543.jpg 768w, https:\/\/antoinelemaire-archi-photo.fr\/wp-content\/uploads\/2018\/06\/plan-masse-ombr\u00e9-ARBORE-1024x724.jpg 1024w\" sizes=\"auto, (max-width: 7016px) 100vw, 7016px\" \/><\/a>\n\t\t\t<\/dt>\n\t\t\t\t<dd class='wp-caption-text gallery-caption' id='gallery-1-500'>\n\t\t\t\tPlan de Masse 1\/500\n\t\t\t\t<\/dd><\/dl><br style=\"clear: both\" \/><dl class='gallery-item'>\n\t\t\t<dt class='gallery-icon landscape'>\n\t\t\t\t<a href='https:\/\/antoinelemaire-archi-photo.fr\/index.php\/2018\/06\/27\/un-groupe-scolaire-a-marseille-antoine-lemaire\/presentation3\/'><img loading=\"lazy\" decoding=\"async\" width=\"4962\" height=\"3508\" src=\"https:\/\/antoinelemaire-archi-photo.fr\/wp-content\/uploads\/2018\/06\/schema-dif\u00e9rence-de-niveau-finale.jpg\" class=\"attachment-full size-full\" alt=\"Un travail de diff\u00e9rents niveaux de sols\" aria-describedby=\"gallery-1-496\" srcset=\"https:\/\/antoinelemaire-archi-photo.fr\/wp-content\/uploads\/2018\/06\/schema-dif\u00e9rence-de-niveau-finale.jpg 4962w, https:\/\/antoinelemaire-archi-photo.fr\/wp-content\/uploads\/2018\/06\/schema-dif\u00e9rence-de-niveau-finale-300x212.jpg 300w, https:\/\/antoinelemaire-archi-photo.fr\/wp-content\/uploads\/2018\/06\/schema-dif\u00e9rence-de-niveau-finale-768x543.jpg 768w, https:\/\/antoinelemaire-archi-photo.fr\/wp-content\/uploads\/2018\/06\/schema-dif\u00e9rence-de-niveau-finale-1024x724.jpg 1024w\" sizes=\"auto, (max-width: 4962px) 100vw, 4962px\" \/><\/a>\n\t\t\t<\/dt>\n\t\t\t\t<dd class='wp-caption-text gallery-caption' id='gallery-1-496'>\n\t\t\t\tUn travail de diff\u00e9rents niveaux de sols\n\t\t\t\t<\/dd><\/dl><br style=\"clear: both\" \/><dl class='gallery-item'>\n\t\t\t<dt class='gallery-icon landscape'>\n\t\t\t\t<a href='https:\/\/antoinelemaire-archi-photo.fr\/index.php\/2018\/06\/27\/un-groupe-scolaire-a-marseille-antoine-lemaire\/presentation3-2\/'><img loading=\"lazy\" decoding=\"async\" width=\"4962\" height=\"3508\" src=\"https:\/\/antoinelemaire-archi-photo.fr\/wp-content\/uploads\/2018\/06\/schema-permeabilit\u00e9-des-espaes-final.jpg\" class=\"attachment-full size-full\" alt=\"Une perm\u00e9abilit\u00e9 des espaces\" aria-describedby=\"gallery-1-497\" srcset=\"https:\/\/antoinelemaire-archi-photo.fr\/wp-content\/uploads\/2018\/06\/schema-permeabilit\u00e9-des-espaes-final.jpg 4962w, https:\/\/antoinelemaire-archi-photo.fr\/wp-content\/uploads\/2018\/06\/schema-permeabilit\u00e9-des-espaes-final-300x212.jpg 300w, https:\/\/antoinelemaire-archi-photo.fr\/wp-content\/uploads\/2018\/06\/schema-permeabilit\u00e9-des-espaes-final-768x543.jpg 768w, https:\/\/antoinelemaire-archi-photo.fr\/wp-content\/uploads\/2018\/06\/schema-permeabilit\u00e9-des-espaes-final-1024x724.jpg 1024w\" sizes=\"auto, (max-width: 4962px) 100vw, 4962px\" \/><\/a>\n\t\t\t<\/dt>\n\t\t\t\t<dd class='wp-caption-text gallery-caption' id='gallery-1-497'>\n\t\t\t\tUne perm\u00e9abilit\u00e9 des espaces\n\t\t\t\t<\/dd><\/dl><br style=\"clear: both\" \/><dl class='gallery-item'>\n\t\t\t<dt class='gallery-icon landscape'>\n\t\t\t\t<a href='https:\/\/antoinelemaire-archi-photo.fr\/index.php\/2018\/06\/27\/un-groupe-scolaire-a-marseille-antoine-lemaire\/presentation3-3\/'><img loading=\"lazy\" decoding=\"async\" width=\"4962\" height=\"3508\" src=\"https:\/\/antoinelemaire-archi-photo.fr\/wp-content\/uploads\/2018\/06\/vue-fianle.jpg\" class=\"attachment-full size-full\" alt=\"Un travail sur les vues\" aria-describedby=\"gallery-1-498\" srcset=\"https:\/\/antoinelemaire-archi-photo.fr\/wp-content\/uploads\/2018\/06\/vue-fianle.jpg 4962w, https:\/\/antoinelemaire-archi-photo.fr\/wp-content\/uploads\/2018\/06\/vue-fianle-300x212.jpg 300w, https:\/\/antoinelemaire-archi-photo.fr\/wp-content\/uploads\/2018\/06\/vue-fianle-768x543.jpg 768w, https:\/\/antoinelemaire-archi-photo.fr\/wp-content\/uploads\/2018\/06\/vue-fianle-1024x724.jpg 1024w\" sizes=\"auto, (max-width: 4962px) 100vw, 4962px\" \/><\/a>\n\t\t\t<\/dt>\n\t\t\t\t<dd class='wp-caption-text gallery-caption' id='gallery-1-498'>\n\t\t\t\tUn travail sur les vues\n\t\t\t\t<\/dd><\/dl><br style=\"clear: both\" \/><dl class='gallery-item'>\n\t\t\t<dt class='gallery-icon landscape'>\n\t\t\t\t<a href='https:\/\/antoinelemaire-archi-photo.fr\/index.php\/2018\/06\/27\/un-groupe-scolaire-a-marseille-antoine-lemaire\/presentation4-2\/'><img loading=\"lazy\" decoding=\"async\" width=\"7016\" height=\"4763\" src=\"https:\/\/antoinelemaire-archi-photo.fr\/wp-content\/uploads\/2018\/06\/axo-enti\u00e8re.jpg\" class=\"attachment-full size-full\" alt=\"Axonom\u00e9trie globale du projet\" aria-describedby=\"gallery-1-491\" srcset=\"https:\/\/antoinelemaire-archi-photo.fr\/wp-content\/uploads\/2018\/06\/axo-enti\u00e8re.jpg 7016w, https:\/\/antoinelemaire-archi-photo.fr\/wp-content\/uploads\/2018\/06\/axo-enti\u00e8re-300x204.jpg 300w, https:\/\/antoinelemaire-archi-photo.fr\/wp-content\/uploads\/2018\/06\/axo-enti\u00e8re-768x521.jpg 768w, https:\/\/antoinelemaire-archi-photo.fr\/wp-content\/uploads\/2018\/06\/axo-enti\u00e8re-1024x695.jpg 1024w\" sizes=\"auto, (max-width: 7016px) 100vw, 7016px\" \/><\/a>\n\t\t\t<\/dt>\n\t\t\t\t<dd class='wp-caption-text gallery-caption' id='gallery-1-491'>\n\t\t\t\tAxonom\u00e9trie globale du projet\n\t\t\t\t<\/dd><\/dl><br style=\"clear: both\" \/><dl class='gallery-item'>\n\t\t\t<dt class='gallery-icon landscape'>\n\t\t\t\t<a href='https:\/\/antoinelemaire-archi-photo.fr\/index.php\/2018\/06\/27\/un-groupe-scolaire-a-marseille-antoine-lemaire\/usersantoinedocumentsprojetsite-amedee-autranrenduplan-2\/'><img loading=\"lazy\" decoding=\"async\" width=\"9933\" height=\"7016\" src=\"https:\/\/antoinelemaire-archi-photo.fr\/wp-content\/uploads\/2018\/06\/PLAN-RDC-DEUX-CENT-arbre.jpg\" class=\"attachment-full size-full\" alt=\"Plan RDC 1\/200\" aria-describedby=\"gallery-1-484\" srcset=\"https:\/\/antoinelemaire-archi-photo.fr\/wp-content\/uploads\/2018\/06\/PLAN-RDC-DEUX-CENT-arbre.jpg 9933w, https:\/\/antoinelemaire-archi-photo.fr\/wp-content\/uploads\/2018\/06\/PLAN-RDC-DEUX-CENT-arbre-300x212.jpg 300w, https:\/\/antoinelemaire-archi-photo.fr\/wp-content\/uploads\/2018\/06\/PLAN-RDC-DEUX-CENT-arbre-768x542.jpg 768w, https:\/\/antoinelemaire-archi-photo.fr\/wp-content\/uploads\/2018\/06\/PLAN-RDC-DEUX-CENT-arbre-1024x723.jpg 1024w\" sizes=\"auto, (max-width: 9933px) 100vw, 9933px\" \/><\/a>\n\t\t\t<\/dt>\n\t\t\t\t<dd class='wp-caption-text gallery-caption' id='gallery-1-484'>\n\t\t\t\tPlan RDC 1\/200\n\t\t\t\t<\/dd><\/dl><br style=\"clear: both\" \/><dl class='gallery-item'>\n\t\t\t<dt class='gallery-icon landscape'>\n\t\t\t\t<a href='https:\/\/antoinelemaire-archi-photo.fr\/index.php\/2018\/06\/27\/un-groupe-scolaire-a-marseille-antoine-lemaire\/usersantoinedocumentsprojetsite-amedee-autranrenduplan-7\/'><img loading=\"lazy\" decoding=\"async\" width=\"9933\" height=\"7016\" src=\"https:\/\/antoinelemaire-archi-photo.fr\/wp-content\/uploads\/2018\/06\/PLAN-R1-DEUX-CENT-arbre.jpg\" class=\"attachment-full size-full\" alt=\"Plan R+1 1\/200\" aria-describedby=\"gallery-1-499\" srcset=\"https:\/\/antoinelemaire-archi-photo.fr\/wp-content\/uploads\/2018\/06\/PLAN-R1-DEUX-CENT-arbre.jpg 9933w, https:\/\/antoinelemaire-archi-photo.fr\/wp-content\/uploads\/2018\/06\/PLAN-R1-DEUX-CENT-arbre-300x212.jpg 300w, https:\/\/antoinelemaire-archi-photo.fr\/wp-content\/uploads\/2018\/06\/PLAN-R1-DEUX-CENT-arbre-768x542.jpg 768w, https:\/\/antoinelemaire-archi-photo.fr\/wp-content\/uploads\/2018\/06\/PLAN-R1-DEUX-CENT-arbre-1024x723.jpg 1024w\" sizes=\"auto, (max-width: 9933px) 100vw, 9933px\" \/><\/a>\n\t\t\t<\/dt>\n\t\t\t\t<dd class='wp-caption-text gallery-caption' id='gallery-1-499'>\n\t\t\t\tPlan R+1 1\/200\n\t\t\t\t<\/dd><\/dl><br style=\"clear: both\" \/><dl class='gallery-item'>\n\t\t\t<dt class='gallery-icon landscape'>\n\t\t\t\t<a href='https:\/\/antoinelemaire-archi-photo.fr\/index.php\/2018\/06\/27\/un-groupe-scolaire-a-marseille-antoine-lemaire\/usersantoinedocumentsprojetsite-amedee-autranrenduplan-3\/'><img loading=\"lazy\" decoding=\"async\" width=\"9228\" height=\"2890\" src=\"https:\/\/antoinelemaire-archi-photo.fr\/wp-content\/uploads\/2018\/06\/fa\u00e7ade-2-deux-cent-texture-.jpg\" class=\"attachment-full size-full\" alt=\"Fa\u00e7ade NORD 1\/200\" aria-describedby=\"gallery-1-487\" srcset=\"https:\/\/antoinelemaire-archi-photo.fr\/wp-content\/uploads\/2018\/06\/fa\u00e7ade-2-deux-cent-texture-.jpg 9228w, https:\/\/antoinelemaire-archi-photo.fr\/wp-content\/uploads\/2018\/06\/fa\u00e7ade-2-deux-cent-texture--300x94.jpg 300w, https:\/\/antoinelemaire-archi-photo.fr\/wp-content\/uploads\/2018\/06\/fa\u00e7ade-2-deux-cent-texture--768x241.jpg 768w, https:\/\/antoinelemaire-archi-photo.fr\/wp-content\/uploads\/2018\/06\/fa\u00e7ade-2-deux-cent-texture--1024x321.jpg 1024w\" sizes=\"auto, (max-width: 9228px) 100vw, 9228px\" \/><\/a>\n\t\t\t<\/dt>\n\t\t\t\t<dd class='wp-caption-text gallery-caption' id='gallery-1-487'>\n\t\t\t\tFa\u00e7ade NORD 1\/200\n\t\t\t\t<\/dd><\/dl><br style=\"clear: both\" \/><dl class='gallery-item'>\n\t\t\t<dt class='gallery-icon landscape'>\n\t\t\t\t<a href='https:\/\/antoinelemaire-archi-photo.fr\/index.php\/2018\/06\/27\/un-groupe-scolaire-a-marseille-antoine-lemaire\/usersantoinedocumentsl3s6projetsite-amedee-autran7-mai\/'><img loading=\"lazy\" decoding=\"async\" width=\"9396\" height=\"2998\" src=\"https:\/\/antoinelemaire-archi-photo.fr\/wp-content\/uploads\/2018\/06\/fa\u00e7ade-deux-cent-texture.jpg\" class=\"attachment-full size-full\" alt=\"Fa\u00e7ade SUD 1\/200\" aria-describedby=\"gallery-1-488\" srcset=\"https:\/\/antoinelemaire-archi-photo.fr\/wp-content\/uploads\/2018\/06\/fa\u00e7ade-deux-cent-texture.jpg 9396w, https:\/\/antoinelemaire-archi-photo.fr\/wp-content\/uploads\/2018\/06\/fa\u00e7ade-deux-cent-texture-300x96.jpg 300w, https:\/\/antoinelemaire-archi-photo.fr\/wp-content\/uploads\/2018\/06\/fa\u00e7ade-deux-cent-texture-768x245.jpg 768w, https:\/\/antoinelemaire-archi-photo.fr\/wp-content\/uploads\/2018\/06\/fa\u00e7ade-deux-cent-texture-1024x327.jpg 1024w\" sizes=\"auto, (max-width: 9396px) 100vw, 9396px\" \/><\/a>\n\t\t\t<\/dt>\n\t\t\t\t<dd class='wp-caption-text gallery-caption' id='gallery-1-488'>\n\t\t\t\tFa\u00e7ade SUD 1\/200\n\t\t\t\t<\/dd><\/dl><br style=\"clear: both\" \/><dl class='gallery-item'>\n\t\t\t<dt class='gallery-icon landscape'>\n\t\t\t\t<a href='https:\/\/antoinelemaire-archi-photo.fr\/index.php\/2018\/06\/27\/un-groupe-scolaire-a-marseille-antoine-lemaire\/usersantoinedocumentsprojetsite-amedee-autranrenduplan\/'><img loading=\"lazy\" decoding=\"async\" width=\"7202\" height=\"1369\" src=\"https:\/\/antoinelemaire-archi-photo.fr\/wp-content\/uploads\/2018\/06\/COUPE-CINQ-CENT-TEXTURE.jpg\" class=\"attachment-full size-full\" alt=\"Coupe paysag\u00e8re 1\/500\" aria-describedby=\"gallery-1-483\" srcset=\"https:\/\/antoinelemaire-archi-photo.fr\/wp-content\/uploads\/2018\/06\/COUPE-CINQ-CENT-TEXTURE.jpg 7202w, https:\/\/antoinelemaire-archi-photo.fr\/wp-content\/uploads\/2018\/06\/COUPE-CINQ-CENT-TEXTURE-300x57.jpg 300w, https:\/\/antoinelemaire-archi-photo.fr\/wp-content\/uploads\/2018\/06\/COUPE-CINQ-CENT-TEXTURE-768x146.jpg 768w, https:\/\/antoinelemaire-archi-photo.fr\/wp-content\/uploads\/2018\/06\/COUPE-CINQ-CENT-TEXTURE-1024x195.jpg 1024w\" sizes=\"auto, (max-width: 7202px) 100vw, 7202px\" \/><\/a>\n\t\t\t<\/dt>\n\t\t\t\t<dd class='wp-caption-text gallery-caption' id='gallery-1-483'>\n\t\t\t\tCoupe paysag\u00e8re 1\/500\n\t\t\t\t<\/dd><\/dl><br style=\"clear: both\" \/><dl class='gallery-item'>\n\t\t\t<dt class='gallery-icon landscape'>\n\t\t\t\t<a href='https:\/\/antoinelemaire-archi-photo.fr\/index.php\/2018\/06\/27\/un-groupe-scolaire-a-marseille-antoine-lemaire\/usersantoinedocumentsprojetsite-amedee-autranrenduplan-11\/'><img loading=\"lazy\" decoding=\"async\" width=\"8073\" height=\"3191\" src=\"https:\/\/antoinelemaire-archi-photo.fr\/wp-content\/uploads\/2018\/06\/COUPE-BB-TEXTURE.jpg\" class=\"attachment-full size-full\" alt=\"Coupe BB 1\/200\" aria-describedby=\"gallery-1-507\" srcset=\"https:\/\/antoinelemaire-archi-photo.fr\/wp-content\/uploads\/2018\/06\/COUPE-BB-TEXTURE.jpg 8073w, https:\/\/antoinelemaire-archi-photo.fr\/wp-content\/uploads\/2018\/06\/COUPE-BB-TEXTURE-300x119.jpg 300w, https:\/\/antoinelemaire-archi-photo.fr\/wp-content\/uploads\/2018\/06\/COUPE-BB-TEXTURE-768x304.jpg 768w, https:\/\/antoinelemaire-archi-photo.fr\/wp-content\/uploads\/2018\/06\/COUPE-BB-TEXTURE-1024x405.jpg 1024w\" sizes=\"auto, (max-width: 8073px) 100vw, 8073px\" \/><\/a>\n\t\t\t<\/dt>\n\t\t\t\t<dd class='wp-caption-text gallery-caption' id='gallery-1-507'>\n\t\t\t\tCoupe BB 1\/200\n\t\t\t\t<\/dd><\/dl><br style=\"clear: both\" \/><dl class='gallery-item'>\n\t\t\t<dt class='gallery-icon landscape'>\n\t\t\t\t<a href='https:\/\/antoinelemaire-archi-photo.fr\/index.php\/2018\/06\/27\/un-groupe-scolaire-a-marseille-antoine-lemaire\/usersantoinedocumentsprojetsite-amedee-autranrenduplan-8\/'><img loading=\"lazy\" decoding=\"async\" width=\"8016\" height=\"3281\" src=\"https:\/\/antoinelemaire-archi-photo.fr\/wp-content\/uploads\/2018\/06\/COUPE-DD-TEXTURE.jpg\" class=\"attachment-full size-full\" alt=\"COUPE CC 1\/200\" aria-describedby=\"gallery-1-504\" srcset=\"https:\/\/antoinelemaire-archi-photo.fr\/wp-content\/uploads\/2018\/06\/COUPE-DD-TEXTURE.jpg 8016w, https:\/\/antoinelemaire-archi-photo.fr\/wp-content\/uploads\/2018\/06\/COUPE-DD-TEXTURE-300x123.jpg 300w, https:\/\/antoinelemaire-archi-photo.fr\/wp-content\/uploads\/2018\/06\/COUPE-DD-TEXTURE-768x314.jpg 768w, https:\/\/antoinelemaire-archi-photo.fr\/wp-content\/uploads\/2018\/06\/COUPE-DD-TEXTURE-1024x419.jpg 1024w\" sizes=\"auto, (max-width: 8016px) 100vw, 8016px\" \/><\/a>\n\t\t\t<\/dt>\n\t\t\t\t<dd class='wp-caption-text gallery-caption' id='gallery-1-504'>\n\t\t\t\tCOUPE CC 1\/200\n\t\t\t\t<\/dd><\/dl><br style=\"clear: both\" \/><dl class='gallery-item'>\n\t\t\t<dt class='gallery-icon landscape'>\n\t\t\t\t<a href='https:\/\/antoinelemaire-archi-photo.fr\/index.php\/2018\/06\/27\/un-groupe-scolaire-a-marseille-antoine-lemaire\/usersantoinedocumentsprojetsite-amedee-autranrenduplan-4\/'><img loading=\"lazy\" decoding=\"async\" width=\"6728\" height=\"2820\" src=\"https:\/\/antoinelemaire-archi-photo.fr\/wp-content\/uploads\/2018\/06\/COUPE-EE-TEXTURE.jpg\" class=\"attachment-full size-full\" alt=\"COUPE DD 1\/200\" aria-describedby=\"gallery-1-489\" srcset=\"https:\/\/antoinelemaire-archi-photo.fr\/wp-content\/uploads\/2018\/06\/COUPE-EE-TEXTURE.jpg 6728w, https:\/\/antoinelemaire-archi-photo.fr\/wp-content\/uploads\/2018\/06\/COUPE-EE-TEXTURE-300x126.jpg 300w, https:\/\/antoinelemaire-archi-photo.fr\/wp-content\/uploads\/2018\/06\/COUPE-EE-TEXTURE-768x322.jpg 768w, https:\/\/antoinelemaire-archi-photo.fr\/wp-content\/uploads\/2018\/06\/COUPE-EE-TEXTURE-1024x429.jpg 1024w\" sizes=\"auto, (max-width: 6728px) 100vw, 6728px\" \/><\/a>\n\t\t\t<\/dt>\n\t\t\t\t<dd class='wp-caption-text gallery-caption' id='gallery-1-489'>\n\t\t\t\tCOUPE DD 1\/200\n\t\t\t\t<\/dd><\/dl><br style=\"clear: both\" \/><dl class='gallery-item'>\n\t\t\t<dt class='gallery-icon landscape'>\n\t\t\t\t<a href='https:\/\/antoinelemaire-archi-photo.fr\/index.php\/2018\/06\/27\/un-groupe-scolaire-a-marseille-antoine-lemaire\/usersantoinedocumentsprojetsite-amedee-autranrenduplan-10\/'><img loading=\"lazy\" decoding=\"async\" width=\"6920\" height=\"2925\" src=\"https:\/\/antoinelemaire-archi-photo.fr\/wp-content\/uploads\/2018\/06\/COUPE-FF-TEXTURE.jpg\" class=\"attachment-full size-full\" alt=\"COUPE EE 1\/200\" aria-describedby=\"gallery-1-506\" srcset=\"https:\/\/antoinelemaire-archi-photo.fr\/wp-content\/uploads\/2018\/06\/COUPE-FF-TEXTURE.jpg 6920w, https:\/\/antoinelemaire-archi-photo.fr\/wp-content\/uploads\/2018\/06\/COUPE-FF-TEXTURE-300x127.jpg 300w, https:\/\/antoinelemaire-archi-photo.fr\/wp-content\/uploads\/2018\/06\/COUPE-FF-TEXTURE-768x325.jpg 768w, https:\/\/antoinelemaire-archi-photo.fr\/wp-content\/uploads\/2018\/06\/COUPE-FF-TEXTURE-1024x433.jpg 1024w\" sizes=\"auto, (max-width: 6920px) 100vw, 6920px\" \/><\/a>\n\t\t\t<\/dt>\n\t\t\t\t<dd class='wp-caption-text gallery-caption' id='gallery-1-506'>\n\t\t\t\tCOUPE EE 1\/200\n\t\t\t\t<\/dd><\/dl><br style=\"clear: both\" \/><dl class='gallery-item'>\n\t\t\t<dt class='gallery-icon landscape'>\n\t\t\t\t<a href='https:\/\/antoinelemaire-archi-photo.fr\/index.php\/2018\/06\/27\/un-groupe-scolaire-a-marseille-antoine-lemaire\/usersantoinedocumentsprojetsite-amedee-autranrenduplan-5\/'><img loading=\"lazy\" decoding=\"async\" width=\"9933\" height=\"7016\" src=\"https:\/\/antoinelemaire-archi-photo.fr\/wp-content\/uploads\/2018\/06\/PLAN-CINQUANTE-ECOLE-ELEMENTAIRE-TEXTURER.jpg\" class=\"attachment-full size-full\" alt=\"Plan classe \u00e9l\u00e9mentaire 1\/50\" aria-describedby=\"gallery-1-493\" srcset=\"https:\/\/antoinelemaire-archi-photo.fr\/wp-content\/uploads\/2018\/06\/PLAN-CINQUANTE-ECOLE-ELEMENTAIRE-TEXTURER.jpg 9933w, https:\/\/antoinelemaire-archi-photo.fr\/wp-content\/uploads\/2018\/06\/PLAN-CINQUANTE-ECOLE-ELEMENTAIRE-TEXTURER-300x212.jpg 300w, https:\/\/antoinelemaire-archi-photo.fr\/wp-content\/uploads\/2018\/06\/PLAN-CINQUANTE-ECOLE-ELEMENTAIRE-TEXTURER-768x542.jpg 768w, https:\/\/antoinelemaire-archi-photo.fr\/wp-content\/uploads\/2018\/06\/PLAN-CINQUANTE-ECOLE-ELEMENTAIRE-TEXTURER-1024x723.jpg 1024w\" sizes=\"auto, (max-width: 9933px) 100vw, 9933px\" \/><\/a>\n\t\t\t<\/dt>\n\t\t\t\t<dd class='wp-caption-text gallery-caption' id='gallery-1-493'>\n\t\t\t\tPlan classe \u00e9l\u00e9mentaire 1\/50\n\t\t\t\t<\/dd><\/dl><br style=\"clear: both\" \/><dl class='gallery-item'>\n\t\t\t<dt class='gallery-icon landscape'>\n\t\t\t\t<a href='https:\/\/antoinelemaire-archi-photo.fr\/index.php\/2018\/06\/27\/un-groupe-scolaire-a-marseille-antoine-lemaire\/a1-2\/'><img loading=\"lazy\" decoding=\"async\" width=\"5593\" height=\"3318\" src=\"https:\/\/antoinelemaire-archi-photo.fr\/wp-content\/uploads\/2018\/06\/coupe-maternelle-texture.jpg\" class=\"attachment-full size-full\" alt=\"Coupe d\u00e9tail classe \u00e9l\u00e9mentaire 1\/50\" aria-describedby=\"gallery-1-485\" srcset=\"https:\/\/antoinelemaire-archi-photo.fr\/wp-content\/uploads\/2018\/06\/coupe-maternelle-texture.jpg 5593w, https:\/\/antoinelemaire-archi-photo.fr\/wp-content\/uploads\/2018\/06\/coupe-maternelle-texture-300x178.jpg 300w, https:\/\/antoinelemaire-archi-photo.fr\/wp-content\/uploads\/2018\/06\/coupe-maternelle-texture-768x456.jpg 768w, https:\/\/antoinelemaire-archi-photo.fr\/wp-content\/uploads\/2018\/06\/coupe-maternelle-texture-1024x607.jpg 1024w\" sizes=\"auto, (max-width: 5593px) 100vw, 5593px\" \/><\/a>\n\t\t\t<\/dt>\n\t\t\t\t<dd class='wp-caption-text gallery-caption' id='gallery-1-485'>\n\t\t\t\tCoupe d\u00e9tail classe \u00e9l\u00e9mentaire 1\/50\n\t\t\t\t<\/dd><\/dl><br style=\"clear: both\" \/><dl class='gallery-item'>\n\t\t\t<dt class='gallery-icon landscape'>\n\t\t\t\t<a href='https:\/\/antoinelemaire-archi-photo.fr\/index.php\/2018\/06\/27\/un-groupe-scolaire-a-marseille-antoine-lemaire\/usersantoinedocumentsprojetsite-amedee-autranrenduplan-6\/'><img loading=\"lazy\" decoding=\"async\" width=\"9933\" height=\"7016\" src=\"https:\/\/antoinelemaire-archi-photo.fr\/wp-content\/uploads\/2018\/06\/PLAN-CINQUANTE-MATERNELLE-TEXTURER-copie.jpg\" class=\"attachment-full size-full\" alt=\"Plan classe maternelle 1\/50\" aria-describedby=\"gallery-1-494\" srcset=\"https:\/\/antoinelemaire-archi-photo.fr\/wp-content\/uploads\/2018\/06\/PLAN-CINQUANTE-MATERNELLE-TEXTURER-copie.jpg 9933w, https:\/\/antoinelemaire-archi-photo.fr\/wp-content\/uploads\/2018\/06\/PLAN-CINQUANTE-MATERNELLE-TEXTURER-copie-300x212.jpg 300w, https:\/\/antoinelemaire-archi-photo.fr\/wp-content\/uploads\/2018\/06\/PLAN-CINQUANTE-MATERNELLE-TEXTURER-copie-768x542.jpg 768w, https:\/\/antoinelemaire-archi-photo.fr\/wp-content\/uploads\/2018\/06\/PLAN-CINQUANTE-MATERNELLE-TEXTURER-copie-1024x723.jpg 1024w\" sizes=\"auto, (max-width: 9933px) 100vw, 9933px\" \/><\/a>\n\t\t\t<\/dt>\n\t\t\t\t<dd class='wp-caption-text gallery-caption' id='gallery-1-494'>\n\t\t\t\tPlan classe maternelle 1\/50\n\t\t\t\t<\/dd><\/dl><br style=\"clear: both\" \/><dl class='gallery-item'>\n\t\t\t<dt class='gallery-icon landscape'>\n\t\t\t\t<a href='https:\/\/antoinelemaire-archi-photo.fr\/index.php\/2018\/06\/27\/un-groupe-scolaire-a-marseille-antoine-lemaire\/a1-2-2\/'><img loading=\"lazy\" decoding=\"async\" width=\"5253\" height=\"2679\" src=\"https:\/\/antoinelemaire-archi-photo.fr\/wp-content\/uploads\/2018\/06\/unnamed-file-e1530084748566.jpg\" class=\"attachment-full size-full\" alt=\"Coupe d\u00e9tail classe maternelle 1\/50\" aria-describedby=\"gallery-1-486\" srcset=\"https:\/\/antoinelemaire-archi-photo.fr\/wp-content\/uploads\/2018\/06\/unnamed-file-e1530084748566.jpg 5253w, https:\/\/antoinelemaire-archi-photo.fr\/wp-content\/uploads\/2018\/06\/unnamed-file-e1530084748566-300x153.jpg 300w, https:\/\/antoinelemaire-archi-photo.fr\/wp-content\/uploads\/2018\/06\/unnamed-file-e1530084748566-768x392.jpg 768w, https:\/\/antoinelemaire-archi-photo.fr\/wp-content\/uploads\/2018\/06\/unnamed-file-e1530084748566-1024x522.jpg 1024w\" sizes=\"auto, (max-width: 5253px) 100vw, 5253px\" \/><\/a>\n\t\t\t<\/dt>\n\t\t\t\t<dd class='wp-caption-text gallery-caption' id='gallery-1-486'>\n\t\t\t\tCoupe d\u00e9tail classe maternelle 1\/50\n\t\t\t\t<\/dd><\/dl><br style=\"clear: both\" \/><dl class='gallery-item'>\n\t\t\t<dt class='gallery-icon landscape'>\n\t\t\t\t<a href='https:\/\/antoinelemaire-archi-photo.fr\/index.php\/2018\/06\/27\/un-groupe-scolaire-a-marseille-antoine-lemaire\/presentation4\/'><img loading=\"lazy\" decoding=\"async\" width=\"7016\" height=\"6698\" src=\"https:\/\/antoinelemaire-archi-photo.fr\/wp-content\/uploads\/2018\/06\/axo-\u00e9clat\u00e9-habit\u00e9.jpg\" class=\"attachment-full size-full\" alt=\"Axonom\u00e9trie structurelle \u00e9clat\u00e9e\" aria-describedby=\"gallery-1-490\" srcset=\"https:\/\/antoinelemaire-archi-photo.fr\/wp-content\/uploads\/2018\/06\/axo-\u00e9clat\u00e9-habit\u00e9.jpg 7016w, https:\/\/antoinelemaire-archi-photo.fr\/wp-content\/uploads\/2018\/06\/axo-\u00e9clat\u00e9-habit\u00e9-300x286.jpg 300w, https:\/\/antoinelemaire-archi-photo.fr\/wp-content\/uploads\/2018\/06\/axo-\u00e9clat\u00e9-habit\u00e9-768x733.jpg 768w, https:\/\/antoinelemaire-archi-photo.fr\/wp-content\/uploads\/2018\/06\/axo-\u00e9clat\u00e9-habit\u00e9-1024x978.jpg 1024w\" sizes=\"auto, (max-width: 7016px) 100vw, 7016px\" \/><\/a>\n\t\t\t<\/dt>\n\t\t\t\t<dd class='wp-caption-text gallery-caption' id='gallery-1-490'>\n\t\t\t\tAxonom\u00e9trie structurelle \u00e9clat\u00e9e\n\t\t\t\t<\/dd><\/dl><br style=\"clear: both\" \/><dl class='gallery-item'>\n\t\t\t<dt class='gallery-icon landscape'>\n\t\t\t\t<a href='https:\/\/antoinelemaire-archi-photo.fr\/index.php\/2018\/06\/27\/un-groupe-scolaire-a-marseille-antoine-lemaire\/usersantoinedocumentsl3s6projetsite-amedee-autran7-mai-2\/'><img loading=\"lazy\" decoding=\"async\" width=\"7458\" height=\"4340\" src=\"https:\/\/antoinelemaire-archi-photo.fr\/wp-content\/uploads\/2018\/06\/D\u00e9tail-cinquante-texturer.jpg\" class=\"attachment-full size-full\" alt=\"D\u00e9tail structurel 1\/50\" aria-describedby=\"gallery-1-492\" srcset=\"https:\/\/antoinelemaire-archi-photo.fr\/wp-content\/uploads\/2018\/06\/D\u00e9tail-cinquante-texturer.jpg 7458w, https:\/\/antoinelemaire-archi-photo.fr\/wp-content\/uploads\/2018\/06\/D\u00e9tail-cinquante-texturer-300x175.jpg 300w, https:\/\/antoinelemaire-archi-photo.fr\/wp-content\/uploads\/2018\/06\/D\u00e9tail-cinquante-texturer-768x447.jpg 768w, https:\/\/antoinelemaire-archi-photo.fr\/wp-content\/uploads\/2018\/06\/D\u00e9tail-cinquante-texturer-1024x596.jpg 1024w\" sizes=\"auto, (max-width: 7458px) 100vw, 7458px\" \/><\/a>\n\t\t\t<\/dt>\n\t\t\t\t<dd class='wp-caption-text gallery-caption' id='gallery-1-492'>\n\t\t\t\tD\u00e9tail structurel 1\/50\n\t\t\t\t<\/dd><\/dl><br style=\"clear: both\" \/><dl class='gallery-item'>\n\t\t\t<dt class='gallery-icon landscape'>\n\t\t\t\t<a href='https:\/\/antoinelemaire-archi-photo.fr\/index.php\/2018\/06\/27\/un-groupe-scolaire-a-marseille-antoine-lemaire\/vue-de-la-pers\/'><img loading=\"lazy\" decoding=\"async\" width=\"3264\" height=\"2448\" src=\"https:\/\/antoinelemaire-archi-photo.fr\/wp-content\/uploads\/2018\/06\/vue-de-la-pers.jpg\" class=\"attachment-full size-full\" alt=\"Vue de la cour maternelle\" aria-describedby=\"gallery-1-502\" srcset=\"https:\/\/antoinelemaire-archi-photo.fr\/wp-content\/uploads\/2018\/06\/vue-de-la-pers.jpg 3264w, https:\/\/antoinelemaire-archi-photo.fr\/wp-content\/uploads\/2018\/06\/vue-de-la-pers-300x225.jpg 300w, https:\/\/antoinelemaire-archi-photo.fr\/wp-content\/uploads\/2018\/06\/vue-de-la-pers-768x576.jpg 768w, https:\/\/antoinelemaire-archi-photo.fr\/wp-content\/uploads\/2018\/06\/vue-de-la-pers-1024x768.jpg 1024w\" sizes=\"auto, (max-width: 3264px) 100vw, 3264px\" \/><\/a>\n\t\t\t<\/dt>\n\t\t\t\t<dd class='wp-caption-text gallery-caption' id='gallery-1-502'>\n\t\t\t\tVue de la cour maternelle\n\t\t\t\t<\/dd><\/dl><br style=\"clear: both\" \/><dl class='gallery-item'>\n\t\t\t<dt class='gallery-icon landscape'>\n\t\t\t\t<a href='https:\/\/antoinelemaire-archi-photo.fr\/index.php\/2018\/06\/27\/un-groupe-scolaire-a-marseille-antoine-lemaire\/axo\/'><img loading=\"lazy\" decoding=\"async\" width=\"3264\" height=\"2448\" src=\"https:\/\/antoinelemaire-archi-photo.fr\/wp-content\/uploads\/2018\/06\/axo.jpg\" class=\"attachment-full size-full\" alt=\"Maquette ins\u00e9r\u00e9e du projet\" aria-describedby=\"gallery-1-503\" srcset=\"https:\/\/antoinelemaire-archi-photo.fr\/wp-content\/uploads\/2018\/06\/axo.jpg 3264w, https:\/\/antoinelemaire-archi-photo.fr\/wp-content\/uploads\/2018\/06\/axo-300x225.jpg 300w, https:\/\/antoinelemaire-archi-photo.fr\/wp-content\/uploads\/2018\/06\/axo-768x576.jpg 768w, https:\/\/antoinelemaire-archi-photo.fr\/wp-content\/uploads\/2018\/06\/axo-1024x768.jpg 1024w\" sizes=\"auto, (max-width: 3264px) 100vw, 3264px\" \/><\/a>\n\t\t\t<\/dt>\n\t\t\t\t<dd class='wp-caption-text gallery-caption' id='gallery-1-503'>\n\t\t\t\tMaquette ins\u00e9r\u00e9e du projet\n\t\t\t\t<\/dd><\/dl><br style=\"clear: both\" \/>\n\t\t<\/div>\n\n","protected":false},"excerpt":{"rendered":"<p>Un groupe scolaire \u00e0 Marseille: Projet de groupe: Alo\u00efs Lagier\u2014Lomer et Antoine Lemaire Le projet se situe sur dans le quartier du 7\u00e8me arrondissement de Marseille sur la bute Bompart.\u00a0 Ce quartier pr\u00e9sente un tissu peu dense constitu\u00e9 majoritairement de pavillons et de villas en pierre.\u00a0De plus, on note une forte pr\u00e9sence du v\u00e9g\u00e9tal et [&hellip;]<\/p>\n","protected":false},"author":1,"featured_media":1051,"comment_status":"open","ping_status":"open","sticky":false,"template":"","format":"standard","meta":{"_monsterinsights_skip_tracking":false,"_monsterinsights_sitenote_active":false,"_monsterinsights_sitenote_note":"","_monsterinsights_sitenote_category":0,"footnotes":""},"categories":[18],"tags":[],"class_list":["post-481","post","type-post","status-publish","format-standard","has-post-thumbnail","hentry","category-architecture"],"_links":{"self":[{"href":"https:\/\/antoinelemaire-archi-photo.fr\/index.php\/wp-json\/wp\/v2\/posts\/481","targetHints":{"allow":["GET"]}}],"collection":[{"href":"https:\/\/antoinelemaire-archi-photo.fr\/index.php\/wp-json\/wp\/v2\/posts"}],"about":[{"href":"https:\/\/antoinelemaire-archi-photo.fr\/index.php\/wp-json\/wp\/v2\/types\/post"}],"author":[{"embeddable":true,"href":"https:\/\/antoinelemaire-archi-photo.fr\/index.php\/wp-json\/wp\/v2\/users\/1"}],"replies":[{"embeddable":true,"href":"https:\/\/antoinelemaire-archi-photo.fr\/index.php\/wp-json\/wp\/v2\/comments?post=481"}],"version-history":[{"count":5,"href":"https:\/\/antoinelemaire-archi-photo.fr\/index.php\/wp-json\/wp\/v2\/posts\/481\/revisions"}],"predecessor-version":[{"id":924,"href":"https:\/\/antoinelemaire-archi-photo.fr\/index.php\/wp-json\/wp\/v2\/posts\/481\/revisions\/924"}],"wp:featuredmedia":[{"embeddable":true,"href":"https:\/\/antoinelemaire-archi-photo.fr\/index.php\/wp-json\/wp\/v2\/media\/1051"}],"wp:attachment":[{"href":"https:\/\/antoinelemaire-archi-photo.fr\/index.php\/wp-json\/wp\/v2\/media?parent=481"}],"wp:term":[{"taxonomy":"category","embeddable":true,"href":"https:\/\/antoinelemaire-archi-photo.fr\/index.php\/wp-json\/wp\/v2\/categories?post=481"},{"taxonomy":"post_tag","embeddable":true,"href":"https:\/\/antoinelemaire-archi-photo.fr\/index.php\/wp-json\/wp\/v2\/tags?post=481"}],"curies":[{"name":"wp","href":"https:\/\/api.w.org\/{rel}","templated":true}]}}