{"id":458,"date":"2018-05-31T22:00:00","date_gmt":"2018-05-31T20:00:00","guid":{"rendered":"http:\/\/antoinelemaire-archi-photo.fr\/?p=458"},"modified":"2020-10-09T00:33:43","modified_gmt":"2020-10-08T22:33:43","slug":"exo-une-exposition-de-felicie-destienne-dorves-antoine-lemaire","status":"publish","type":"post","link":"https:\/\/antoinelemaire-archi-photo.fr\/index.php\/2018\/05\/31\/exo-une-exposition-de-felicie-destienne-dorves-antoine-lemaire\/","title":{"rendered":"Point G\u00e9ographique I Latitude : 42.480977  &#8211;  Longitude : 3.130178"},"content":{"rendered":"<h1 style=\"text-align: center;\">NUANCES D&rsquo;ARTS<\/h1>\n<h2 style=\"text-align: center;\">EXO<\/h2>\n<h4 style=\"text-align: center;\">F\u00e9licie d&rsquo;Estienne d&rsquo;Orves<\/h4>\n<p>&nbsp;<\/p>\n<p>Le 19 mai 2018, l&rsquo;artiste F\u00e9licie d&rsquo;Estienne d&rsquo;Orves a pr\u00e9sent\u00e9 \u00e0 la Friche Belle-de-Mai une installation nocturne. \u00c0 travers cette installation, le spectateur est invit\u00e9 a d\u00e9couvrir les constellations visibles et invisibles de l&rsquo;espace. L&rsquo;exposition est mise en lumi\u00e8re \u00e0 l&rsquo;aide de grands lasers \u00e9clairant le ciel Marseillais. Le spectateur est plong\u00e9 dans son imaginaire pour se repr\u00e9senter l&rsquo;\u00e9tendue infini de l&rsquo;espace au dessus de sa t\u00eate.<\/p>\n<p>J&rsquo;ai choisi de photographier cette exposition qui m&rsquo;a plu par sa mise en oeuvre et ce sentiment d&rsquo;admiration face aux constellations. Tout le monde a d\u00e9j\u00e0 regard\u00e9 le ciel pour \u00e9tudier les constellations que l&rsquo;on peut apercevoir une fois la nuit tomb\u00e9e.<\/p>\n\n\t\t<style type=\"text\/css\">\n\t\t\t#gallery-1 {\n\t\t\t\tmargin: auto;\n\t\t\t}\n\t\t\t#gallery-1 .gallery-item {\n\t\t\t\tfloat: left;\n\t\t\t\tmargin-top: 10px;\n\t\t\t\ttext-align: center;\n\t\t\t\twidth: 100%;\n\t\t\t}\n\t\t\t#gallery-1 img {\n\t\t\t\tborder: 2px solid #cfcfcf;\n\t\t\t}\n\t\t\t#gallery-1 .gallery-caption {\n\t\t\t\tmargin-left: 0;\n\t\t\t}\n\t\t\t\/* see gallery_shortcode() in wp-includes\/media.php *\/\n\t\t<\/style>\n\t\t<div id='gallery-1' class='gallery galleryid-458 gallery-columns-1 gallery-size-full'><dl class='gallery-item'>\n\t\t\t<dt class='gallery-icon portrait'>\n\t\t\t\t<a href='https:\/\/antoinelemaire-archi-photo.fr\/index.php\/2018\/05\/31\/exo-une-exposition-de-felicie-destienne-dorves-antoine-lemaire\/exo_7\/'><img loading=\"lazy\" decoding=\"async\" width=\"3000\" height=\"4496\" src=\"https:\/\/antoinelemaire-archi-photo.fr\/wp-content\/uploads\/2018\/05\/EXO_7.jpg\" class=\"attachment-full size-full\" alt=\"Installation EXO sur le toit de la Friche-Belle-de-Mai\" aria-describedby=\"gallery-1-460\" srcset=\"https:\/\/antoinelemaire-archi-photo.fr\/wp-content\/uploads\/2018\/05\/EXO_7.jpg 3000w, https:\/\/antoinelemaire-archi-photo.fr\/wp-content\/uploads\/2018\/05\/EXO_7-200x300.jpg 200w, https:\/\/antoinelemaire-archi-photo.fr\/wp-content\/uploads\/2018\/05\/EXO_7-768x1151.jpg 768w, https:\/\/antoinelemaire-archi-photo.fr\/wp-content\/uploads\/2018\/05\/EXO_7-683x1024.jpg 683w\" sizes=\"auto, (max-width: 3000px) 100vw, 3000px\" \/><\/a>\n\t\t\t<\/dt>\n\t\t\t\t<dd class='wp-caption-text gallery-caption' id='gallery-1-460'>\n\t\t\t\tInstallation EXO sur le toit de la Friche-Belle-de-Mai\n\t\t\t\t<\/dd><\/dl><br style=\"clear: both\" \/><dl class='gallery-item'>\n\t\t\t<dt class='gallery-icon landscape'>\n\t\t\t\t<a href='https:\/\/antoinelemaire-archi-photo.fr\/index.php\/2018\/05\/31\/exo-une-exposition-de-felicie-destienne-dorves-antoine-lemaire\/exo_3\/'><img loading=\"lazy\" decoding=\"async\" width=\"4496\" height=\"3000\" src=\"https:\/\/antoinelemaire-archi-photo.fr\/wp-content\/uploads\/2018\/05\/EXO_3.jpg\" class=\"attachment-full size-full\" alt=\"Installation EXO sur le toit de la Friche-Belle-de-Mai\" aria-describedby=\"gallery-1-462\" srcset=\"https:\/\/antoinelemaire-archi-photo.fr\/wp-content\/uploads\/2018\/05\/EXO_3.jpg 4496w, https:\/\/antoinelemaire-archi-photo.fr\/wp-content\/uploads\/2018\/05\/EXO_3-300x200.jpg 300w, https:\/\/antoinelemaire-archi-photo.fr\/wp-content\/uploads\/2018\/05\/EXO_3-768x512.jpg 768w, https:\/\/antoinelemaire-archi-photo.fr\/wp-content\/uploads\/2018\/05\/EXO_3-1024x683.jpg 1024w, https:\/\/antoinelemaire-archi-photo.fr\/wp-content\/uploads\/2018\/05\/EXO_3-750x500.jpg 750w\" sizes=\"auto, (max-width: 4496px) 100vw, 4496px\" \/><\/a>\n\t\t\t<\/dt>\n\t\t\t\t<dd class='wp-caption-text gallery-caption' id='gallery-1-462'>\n\t\t\t\tInstallation EXO sur le toit de la Friche-Belle-de-Mai\n\t\t\t\t<\/dd><\/dl><br style=\"clear: both\" \/><dl class='gallery-item'>\n\t\t\t<dt class='gallery-icon landscape'>\n\t\t\t\t<a href='https:\/\/antoinelemaire-archi-photo.fr\/index.php\/2018\/05\/31\/exo-une-exposition-de-felicie-destienne-dorves-antoine-lemaire\/exo_6\/'><img loading=\"lazy\" decoding=\"async\" width=\"4496\" height=\"3000\" src=\"https:\/\/antoinelemaire-archi-photo.fr\/wp-content\/uploads\/2018\/05\/EXO_6.jpg\" class=\"attachment-full size-full\" alt=\"Installation EXO sur le toit de la Friche-Belle-de-Mai\" aria-describedby=\"gallery-1-463\" srcset=\"https:\/\/antoinelemaire-archi-photo.fr\/wp-content\/uploads\/2018\/05\/EXO_6.jpg 4496w, https:\/\/antoinelemaire-archi-photo.fr\/wp-content\/uploads\/2018\/05\/EXO_6-300x200.jpg 300w, https:\/\/antoinelemaire-archi-photo.fr\/wp-content\/uploads\/2018\/05\/EXO_6-768x512.jpg 768w, https:\/\/antoinelemaire-archi-photo.fr\/wp-content\/uploads\/2018\/05\/EXO_6-1024x683.jpg 1024w, https:\/\/antoinelemaire-archi-photo.fr\/wp-content\/uploads\/2018\/05\/EXO_6-750x500.jpg 750w\" sizes=\"auto, (max-width: 4496px) 100vw, 4496px\" \/><\/a>\n\t\t\t<\/dt>\n\t\t\t\t<dd class='wp-caption-text gallery-caption' id='gallery-1-463'>\n\t\t\t\tInstallation EXO sur le toit de la Friche-Belle-de-Mai\n\t\t\t\t<\/dd><\/dl><br style=\"clear: both\" \/><dl class='gallery-item'>\n\t\t\t<dt class='gallery-icon landscape'>\n\t\t\t\t<a href='https:\/\/antoinelemaire-archi-photo.fr\/index.php\/2018\/05\/31\/exo-une-exposition-de-felicie-destienne-dorves-antoine-lemaire\/exo_8\/'><img loading=\"lazy\" decoding=\"async\" width=\"4496\" height=\"3000\" src=\"https:\/\/antoinelemaire-archi-photo.fr\/wp-content\/uploads\/2018\/05\/EXO_8.jpg\" class=\"attachment-full size-full\" alt=\"Installation EXO sur le toit de la Friche-Belle-de-Mai\" aria-describedby=\"gallery-1-461\" srcset=\"https:\/\/antoinelemaire-archi-photo.fr\/wp-content\/uploads\/2018\/05\/EXO_8.jpg 4496w, https:\/\/antoinelemaire-archi-photo.fr\/wp-content\/uploads\/2018\/05\/EXO_8-300x200.jpg 300w, https:\/\/antoinelemaire-archi-photo.fr\/wp-content\/uploads\/2018\/05\/EXO_8-768x512.jpg 768w, https:\/\/antoinelemaire-archi-photo.fr\/wp-content\/uploads\/2018\/05\/EXO_8-1024x683.jpg 1024w, https:\/\/antoinelemaire-archi-photo.fr\/wp-content\/uploads\/2018\/05\/EXO_8-750x500.jpg 750w\" sizes=\"auto, (max-width: 4496px) 100vw, 4496px\" \/><\/a>\n\t\t\t<\/dt>\n\t\t\t\t<dd class='wp-caption-text gallery-caption' id='gallery-1-461'>\n\t\t\t\tInstallation EXO sur le toit de la Friche-Belle-de-Mai\n\t\t\t\t<\/dd><\/dl><br style=\"clear: both\" \/><dl class='gallery-item'>\n\t\t\t<dt class='gallery-icon landscape'>\n\t\t\t\t<a href='https:\/\/antoinelemaire-archi-photo.fr\/index.php\/2018\/05\/31\/exo-une-exposition-de-felicie-destienne-dorves-antoine-lemaire\/exo_4\/'><img loading=\"lazy\" decoding=\"async\" width=\"4496\" height=\"3000\" src=\"https:\/\/antoinelemaire-archi-photo.fr\/wp-content\/uploads\/2018\/05\/EXO_4.jpg\" class=\"attachment-full size-full\" alt=\"Installation EXO sur le toit de la Friche-Belle-de-Mai\" aria-describedby=\"gallery-1-465\" srcset=\"https:\/\/antoinelemaire-archi-photo.fr\/wp-content\/uploads\/2018\/05\/EXO_4.jpg 4496w, https:\/\/antoinelemaire-archi-photo.fr\/wp-content\/uploads\/2018\/05\/EXO_4-300x200.jpg 300w, https:\/\/antoinelemaire-archi-photo.fr\/wp-content\/uploads\/2018\/05\/EXO_4-768x512.jpg 768w, https:\/\/antoinelemaire-archi-photo.fr\/wp-content\/uploads\/2018\/05\/EXO_4-1024x683.jpg 1024w, https:\/\/antoinelemaire-archi-photo.fr\/wp-content\/uploads\/2018\/05\/EXO_4-750x500.jpg 750w\" sizes=\"auto, (max-width: 4496px) 100vw, 4496px\" \/><\/a>\n\t\t\t<\/dt>\n\t\t\t\t<dd class='wp-caption-text gallery-caption' id='gallery-1-465'>\n\t\t\t\tInstallation EXO sur le toit de la Friche-Belle-de-Mai\n\t\t\t\t<\/dd><\/dl><br style=\"clear: both\" \/><dl class='gallery-item'>\n\t\t\t<dt class='gallery-icon portrait'>\n\t\t\t\t<a href='https:\/\/antoinelemaire-archi-photo.fr\/index.php\/2018\/05\/31\/exo-une-exposition-de-felicie-destienne-dorves-antoine-lemaire\/exo_5\/'><img loading=\"lazy\" decoding=\"async\" width=\"3000\" height=\"4496\" src=\"https:\/\/antoinelemaire-archi-photo.fr\/wp-content\/uploads\/2018\/05\/EXO_5.jpg\" class=\"attachment-full size-full\" alt=\"Installation EXO sur le toit de la Friche-Belle-de-Mai\" aria-describedby=\"gallery-1-466\" srcset=\"https:\/\/antoinelemaire-archi-photo.fr\/wp-content\/uploads\/2018\/05\/EXO_5.jpg 3000w, https:\/\/antoinelemaire-archi-photo.fr\/wp-content\/uploads\/2018\/05\/EXO_5-200x300.jpg 200w, https:\/\/antoinelemaire-archi-photo.fr\/wp-content\/uploads\/2018\/05\/EXO_5-768x1151.jpg 768w, https:\/\/antoinelemaire-archi-photo.fr\/wp-content\/uploads\/2018\/05\/EXO_5-683x1024.jpg 683w\" sizes=\"auto, (max-width: 3000px) 100vw, 3000px\" \/><\/a>\n\t\t\t<\/dt>\n\t\t\t\t<dd class='wp-caption-text gallery-caption' id='gallery-1-466'>\n\t\t\t\tInstallation EXO sur le toit de la Friche-Belle-de-Mai\n\t\t\t\t<\/dd><\/dl><br style=\"clear: both\" \/><dl class='gallery-item'>\n\t\t\t<dt class='gallery-icon landscape'>\n\t\t\t\t<a href='https:\/\/antoinelemaire-archi-photo.fr\/index.php\/2018\/05\/31\/exo-une-exposition-de-felicie-destienne-dorves-antoine-lemaire\/exo_1\/'><img loading=\"lazy\" decoding=\"async\" width=\"4496\" height=\"3000\" src=\"https:\/\/antoinelemaire-archi-photo.fr\/wp-content\/uploads\/2018\/05\/EXO_1.jpg\" class=\"attachment-full size-full\" alt=\"Installation EXO sur le toit de la Friche-Belle-de-Mai\" aria-describedby=\"gallery-1-464\" srcset=\"https:\/\/antoinelemaire-archi-photo.fr\/wp-content\/uploads\/2018\/05\/EXO_1.jpg 4496w, https:\/\/antoinelemaire-archi-photo.fr\/wp-content\/uploads\/2018\/05\/EXO_1-300x200.jpg 300w, https:\/\/antoinelemaire-archi-photo.fr\/wp-content\/uploads\/2018\/05\/EXO_1-768x512.jpg 768w, https:\/\/antoinelemaire-archi-photo.fr\/wp-content\/uploads\/2018\/05\/EXO_1-1024x683.jpg 1024w, https:\/\/antoinelemaire-archi-photo.fr\/wp-content\/uploads\/2018\/05\/EXO_1-750x500.jpg 750w\" sizes=\"auto, (max-width: 4496px) 100vw, 4496px\" \/><\/a>\n\t\t\t<\/dt>\n\t\t\t\t<dd class='wp-caption-text gallery-caption' id='gallery-1-464'>\n\t\t\t\tInstallation EXO sur le toit de la Friche-Belle-de-Mai\n\t\t\t\t<\/dd><\/dl><br style=\"clear: both\" \/>\n\t\t<\/div>\n\n","protected":false},"excerpt":{"rendered":"<p>NUANCES D&rsquo;ARTS EXO F\u00e9licie d&rsquo;Estienne d&rsquo;Orves &nbsp; Le 19 mai 2018, l&rsquo;artiste F\u00e9licie d&rsquo;Estienne d&rsquo;Orves a pr\u00e9sent\u00e9 \u00e0 la Friche Belle-de-Mai une installation nocturne. \u00c0 travers cette installation, le spectateur est invit\u00e9 a d\u00e9couvrir les constellations visibles et invisibles de l&rsquo;espace. L&rsquo;exposition est mise en lumi\u00e8re \u00e0 l&rsquo;aide de grands lasers \u00e9clairant le ciel Marseillais. [&hellip;]<\/p>\n","protected":false},"author":1,"featured_media":465,"comment_status":"open","ping_status":"open","sticky":false,"template":"","format":"standard","meta":{"_monsterinsights_skip_tracking":false,"_monsterinsights_sitenote_active":false,"_monsterinsights_sitenote_note":"","_monsterinsights_sitenote_category":0,"footnotes":""},"categories":[20],"tags":[],"class_list":["post-458","post","type-post","status-publish","format-standard","has-post-thumbnail","hentry","category-photographie"],"_links":{"self":[{"href":"https:\/\/antoinelemaire-archi-photo.fr\/index.php\/wp-json\/wp\/v2\/posts\/458","targetHints":{"allow":["GET"]}}],"collection":[{"href":"https:\/\/antoinelemaire-archi-photo.fr\/index.php\/wp-json\/wp\/v2\/posts"}],"about":[{"href":"https:\/\/antoinelemaire-archi-photo.fr\/index.php\/wp-json\/wp\/v2\/types\/post"}],"author":[{"embeddable":true,"href":"https:\/\/antoinelemaire-archi-photo.fr\/index.php\/wp-json\/wp\/v2\/users\/1"}],"replies":[{"embeddable":true,"href":"https:\/\/antoinelemaire-archi-photo.fr\/index.php\/wp-json\/wp\/v2\/comments?post=458"}],"version-history":[{"count":3,"href":"https:\/\/antoinelemaire-archi-photo.fr\/index.php\/wp-json\/wp\/v2\/posts\/458\/revisions"}],"predecessor-version":[{"id":1124,"href":"https:\/\/antoinelemaire-archi-photo.fr\/index.php\/wp-json\/wp\/v2\/posts\/458\/revisions\/1124"}],"wp:featuredmedia":[{"embeddable":true,"href":"https:\/\/antoinelemaire-archi-photo.fr\/index.php\/wp-json\/wp\/v2\/media\/465"}],"wp:attachment":[{"href":"https:\/\/antoinelemaire-archi-photo.fr\/index.php\/wp-json\/wp\/v2\/media?parent=458"}],"wp:term":[{"taxonomy":"category","embeddable":true,"href":"https:\/\/antoinelemaire-archi-photo.fr\/index.php\/wp-json\/wp\/v2\/categories?post=458"},{"taxonomy":"post_tag","embeddable":true,"href":"https:\/\/antoinelemaire-archi-photo.fr\/index.php\/wp-json\/wp\/v2\/tags?post=458"}],"curies":[{"name":"wp","href":"https:\/\/api.w.org\/{rel}","templated":true}]}}