{"id":456,"date":"2018-10-06T18:28:47","date_gmt":"2018-10-06T16:28:47","guid":{"rendered":"http:\/\/antoinelemaire-archi-photo.fr\/?p=456"},"modified":"2020-10-16T12:04:16","modified_gmt":"2020-10-16T10:04:16","slug":"festival-des-cabanes-antoine-lemaire-guilhem-clipet","status":"publish","type":"post","link":"https:\/\/antoinelemaire-archi-photo.fr\/index.php\/2018\/10\/06\/festival-des-cabanes-antoine-lemaire-guilhem-clipet\/","title":{"rendered":"Concours I Festival des cabanes"},"content":{"rendered":"<h1 style=\"text-align: center;\">Festival des cabanes<\/h1>\n<p>&nbsp;<\/p>\n<h4 style=\"text-align: center;\">\u00c9quipe: Guilhem Clipet, Alo\u00efs-Lagier Lomer, Antoine Lemaire, Valentin Leymarie, Roxane Roussel<\/h4>\n<p>&nbsp;<\/p>\n<p>Le concours du festival des cabanes organis\u00e9e par l&rsquo;architecte David Hamerman, propose aux architectes et aux \u00e9tudiants, de penser l&rsquo;architecture d&rsquo;une cabane, \u00e9l\u00e9ment primitif de l&rsquo;architecture, appelant aux r\u00eaves et \u00e0 l&rsquo;imagination de leurs usagers. Ils organisent le concours pour\u00a0sensibiliser l\u2019ensemble des acteurs de la r\u00e9gion sur la question du grand territoire et sur la mani\u00e8re de s&rsquo;installer sur ce site si vaste. La cabane am\u00e8ne \u00e0 se poser la question de sa mat\u00e9rialit\u00e9 pour s&rsquo;int\u00e9grer dans le Grand paysage. La mat\u00e9rialit\u00e9 devient magnifier quand elle s&rsquo;assemble, se mesure, et r\u00e9sonne dans le territoire. Le territoire choisi se situe sur la communaut\u00e9 des communes des sources du lac d&rsquo;Annecy. Ce territoire s&rsquo;\u00e9tend sur 167 km2. Sept communes ont accept\u00e9 de participer \u00e0 l&rsquo;op\u00e9ration en proposant chacune un ou plusieurs sites potentiels de projets. Chacun de ses sites proposent \u00a0des\u00a0sp\u00e9cificit\u00e9s g\u00e9ographiques et une qualit\u00e9 de ses paysages qui en font des lieux remarquables.<\/p>\n<p>Le site qui nous a \u00e9t\u00e9 attribu\u00e9 se situe sur la communes de Marlens. La cabane vient s&rsquo;installer sur le plan d&rsquo;eau de la commune o\u00f9 les habitants viennent p\u00e9cher et se balader. Pour intervenir dans se site nous avons effectuer un premier travail d&rsquo;analyse pour faire ressortir les caract\u00e9ristiques essentielles que nous avons voulu aborder.<\/p>\n<p align=\"justify\">Nous avons choisis de participer \u00e0 ce concours pour se confronter \u00e0 cette projection de la cabane qui est pour nous l&rsquo;\u00e9l\u00e9ment le plus primaire de l&rsquo;architecture mais qui demande une finesse de pens\u00e9e dans la conception de celle-ci. Avant de projeter la cabane, nous avons d\u00e9cider de suivre un fil rouge autour duquel notre cabane \u00e9voluerai.<\/p>\n<p align=\"justify\">Notre pens\u00e9e s&rsquo;est orient\u00e9e autour \u00a0de l&rsquo;horizon. L&rsquo;horizon, c&rsquo;est la rencontre entre le ciel et la terre. Il \u00e9voque un infini qui est difficilement perceptible sur le site propos\u00e9. Notre cabane va renouer avec celui-ci en proposant une exp\u00e9rience visuelles, sensibles, et corporelles aux usagers qui pratiqueront la cabane. Cela se traduit par un grand volume cubique en bois \u00e0 l&rsquo;int\u00e9rieur du quel la lumi\u00e8re naturelle p\u00e9n\u00e8tre par des fentes lumineuses. Ce volume se trouve travers\u00e9 par un vide qui perce le toit et le plancher de la cabane pour cr\u00e9er un lien entre le ciel et l&rsquo;eau du lac. Le soleil p\u00e9n\u00e8tre par cette ouverture et \u00e9claire la cabane \u00e0 la mani\u00e8re du panth\u00e9on de Rome mettant en valeur l&rsquo;eau du lac dans lequel il se refl\u00e8te. Chaque usager est invit\u00e9 \u00e0 s&rsquo;asseoir les pieds dans l&rsquo;eau pour profiter de la fraicheur du lac et la lumi\u00e8re du soleil innervant la cabane.<\/p>\n<p align=\"justify\">C&rsquo;est un lieu pour penser, s&rsquo;isoler et r\u00e9fl\u00e9chir sur l&rsquo;horizon disparu.<\/p>\n\n\t\t<style type=\"text\/css\">\n\t\t\t#gallery-1 {\n\t\t\t\tmargin: auto;\n\t\t\t}\n\t\t\t#gallery-1 .gallery-item {\n\t\t\t\tfloat: left;\n\t\t\t\tmargin-top: 10px;\n\t\t\t\ttext-align: center;\n\t\t\t\twidth: 100%;\n\t\t\t}\n\t\t\t#gallery-1 img {\n\t\t\t\tborder: 2px solid #cfcfcf;\n\t\t\t}\n\t\t\t#gallery-1 .gallery-caption {\n\t\t\t\tmargin-left: 0;\n\t\t\t}\n\t\t\t\/* see gallery_shortcode() in wp-includes\/media.php *\/\n\t\t<\/style>\n\t\t<div id='gallery-1' class='gallery galleryid-456 gallery-columns-1 gallery-size-full'><dl class='gallery-item'>\n\t\t\t<dt class='gallery-icon landscape'>\n\t\t\t\t<a href='https:\/\/antoinelemaire-archi-photo.fr\/index.php\/2018\/10\/06\/festival-des-cabanes-antoine-lemaire-guilhem-clipet\/concept\/'><img loading=\"lazy\" decoding=\"async\" width=\"2456\" height=\"622\" src=\"https:\/\/antoinelemaire-archi-photo.fr\/wp-content\/uploads\/2018\/06\/CONCEPT.jpeg\" class=\"attachment-full size-full\" alt=\"Sch\u00e9ma Concept\" srcset=\"https:\/\/antoinelemaire-archi-photo.fr\/wp-content\/uploads\/2018\/06\/CONCEPT.jpeg 2456w, https:\/\/antoinelemaire-archi-photo.fr\/wp-content\/uploads\/2018\/06\/CONCEPT-300x76.jpeg 300w, https:\/\/antoinelemaire-archi-photo.fr\/wp-content\/uploads\/2018\/06\/CONCEPT-768x195.jpeg 768w, https:\/\/antoinelemaire-archi-photo.fr\/wp-content\/uploads\/2018\/06\/CONCEPT-1024x259.jpeg 1024w, https:\/\/antoinelemaire-archi-photo.fr\/wp-content\/uploads\/2018\/06\/CONCEPT-1240x314.jpeg 1240w, https:\/\/antoinelemaire-archi-photo.fr\/wp-content\/uploads\/2018\/06\/CONCEPT-508x129.jpeg 508w\" sizes=\"auto, (max-width: 2456px) 100vw, 2456px\" \/><\/a>\n\t\t\t<\/dt><\/dl><br style=\"clear: both\" \/><dl class='gallery-item'>\n\t\t\t<dt class='gallery-icon portrait'>\n\t\t\t\t<a href='https:\/\/antoinelemaire-archi-photo.fr\/index.php\/2018\/10\/06\/festival-des-cabanes-antoine-lemaire-guilhem-clipet\/plan-de-situation\/'><img loading=\"lazy\" decoding=\"async\" width=\"1172\" height=\"1516\" src=\"https:\/\/antoinelemaire-archi-photo.fr\/wp-content\/uploads\/2018\/06\/PLAN-DE-SITUATION.jpeg\" class=\"attachment-full size-full\" alt=\"Plan de Situation 1\/2000\" srcset=\"https:\/\/antoinelemaire-archi-photo.fr\/wp-content\/uploads\/2018\/06\/PLAN-DE-SITUATION.jpeg 1172w, https:\/\/antoinelemaire-archi-photo.fr\/wp-content\/uploads\/2018\/06\/PLAN-DE-SITUATION-232x300.jpeg 232w, https:\/\/antoinelemaire-archi-photo.fr\/wp-content\/uploads\/2018\/06\/PLAN-DE-SITUATION-768x993.jpeg 768w, https:\/\/antoinelemaire-archi-photo.fr\/wp-content\/uploads\/2018\/06\/PLAN-DE-SITUATION-792x1024.jpeg 792w, https:\/\/antoinelemaire-archi-photo.fr\/wp-content\/uploads\/2018\/06\/PLAN-DE-SITUATION-508x657.jpeg 508w\" sizes=\"auto, (max-width: 1172px) 100vw, 1172px\" \/><\/a>\n\t\t\t<\/dt><\/dl><br style=\"clear: both\" \/><dl class='gallery-item'>\n\t\t\t<dt class='gallery-icon portrait'>\n\t\t\t\t<a href='https:\/\/antoinelemaire-archi-photo.fr\/index.php\/2018\/10\/06\/festival-des-cabanes-antoine-lemaire-guilhem-clipet\/plan-masse-2\/'><img loading=\"lazy\" decoding=\"async\" width=\"1170\" height=\"1474\" src=\"https:\/\/antoinelemaire-archi-photo.fr\/wp-content\/uploads\/2018\/06\/PLAN-MASSE.jpeg\" class=\"attachment-full size-full\" alt=\"Plan Masse 1\/500\" srcset=\"https:\/\/antoinelemaire-archi-photo.fr\/wp-content\/uploads\/2018\/06\/PLAN-MASSE.jpeg 1170w, https:\/\/antoinelemaire-archi-photo.fr\/wp-content\/uploads\/2018\/06\/PLAN-MASSE-238x300.jpeg 238w, https:\/\/antoinelemaire-archi-photo.fr\/wp-content\/uploads\/2018\/06\/PLAN-MASSE-768x968.jpeg 768w, https:\/\/antoinelemaire-archi-photo.fr\/wp-content\/uploads\/2018\/06\/PLAN-MASSE-813x1024.jpeg 813w, https:\/\/antoinelemaire-archi-photo.fr\/wp-content\/uploads\/2018\/06\/PLAN-MASSE-508x640.jpeg 508w\" sizes=\"auto, (max-width: 1170px) 100vw, 1170px\" \/><\/a>\n\t\t\t<\/dt><\/dl><br style=\"clear: both\" \/><dl class='gallery-item'>\n\t\t\t<dt class='gallery-icon portrait'>\n\t\t\t\t<a href='https:\/\/antoinelemaire-archi-photo.fr\/index.php\/2018\/10\/06\/festival-des-cabanes-antoine-lemaire-guilhem-clipet\/plan-2\/'><img loading=\"lazy\" decoding=\"async\" width=\"1202\" height=\"1532\" src=\"https:\/\/antoinelemaire-archi-photo.fr\/wp-content\/uploads\/2018\/06\/PLAN.jpeg\" class=\"attachment-full size-full\" alt=\"Plan 1\/20\" srcset=\"https:\/\/antoinelemaire-archi-photo.fr\/wp-content\/uploads\/2018\/06\/PLAN.jpeg 1202w, https:\/\/antoinelemaire-archi-photo.fr\/wp-content\/uploads\/2018\/06\/PLAN-235x300.jpeg 235w, https:\/\/antoinelemaire-archi-photo.fr\/wp-content\/uploads\/2018\/06\/PLAN-768x979.jpeg 768w, https:\/\/antoinelemaire-archi-photo.fr\/wp-content\/uploads\/2018\/06\/PLAN-803x1024.jpeg 803w, https:\/\/antoinelemaire-archi-photo.fr\/wp-content\/uploads\/2018\/06\/PLAN-508x647.jpeg 508w\" sizes=\"auto, (max-width: 1202px) 100vw, 1202px\" \/><\/a>\n\t\t\t<\/dt><\/dl><br style=\"clear: both\" \/><dl class='gallery-item'>\n\t\t\t<dt class='gallery-icon portrait'>\n\t\t\t\t<a href='https:\/\/antoinelemaire-archi-photo.fr\/index.php\/2018\/10\/06\/festival-des-cabanes-antoine-lemaire-guilhem-clipet\/coupe-pers\/'><img loading=\"lazy\" decoding=\"async\" width=\"1170\" height=\"1406\" src=\"https:\/\/antoinelemaire-archi-photo.fr\/wp-content\/uploads\/2018\/06\/COUPE-PERS.jpeg\" class=\"attachment-full size-full\" alt=\"Coupe Perspective 1\/20\" srcset=\"https:\/\/antoinelemaire-archi-photo.fr\/wp-content\/uploads\/2018\/06\/COUPE-PERS.jpeg 1170w, https:\/\/antoinelemaire-archi-photo.fr\/wp-content\/uploads\/2018\/06\/COUPE-PERS-250x300.jpeg 250w, https:\/\/antoinelemaire-archi-photo.fr\/wp-content\/uploads\/2018\/06\/COUPE-PERS-768x923.jpeg 768w, https:\/\/antoinelemaire-archi-photo.fr\/wp-content\/uploads\/2018\/06\/COUPE-PERS-852x1024.jpeg 852w, https:\/\/antoinelemaire-archi-photo.fr\/wp-content\/uploads\/2018\/06\/COUPE-PERS-508x610.jpeg 508w\" sizes=\"auto, (max-width: 1170px) 100vw, 1170px\" \/><\/a>\n\t\t\t<\/dt><\/dl><br style=\"clear: both\" \/><dl class='gallery-item'>\n\t\t\t<dt class='gallery-icon landscape'>\n\t\t\t\t<a href='https:\/\/antoinelemaire-archi-photo.fr\/index.php\/2018\/10\/06\/festival-des-cabanes-antoine-lemaire-guilhem-clipet\/coupe-2\/'><img loading=\"lazy\" decoding=\"async\" width=\"2400\" height=\"1534\" src=\"https:\/\/antoinelemaire-archi-photo.fr\/wp-content\/uploads\/2018\/06\/COUPE.jpeg\" class=\"attachment-full size-full\" alt=\"Coupe 1\/20\" srcset=\"https:\/\/antoinelemaire-archi-photo.fr\/wp-content\/uploads\/2018\/06\/COUPE.jpeg 2400w, https:\/\/antoinelemaire-archi-photo.fr\/wp-content\/uploads\/2018\/06\/COUPE-300x192.jpeg 300w, https:\/\/antoinelemaire-archi-photo.fr\/wp-content\/uploads\/2018\/06\/COUPE-768x491.jpeg 768w, https:\/\/antoinelemaire-archi-photo.fr\/wp-content\/uploads\/2018\/06\/COUPE-1024x655.jpeg 1024w, https:\/\/antoinelemaire-archi-photo.fr\/wp-content\/uploads\/2018\/06\/COUPE-1240x793.jpeg 1240w, https:\/\/antoinelemaire-archi-photo.fr\/wp-content\/uploads\/2018\/06\/COUPE-508x325.jpeg 508w\" sizes=\"auto, (max-width: 2400px) 100vw, 2400px\" \/><\/a>\n\t\t\t<\/dt><\/dl><br style=\"clear: both\" \/><dl class='gallery-item'>\n\t\t\t<dt class='gallery-icon landscape'>\n\t\t\t\t<a href='https:\/\/antoinelemaire-archi-photo.fr\/index.php\/2018\/10\/06\/festival-des-cabanes-antoine-lemaire-guilhem-clipet\/facade\/'><img loading=\"lazy\" decoding=\"async\" width=\"2398\" height=\"1488\" src=\"https:\/\/antoinelemaire-archi-photo.fr\/wp-content\/uploads\/2018\/06\/FA\u00c7ADE.jpeg\" class=\"attachment-full size-full\" alt=\"Fa\u00e7ades 1\/50\" srcset=\"https:\/\/antoinelemaire-archi-photo.fr\/wp-content\/uploads\/2018\/06\/FA\u00c7ADE.jpeg 2398w, https:\/\/antoinelemaire-archi-photo.fr\/wp-content\/uploads\/2018\/06\/FA\u00c7ADE-300x186.jpeg 300w, https:\/\/antoinelemaire-archi-photo.fr\/wp-content\/uploads\/2018\/06\/FA\u00c7ADE-768x477.jpeg 768w, https:\/\/antoinelemaire-archi-photo.fr\/wp-content\/uploads\/2018\/06\/FA\u00c7ADE-1024x635.jpeg 1024w, https:\/\/antoinelemaire-archi-photo.fr\/wp-content\/uploads\/2018\/06\/FA\u00c7ADE-1240x769.jpeg 1240w, https:\/\/antoinelemaire-archi-photo.fr\/wp-content\/uploads\/2018\/06\/FA\u00c7ADE-508x315.jpeg 508w\" sizes=\"auto, (max-width: 2398px) 100vw, 2398px\" \/><\/a>\n\t\t\t<\/dt><\/dl><br style=\"clear: both\" \/><dl class='gallery-item'>\n\t\t\t<dt class='gallery-icon portrait'>\n\t\t\t\t<a href='https:\/\/antoinelemaire-archi-photo.fr\/index.php\/2018\/10\/06\/festival-des-cabanes-antoine-lemaire-guilhem-clipet\/axo-2\/'><img loading=\"lazy\" decoding=\"async\" width=\"1190\" height=\"1502\" src=\"https:\/\/antoinelemaire-archi-photo.fr\/wp-content\/uploads\/2018\/06\/AXO-.jpeg\" class=\"attachment-full size-full\" alt=\"Axonom\u00e9trie Fondations\" srcset=\"https:\/\/antoinelemaire-archi-photo.fr\/wp-content\/uploads\/2018\/06\/AXO-.jpeg 1190w, https:\/\/antoinelemaire-archi-photo.fr\/wp-content\/uploads\/2018\/06\/AXO--238x300.jpeg 238w, https:\/\/antoinelemaire-archi-photo.fr\/wp-content\/uploads\/2018\/06\/AXO--768x969.jpeg 768w, https:\/\/antoinelemaire-archi-photo.fr\/wp-content\/uploads\/2018\/06\/AXO--811x1024.jpeg 811w, https:\/\/antoinelemaire-archi-photo.fr\/wp-content\/uploads\/2018\/06\/AXO--508x641.jpeg 508w\" sizes=\"auto, (max-width: 1190px) 100vw, 1190px\" \/><\/a>\n\t\t\t<\/dt><\/dl><br style=\"clear: both\" \/><dl class='gallery-item'>\n\t\t\t<dt class='gallery-icon portrait'>\n\t\t\t\t<a href='https:\/\/antoinelemaire-archi-photo.fr\/index.php\/2018\/10\/06\/festival-des-cabanes-antoine-lemaire-guilhem-clipet\/axo-2-2\/'><img loading=\"lazy\" decoding=\"async\" width=\"1188\" height=\"1384\" src=\"https:\/\/antoinelemaire-archi-photo.fr\/wp-content\/uploads\/2018\/06\/AXO-2.jpeg\" class=\"attachment-full size-full\" alt=\"Axonom\u00e9trie Plancher\" srcset=\"https:\/\/antoinelemaire-archi-photo.fr\/wp-content\/uploads\/2018\/06\/AXO-2.jpeg 1188w, https:\/\/antoinelemaire-archi-photo.fr\/wp-content\/uploads\/2018\/06\/AXO-2-258x300.jpeg 258w, https:\/\/antoinelemaire-archi-photo.fr\/wp-content\/uploads\/2018\/06\/AXO-2-768x895.jpeg 768w, https:\/\/antoinelemaire-archi-photo.fr\/wp-content\/uploads\/2018\/06\/AXO-2-879x1024.jpeg 879w, https:\/\/antoinelemaire-archi-photo.fr\/wp-content\/uploads\/2018\/06\/AXO-2-508x592.jpeg 508w\" sizes=\"auto, (max-width: 1188px) 100vw, 1188px\" \/><\/a>\n\t\t\t<\/dt><\/dl><br style=\"clear: both\" \/><dl class='gallery-item'>\n\t\t\t<dt class='gallery-icon portrait'>\n\t\t\t\t<a href='https:\/\/antoinelemaire-archi-photo.fr\/index.php\/2018\/10\/06\/festival-des-cabanes-antoine-lemaire-guilhem-clipet\/axo-3\/'><img loading=\"lazy\" decoding=\"async\" width=\"1210\" height=\"1430\" src=\"https:\/\/antoinelemaire-archi-photo.fr\/wp-content\/uploads\/2018\/06\/AXO-3.jpeg\" class=\"attachment-full size-full\" alt=\"Axonom\u00e9trie Poteaux\" srcset=\"https:\/\/antoinelemaire-archi-photo.fr\/wp-content\/uploads\/2018\/06\/AXO-3.jpeg 1210w, https:\/\/antoinelemaire-archi-photo.fr\/wp-content\/uploads\/2018\/06\/AXO-3-254x300.jpeg 254w, https:\/\/antoinelemaire-archi-photo.fr\/wp-content\/uploads\/2018\/06\/AXO-3-768x908.jpeg 768w, https:\/\/antoinelemaire-archi-photo.fr\/wp-content\/uploads\/2018\/06\/AXO-3-866x1024.jpeg 866w, https:\/\/antoinelemaire-archi-photo.fr\/wp-content\/uploads\/2018\/06\/AXO-3-508x600.jpeg 508w\" sizes=\"auto, (max-width: 1210px) 100vw, 1210px\" \/><\/a>\n\t\t\t<\/dt><\/dl><br style=\"clear: both\" \/><dl class='gallery-item'>\n\t\t\t<dt class='gallery-icon portrait'>\n\t\t\t\t<a href='https:\/\/antoinelemaire-archi-photo.fr\/index.php\/2018\/10\/06\/festival-des-cabanes-antoine-lemaire-guilhem-clipet\/axo-4\/'><img loading=\"lazy\" decoding=\"async\" width=\"1206\" height=\"1400\" src=\"https:\/\/antoinelemaire-archi-photo.fr\/wp-content\/uploads\/2018\/06\/AXO.-4.jpeg\" class=\"attachment-full size-full\" alt=\"Axonom\u00e9trie cadre du toit\" srcset=\"https:\/\/antoinelemaire-archi-photo.fr\/wp-content\/uploads\/2018\/06\/AXO.-4.jpeg 1206w, https:\/\/antoinelemaire-archi-photo.fr\/wp-content\/uploads\/2018\/06\/AXO.-4-258x300.jpeg 258w, https:\/\/antoinelemaire-archi-photo.fr\/wp-content\/uploads\/2018\/06\/AXO.-4-768x892.jpeg 768w, https:\/\/antoinelemaire-archi-photo.fr\/wp-content\/uploads\/2018\/06\/AXO.-4-882x1024.jpeg 882w, https:\/\/antoinelemaire-archi-photo.fr\/wp-content\/uploads\/2018\/06\/AXO.-4-508x590.jpeg 508w\" sizes=\"auto, (max-width: 1206px) 100vw, 1206px\" \/><\/a>\n\t\t\t<\/dt><\/dl><br style=\"clear: both\" \/><dl class='gallery-item'>\n\t\t\t<dt class='gallery-icon portrait'>\n\t\t\t\t<a href='https:\/\/antoinelemaire-archi-photo.fr\/index.php\/2018\/10\/06\/festival-des-cabanes-antoine-lemaire-guilhem-clipet\/axo-5\/'><img loading=\"lazy\" decoding=\"async\" width=\"1214\" height=\"1468\" src=\"https:\/\/antoinelemaire-archi-photo.fr\/wp-content\/uploads\/2018\/06\/AXO-5.jpeg\" class=\"attachment-full size-full\" alt=\"Axonom\u00e9trie Tasseaux\" srcset=\"https:\/\/antoinelemaire-archi-photo.fr\/wp-content\/uploads\/2018\/06\/AXO-5.jpeg 1214w, https:\/\/antoinelemaire-archi-photo.fr\/wp-content\/uploads\/2018\/06\/AXO-5-248x300.jpeg 248w, https:\/\/antoinelemaire-archi-photo.fr\/wp-content\/uploads\/2018\/06\/AXO-5-768x929.jpeg 768w, https:\/\/antoinelemaire-archi-photo.fr\/wp-content\/uploads\/2018\/06\/AXO-5-847x1024.jpeg 847w, https:\/\/antoinelemaire-archi-photo.fr\/wp-content\/uploads\/2018\/06\/AXO-5-508x614.jpeg 508w\" sizes=\"auto, (max-width: 1214px) 100vw, 1214px\" \/><\/a>\n\t\t\t<\/dt><\/dl><br style=\"clear: both\" \/><dl class='gallery-item'>\n\t\t\t<dt class='gallery-icon portrait'>\n\t\t\t\t<a href='https:\/\/antoinelemaire-archi-photo.fr\/index.php\/2018\/10\/06\/festival-des-cabanes-antoine-lemaire-guilhem-clipet\/axo-6\/'><img loading=\"lazy\" decoding=\"async\" width=\"1196\" height=\"1440\" src=\"https:\/\/antoinelemaire-archi-photo.fr\/wp-content\/uploads\/2018\/06\/AXO-6.jpeg\" class=\"attachment-full size-full\" alt=\"Axonom\u00e9trie Plancher du toit\" srcset=\"https:\/\/antoinelemaire-archi-photo.fr\/wp-content\/uploads\/2018\/06\/AXO-6.jpeg 1196w, https:\/\/antoinelemaire-archi-photo.fr\/wp-content\/uploads\/2018\/06\/AXO-6-249x300.jpeg 249w, https:\/\/antoinelemaire-archi-photo.fr\/wp-content\/uploads\/2018\/06\/AXO-6-768x925.jpeg 768w, https:\/\/antoinelemaire-archi-photo.fr\/wp-content\/uploads\/2018\/06\/AXO-6-850x1024.jpeg 850w, https:\/\/antoinelemaire-archi-photo.fr\/wp-content\/uploads\/2018\/06\/AXO-6-508x612.jpeg 508w\" sizes=\"auto, (max-width: 1196px) 100vw, 1196px\" \/><\/a>\n\t\t\t<\/dt><\/dl><br style=\"clear: both\" \/><dl class='gallery-item'>\n\t\t\t<dt class='gallery-icon portrait'>\n\t\t\t\t<a href='https:\/\/antoinelemaire-archi-photo.fr\/index.php\/2018\/10\/06\/festival-des-cabanes-antoine-lemaire-guilhem-clipet\/axo-7\/'><img loading=\"lazy\" decoding=\"async\" width=\"1226\" height=\"1488\" src=\"https:\/\/antoinelemaire-archi-photo.fr\/wp-content\/uploads\/2018\/06\/AXO-7.jpeg\" class=\"attachment-full size-full\" alt=\"Axonom\u00e9trie du Bardage Int\u00e9rieur\" srcset=\"https:\/\/antoinelemaire-archi-photo.fr\/wp-content\/uploads\/2018\/06\/AXO-7.jpeg 1226w, https:\/\/antoinelemaire-archi-photo.fr\/wp-content\/uploads\/2018\/06\/AXO-7-247x300.jpeg 247w, https:\/\/antoinelemaire-archi-photo.fr\/wp-content\/uploads\/2018\/06\/AXO-7-768x932.jpeg 768w, https:\/\/antoinelemaire-archi-photo.fr\/wp-content\/uploads\/2018\/06\/AXO-7-844x1024.jpeg 844w, https:\/\/antoinelemaire-archi-photo.fr\/wp-content\/uploads\/2018\/06\/AXO-7-508x617.jpeg 508w\" sizes=\"auto, (max-width: 1226px) 100vw, 1226px\" \/><\/a>\n\t\t\t<\/dt><\/dl><br style=\"clear: both\" \/><dl class='gallery-item'>\n\t\t\t<dt class='gallery-icon portrait'>\n\t\t\t\t<a href='https:\/\/antoinelemaire-archi-photo.fr\/index.php\/2018\/10\/06\/festival-des-cabanes-antoine-lemaire-guilhem-clipet\/axo-8\/'><img loading=\"lazy\" decoding=\"async\" width=\"1186\" height=\"1508\" src=\"https:\/\/antoinelemaire-archi-photo.fr\/wp-content\/uploads\/2018\/06\/AXO-8.jpeg\" class=\"attachment-full size-full\" alt=\"Axonom\u00e9trie du Barrage Ext\u00e9rieur\" srcset=\"https:\/\/antoinelemaire-archi-photo.fr\/wp-content\/uploads\/2018\/06\/AXO-8.jpeg 1186w, https:\/\/antoinelemaire-archi-photo.fr\/wp-content\/uploads\/2018\/06\/AXO-8-236x300.jpeg 236w, https:\/\/antoinelemaire-archi-photo.fr\/wp-content\/uploads\/2018\/06\/AXO-8-768x977.jpeg 768w, https:\/\/antoinelemaire-archi-photo.fr\/wp-content\/uploads\/2018\/06\/AXO-8-805x1024.jpeg 805w, https:\/\/antoinelemaire-archi-photo.fr\/wp-content\/uploads\/2018\/06\/AXO-8-508x646.jpeg 508w\" sizes=\"auto, (max-width: 1186px) 100vw, 1186px\" \/><\/a>\n\t\t\t<\/dt><\/dl><br style=\"clear: both\" \/><dl class='gallery-item'>\n\t\t\t<dt class='gallery-icon landscape'>\n\t\t\t\t<a href='https:\/\/antoinelemaire-archi-photo.fr\/index.php\/2018\/10\/06\/festival-des-cabanes-antoine-lemaire-guilhem-clipet\/insertion\/'><img loading=\"lazy\" decoding=\"async\" width=\"2396\" height=\"1462\" src=\"https:\/\/antoinelemaire-archi-photo.fr\/wp-content\/uploads\/2018\/06\/INSERTION.jpeg\" class=\"attachment-full size-full\" alt=\"Insertion dans le site\" srcset=\"https:\/\/antoinelemaire-archi-photo.fr\/wp-content\/uploads\/2018\/06\/INSERTION.jpeg 2396w, https:\/\/antoinelemaire-archi-photo.fr\/wp-content\/uploads\/2018\/06\/INSERTION-300x183.jpeg 300w, https:\/\/antoinelemaire-archi-photo.fr\/wp-content\/uploads\/2018\/06\/INSERTION-768x469.jpeg 768w, https:\/\/antoinelemaire-archi-photo.fr\/wp-content\/uploads\/2018\/06\/INSERTION-1024x625.jpeg 1024w, https:\/\/antoinelemaire-archi-photo.fr\/wp-content\/uploads\/2018\/06\/INSERTION-1240x757.jpeg 1240w, https:\/\/antoinelemaire-archi-photo.fr\/wp-content\/uploads\/2018\/06\/INSERTION-508x310.jpeg 508w\" sizes=\"auto, (max-width: 2396px) 100vw, 2396px\" \/><\/a>\n\t\t\t<\/dt><\/dl><br style=\"clear: both\" \/><dl class='gallery-item'>\n\t\t\t<dt class='gallery-icon landscape'>\n\t\t\t\t<a href='https:\/\/antoinelemaire-archi-photo.fr\/index.php\/2018\/10\/06\/festival-des-cabanes-antoine-lemaire-guilhem-clipet\/photomontage-4\/'><img loading=\"lazy\" decoding=\"async\" width=\"2396\" height=\"1344\" src=\"https:\/\/antoinelemaire-archi-photo.fr\/wp-content\/uploads\/2018\/06\/PHOTOMONTAGE.jpeg\" class=\"attachment-full size-full\" alt=\"Insertion dans le site rapproch\u00e9e\" srcset=\"https:\/\/antoinelemaire-archi-photo.fr\/wp-content\/uploads\/2018\/06\/PHOTOMONTAGE.jpeg 2396w, https:\/\/antoinelemaire-archi-photo.fr\/wp-content\/uploads\/2018\/06\/PHOTOMONTAGE-300x168.jpeg 300w, https:\/\/antoinelemaire-archi-photo.fr\/wp-content\/uploads\/2018\/06\/PHOTOMONTAGE-768x431.jpeg 768w, https:\/\/antoinelemaire-archi-photo.fr\/wp-content\/uploads\/2018\/06\/PHOTOMONTAGE-1024x574.jpeg 1024w, https:\/\/antoinelemaire-archi-photo.fr\/wp-content\/uploads\/2018\/06\/PHOTOMONTAGE-1240x696.jpeg 1240w, https:\/\/antoinelemaire-archi-photo.fr\/wp-content\/uploads\/2018\/06\/PHOTOMONTAGE-508x285.jpeg 508w\" sizes=\"auto, (max-width: 2396px) 100vw, 2396px\" \/><\/a>\n\t\t\t<\/dt><\/dl><br style=\"clear: both\" \/><dl class='gallery-item'>\n\t\t\t<dt class='gallery-icon landscape'>\n\t\t\t\t<a href='https:\/\/antoinelemaire-archi-photo.fr\/index.php\/2018\/10\/06\/festival-des-cabanes-antoine-lemaire-guilhem-clipet\/pers\/'><img loading=\"lazy\" decoding=\"async\" width=\"2396\" height=\"1460\" src=\"https:\/\/antoinelemaire-archi-photo.fr\/wp-content\/uploads\/2018\/06\/PERS.jpeg\" class=\"attachment-full size-full\" alt=\"Ambiance Int\u00e9rieure\" srcset=\"https:\/\/antoinelemaire-archi-photo.fr\/wp-content\/uploads\/2018\/06\/PERS.jpeg 2396w, https:\/\/antoinelemaire-archi-photo.fr\/wp-content\/uploads\/2018\/06\/PERS-300x183.jpeg 300w, https:\/\/antoinelemaire-archi-photo.fr\/wp-content\/uploads\/2018\/06\/PERS-768x468.jpeg 768w, https:\/\/antoinelemaire-archi-photo.fr\/wp-content\/uploads\/2018\/06\/PERS-1024x624.jpeg 1024w, https:\/\/antoinelemaire-archi-photo.fr\/wp-content\/uploads\/2018\/06\/PERS-1240x756.jpeg 1240w, https:\/\/antoinelemaire-archi-photo.fr\/wp-content\/uploads\/2018\/06\/PERS-508x310.jpeg 508w\" sizes=\"auto, (max-width: 2396px) 100vw, 2396px\" \/><\/a>\n\t\t\t<\/dt><\/dl><br style=\"clear: both\" \/><dl class='gallery-item'>\n\t\t\t<dt class='gallery-icon landscape'>\n\t\t\t\t<a href='https:\/\/antoinelemaire-archi-photo.fr\/index.php\/2018\/10\/06\/festival-des-cabanes-antoine-lemaire-guilhem-clipet\/photomaquette\/'><img loading=\"lazy\" decoding=\"async\" width=\"2504\" height=\"1752\" src=\"https:\/\/antoinelemaire-archi-photo.fr\/wp-content\/uploads\/2018\/06\/PHOTOMAQUETTE.jpeg\" class=\"attachment-full size-full\" alt=\"Photos de maquette\" srcset=\"https:\/\/antoinelemaire-archi-photo.fr\/wp-content\/uploads\/2018\/06\/PHOTOMAQUETTE.jpeg 2504w, https:\/\/antoinelemaire-archi-photo.fr\/wp-content\/uploads\/2018\/06\/PHOTOMAQUETTE-300x210.jpeg 300w, https:\/\/antoinelemaire-archi-photo.fr\/wp-content\/uploads\/2018\/06\/PHOTOMAQUETTE-768x537.jpeg 768w, https:\/\/antoinelemaire-archi-photo.fr\/wp-content\/uploads\/2018\/06\/PHOTOMAQUETTE-1024x716.jpeg 1024w, https:\/\/antoinelemaire-archi-photo.fr\/wp-content\/uploads\/2018\/06\/PHOTOMAQUETTE-1240x868.jpeg 1240w, https:\/\/antoinelemaire-archi-photo.fr\/wp-content\/uploads\/2018\/06\/PHOTOMAQUETTE-508x355.jpeg 508w\" sizes=\"auto, (max-width: 2504px) 100vw, 2504px\" \/><\/a>\n\t\t\t<\/dt><\/dl><br style=\"clear: both\" \/>\n\t\t<\/div>\n\n","protected":false},"excerpt":{"rendered":"<p>Festival des cabanes &nbsp; \u00c9quipe: Guilhem Clipet, Alo\u00efs-Lagier Lomer, Antoine Lemaire, Valentin Leymarie, Roxane Roussel &nbsp; Le concours du festival des cabanes organis\u00e9e par l&rsquo;architecte David Hamerman, propose aux architectes et aux \u00e9tudiants, de penser l&rsquo;architecture d&rsquo;une cabane, \u00e9l\u00e9ment primitif de l&rsquo;architecture, appelant aux r\u00eaves et \u00e0 l&rsquo;imagination de leurs usagers. Ils organisent le concours [&hellip;]<\/p>\n","protected":false},"author":1,"featured_media":719,"comment_status":"open","ping_status":"open","sticky":false,"template":"","format":"standard","meta":{"_monsterinsights_skip_tracking":false,"_monsterinsights_sitenote_active":false,"_monsterinsights_sitenote_note":"","_monsterinsights_sitenote_category":0,"footnotes":""},"categories":[38,1],"tags":[],"class_list":["post-456","post","type-post","status-publish","format-standard","has-post-thumbnail","hentry","category-concours","category-non-classe"],"_links":{"self":[{"href":"https:\/\/antoinelemaire-archi-photo.fr\/index.php\/wp-json\/wp\/v2\/posts\/456","targetHints":{"allow":["GET"]}}],"collection":[{"href":"https:\/\/antoinelemaire-archi-photo.fr\/index.php\/wp-json\/wp\/v2\/posts"}],"about":[{"href":"https:\/\/antoinelemaire-archi-photo.fr\/index.php\/wp-json\/wp\/v2\/types\/post"}],"author":[{"embeddable":true,"href":"https:\/\/antoinelemaire-archi-photo.fr\/index.php\/wp-json\/wp\/v2\/users\/1"}],"replies":[{"embeddable":true,"href":"https:\/\/antoinelemaire-archi-photo.fr\/index.php\/wp-json\/wp\/v2\/comments?post=456"}],"version-history":[{"count":4,"href":"https:\/\/antoinelemaire-archi-photo.fr\/index.php\/wp-json\/wp\/v2\/posts\/456\/revisions"}],"predecessor-version":[{"id":1134,"href":"https:\/\/antoinelemaire-archi-photo.fr\/index.php\/wp-json\/wp\/v2\/posts\/456\/revisions\/1134"}],"wp:featuredmedia":[{"embeddable":true,"href":"https:\/\/antoinelemaire-archi-photo.fr\/index.php\/wp-json\/wp\/v2\/media\/719"}],"wp:attachment":[{"href":"https:\/\/antoinelemaire-archi-photo.fr\/index.php\/wp-json\/wp\/v2\/media?parent=456"}],"wp:term":[{"taxonomy":"category","embeddable":true,"href":"https:\/\/antoinelemaire-archi-photo.fr\/index.php\/wp-json\/wp\/v2\/categories?post=456"},{"taxonomy":"post_tag","embeddable":true,"href":"https:\/\/antoinelemaire-archi-photo.fr\/index.php\/wp-json\/wp\/v2\/tags?post=456"}],"curies":[{"name":"wp","href":"https:\/\/api.w.org\/{rel}","templated":true}]}}