{"id":422,"date":"2018-04-10T23:28:57","date_gmt":"2018-04-10T21:28:57","guid":{"rendered":"http:\/\/antoinelemaire-archi-photo.fr\/?p=422"},"modified":"2020-10-08T13:33:26","modified_gmt":"2020-10-08T11:33:26","slug":"tour-la-marseillaise","status":"publish","type":"post","link":"https:\/\/antoinelemaire-archi-photo.fr\/index.php\/2018\/04\/10\/tour-la-marseillaise\/","title":{"rendered":"Point G\u00e9ographique I Latitude : 43.313178  &#8211;  Longitude : 5.367004"},"content":{"rendered":"<h1 style=\"text-align: center;\">nuances architecturales<\/h1>\n<h2 style=\"text-align: center;\">Tour la Marseillaise<\/h2>\n<p>Cette s\u00e9rie photographique retrace ma visite du chantier de la tour la marseillaise o\u00f9 j&rsquo;ai pu photographier quelques clich\u00e9s d&rsquo;une architecture o\u00f9 la vue nous impr\u00e8gne.<\/p>\n\n\t\t<style type=\"text\/css\">\n\t\t\t#gallery-1 {\n\t\t\t\tmargin: auto;\n\t\t\t}\n\t\t\t#gallery-1 .gallery-item {\n\t\t\t\tfloat: left;\n\t\t\t\tmargin-top: 10px;\n\t\t\t\ttext-align: center;\n\t\t\t\twidth: 100%;\n\t\t\t}\n\t\t\t#gallery-1 img {\n\t\t\t\tborder: 2px solid #cfcfcf;\n\t\t\t}\n\t\t\t#gallery-1 .gallery-caption {\n\t\t\t\tmargin-left: 0;\n\t\t\t}\n\t\t\t\/* see gallery_shortcode() in wp-includes\/media.php *\/\n\t\t<\/style>\n\t\t<div id='gallery-1' class='gallery galleryid-422 gallery-columns-1 gallery-size-large'><dl class='gallery-item'>\n\t\t\t<dt class='gallery-icon portrait'>\n\t\t\t\t<a href='https:\/\/antoinelemaire-archi-photo.fr\/index.php\/2018\/04\/10\/tour-la-marseillaise\/dsc_0116\/'><img loading=\"lazy\" decoding=\"async\" width=\"600\" height=\"900\" src=\"https:\/\/antoinelemaire-archi-photo.fr\/wp-content\/uploads\/2018\/04\/DSC_0116-683x1024.jpg\" class=\"attachment-large size-large\" alt=\"\" aria-describedby=\"gallery-1-423\" srcset=\"https:\/\/antoinelemaire-archi-photo.fr\/wp-content\/uploads\/2018\/04\/DSC_0116-683x1024.jpg 683w, https:\/\/antoinelemaire-archi-photo.fr\/wp-content\/uploads\/2018\/04\/DSC_0116-200x300.jpg 200w, https:\/\/antoinelemaire-archi-photo.fr\/wp-content\/uploads\/2018\/04\/DSC_0116-768x1152.jpg 768w\" sizes=\"auto, (max-width: 600px) 100vw, 600px\" \/><\/a>\n\t\t\t<\/dt>\n\t\t\t\t<dd class='wp-caption-text gallery-caption' id='gallery-1-423'>\n\t\t\t\tLa tour la Marseillaise\n\t\t\t\t<\/dd><\/dl><br style=\"clear: both\" \/><dl class='gallery-item'>\n\t\t\t<dt class='gallery-icon landscape'>\n\t\t\t\t<a href='https:\/\/antoinelemaire-archi-photo.fr\/index.php\/2018\/04\/10\/tour-la-marseillaise\/dsc_0124\/'><img loading=\"lazy\" decoding=\"async\" width=\"600\" height=\"400\" src=\"https:\/\/antoinelemaire-archi-photo.fr\/wp-content\/uploads\/2018\/04\/DSC_0124-1024x683.jpg\" class=\"attachment-large size-large\" alt=\"\" aria-describedby=\"gallery-1-428\" srcset=\"https:\/\/antoinelemaire-archi-photo.fr\/wp-content\/uploads\/2018\/04\/DSC_0124-1024x683.jpg 1024w, https:\/\/antoinelemaire-archi-photo.fr\/wp-content\/uploads\/2018\/04\/DSC_0124-300x200.jpg 300w, https:\/\/antoinelemaire-archi-photo.fr\/wp-content\/uploads\/2018\/04\/DSC_0124-768x512.jpg 768w, https:\/\/antoinelemaire-archi-photo.fr\/wp-content\/uploads\/2018\/04\/DSC_0124-750x500.jpg 750w\" sizes=\"auto, (max-width: 600px) 100vw, 600px\" \/><\/a>\n\t\t\t<\/dt>\n\t\t\t\t<dd class='wp-caption-text gallery-caption' id='gallery-1-428'>\n\t\t\t\tD\u00e9tail\n\t\t\t\t<\/dd><\/dl><br style=\"clear: both\" \/><dl class='gallery-item'>\n\t\t\t<dt class='gallery-icon landscape'>\n\t\t\t\t<a href='https:\/\/antoinelemaire-archi-photo.fr\/index.php\/2018\/04\/10\/tour-la-marseillaise\/dsc_0458-copie\/'><img loading=\"lazy\" decoding=\"async\" width=\"600\" height=\"400\" src=\"https:\/\/antoinelemaire-archi-photo.fr\/wp-content\/uploads\/2018\/04\/DSC_0458-copie-1024x683.jpg\" class=\"attachment-large size-large\" alt=\"\" aria-describedby=\"gallery-1-427\" srcset=\"https:\/\/antoinelemaire-archi-photo.fr\/wp-content\/uploads\/2018\/04\/DSC_0458-copie-1024x683.jpg 1024w, https:\/\/antoinelemaire-archi-photo.fr\/wp-content\/uploads\/2018\/04\/DSC_0458-copie-300x200.jpg 300w, https:\/\/antoinelemaire-archi-photo.fr\/wp-content\/uploads\/2018\/04\/DSC_0458-copie-768x512.jpg 768w, https:\/\/antoinelemaire-archi-photo.fr\/wp-content\/uploads\/2018\/04\/DSC_0458-copie-750x500.jpg 750w\" sizes=\"auto, (max-width: 600px) 100vw, 600px\" \/><\/a>\n\t\t\t<\/dt>\n\t\t\t\t<dd class='wp-caption-text gallery-caption' id='gallery-1-427'>\n\t\t\t\tPanel de couleurs \n\t\t\t\t<\/dd><\/dl><br style=\"clear: both\" \/><dl class='gallery-item'>\n\t\t\t<dt class='gallery-icon portrait'>\n\t\t\t\t<a href='https:\/\/antoinelemaire-archi-photo.fr\/index.php\/2018\/04\/10\/tour-la-marseillaise\/dsc_0264-1\/'><img loading=\"lazy\" decoding=\"async\" width=\"600\" height=\"900\" src=\"https:\/\/antoinelemaire-archi-photo.fr\/wp-content\/uploads\/2018\/04\/DSC_0264-1-683x1024.jpg\" class=\"attachment-large size-large\" alt=\"\" aria-describedby=\"gallery-1-429\" srcset=\"https:\/\/antoinelemaire-archi-photo.fr\/wp-content\/uploads\/2018\/04\/DSC_0264-1-683x1024.jpg 683w, https:\/\/antoinelemaire-archi-photo.fr\/wp-content\/uploads\/2018\/04\/DSC_0264-1-200x300.jpg 200w, https:\/\/antoinelemaire-archi-photo.fr\/wp-content\/uploads\/2018\/04\/DSC_0264-1-768x1152.jpg 768w\" sizes=\"auto, (max-width: 600px) 100vw, 600px\" \/><\/a>\n\t\t\t<\/dt>\n\t\t\t\t<dd class='wp-caption-text gallery-caption' id='gallery-1-429'>\n\t\t\t\tBrise soleil\n\t\t\t\t<\/dd><\/dl><br style=\"clear: both\" \/><dl class='gallery-item'>\n\t\t\t<dt class='gallery-icon landscape'>\n\t\t\t\t<a href='https:\/\/antoinelemaire-archi-photo.fr\/index.php\/2018\/04\/10\/tour-la-marseillaise\/dsc_0316-copie\/'><img loading=\"lazy\" decoding=\"async\" width=\"600\" height=\"302\" src=\"https:\/\/antoinelemaire-archi-photo.fr\/wp-content\/uploads\/2018\/04\/DSC_0316-copie-1024x516.jpg\" class=\"attachment-large size-large\" alt=\"\" aria-describedby=\"gallery-1-426\" srcset=\"https:\/\/antoinelemaire-archi-photo.fr\/wp-content\/uploads\/2018\/04\/DSC_0316-copie-1024x516.jpg 1024w, https:\/\/antoinelemaire-archi-photo.fr\/wp-content\/uploads\/2018\/04\/DSC_0316-copie-300x151.jpg 300w, https:\/\/antoinelemaire-archi-photo.fr\/wp-content\/uploads\/2018\/04\/DSC_0316-copie-768x387.jpg 768w\" sizes=\"auto, (max-width: 600px) 100vw, 600px\" \/><\/a>\n\t\t\t<\/dt>\n\t\t\t\t<dd class='wp-caption-text gallery-caption' id='gallery-1-426'>\n\t\t\t\tCadrage\n\t\t\t\t<\/dd><\/dl><br style=\"clear: both\" \/><dl class='gallery-item'>\n\t\t\t<dt class='gallery-icon portrait'>\n\t\t\t\t<a href='https:\/\/antoinelemaire-archi-photo.fr\/index.php\/2018\/04\/10\/tour-la-marseillaise\/dsc_0278-1\/'><img loading=\"lazy\" decoding=\"async\" width=\"600\" height=\"900\" src=\"https:\/\/antoinelemaire-archi-photo.fr\/wp-content\/uploads\/2018\/04\/DSC_0278-1-683x1024.jpg\" class=\"attachment-large size-large\" alt=\"\" aria-describedby=\"gallery-1-430\" srcset=\"https:\/\/antoinelemaire-archi-photo.fr\/wp-content\/uploads\/2018\/04\/DSC_0278-1-683x1024.jpg 683w, https:\/\/antoinelemaire-archi-photo.fr\/wp-content\/uploads\/2018\/04\/DSC_0278-1-200x300.jpg 200w, https:\/\/antoinelemaire-archi-photo.fr\/wp-content\/uploads\/2018\/04\/DSC_0278-1-768x1152.jpg 768w\" sizes=\"auto, (max-width: 600px) 100vw, 600px\" \/><\/a>\n\t\t\t<\/dt>\n\t\t\t\t<dd class='wp-caption-text gallery-caption' id='gallery-1-430'>\n\t\t\t\tConfrontation\n\t\t\t\t<\/dd><\/dl><br style=\"clear: both\" \/><dl class='gallery-item'>\n\t\t\t<dt class='gallery-icon landscape'>\n\t\t\t\t<a href='https:\/\/antoinelemaire-archi-photo.fr\/index.php\/2018\/04\/10\/tour-la-marseillaise\/dsc_0235-1\/'><img loading=\"lazy\" decoding=\"async\" width=\"600\" height=\"402\" src=\"https:\/\/antoinelemaire-archi-photo.fr\/wp-content\/uploads\/2018\/04\/DSC_0235-1-1024x686.jpg\" class=\"attachment-large size-large\" alt=\"\" aria-describedby=\"gallery-1-425\" srcset=\"https:\/\/antoinelemaire-archi-photo.fr\/wp-content\/uploads\/2018\/04\/DSC_0235-1-1024x686.jpg 1024w, https:\/\/antoinelemaire-archi-photo.fr\/wp-content\/uploads\/2018\/04\/DSC_0235-1-300x201.jpg 300w, https:\/\/antoinelemaire-archi-photo.fr\/wp-content\/uploads\/2018\/04\/DSC_0235-1-768x515.jpg 768w\" sizes=\"auto, (max-width: 600px) 100vw, 600px\" \/><\/a>\n\t\t\t<\/dt>\n\t\t\t\t<dd class='wp-caption-text gallery-caption' id='gallery-1-425'>\n\t\t\t\tGood vibes\n\t\t\t\t<\/dd><\/dl><br style=\"clear: both\" \/><dl class='gallery-item'>\n\t\t\t<dt class='gallery-icon landscape'>\n\t\t\t\t<a href='https:\/\/antoinelemaire-archi-photo.fr\/index.php\/2018\/04\/10\/tour-la-marseillaise\/dsc_0207\/'><img loading=\"lazy\" decoding=\"async\" width=\"600\" height=\"400\" src=\"https:\/\/antoinelemaire-archi-photo.fr\/wp-content\/uploads\/2018\/04\/DSC_0207-1024x683.jpg\" class=\"attachment-large size-large\" alt=\"\" aria-describedby=\"gallery-1-424\" srcset=\"https:\/\/antoinelemaire-archi-photo.fr\/wp-content\/uploads\/2018\/04\/DSC_0207-1024x683.jpg 1024w, https:\/\/antoinelemaire-archi-photo.fr\/wp-content\/uploads\/2018\/04\/DSC_0207-300x200.jpg 300w, https:\/\/antoinelemaire-archi-photo.fr\/wp-content\/uploads\/2018\/04\/DSC_0207-768x512.jpg 768w, https:\/\/antoinelemaire-archi-photo.fr\/wp-content\/uploads\/2018\/04\/DSC_0207-750x500.jpg 750w\" sizes=\"auto, (max-width: 600px) 100vw, 600px\" \/><\/a>\n\t\t\t<\/dt>\n\t\t\t\t<dd class='wp-caption-text gallery-caption' id='gallery-1-424'>\n\t\t\t\tSunset\n\t\t\t\t<\/dd><\/dl><br style=\"clear: both\" \/>\n\t\t<\/div>\n\n<p>&nbsp;<\/p>\n<p>&nbsp;<\/p>\n","protected":false},"excerpt":{"rendered":"<p>nuances architecturales Tour la Marseillaise Cette s\u00e9rie photographique retrace ma visite du chantier de la tour la marseillaise o\u00f9 j&rsquo;ai pu photographier quelques clich\u00e9s d&rsquo;une architecture o\u00f9 la vue nous impr\u00e8gne. &nbsp; &nbsp;<\/p>\n","protected":false},"author":1,"featured_media":428,"comment_status":"open","ping_status":"open","sticky":false,"template":"","format":"standard","meta":{"_monsterinsights_skip_tracking":false,"_monsterinsights_sitenote_active":false,"_monsterinsights_sitenote_note":"","_monsterinsights_sitenote_category":0,"footnotes":""},"categories":[20],"tags":[],"class_list":["post-422","post","type-post","status-publish","format-standard","has-post-thumbnail","hentry","category-photographie"],"_links":{"self":[{"href":"https:\/\/antoinelemaire-archi-photo.fr\/index.php\/wp-json\/wp\/v2\/posts\/422","targetHints":{"allow":["GET"]}}],"collection":[{"href":"https:\/\/antoinelemaire-archi-photo.fr\/index.php\/wp-json\/wp\/v2\/posts"}],"about":[{"href":"https:\/\/antoinelemaire-archi-photo.fr\/index.php\/wp-json\/wp\/v2\/types\/post"}],"author":[{"embeddable":true,"href":"https:\/\/antoinelemaire-archi-photo.fr\/index.php\/wp-json\/wp\/v2\/users\/1"}],"replies":[{"embeddable":true,"href":"https:\/\/antoinelemaire-archi-photo.fr\/index.php\/wp-json\/wp\/v2\/comments?post=422"}],"version-history":[{"count":3,"href":"https:\/\/antoinelemaire-archi-photo.fr\/index.php\/wp-json\/wp\/v2\/posts\/422\/revisions"}],"predecessor-version":[{"id":1107,"href":"https:\/\/antoinelemaire-archi-photo.fr\/index.php\/wp-json\/wp\/v2\/posts\/422\/revisions\/1107"}],"wp:featuredmedia":[{"embeddable":true,"href":"https:\/\/antoinelemaire-archi-photo.fr\/index.php\/wp-json\/wp\/v2\/media\/428"}],"wp:attachment":[{"href":"https:\/\/antoinelemaire-archi-photo.fr\/index.php\/wp-json\/wp\/v2\/media?parent=422"}],"wp:term":[{"taxonomy":"category","embeddable":true,"href":"https:\/\/antoinelemaire-archi-photo.fr\/index.php\/wp-json\/wp\/v2\/categories?post=422"},{"taxonomy":"post_tag","embeddable":true,"href":"https:\/\/antoinelemaire-archi-photo.fr\/index.php\/wp-json\/wp\/v2\/tags?post=422"}],"curies":[{"name":"wp","href":"https:\/\/api.w.org\/{rel}","templated":true}]}}