{"id":338,"date":"2018-02-26T16:14:16","date_gmt":"2018-02-26T15:14:16","guid":{"rendered":"http:\/\/antoinelemaire-archi-photo.fr\/?p=338"},"modified":"2020-02-01T17:49:55","modified_gmt":"2020-02-01T16:49:55","slug":"30-logements-a-mazargue","status":"publish","type":"post","link":"https:\/\/antoinelemaire-archi-photo.fr\/index.php\/2018\/02\/26\/30-logements-a-mazargue\/","title":{"rendered":"30 Logements \u00e0 Mazargue"},"content":{"rendered":"<h2 style=\"text-align: center;\">30 logements \u00e0 Mazargue<\/h2>\n<div id=\"attachment_340\" style=\"width: 3633px\" class=\"wp-caption alignnone\"><img loading=\"lazy\" decoding=\"async\" aria-describedby=\"caption-attachment-340\" class=\"wp-image-340 size-full\" src=\"http:\/\/antoinelemaire-archi-photo.fr\/wp-content\/uploads\/2018\/01\/DSC_1516-e1516992467797.jpg\" alt=\"\" width=\"3623\" height=\"2998\" srcset=\"https:\/\/antoinelemaire-archi-photo.fr\/wp-content\/uploads\/2018\/01\/DSC_1516-e1516992467797.jpg 3623w, https:\/\/antoinelemaire-archi-photo.fr\/wp-content\/uploads\/2018\/01\/DSC_1516-e1516992467797-300x248.jpg 300w, https:\/\/antoinelemaire-archi-photo.fr\/wp-content\/uploads\/2018\/01\/DSC_1516-e1516992467797-768x636.jpg 768w, https:\/\/antoinelemaire-archi-photo.fr\/wp-content\/uploads\/2018\/01\/DSC_1516-e1516992467797-1024x847.jpg 1024w\" sizes=\"auto, (max-width: 3623px) 100vw, 3623px\" \/><p id=\"caption-attachment-340\" class=\"wp-caption-text\">Photographie de maquette<\/p><\/div>\n<p>Le quartier sur lequel le projet s\u2019implante est marqu\u00e9 par une forte h\u00e9t\u00e9rog\u00e9n\u00e9it\u00e9 du b\u00e2ti et des r\u00e9seaux viaires. On trouve \u00e0 la fois des maisons de villages, du pavillonnaire, des barres, des r\u00e9sidences sociales, des grandes surfaces etc.<\/p>\n<p>A l\u2019EST un boulevard, \u00e0 l\u2019OUEST l\u2019avenue de Mazargues et Autour de cela des petites rues.<\/p>\n<p>A l\u2019\u00e9chelle de l\u2019histoire, le site fut d\u2019abord constitu\u00e9 de champs avec des bastides, l\u2019avenue de Mazargues \u00e9tait d\u00e9j\u00e0 pr\u00e9sente. Suite \u00e0 l\u2019urbanisation de Marseille vers le Sud, et la construction du Boulevard Michelet, on a pu voir la construction de grands ensembles autour de celui-ci et du tissu pavillonnaire autour de l\u2019avenue de Mazargues.<\/p>\n<p>On trouve autour du site, des jardins priv\u00e9s, un parc arbor\u00e9 priv\u00e9 \u00e0 usage public, des jardins priv\u00e9s autour des r\u00e9sidences.<\/p>\n<p>&nbsp;<\/p>\n<p>A travers cette analyse j\u2019ai retenu les caract\u00e9ristiques les plus importantes du site. J\u2019ai traduit cela en recr\u00e9ant un lieu de rencontre et de convivialit\u00e9 \u00e0 travers la place. Le b\u00e2ti vient s\u2019implanter en reprenant les multiples typologies constitutives du site, entre pavillon et collectifs.<\/p>\n<p>La troisi\u00e8me volont\u00e9 est de cr\u00e9er un espace central arbor\u00e9 pour les habitants.<\/p>\n<p>Le projet s\u2019oriente autour d\u2019un parcours s\u00e9quentiel d\u2019espaces ext\u00e9rieurs tous diff\u00e9rents et que l\u2019on d\u00e9couvre au fur et \u00e0 mesure que l\u2019on monte dans les \u00e9tages.\u00a0La premi\u00e8re s\u00e9quence d\u00e9marre sur place publique qui est accessible par tous les habitants. Elle va participer \u00e0 une dynamisation du quartier en proposant un nouveau lieu de rencontre o\u00f9 viendront s\u2019installer de nouveaux commerces.\u00a0La deuxi\u00e8me s\u00e9quence est situ\u00e9e dans le c\u0153ur d\u2019\u00eelot du projet. On trouve un patio arbor\u00e9 accessible depuis la place par deux escaliers, on est donc au niveau du r+1. Autour de celui-ci la collectivit\u00e9 peut circuler et trouv\u00e9 des \u00e9quipements collectifs.\u00a0La troisi\u00e8me s\u00e9quence est situ\u00e9e dans les logements m\u00eame. Ce sont des loggias priv\u00e9es orient\u00e9e sud qui sont priv\u00e9e \u00e0 chaque appartement. L\u2019id\u00e9e est d\u2019avoir un espace ext\u00e9rieur priv\u00e9e pour chaque logement. Pour r\u00e9aliser cette troisi\u00e8me s\u00e9quence on va emprunter depuis le r+1 au niveau du patio les cages d\u2019escalier ou ascenseur qui gravitent dans les \u00e9tages.<\/p>\n<p>&nbsp;<\/p>\n<p>On trouve dans le projet 30 logements dispos\u00e9s dans deux corps de b\u00e2ti. L\u2019un en R+3 (masse nord), et l\u2019autre en R+5 (masse sud). Le corps de b\u00e2ti au Nord ne sera pas cach\u00e9 du soleil par le corps de b\u00e2ti au Sud, j\u2019ai pu exp\u00e9rimenter cela en maquette pour voir l\u2019impact des ombres du b\u00e2ti Sud sur la b\u00e2ti Nord.\u00a0On trouvera au rez-de-chauss\u00e9e en plus des commerces donnant sur la place, des locaux pour des artistes ou de petites entreprises.\u00a0Le projet va offrir \u00e0 chaque habitant des appartements comme on pourrait habiter une maison.<\/p>\n<p>&nbsp;<\/p>\n<p>A travers le plan masse on voit tr\u00e8s bien cette volont\u00e9 de recr\u00e9er une place devant l\u2019\u00eelot b\u00e2ti en m\u2019appuyant sur le contexte existant pour renforcer les limites de l\u2019espace public. C\u2019est-\u00e0-dire, le Cagan, le supermarch\u00e9, la rue. L\u2019acc\u00e8s de la place publique jusqu\u2019au niveau du patio en c\u0153ur d\u2019\u00eelot est inspir\u00e9 du projet de 220 logement rue des Maux \u00e0 Paris de Renzo Piano construit en 1991. On voit aussi tr\u00e8s bien la place du patio en c\u0153ur d\u2019ilot autour duquel on peut circuler.<\/p>\n<p>Mes deux corps de b\u00e2ti de logements sont orient\u00e9s Nord\/Sud pour faire b\u00e9n\u00e9ficier tous les logements de salon et de loggia orient\u00e9es au SUD.<\/p>\n<p>Par rapport au voisinage j\u2019ai choisi de faire ma barre de logement au Nord seulement en R+3 pour limiter l\u2019impact sur les voisins. C\u00f4t\u00e9 Sud j\u2019ai d\u00e9cid\u00e9 de monter en R+5 car l\u2019impact sur mon projet et le voisinage est moindre.<\/p>\n<p>&nbsp;<\/p>\n<p>Au rez-de-chauss\u00e9e, les commerces donnent sur la place, les bureaux se d\u00e9veloppent autour du patio et donnent sur les petites rues juxtaposant le projet. Les cages d\u2019escalier redescendent jusqu\u2019au rdc o\u00f9 l\u2019on trouve le local poubelle donnant sur la rue.\u00a0De plus on peut acc\u00e9der au parking pour les logements par le fond de la parcelle. Il y a un deuxi\u00e8me parking r\u00e9serv\u00e9 aux commer\u00e7ant.<\/p>\n<p>&nbsp;<\/p>\n<p>Au R+1 on va trouver les 6 cages d\u2019escaliers en double hauteur qui distribue \u00e0 chaque fois deux appartements par \u00e9tage.\u00a0Dans chaque hall d\u2019entr\u00e9e traversant, on va trouver un local v\u00e9lo et une s\u00e9rie de bo\u00eete aux lettres. On trouvera aussi tout une s\u00e9rie d\u2019\u00e9quipements pour la collectivit\u00e9, une laverie, une salle de sport, une salle de r\u00e9union, une salle de r\u00e9ception, et une garderie.<\/p>\n<p>&nbsp;<\/p>\n<p>Au regard de la l\u2019\u00e9tage courant, le projet est structur\u00e9 autour d\u2019une trame de 4m entre axe. Cela permet de donner une unit\u00e9 \u00e0 mes b\u00e2timents et d\u2019organiser mes logements.\u00a0Par \u00e9tage on trouve entre 5 et 7 logements. Chaque \u00e9tage courant est diff\u00e9rent. On va trouver une vari\u00e9t\u00e9 des typologies et des appartements \u00e0 chaque \u00e9tage.\u00a0Chaque logement b\u00e9n\u00e9ficie d\u2019un salon cuisine traversant permettant de cr\u00e9er un espace cons\u00e9quent dans l\u2019appartement et une transparence visuelle Nord-Sud.\u00a0 De plus dans chaque appartement on retrouve une partition JOUR\/NUIT.\u00a0Il n\u2019y a pas de vis-\u00e0-vis entre les deux barres du fait de la distance qui les s\u00e9parent, et de plus la v\u00e9g\u00e9tation tend r\u00e9duire cela.<\/p>\n<p>&nbsp;<\/p>\n<p>En fa\u00e7ade, j\u2019ai voulu d\u00e9velopper le principe du All-over, une inspiration trouv\u00e9e dans des Projets de logement de Lan Architectes \u00e0 Paris XVII et de Max Dudler dans beaucoup de ces projets. Ce principe fonctionne sur l\u2019application d\u2019une m\u00eame fa\u00e7ade sur tout l\u2019\u00e9difice. J\u2019applique donc une grille sur ma fa\u00e7ade en b\u00e9ton. On retrouve des parall\u00e9l\u00e9pip\u00e8des vide avec une cadre en bois lorsqu\u2019il s\u2019agit d\u2019une loggia et une menuiserie en bois quand il s\u2019agit d\u2019une pi\u00e8ce.\u00a0Pour les cages d\u2019escalier on retrouve un grand vide qui permet d\u2019apporter une grande luminosit\u00e9 et de les d\u00e9marquer.\u00a0Au RDC, la fa\u00e7ade est diff\u00e9rente. Elle agit comme un socle sur lesquelles les logements se posent.<\/p>\n<p>&nbsp;<\/p>\n<p>Pour mes logements j\u2019ai voulu travailler sur une organisation jour\/nuit , celle-ci permet de s\u00e9parer les pi\u00e8ces selon leur degr\u00e9 d\u2019intimit\u00e9. Les chambres qui sont des pi\u00e8ces de nuit et qui sont r\u00e9serv\u00e9 aux habitants du logements sont des pi\u00e8ces intimes. On a pas envie que les invit\u00e9s puissent y acc\u00e9der. On voit donc toute les pi\u00e8ces priv\u00e9es dans la partie nuit et les pi\u00e8ces de vie communes o\u00f9 l\u2019on peut recevoir du monde dans la partie jour. \u00a0Cette partition s\u2019organise en fonction de la trame structurelle du logement de 4m.\u00a0Pour un t3 constitu\u00e9 de 2 trames de 4m, l\u2019une est r\u00e9serv\u00e9 \u00e0 l\u2019espace traversant accueillant une cuisine salle-\u00e0-manger a\u00e9r\u00e9e et lumineuse et un salon lumineux donnant sur la loggia. Sur la deuxi\u00e8me trame on trouvera les pi\u00e8ces intimes ainsi que les pi\u00e8ces humides. Cela permettra aux habitants d\u2019accueillir du monde sans que ceux-ci n\u2019acc\u00e8dent \u00e0 la partie nuit plus priv\u00e9e.\u00a0Sur la trame r\u00e9serv\u00e9e aux cages d\u2019escaliers on r\u00e9utilise une partie de l\u2019espace pour le donner aux logements du pallier. Cela permet de trouver une partie de la cuisine et une toilette pour chaque appartement pour lib\u00e9rer de la place dans le vide salon salle-\u00e0-manger.\u00a0Pour les logements T4 et T5, on trouvera \u00e0 la fois des simplex et des duplex. Dans le duplex une double hauteur op\u00e8re une sensation de grandeur dans l\u2019espace du salon.\u00a0Chaque logement b\u00e9n\u00e9ficiera d\u2019une espace ext\u00e9rieur priv\u00e9e orient\u00e9e au Sud pour profiter du soleil toute la journ\u00e9e.<\/p>\n<p>&nbsp;<\/p>\n<p>En conclusion, je mettrais en avant le parcours s\u00e9quentiel d\u2019espaces ext\u00e9rieurs dans mon projet, de la place publique, au c\u0153ur d\u2019ilot arbor\u00e9 collectif et les loggias priv\u00e9es. Ce projet redynamisera le quartier en r\u00e9implantant des commerces et en proposant \u00e0 des petites entreprises des locaux. La collectivit\u00e9 b\u00e9n\u00e9ficiera d\u2019espace collectifs pour cr\u00e9er du lien. Chaque habitant pourra b\u00e9n\u00e9ficier d\u2019un appartement traversant et d\u2019une loggia priv\u00e9e, un appartement villa.<\/p>\n\n\t\t<style type=\"text\/css\">\n\t\t\t#gallery-1 {\n\t\t\t\tmargin: auto;\n\t\t\t}\n\t\t\t#gallery-1 .gallery-item {\n\t\t\t\tfloat: left;\n\t\t\t\tmargin-top: 10px;\n\t\t\t\ttext-align: center;\n\t\t\t\twidth: 100%;\n\t\t\t}\n\t\t\t#gallery-1 img {\n\t\t\t\tborder: 2px solid #cfcfcf;\n\t\t\t}\n\t\t\t#gallery-1 .gallery-caption {\n\t\t\t\tmargin-left: 0;\n\t\t\t}\n\t\t\t\/* see gallery_shortcode() in wp-includes\/media.php *\/\n\t\t<\/style>\n\t\t<div id='gallery-1' class='gallery galleryid-338 gallery-columns-1 gallery-size-large'><dl class='gallery-item'>\n\t\t\t<dt class='gallery-icon landscape'>\n\t\t\t\t<a href='https:\/\/antoinelemaire-archi-photo.fr\/index.php\/2018\/02\/26\/30-logements-a-mazargue\/usersantoinedocumentsl3s5theorie-du-projetprojet-s5-pr-5\/'><img loading=\"lazy\" decoding=\"async\" width=\"600\" height=\"420\" src=\"https:\/\/antoinelemaire-archi-photo.fr\/wp-content\/uploads\/2018\/01\/plan-masse-cinq-cent_sensible-1024x717.jpg\" class=\"attachment-large size-large\" alt=\"Plan masse\" aria-describedby=\"gallery-1-351\" srcset=\"https:\/\/antoinelemaire-archi-photo.fr\/wp-content\/uploads\/2018\/01\/plan-masse-cinq-cent_sensible-1024x717.jpg 1024w, https:\/\/antoinelemaire-archi-photo.fr\/wp-content\/uploads\/2018\/01\/plan-masse-cinq-cent_sensible-300x210.jpg 300w, https:\/\/antoinelemaire-archi-photo.fr\/wp-content\/uploads\/2018\/01\/plan-masse-cinq-cent_sensible-768x538.jpg 768w\" sizes=\"auto, (max-width: 600px) 100vw, 600px\" \/><\/a>\n\t\t\t<\/dt>\n\t\t\t\t<dd class='wp-caption-text gallery-caption' id='gallery-1-351'>\n\t\t\t\tPlan masse\n\t\t\t\t<\/dd><\/dl><br style=\"clear: both\" \/><dl class='gallery-item'>\n\t\t\t<dt class='gallery-icon landscape'>\n\t\t\t\t<a href='https:\/\/antoinelemaire-archi-photo.fr\/index.php\/2018\/02\/26\/30-logements-a-mazargue\/usersantoinedesktopprojet-rendu-12-janier-derniere-version-3-4\/'><img loading=\"lazy\" decoding=\"async\" width=\"600\" height=\"425\" src=\"https:\/\/antoinelemaire-archi-photo.fr\/wp-content\/uploads\/2018\/02\/coupe-paysag\u00e8re-deux-cent-format-A0-1024x726.jpg\" class=\"attachment-large size-large\" alt=\"Coupe paysag\u00e8re\" aria-describedby=\"gallery-1-384\" srcset=\"https:\/\/antoinelemaire-archi-photo.fr\/wp-content\/uploads\/2018\/02\/coupe-paysag\u00e8re-deux-cent-format-A0-1024x726.jpg 1024w, https:\/\/antoinelemaire-archi-photo.fr\/wp-content\/uploads\/2018\/02\/coupe-paysag\u00e8re-deux-cent-format-A0-300x213.jpg 300w, https:\/\/antoinelemaire-archi-photo.fr\/wp-content\/uploads\/2018\/02\/coupe-paysag\u00e8re-deux-cent-format-A0-768x544.jpg 768w\" sizes=\"auto, (max-width: 600px) 100vw, 600px\" \/><\/a>\n\t\t\t<\/dt>\n\t\t\t\t<dd class='wp-caption-text gallery-caption' id='gallery-1-384'>\n\t\t\t\tCoupe paysag\u00e8re\n\t\t\t\t<\/dd><\/dl><br style=\"clear: both\" \/><dl class='gallery-item'>\n\t\t\t<dt class='gallery-icon landscape'>\n\t\t\t\t<a href='https:\/\/antoinelemaire-archi-photo.fr\/index.php\/2018\/02\/26\/30-logements-a-mazargue\/usersantoinedesktopprojet-rendu-10-janvier-dwg\/'><img loading=\"lazy\" decoding=\"async\" width=\"600\" height=\"513\" src=\"https:\/\/antoinelemaire-archi-photo.fr\/wp-content\/uploads\/2018\/01\/plan-r-1-deux-cent-1024x875.jpg\" class=\"attachment-large size-large\" alt=\"Plan R-1\" aria-describedby=\"gallery-1-352\" srcset=\"https:\/\/antoinelemaire-archi-photo.fr\/wp-content\/uploads\/2018\/01\/plan-r-1-deux-cent-1024x875.jpg 1024w, https:\/\/antoinelemaire-archi-photo.fr\/wp-content\/uploads\/2018\/01\/plan-r-1-deux-cent-300x256.jpg 300w, https:\/\/antoinelemaire-archi-photo.fr\/wp-content\/uploads\/2018\/01\/plan-r-1-deux-cent-768x656.jpg 768w\" sizes=\"auto, (max-width: 600px) 100vw, 600px\" \/><\/a>\n\t\t\t<\/dt>\n\t\t\t\t<dd class='wp-caption-text gallery-caption' id='gallery-1-352'>\n\t\t\t\tPlan R-1\n\t\t\t\t<\/dd><\/dl><br style=\"clear: both\" \/><dl class='gallery-item'>\n\t\t\t<dt class='gallery-icon landscape'>\n\t\t\t\t<a href='https:\/\/antoinelemaire-archi-photo.fr\/index.php\/2018\/02\/26\/30-logements-a-mazargue\/usersantoinedesktopprojet-rendu-10-janvier-dwg-2\/'><img loading=\"lazy\" decoding=\"async\" width=\"600\" height=\"425\" src=\"https:\/\/antoinelemaire-archi-photo.fr\/wp-content\/uploads\/2018\/02\/plan-rdc-sensible-1024x726.jpg\" class=\"attachment-large size-large\" alt=\"Plan RDC\" aria-describedby=\"gallery-1-385\" srcset=\"https:\/\/antoinelemaire-archi-photo.fr\/wp-content\/uploads\/2018\/02\/plan-rdc-sensible-1024x726.jpg 1024w, https:\/\/antoinelemaire-archi-photo.fr\/wp-content\/uploads\/2018\/02\/plan-rdc-sensible-300x213.jpg 300w, https:\/\/antoinelemaire-archi-photo.fr\/wp-content\/uploads\/2018\/02\/plan-rdc-sensible-768x544.jpg 768w\" sizes=\"auto, (max-width: 600px) 100vw, 600px\" \/><\/a>\n\t\t\t<\/dt>\n\t\t\t\t<dd class='wp-caption-text gallery-caption' id='gallery-1-385'>\n\t\t\t\tPlan RDC\n\t\t\t\t<\/dd><\/dl><br style=\"clear: both\" \/><dl class='gallery-item'>\n\t\t\t<dt class='gallery-icon landscape'>\n\t\t\t\t<a href='https:\/\/antoinelemaire-archi-photo.fr\/index.php\/2018\/02\/26\/30-logements-a-mazargue\/usersantoinedesktopprojet-rendu-10-janvier-dwg-3\/'><img loading=\"lazy\" decoding=\"async\" width=\"600\" height=\"425\" src=\"https:\/\/antoinelemaire-archi-photo.fr\/wp-content\/uploads\/2018\/02\/plan-r1-sensible-1024x726.jpg\" class=\"attachment-large size-large\" alt=\"Plan R+1\" aria-describedby=\"gallery-1-386\" srcset=\"https:\/\/antoinelemaire-archi-photo.fr\/wp-content\/uploads\/2018\/02\/plan-r1-sensible-1024x726.jpg 1024w, https:\/\/antoinelemaire-archi-photo.fr\/wp-content\/uploads\/2018\/02\/plan-r1-sensible-300x213.jpg 300w, https:\/\/antoinelemaire-archi-photo.fr\/wp-content\/uploads\/2018\/02\/plan-r1-sensible-768x544.jpg 768w\" sizes=\"auto, (max-width: 600px) 100vw, 600px\" \/><\/a>\n\t\t\t<\/dt>\n\t\t\t\t<dd class='wp-caption-text gallery-caption' id='gallery-1-386'>\n\t\t\t\tPlan R+1\n\t\t\t\t<\/dd><\/dl><br style=\"clear: both\" \/><dl class='gallery-item'>\n\t\t\t<dt class='gallery-icon landscape'>\n\t\t\t\t<a href='https:\/\/antoinelemaire-archi-photo.fr\/index.php\/2018\/02\/26\/30-logements-a-mazargue\/usersantoinedesktopprojet-rendu-12-janier-derniere-version-3-5\/'><img loading=\"lazy\" decoding=\"async\" width=\"600\" height=\"426\" src=\"https:\/\/antoinelemaire-archi-photo.fr\/wp-content\/uploads\/2018\/01\/plan-r2-deux-cent-1024x727.jpg\" class=\"attachment-large size-large\" alt=\"Plan R+2\" aria-describedby=\"gallery-1-353\" srcset=\"https:\/\/antoinelemaire-archi-photo.fr\/wp-content\/uploads\/2018\/01\/plan-r2-deux-cent-1024x727.jpg 1024w, https:\/\/antoinelemaire-archi-photo.fr\/wp-content\/uploads\/2018\/01\/plan-r2-deux-cent-300x213.jpg 300w, https:\/\/antoinelemaire-archi-photo.fr\/wp-content\/uploads\/2018\/01\/plan-r2-deux-cent-768x545.jpg 768w\" sizes=\"auto, (max-width: 600px) 100vw, 600px\" \/><\/a>\n\t\t\t<\/dt>\n\t\t\t\t<dd class='wp-caption-text gallery-caption' id='gallery-1-353'>\n\t\t\t\tPlan R+2\n\t\t\t\t<\/dd><\/dl><br style=\"clear: both\" \/><dl class='gallery-item'>\n\t\t\t<dt class='gallery-icon landscape'>\n\t\t\t\t<a href='https:\/\/antoinelemaire-archi-photo.fr\/index.php\/2018\/02\/26\/30-logements-a-mazargue\/usersantoinedesktopprojet-rendu-12-janier-derniere-version-3-6\/'><img loading=\"lazy\" decoding=\"async\" width=\"600\" height=\"426\" src=\"https:\/\/antoinelemaire-archi-photo.fr\/wp-content\/uploads\/2018\/01\/plan-r3-deux-cent-1024x727.jpg\" class=\"attachment-large size-large\" alt=\"Plan R+3\" aria-describedby=\"gallery-1-354\" srcset=\"https:\/\/antoinelemaire-archi-photo.fr\/wp-content\/uploads\/2018\/01\/plan-r3-deux-cent-1024x727.jpg 1024w, https:\/\/antoinelemaire-archi-photo.fr\/wp-content\/uploads\/2018\/01\/plan-r3-deux-cent-300x213.jpg 300w, https:\/\/antoinelemaire-archi-photo.fr\/wp-content\/uploads\/2018\/01\/plan-r3-deux-cent-768x545.jpg 768w\" sizes=\"auto, (max-width: 600px) 100vw, 600px\" \/><\/a>\n\t\t\t<\/dt>\n\t\t\t\t<dd class='wp-caption-text gallery-caption' id='gallery-1-354'>\n\t\t\t\tPlan R+3\n\t\t\t\t<\/dd><\/dl><br style=\"clear: both\" \/><dl class='gallery-item'>\n\t\t\t<dt class='gallery-icon landscape'>\n\t\t\t\t<a href='https:\/\/antoinelemaire-archi-photo.fr\/index.php\/2018\/02\/26\/30-logements-a-mazargue\/usersantoinedesktopprojet-rendu-12-janier-derniere-version-3-7\/'><img loading=\"lazy\" decoding=\"async\" width=\"600\" height=\"426\" src=\"https:\/\/antoinelemaire-archi-photo.fr\/wp-content\/uploads\/2018\/01\/plan-r4-deux-cent-1024x727.jpg\" class=\"attachment-large size-large\" alt=\"Plan R+4\" aria-describedby=\"gallery-1-355\" srcset=\"https:\/\/antoinelemaire-archi-photo.fr\/wp-content\/uploads\/2018\/01\/plan-r4-deux-cent-1024x727.jpg 1024w, https:\/\/antoinelemaire-archi-photo.fr\/wp-content\/uploads\/2018\/01\/plan-r4-deux-cent-300x213.jpg 300w, https:\/\/antoinelemaire-archi-photo.fr\/wp-content\/uploads\/2018\/01\/plan-r4-deux-cent-768x545.jpg 768w\" sizes=\"auto, (max-width: 600px) 100vw, 600px\" \/><\/a>\n\t\t\t<\/dt>\n\t\t\t\t<dd class='wp-caption-text gallery-caption' id='gallery-1-355'>\n\t\t\t\tPlan R+4 \n\t\t\t\t<\/dd><\/dl><br style=\"clear: both\" \/><dl class='gallery-item'>\n\t\t\t<dt class='gallery-icon landscape'>\n\t\t\t\t<a href='https:\/\/antoinelemaire-archi-photo.fr\/index.php\/2018\/02\/26\/30-logements-a-mazargue\/usersantoinedesktopprojet-rendu-12-janier-derniere-version-3-8\/'><img loading=\"lazy\" decoding=\"async\" width=\"600\" height=\"426\" src=\"https:\/\/antoinelemaire-archi-photo.fr\/wp-content\/uploads\/2018\/01\/plan-r5-deux-cent-1024x727.jpg\" class=\"attachment-large size-large\" alt=\"Plan R+5\" aria-describedby=\"gallery-1-356\" srcset=\"https:\/\/antoinelemaire-archi-photo.fr\/wp-content\/uploads\/2018\/01\/plan-r5-deux-cent-1024x727.jpg 1024w, https:\/\/antoinelemaire-archi-photo.fr\/wp-content\/uploads\/2018\/01\/plan-r5-deux-cent-300x213.jpg 300w, https:\/\/antoinelemaire-archi-photo.fr\/wp-content\/uploads\/2018\/01\/plan-r5-deux-cent-768x545.jpg 768w\" sizes=\"auto, (max-width: 600px) 100vw, 600px\" \/><\/a>\n\t\t\t<\/dt>\n\t\t\t\t<dd class='wp-caption-text gallery-caption' id='gallery-1-356'>\n\t\t\t\tPlan R+5\n\t\t\t\t<\/dd><\/dl><br style=\"clear: both\" \/><dl class='gallery-item'>\n\t\t\t<dt class='gallery-icon landscape'>\n\t\t\t\t<a href='https:\/\/antoinelemaire-archi-photo.fr\/index.php\/2018\/02\/26\/30-logements-a-mazargue\/usersantoinedesktopprojet-rendu-12-janier-derniere-version-3\/'><img loading=\"lazy\" decoding=\"async\" width=\"600\" height=\"425\" src=\"https:\/\/antoinelemaire-archi-photo.fr\/wp-content\/uploads\/2018\/02\/coupe-A-un-cent-1024x726.jpg\" class=\"attachment-large size-large\" alt=\"Coupe A\" aria-describedby=\"gallery-1-381\" srcset=\"https:\/\/antoinelemaire-archi-photo.fr\/wp-content\/uploads\/2018\/02\/coupe-A-un-cent-1024x726.jpg 1024w, https:\/\/antoinelemaire-archi-photo.fr\/wp-content\/uploads\/2018\/02\/coupe-A-un-cent-300x213.jpg 300w, https:\/\/antoinelemaire-archi-photo.fr\/wp-content\/uploads\/2018\/02\/coupe-A-un-cent-768x544.jpg 768w\" sizes=\"auto, (max-width: 600px) 100vw, 600px\" \/><\/a>\n\t\t\t<\/dt>\n\t\t\t\t<dd class='wp-caption-text gallery-caption' id='gallery-1-381'>\n\t\t\t\tCoupe A\n\t\t\t\t<\/dd><\/dl><br style=\"clear: both\" \/><dl class='gallery-item'>\n\t\t\t<dt class='gallery-icon landscape'>\n\t\t\t\t<a href='https:\/\/antoinelemaire-archi-photo.fr\/index.php\/2018\/02\/26\/30-logements-a-mazargue\/usersantoinedesktopprojet-rendu-12-janier-derniere-version-3-2\/'><img loading=\"lazy\" decoding=\"async\" width=\"600\" height=\"425\" src=\"https:\/\/antoinelemaire-archi-photo.fr\/wp-content\/uploads\/2018\/02\/coupe-B-un-cent-1024x726.jpg\" class=\"attachment-large size-large\" alt=\"Coupe B\" aria-describedby=\"gallery-1-382\" srcset=\"https:\/\/antoinelemaire-archi-photo.fr\/wp-content\/uploads\/2018\/02\/coupe-B-un-cent-1024x726.jpg 1024w, https:\/\/antoinelemaire-archi-photo.fr\/wp-content\/uploads\/2018\/02\/coupe-B-un-cent-300x213.jpg 300w, https:\/\/antoinelemaire-archi-photo.fr\/wp-content\/uploads\/2018\/02\/coupe-B-un-cent-768x544.jpg 768w\" sizes=\"auto, (max-width: 600px) 100vw, 600px\" \/><\/a>\n\t\t\t<\/dt>\n\t\t\t\t<dd class='wp-caption-text gallery-caption' id='gallery-1-382'>\n\t\t\t\tCoupe B\n\t\t\t\t<\/dd><\/dl><br style=\"clear: both\" \/><dl class='gallery-item'>\n\t\t\t<dt class='gallery-icon landscape'>\n\t\t\t\t<a href='https:\/\/antoinelemaire-archi-photo.fr\/index.php\/2018\/02\/26\/30-logements-a-mazargue\/usersantoinedesktopprojet-rendu-12-janier-derniere-version-3-3\/'><img loading=\"lazy\" decoding=\"async\" width=\"600\" height=\"425\" src=\"https:\/\/antoinelemaire-archi-photo.fr\/wp-content\/uploads\/2018\/02\/coupe-C-un-cent-1024x726.jpg\" class=\"attachment-large size-large\" alt=\"Coupe C\" aria-describedby=\"gallery-1-383\" srcset=\"https:\/\/antoinelemaire-archi-photo.fr\/wp-content\/uploads\/2018\/02\/coupe-C-un-cent-1024x726.jpg 1024w, https:\/\/antoinelemaire-archi-photo.fr\/wp-content\/uploads\/2018\/02\/coupe-C-un-cent-300x213.jpg 300w, https:\/\/antoinelemaire-archi-photo.fr\/wp-content\/uploads\/2018\/02\/coupe-C-un-cent-768x544.jpg 768w\" sizes=\"auto, (max-width: 600px) 100vw, 600px\" \/><\/a>\n\t\t\t<\/dt>\n\t\t\t\t<dd class='wp-caption-text gallery-caption' id='gallery-1-383'>\n\t\t\t\tCoupe C\n\t\t\t\t<\/dd><\/dl><br style=\"clear: both\" \/><dl class='gallery-item'>\n\t\t\t<dt class='gallery-icon portrait'>\n\t\t\t\t<a href='https:\/\/antoinelemaire-archi-photo.fr\/index.php\/2018\/02\/26\/30-logements-a-mazargue\/usersantoinedesktopprojet-rendu-12-janier-derniere-version-3-11\/'><img loading=\"lazy\" decoding=\"async\" width=\"378\" height=\"1024\" src=\"https:\/\/antoinelemaire-archi-photo.fr\/wp-content\/uploads\/2018\/01\/plan-t5-duplex-cinquante-378x1024.jpg\" class=\"attachment-large size-large\" alt=\"Plan T5 Duplex\" aria-describedby=\"gallery-1-359\" srcset=\"https:\/\/antoinelemaire-archi-photo.fr\/wp-content\/uploads\/2018\/01\/plan-t5-duplex-cinquante-378x1024.jpg 378w, https:\/\/antoinelemaire-archi-photo.fr\/wp-content\/uploads\/2018\/01\/plan-t5-duplex-cinquante-111x300.jpg 111w, https:\/\/antoinelemaire-archi-photo.fr\/wp-content\/uploads\/2018\/01\/plan-t5-duplex-cinquante-768x2082.jpg 768w\" sizes=\"auto, (max-width: 378px) 100vw, 378px\" \/><\/a>\n\t\t\t<\/dt>\n\t\t\t\t<dd class='wp-caption-text gallery-caption' id='gallery-1-359'>\n\t\t\t\tPlan T5 Duplex\n\t\t\t\t<\/dd><\/dl><br style=\"clear: both\" \/><dl class='gallery-item'>\n\t\t\t<dt class='gallery-icon portrait'>\n\t\t\t\t<a href='https:\/\/antoinelemaire-archi-photo.fr\/index.php\/2018\/02\/26\/30-logements-a-mazargue\/usersantoinedesktopprojet-rendu-12-janier-derniere-version-3-10\/'><img loading=\"lazy\" decoding=\"async\" width=\"600\" height=\"912\" src=\"https:\/\/antoinelemaire-archi-photo.fr\/wp-content\/uploads\/2018\/01\/plan-t2-cinquante-674x1024.jpg\" class=\"attachment-large size-large\" alt=\"Plan T2\" aria-describedby=\"gallery-1-358\" srcset=\"https:\/\/antoinelemaire-archi-photo.fr\/wp-content\/uploads\/2018\/01\/plan-t2-cinquante-674x1024.jpg 674w, https:\/\/antoinelemaire-archi-photo.fr\/wp-content\/uploads\/2018\/01\/plan-t2-cinquante-197x300.jpg 197w, https:\/\/antoinelemaire-archi-photo.fr\/wp-content\/uploads\/2018\/01\/plan-t2-cinquante-768x1167.jpg 768w\" sizes=\"auto, (max-width: 600px) 100vw, 600px\" \/><\/a>\n\t\t\t<\/dt>\n\t\t\t\t<dd class='wp-caption-text gallery-caption' id='gallery-1-358'>\n\t\t\t\tPlan T2\n\t\t\t\t<\/dd><\/dl><br style=\"clear: both\" \/><dl class='gallery-item'>\n\t\t\t<dt class='gallery-icon landscape'>\n\t\t\t\t<a href='https:\/\/antoinelemaire-archi-photo.fr\/index.php\/2018\/02\/26\/30-logements-a-mazargue\/usersantoinedocumentsl3s5theorie-du-projetprojet-s5-pr-2\/'><img loading=\"lazy\" decoding=\"async\" width=\"600\" height=\"205\" src=\"https:\/\/antoinelemaire-archi-photo.fr\/wp-content\/uploads\/2018\/01\/fa\u00e7ade-nord-1024x350.jpg\" class=\"attachment-large size-large\" alt=\"Fa\u00e7ade NORD\" aria-describedby=\"gallery-1-348\" srcset=\"https:\/\/antoinelemaire-archi-photo.fr\/wp-content\/uploads\/2018\/01\/fa\u00e7ade-nord-1024x350.jpg 1024w, https:\/\/antoinelemaire-archi-photo.fr\/wp-content\/uploads\/2018\/01\/fa\u00e7ade-nord-300x103.jpg 300w, https:\/\/antoinelemaire-archi-photo.fr\/wp-content\/uploads\/2018\/01\/fa\u00e7ade-nord-768x262.jpg 768w\" sizes=\"auto, (max-width: 600px) 100vw, 600px\" \/><\/a>\n\t\t\t<\/dt>\n\t\t\t\t<dd class='wp-caption-text gallery-caption' id='gallery-1-348'>\n\t\t\t\tFa\u00e7ade NORD\n\t\t\t\t<\/dd><\/dl><br style=\"clear: both\" \/><dl class='gallery-item'>\n\t\t\t<dt class='gallery-icon landscape'>\n\t\t\t\t<a href='https:\/\/antoinelemaire-archi-photo.fr\/index.php\/2018\/02\/26\/30-logements-a-mazargue\/usersantoinedocumentsl3s5theorie-du-projetprojet-s5-pr-4\/'><img loading=\"lazy\" decoding=\"async\" width=\"600\" height=\"200\" src=\"https:\/\/antoinelemaire-archi-photo.fr\/wp-content\/uploads\/2018\/01\/fa\u00e7ade-sud-1024x342.jpg\" class=\"attachment-large size-large\" alt=\"Fa\u00e7ade SUD\" aria-describedby=\"gallery-1-350\" srcset=\"https:\/\/antoinelemaire-archi-photo.fr\/wp-content\/uploads\/2018\/01\/fa\u00e7ade-sud-1024x342.jpg 1024w, https:\/\/antoinelemaire-archi-photo.fr\/wp-content\/uploads\/2018\/01\/fa\u00e7ade-sud-300x100.jpg 300w, https:\/\/antoinelemaire-archi-photo.fr\/wp-content\/uploads\/2018\/01\/fa\u00e7ade-sud-768x257.jpg 768w\" sizes=\"auto, (max-width: 600px) 100vw, 600px\" \/><\/a>\n\t\t\t<\/dt>\n\t\t\t\t<dd class='wp-caption-text gallery-caption' id='gallery-1-350'>\n\t\t\t\tFa\u00e7ade SUD\n\t\t\t\t<\/dd><\/dl><br style=\"clear: both\" \/><dl class='gallery-item'>\n\t\t\t<dt class='gallery-icon landscape'>\n\t\t\t\t<a href='https:\/\/antoinelemaire-archi-photo.fr\/index.php\/2018\/02\/26\/30-logements-a-mazargue\/usersantoinedocumentsl3s5theorie-du-projetprojet-s5-pr-3\/'><img loading=\"lazy\" decoding=\"async\" width=\"600\" height=\"255\" src=\"https:\/\/antoinelemaire-archi-photo.fr\/wp-content\/uploads\/2018\/01\/fa\u00e7ade-ouest-1024x435.jpg\" class=\"attachment-large size-large\" alt=\"Fa\u00e7ade OUEST\" aria-describedby=\"gallery-1-349\" srcset=\"https:\/\/antoinelemaire-archi-photo.fr\/wp-content\/uploads\/2018\/01\/fa\u00e7ade-ouest-1024x435.jpg 1024w, https:\/\/antoinelemaire-archi-photo.fr\/wp-content\/uploads\/2018\/01\/fa\u00e7ade-ouest-300x128.jpg 300w, https:\/\/antoinelemaire-archi-photo.fr\/wp-content\/uploads\/2018\/01\/fa\u00e7ade-ouest-768x326.jpg 768w\" sizes=\"auto, (max-width: 600px) 100vw, 600px\" \/><\/a>\n\t\t\t<\/dt>\n\t\t\t\t<dd class='wp-caption-text gallery-caption' id='gallery-1-349'>\n\t\t\t\tFa\u00e7ade OUEST\n\t\t\t\t<\/dd><\/dl><br style=\"clear: both\" \/><dl class='gallery-item'>\n\t\t\t<dt class='gallery-icon landscape'>\n\t\t\t\t<a href='https:\/\/antoinelemaire-archi-photo.fr\/index.php\/2018\/02\/26\/30-logements-a-mazargue\/usersantoinedocumentsl3s5theorie-du-projetprojet-s5-pr\/'><img loading=\"lazy\" decoding=\"async\" width=\"600\" height=\"252\" src=\"https:\/\/antoinelemaire-archi-photo.fr\/wp-content\/uploads\/2018\/01\/fa\u00e7ade-est-1024x430.jpg\" class=\"attachment-large size-large\" alt=\"Fa\u00e7ade EST\" aria-describedby=\"gallery-1-347\" srcset=\"https:\/\/antoinelemaire-archi-photo.fr\/wp-content\/uploads\/2018\/01\/fa\u00e7ade-est-1024x430.jpg 1024w, https:\/\/antoinelemaire-archi-photo.fr\/wp-content\/uploads\/2018\/01\/fa\u00e7ade-est-300x126.jpg 300w, https:\/\/antoinelemaire-archi-photo.fr\/wp-content\/uploads\/2018\/01\/fa\u00e7ade-est-768x322.jpg 768w\" sizes=\"auto, (max-width: 600px) 100vw, 600px\" \/><\/a>\n\t\t\t<\/dt>\n\t\t\t\t<dd class='wp-caption-text gallery-caption' id='gallery-1-347'>\n\t\t\t\tFa\u00e7ade EST\n\t\t\t\t<\/dd><\/dl><br style=\"clear: both\" \/>\n\t\t<\/div>\n\n<p>Planche:<\/p>\n","protected":false},"excerpt":{"rendered":"<p>30 logements \u00e0 Mazargue Le quartier sur lequel le projet s\u2019implante est marqu\u00e9 par une forte h\u00e9t\u00e9rog\u00e9n\u00e9it\u00e9 du b\u00e2ti et des r\u00e9seaux viaires. On trouve \u00e0 la fois des maisons de villages, du pavillonnaire, des barres, des r\u00e9sidences sociales, des grandes surfaces etc. A l\u2019EST un boulevard, \u00e0 l\u2019OUEST l\u2019avenue de Mazargues et Autour de [&hellip;]<\/p>\n","protected":false},"author":1,"featured_media":1057,"comment_status":"open","ping_status":"open","sticky":false,"template":"","format":"standard","meta":{"_monsterinsights_skip_tracking":false,"_monsterinsights_sitenote_active":false,"_monsterinsights_sitenote_note":"","_monsterinsights_sitenote_category":0,"footnotes":""},"categories":[18],"tags":[16,11,15,17,14],"class_list":["post-338","post","type-post","status-publish","format-standard","has-post-thumbnail","hentry","category-architecture","tag-antoine","tag-architecture","tag-blog","tag-lemaire","tag-marseille"],"_links":{"self":[{"href":"https:\/\/antoinelemaire-archi-photo.fr\/index.php\/wp-json\/wp\/v2\/posts\/338","targetHints":{"allow":["GET"]}}],"collection":[{"href":"https:\/\/antoinelemaire-archi-photo.fr\/index.php\/wp-json\/wp\/v2\/posts"}],"about":[{"href":"https:\/\/antoinelemaire-archi-photo.fr\/index.php\/wp-json\/wp\/v2\/types\/post"}],"author":[{"embeddable":true,"href":"https:\/\/antoinelemaire-archi-photo.fr\/index.php\/wp-json\/wp\/v2\/users\/1"}],"replies":[{"embeddable":true,"href":"https:\/\/antoinelemaire-archi-photo.fr\/index.php\/wp-json\/wp\/v2\/comments?post=338"}],"version-history":[{"count":6,"href":"https:\/\/antoinelemaire-archi-photo.fr\/index.php\/wp-json\/wp\/v2\/posts\/338\/revisions"}],"predecessor-version":[{"id":925,"href":"https:\/\/antoinelemaire-archi-photo.fr\/index.php\/wp-json\/wp\/v2\/posts\/338\/revisions\/925"}],"wp:featuredmedia":[{"embeddable":true,"href":"https:\/\/antoinelemaire-archi-photo.fr\/index.php\/wp-json\/wp\/v2\/media\/1057"}],"wp:attachment":[{"href":"https:\/\/antoinelemaire-archi-photo.fr\/index.php\/wp-json\/wp\/v2\/media?parent=338"}],"wp:term":[{"taxonomy":"category","embeddable":true,"href":"https:\/\/antoinelemaire-archi-photo.fr\/index.php\/wp-json\/wp\/v2\/categories?post=338"},{"taxonomy":"post_tag","embeddable":true,"href":"https:\/\/antoinelemaire-archi-photo.fr\/index.php\/wp-json\/wp\/v2\/tags?post=338"}],"curies":[{"name":"wp","href":"https:\/\/api.w.org\/{rel}","templated":true}]}}