{"id":293,"date":"2017-11-09T22:15:51","date_gmt":"2017-11-09T21:15:51","guid":{"rendered":"http:\/\/antoinelemaire-archi-photo.fr\/?p=293"},"modified":"2020-10-08T13:25:14","modified_gmt":"2020-10-08T11:25:14","slug":"venise-et-ses-canaux-antoine-lemaire","status":"publish","type":"post","link":"https:\/\/antoinelemaire-archi-photo.fr\/index.php\/2017\/11\/09\/venise-et-ses-canaux-antoine-lemaire\/","title":{"rendered":"Point G\u00e9ographique I Latitude : 45.440747  &#8211;  Longitude : 12.321521"},"content":{"rendered":"<h1 style=\"text-align: center;\">nuances d&rsquo;une ville flottante<\/h1>\n<h2 style=\"text-align: center;\">UNE BALADE DANS VENISE<\/h2>\n<p>Ces photos ont \u00e9t\u00e9 prise lors d&rsquo;un voyage \u00e0 Venise. Mes souvenirs d&rsquo;enfance lors de ma premi\u00e8re visite de cette ville si atypique \u00e9taient devenues vague. Venise est une ville diff\u00e9rente des autres, cette sensation de vivre sur la mer est passionnante, travers\u00e9e les rues, franchir les canaux et emprunter les navettes fluviales lui conf\u00e8re une atmosph\u00e8re particuli\u00e8re.<\/p>\n<p>Cette s\u00e9rie photographique retrace cette travers\u00e9e d&rsquo;un ville o\u00f9 l&rsquo;eau devient le sol de nos d\u00e9placements.<\/p>\n\n\t\t<style type=\"text\/css\">\n\t\t\t#gallery-1 {\n\t\t\t\tmargin: auto;\n\t\t\t}\n\t\t\t#gallery-1 .gallery-item {\n\t\t\t\tfloat: left;\n\t\t\t\tmargin-top: 10px;\n\t\t\t\ttext-align: center;\n\t\t\t\twidth: 100%;\n\t\t\t}\n\t\t\t#gallery-1 img {\n\t\t\t\tborder: 2px solid #cfcfcf;\n\t\t\t}\n\t\t\t#gallery-1 .gallery-caption {\n\t\t\t\tmargin-left: 0;\n\t\t\t}\n\t\t\t\/* see gallery_shortcode() in wp-includes\/media.php *\/\n\t\t<\/style>\n\t\t<div id='gallery-1' class='gallery galleryid-293 gallery-columns-1 gallery-size-full'><dl class='gallery-item'>\n\t\t\t<dt class='gallery-icon landscape'>\n\t\t\t\t<a href='https:\/\/antoinelemaire-archi-photo.fr\/index.php\/2017\/11\/09\/venise-et-ses-canaux-antoine-lemaire\/img_7310\/'><img loading=\"lazy\" decoding=\"async\" width=\"4272\" height=\"2848\" src=\"https:\/\/antoinelemaire-archi-photo.fr\/wp-content\/uploads\/2017\/11\/IMG_7310.jpg\" class=\"attachment-full size-full\" alt=\"Le canal de Venise et ses bateaux\" aria-describedby=\"gallery-1-298\" srcset=\"https:\/\/antoinelemaire-archi-photo.fr\/wp-content\/uploads\/2017\/11\/IMG_7310.jpg 4272w, https:\/\/antoinelemaire-archi-photo.fr\/wp-content\/uploads\/2017\/11\/IMG_7310-300x200.jpg 300w, https:\/\/antoinelemaire-archi-photo.fr\/wp-content\/uploads\/2017\/11\/IMG_7310-768x512.jpg 768w, https:\/\/antoinelemaire-archi-photo.fr\/wp-content\/uploads\/2017\/11\/IMG_7310-1024x683.jpg 1024w, https:\/\/antoinelemaire-archi-photo.fr\/wp-content\/uploads\/2017\/11\/IMG_7310-750x500.jpg 750w\" sizes=\"auto, (max-width: 4272px) 100vw, 4272px\" \/><\/a>\n\t\t\t<\/dt>\n\t\t\t\t<dd class='wp-caption-text gallery-caption' id='gallery-1-298'>\n\t\t\t\tLe canal de Venise et ses bateaux\n\t\t\t\t<\/dd><\/dl><br style=\"clear: both\" \/><dl class='gallery-item'>\n\t\t\t<dt class='gallery-icon portrait'>\n\t\t\t\t<a href='https:\/\/antoinelemaire-archi-photo.fr\/index.php\/2017\/11\/09\/venise-et-ses-canaux-antoine-lemaire\/img_7251\/'><img loading=\"lazy\" decoding=\"async\" width=\"2794\" height=\"4190\" src=\"https:\/\/antoinelemaire-archi-photo.fr\/wp-content\/uploads\/2017\/11\/IMG_7251.jpg\" class=\"attachment-full size-full\" alt=\"canaux et ses lumi\u00e8res\" aria-describedby=\"gallery-1-296\" srcset=\"https:\/\/antoinelemaire-archi-photo.fr\/wp-content\/uploads\/2017\/11\/IMG_7251.jpg 2794w, https:\/\/antoinelemaire-archi-photo.fr\/wp-content\/uploads\/2017\/11\/IMG_7251-200x300.jpg 200w, https:\/\/antoinelemaire-archi-photo.fr\/wp-content\/uploads\/2017\/11\/IMG_7251-768x1152.jpg 768w, https:\/\/antoinelemaire-archi-photo.fr\/wp-content\/uploads\/2017\/11\/IMG_7251-683x1024.jpg 683w\" sizes=\"auto, (max-width: 2794px) 100vw, 2794px\" \/><\/a>\n\t\t\t<\/dt>\n\t\t\t\t<dd class='wp-caption-text gallery-caption' id='gallery-1-296'>\n\t\t\t\tcanaux et ses lumi\u00e8res \n\t\t\t\t<\/dd><\/dl><br style=\"clear: both\" \/><dl class='gallery-item'>\n\t\t\t<dt class='gallery-icon portrait'>\n\t\t\t\t<a href='https:\/\/antoinelemaire-archi-photo.fr\/index.php\/2017\/11\/09\/venise-et-ses-canaux-antoine-lemaire\/img_2146\/'><img loading=\"lazy\" decoding=\"async\" width=\"1536\" height=\"2304\" src=\"https:\/\/antoinelemaire-archi-photo.fr\/wp-content\/uploads\/2017\/11\/IMG_2146.jpg\" class=\"attachment-full size-full\" alt=\"Un canaux et ses maisons color\u00e9es\" aria-describedby=\"gallery-1-294\" srcset=\"https:\/\/antoinelemaire-archi-photo.fr\/wp-content\/uploads\/2017\/11\/IMG_2146.jpg 1536w, https:\/\/antoinelemaire-archi-photo.fr\/wp-content\/uploads\/2017\/11\/IMG_2146-200x300.jpg 200w, https:\/\/antoinelemaire-archi-photo.fr\/wp-content\/uploads\/2017\/11\/IMG_2146-768x1152.jpg 768w, https:\/\/antoinelemaire-archi-photo.fr\/wp-content\/uploads\/2017\/11\/IMG_2146-683x1024.jpg 683w\" sizes=\"auto, (max-width: 1536px) 100vw, 1536px\" \/><\/a>\n\t\t\t<\/dt>\n\t\t\t\t<dd class='wp-caption-text gallery-caption' id='gallery-1-294'>\n\t\t\t\tUn canaux et ses maisons color\u00e9es\n\t\t\t\t<\/dd><\/dl><br style=\"clear: both\" \/><dl class='gallery-item'>\n\t\t\t<dt class='gallery-icon landscape'>\n\t\t\t\t<a href='https:\/\/antoinelemaire-archi-photo.fr\/index.php\/2017\/11\/09\/venise-et-ses-canaux-antoine-lemaire\/img_7265\/'><img loading=\"lazy\" decoding=\"async\" width=\"4272\" height=\"2848\" src=\"https:\/\/antoinelemaire-archi-photo.fr\/wp-content\/uploads\/2017\/11\/IMG_7265.jpg\" class=\"attachment-full size-full\" alt=\"amarrage\" aria-describedby=\"gallery-1-297\" srcset=\"https:\/\/antoinelemaire-archi-photo.fr\/wp-content\/uploads\/2017\/11\/IMG_7265.jpg 4272w, https:\/\/antoinelemaire-archi-photo.fr\/wp-content\/uploads\/2017\/11\/IMG_7265-300x200.jpg 300w, https:\/\/antoinelemaire-archi-photo.fr\/wp-content\/uploads\/2017\/11\/IMG_7265-768x512.jpg 768w, https:\/\/antoinelemaire-archi-photo.fr\/wp-content\/uploads\/2017\/11\/IMG_7265-1024x683.jpg 1024w, https:\/\/antoinelemaire-archi-photo.fr\/wp-content\/uploads\/2017\/11\/IMG_7265-750x500.jpg 750w\" sizes=\"auto, (max-width: 4272px) 100vw, 4272px\" \/><\/a>\n\t\t\t<\/dt>\n\t\t\t\t<dd class='wp-caption-text gallery-caption' id='gallery-1-297'>\n\t\t\t\tamarrage \n\t\t\t\t<\/dd><\/dl><br style=\"clear: both\" \/><dl class='gallery-item'>\n\t\t\t<dt class='gallery-icon landscape'>\n\t\t\t\t<a href='https:\/\/antoinelemaire-archi-photo.fr\/index.php\/2017\/11\/09\/venise-et-ses-canaux-antoine-lemaire\/venise\/'><img loading=\"lazy\" decoding=\"async\" width=\"4272\" height=\"2848\" src=\"https:\/\/antoinelemaire-archi-photo.fr\/wp-content\/uploads\/2017\/11\/venise.jpg\" class=\"attachment-full size-full\" alt=\"fa\u00e7ade lumi\u00e8re et ombre\" aria-describedby=\"gallery-1-300\" srcset=\"https:\/\/antoinelemaire-archi-photo.fr\/wp-content\/uploads\/2017\/11\/venise.jpg 4272w, https:\/\/antoinelemaire-archi-photo.fr\/wp-content\/uploads\/2017\/11\/venise-300x200.jpg 300w, https:\/\/antoinelemaire-archi-photo.fr\/wp-content\/uploads\/2017\/11\/venise-768x512.jpg 768w, https:\/\/antoinelemaire-archi-photo.fr\/wp-content\/uploads\/2017\/11\/venise-1024x683.jpg 1024w, https:\/\/antoinelemaire-archi-photo.fr\/wp-content\/uploads\/2017\/11\/venise-750x500.jpg 750w\" sizes=\"auto, (max-width: 4272px) 100vw, 4272px\" \/><\/a>\n\t\t\t<\/dt>\n\t\t\t\t<dd class='wp-caption-text gallery-caption' id='gallery-1-300'>\n\t\t\t\tfa\u00e7ade lumi\u00e8re et ombre\n\t\t\t\t<\/dd><\/dl><br style=\"clear: both\" \/><dl class='gallery-item'>\n\t\t\t<dt class='gallery-icon landscape'>\n\t\t\t\t<a href='https:\/\/antoinelemaire-archi-photo.fr\/index.php\/2017\/11\/09\/venise-et-ses-canaux-antoine-lemaire\/img_7503\/'><img loading=\"lazy\" decoding=\"async\" width=\"4272\" height=\"2848\" src=\"https:\/\/antoinelemaire-archi-photo.fr\/wp-content\/uploads\/2017\/11\/IMG_7503.jpg\" class=\"attachment-full size-full\" alt=\"Venise de nuit\" aria-describedby=\"gallery-1-299\" srcset=\"https:\/\/antoinelemaire-archi-photo.fr\/wp-content\/uploads\/2017\/11\/IMG_7503.jpg 4272w, https:\/\/antoinelemaire-archi-photo.fr\/wp-content\/uploads\/2017\/11\/IMG_7503-300x200.jpg 300w, https:\/\/antoinelemaire-archi-photo.fr\/wp-content\/uploads\/2017\/11\/IMG_7503-768x512.jpg 768w, https:\/\/antoinelemaire-archi-photo.fr\/wp-content\/uploads\/2017\/11\/IMG_7503-1024x683.jpg 1024w, https:\/\/antoinelemaire-archi-photo.fr\/wp-content\/uploads\/2017\/11\/IMG_7503-750x500.jpg 750w\" sizes=\"auto, (max-width: 4272px) 100vw, 4272px\" \/><\/a>\n\t\t\t<\/dt>\n\t\t\t\t<dd class='wp-caption-text gallery-caption' id='gallery-1-299'>\n\t\t\t\tVenise de nuit\n\t\t\t\t<\/dd><\/dl><br style=\"clear: both\" \/><dl class='gallery-item'>\n\t\t\t<dt class='gallery-icon landscape'>\n\t\t\t\t<a href='https:\/\/antoinelemaire-archi-photo.fr\/index.php\/2017\/11\/09\/venise-et-ses-canaux-antoine-lemaire\/img_7042\/'><img loading=\"lazy\" decoding=\"async\" width=\"4272\" height=\"2848\" src=\"https:\/\/antoinelemaire-archi-photo.fr\/wp-content\/uploads\/2017\/11\/IMG_7042.jpg\" class=\"attachment-full size-full\" alt=\"Le pont du Rialto\" aria-describedby=\"gallery-1-295\" srcset=\"https:\/\/antoinelemaire-archi-photo.fr\/wp-content\/uploads\/2017\/11\/IMG_7042.jpg 4272w, https:\/\/antoinelemaire-archi-photo.fr\/wp-content\/uploads\/2017\/11\/IMG_7042-300x200.jpg 300w, https:\/\/antoinelemaire-archi-photo.fr\/wp-content\/uploads\/2017\/11\/IMG_7042-768x512.jpg 768w, https:\/\/antoinelemaire-archi-photo.fr\/wp-content\/uploads\/2017\/11\/IMG_7042-1024x683.jpg 1024w, https:\/\/antoinelemaire-archi-photo.fr\/wp-content\/uploads\/2017\/11\/IMG_7042-750x500.jpg 750w\" sizes=\"auto, (max-width: 4272px) 100vw, 4272px\" \/><\/a>\n\t\t\t<\/dt>\n\t\t\t\t<dd class='wp-caption-text gallery-caption' id='gallery-1-295'>\n\t\t\t\tLe pont du Rialto \n\t\t\t\t<\/dd><\/dl><br style=\"clear: both\" \/>\n\t\t<\/div>\n\n","protected":false},"excerpt":{"rendered":"<p>nuances d&rsquo;une ville flottante UNE BALADE DANS VENISE Ces photos ont \u00e9t\u00e9 prise lors d&rsquo;un voyage \u00e0 Venise. Mes souvenirs d&rsquo;enfance lors de ma premi\u00e8re visite de cette ville si atypique \u00e9taient devenues vague. Venise est une ville diff\u00e9rente des autres, cette sensation de vivre sur la mer est passionnante, travers\u00e9e les rues, franchir les [&hellip;]<\/p>\n","protected":false},"author":1,"featured_media":298,"comment_status":"open","ping_status":"open","sticky":false,"template":"","format":"standard","meta":{"_monsterinsights_skip_tracking":false,"_monsterinsights_sitenote_active":false,"_monsterinsights_sitenote_note":"","_monsterinsights_sitenote_category":0,"footnotes":""},"categories":[23,20],"tags":[],"class_list":["post-293","post","type-post","status-publish","format-standard","has-post-thumbnail","hentry","category-photo-vacances-2017","category-photographie"],"_links":{"self":[{"href":"https:\/\/antoinelemaire-archi-photo.fr\/index.php\/wp-json\/wp\/v2\/posts\/293","targetHints":{"allow":["GET"]}}],"collection":[{"href":"https:\/\/antoinelemaire-archi-photo.fr\/index.php\/wp-json\/wp\/v2\/posts"}],"about":[{"href":"https:\/\/antoinelemaire-archi-photo.fr\/index.php\/wp-json\/wp\/v2\/types\/post"}],"author":[{"embeddable":true,"href":"https:\/\/antoinelemaire-archi-photo.fr\/index.php\/wp-json\/wp\/v2\/users\/1"}],"replies":[{"embeddable":true,"href":"https:\/\/antoinelemaire-archi-photo.fr\/index.php\/wp-json\/wp\/v2\/comments?post=293"}],"version-history":[{"count":4,"href":"https:\/\/antoinelemaire-archi-photo.fr\/index.php\/wp-json\/wp\/v2\/posts\/293\/revisions"}],"predecessor-version":[{"id":1106,"href":"https:\/\/antoinelemaire-archi-photo.fr\/index.php\/wp-json\/wp\/v2\/posts\/293\/revisions\/1106"}],"wp:featuredmedia":[{"embeddable":true,"href":"https:\/\/antoinelemaire-archi-photo.fr\/index.php\/wp-json\/wp\/v2\/media\/298"}],"wp:attachment":[{"href":"https:\/\/antoinelemaire-archi-photo.fr\/index.php\/wp-json\/wp\/v2\/media?parent=293"}],"wp:term":[{"taxonomy":"category","embeddable":true,"href":"https:\/\/antoinelemaire-archi-photo.fr\/index.php\/wp-json\/wp\/v2\/categories?post=293"},{"taxonomy":"post_tag","embeddable":true,"href":"https:\/\/antoinelemaire-archi-photo.fr\/index.php\/wp-json\/wp\/v2\/tags?post=293"}],"curies":[{"name":"wp","href":"https:\/\/api.w.org\/{rel}","templated":true}]}}