{"id":251,"date":"2017-10-04T22:18:54","date_gmt":"2017-10-04T20:18:54","guid":{"rendered":"http:\/\/antoinelemaire-archi-photo.fr\/?p=251"},"modified":"2018-07-21T11:01:30","modified_gmt":"2018-07-21T09:01:30","slug":"architecture-fantome","status":"publish","type":"post","link":"https:\/\/antoinelemaire-archi-photo.fr\/index.php\/2017\/10\/04\/architecture-fantome\/","title":{"rendered":"Architecture Fant\u00f4me"},"content":{"rendered":"<h2>Projet D&rsquo;Art Plastique Semestre 4: Les Architectures Fant\u00f4mes<\/h2>\n<p>&nbsp;<\/p>\n<p>Lors de mon quatri\u00e8me semestre, j&rsquo;ai r\u00e9alis\u00e9 en groupe avec Alo\u00efs Lagier&#8211;Lomer, Phu An N&rsquo;Guyen et M\u00e9lanie Stasica en Art plastique un projet bas\u00e9 sur l&rsquo;oeuvre de Yoko Ono \u00ab\u00a0<em>Pieces dedicated to George Maciunas, the Phantom architect\u00a0\u00bb. <\/em>Cette oeuvre rassemble diff\u00e9rents A\u00efku bas\u00e9s sur des architectures fant\u00f4mes li\u00e9es \u00e0 diff\u00e9rents ph\u00e9nom\u00e8nes naturels. Nous avons trait\u00e9 l&rsquo;architecture fant\u00f4me suivante:<\/p>\n<div class=\"page\" title=\"Page 2\">\n<div class=\"section\">\n<div class=\"layoutArea\">\n<div class=\"column\">\n<p><em>Architecture Fant\u00f4me #08 :\u00a0<\/em><em>Construire une maison dont les murs n\u2019auront d\u2019existence qu\u2019avec le sp\u00e9cifique effet de prisme cr\u00e9\u00e9 par le coucher du soleil.<\/em><br \/>\n<em> Si n\u00e9cessaire certains murs (ou parties de mur) peuvent \u00eatre d\u2019un mat\u00e9riau autre que la lumi\u00e8re.<\/em><\/p>\n<p>Apr\u00e8s la lecture de cette architecture fant\u00f4me, nous avons commenc\u00e9 a effectuer des recherches sur les ph\u00e9nom\u00e8nes naturels de la lumi\u00e8re, comment est-elle constitu\u00e9e, qu&rsquo;est qui fait sa sp\u00e9cificit\u00e9, comment la maitriser etc&#8230; \u00a0Nous avons \u00e9t\u00e9 conseill\u00e9 par l&rsquo;Artiste marseillais \u00c9tienne Rey qui nous a aid\u00e9 dans nos recherches sur les ph\u00e9nom\u00e8nes de la lumi\u00e8re en rapport avec son travail.<\/p>\n<p>Au d\u00e9but nous sommes partis sur l&rsquo;id\u00e9e de rendre visible \u00e0 tous, des ph\u00e9nom\u00e8nes invisibles du soleil. Pour cela nous avons men\u00e9 un travail de recherche en maquette mise face au coucher de soleil pour en voir les effets sur celles-ci.<\/p>\n<p>Suite \u00e0 cela nous avons recentr\u00e9 notre travail sur un moment sp\u00e9cifique du coucher de soleil, le dernier moment o\u00f9 le soleil touche l&rsquo;horizon. \u00a0Ce moment est le dernier instant o\u00f9 le soleil est au dessus de l&rsquo;horizon avant qu&rsquo;il n&rsquo;aille s&rsquo;\u00e9teindre derri\u00e8re l&rsquo;horizon.<\/p>\n<p>Cela implique un travail sur une temporalit\u00e9 limit\u00e9e qui serait r\u00e9v\u00e9l\u00e9e \u00e0 un moment de l&rsquo;ann\u00e9e, quand le soleil se coucherait \u00e0 un endroit pr\u00e9cis.<\/p>\n<p>Pour cela nous avons choisis d&rsquo;implanter notre installation sur le site des Goudes \u00e0 Marseille. Nous nous sommes install\u00e9s au milieu des bunker en ruine et en avons repris la forme et les codes de ceux-ci pour notre installation.\u00a0Orient\u00e9e face \u00e0 l&rsquo;horizon notre installation en b\u00e9ton est recouverte de miroir pour la fondre dans le paysage et qu&rsquo;elle se r\u00e9v\u00e8le au moment o\u00f9 le coucher de soleil se refl\u00e8teraient dedans.<\/p>\n<p>Nous p\u00e9n\u00e9trons dans l&rsquo;installation par un escalier qui nous m\u00e8nent dans un espace ombrag\u00e9 o\u00f9 la seule vision possible sur l&rsquo;horizon se fait \u00e0 travers une fente qui cadre l&rsquo;horizon lointain.<\/p>\n<\/div>\n\n\t\t<style type=\"text\/css\">\n\t\t\t#gallery-1 {\n\t\t\t\tmargin: auto;\n\t\t\t}\n\t\t\t#gallery-1 .gallery-item {\n\t\t\t\tfloat: left;\n\t\t\t\tmargin-top: 10px;\n\t\t\t\ttext-align: center;\n\t\t\t\twidth: 100%;\n\t\t\t}\n\t\t\t#gallery-1 img {\n\t\t\t\tborder: 2px solid #cfcfcf;\n\t\t\t}\n\t\t\t#gallery-1 .gallery-caption {\n\t\t\t\tmargin-left: 0;\n\t\t\t}\n\t\t\t\/* see gallery_shortcode() in wp-includes\/media.php *\/\n\t\t<\/style>\n\t\t<div id='gallery-1' class='gallery galleryid-251 gallery-columns-1 gallery-size-full'><dl class='gallery-item'>\n\t\t\t<dt class='gallery-icon landscape'>\n\t\t\t\t<a href='https:\/\/antoinelemaire-archi-photo.fr\/index.php\/2017\/10\/04\/architecture-fantome\/plan-masse\/'><img loading=\"lazy\" decoding=\"async\" width=\"3508\" height=\"2664\" src=\"https:\/\/antoinelemaire-archi-photo.fr\/wp-content\/uploads\/2017\/10\/plan-masse.jpg\" class=\"attachment-full size-full\" alt=\"Plan masse projet art plastique s4\" aria-describedby=\"gallery-1-262\" srcset=\"https:\/\/antoinelemaire-archi-photo.fr\/wp-content\/uploads\/2017\/10\/plan-masse.jpg 3508w, https:\/\/antoinelemaire-archi-photo.fr\/wp-content\/uploads\/2017\/10\/plan-masse-300x228.jpg 300w, https:\/\/antoinelemaire-archi-photo.fr\/wp-content\/uploads\/2017\/10\/plan-masse-768x583.jpg 768w, https:\/\/antoinelemaire-archi-photo.fr\/wp-content\/uploads\/2017\/10\/plan-masse-1024x778.jpg 1024w\" sizes=\"auto, (max-width: 3508px) 100vw, 3508px\" \/><\/a>\n\t\t\t<\/dt>\n\t\t\t\t<dd class='wp-caption-text gallery-caption' id='gallery-1-262'>\n\t\t\t\tPlan masse \n\t\t\t\t<\/dd><\/dl><br style=\"clear: both\" \/><dl class='gallery-item'>\n\t\t\t<dt class='gallery-icon landscape'>\n\t\t\t\t<a href='https:\/\/antoinelemaire-archi-photo.fr\/index.php\/2017\/10\/04\/architecture-fantome\/plan\/'><img loading=\"lazy\" decoding=\"async\" width=\"3508\" height=\"2472\" src=\"https:\/\/antoinelemaire-archi-photo.fr\/wp-content\/uploads\/2017\/10\/Plan.jpg\" class=\"attachment-full size-full\" alt=\"Plan art plastique s4\" aria-describedby=\"gallery-1-263\" srcset=\"https:\/\/antoinelemaire-archi-photo.fr\/wp-content\/uploads\/2017\/10\/Plan.jpg 3508w, https:\/\/antoinelemaire-archi-photo.fr\/wp-content\/uploads\/2017\/10\/Plan-300x211.jpg 300w, https:\/\/antoinelemaire-archi-photo.fr\/wp-content\/uploads\/2017\/10\/Plan-768x541.jpg 768w, https:\/\/antoinelemaire-archi-photo.fr\/wp-content\/uploads\/2017\/10\/Plan-1024x722.jpg 1024w\" sizes=\"auto, (max-width: 3508px) 100vw, 3508px\" \/><\/a>\n\t\t\t<\/dt>\n\t\t\t\t<dd class='wp-caption-text gallery-caption' id='gallery-1-263'>\n\t\t\t\tPlan \n\t\t\t\t<\/dd><\/dl><br style=\"clear: both\" \/><dl class='gallery-item'>\n\t\t\t<dt class='gallery-icon landscape'>\n\t\t\t\t<a href='https:\/\/antoinelemaire-archi-photo.fr\/index.php\/2017\/10\/04\/architecture-fantome\/coupe\/'><img loading=\"lazy\" decoding=\"async\" width=\"3508\" height=\"2472\" src=\"https:\/\/antoinelemaire-archi-photo.fr\/wp-content\/uploads\/2017\/10\/coupe.jpg\" class=\"attachment-full size-full\" alt=\"Coupe art plastique photoshop\" aria-describedby=\"gallery-1-254\" srcset=\"https:\/\/antoinelemaire-archi-photo.fr\/wp-content\/uploads\/2017\/10\/coupe.jpg 3508w, https:\/\/antoinelemaire-archi-photo.fr\/wp-content\/uploads\/2017\/10\/coupe-300x211.jpg 300w, https:\/\/antoinelemaire-archi-photo.fr\/wp-content\/uploads\/2017\/10\/coupe-768x541.jpg 768w, https:\/\/antoinelemaire-archi-photo.fr\/wp-content\/uploads\/2017\/10\/coupe-1024x722.jpg 1024w\" sizes=\"auto, (max-width: 3508px) 100vw, 3508px\" \/><\/a>\n\t\t\t<\/dt>\n\t\t\t\t<dd class='wp-caption-text gallery-caption' id='gallery-1-254'>\n\t\t\t\tCoupe (Photoshop par M\u00e9lanie Stacica)\n\t\t\t\t<\/dd><\/dl><br style=\"clear: both\" \/><dl class='gallery-item'>\n\t\t\t<dt class='gallery-icon landscape'>\n\t\t\t\t<a href='https:\/\/antoinelemaire-archi-photo.fr\/index.php\/2017\/10\/04\/architecture-fantome\/facade-3\/'><img loading=\"lazy\" decoding=\"async\" width=\"4368\" height=\"2724\" src=\"https:\/\/antoinelemaire-archi-photo.fr\/wp-content\/uploads\/2017\/10\/facade-3.jpg\" class=\"attachment-full size-full\" alt=\"Fa\u00e7ade art plastique bumker miroir\" aria-describedby=\"gallery-1-255\" srcset=\"https:\/\/antoinelemaire-archi-photo.fr\/wp-content\/uploads\/2017\/10\/facade-3.jpg 4368w, https:\/\/antoinelemaire-archi-photo.fr\/wp-content\/uploads\/2017\/10\/facade-3-300x187.jpg 300w, https:\/\/antoinelemaire-archi-photo.fr\/wp-content\/uploads\/2017\/10\/facade-3-768x479.jpg 768w, https:\/\/antoinelemaire-archi-photo.fr\/wp-content\/uploads\/2017\/10\/facade-3-1024x639.jpg 1024w\" sizes=\"auto, (max-width: 4368px) 100vw, 4368px\" \/><\/a>\n\t\t\t<\/dt>\n\t\t\t\t<dd class='wp-caption-text gallery-caption' id='gallery-1-255'>\n\t\t\t\tFa\u00e7ade  (Photoshop par M\u00e9lanie Stacica)\n\t\t\t\t<\/dd><\/dl><br style=\"clear: both\" \/><dl class='gallery-item'>\n\t\t\t<dt class='gallery-icon landscape'>\n\t\t\t\t<a href='https:\/\/antoinelemaire-archi-photo.fr\/index.php\/2017\/10\/04\/architecture-fantome\/facade1\/'><img loading=\"lazy\" decoding=\"async\" width=\"6716\" height=\"4094\" src=\"https:\/\/antoinelemaire-archi-photo.fr\/wp-content\/uploads\/2017\/10\/fa\u00e7ade1.jpg\" class=\"attachment-full size-full\" alt=\"Fa\u00e7ade art plastique bumker miroir\" aria-describedby=\"gallery-1-256\" srcset=\"https:\/\/antoinelemaire-archi-photo.fr\/wp-content\/uploads\/2017\/10\/fa\u00e7ade1.jpg 6716w, https:\/\/antoinelemaire-archi-photo.fr\/wp-content\/uploads\/2017\/10\/fa\u00e7ade1-300x183.jpg 300w, https:\/\/antoinelemaire-archi-photo.fr\/wp-content\/uploads\/2017\/10\/fa\u00e7ade1-768x468.jpg 768w, https:\/\/antoinelemaire-archi-photo.fr\/wp-content\/uploads\/2017\/10\/fa\u00e7ade1-1024x624.jpg 1024w\" sizes=\"auto, (max-width: 6716px) 100vw, 6716px\" \/><\/a>\n\t\t\t<\/dt>\n\t\t\t\t<dd class='wp-caption-text gallery-caption' id='gallery-1-256'>\n\t\t\t\tFa\u00e7ade (Photoshop par M\u00e9lanie Stacica)\n\t\t\t\t<\/dd><\/dl><br style=\"clear: both\" \/><dl class='gallery-item'>\n\t\t\t<dt class='gallery-icon landscape'>\n\t\t\t\t<a href='https:\/\/antoinelemaire-archi-photo.fr\/index.php\/2017\/10\/04\/architecture-fantome\/facade2\/'><img loading=\"lazy\" decoding=\"async\" width=\"3496\" height=\"2475\" src=\"https:\/\/antoinelemaire-archi-photo.fr\/wp-content\/uploads\/2017\/10\/facade2.jpg\" class=\"attachment-full size-full\" alt=\"\" aria-describedby=\"gallery-1-257\" srcset=\"https:\/\/antoinelemaire-archi-photo.fr\/wp-content\/uploads\/2017\/10\/facade2.jpg 3496w, https:\/\/antoinelemaire-archi-photo.fr\/wp-content\/uploads\/2017\/10\/facade2-300x212.jpg 300w, https:\/\/antoinelemaire-archi-photo.fr\/wp-content\/uploads\/2017\/10\/facade2-768x544.jpg 768w, https:\/\/antoinelemaire-archi-photo.fr\/wp-content\/uploads\/2017\/10\/facade2-1024x725.jpg 1024w\" sizes=\"auto, (max-width: 3496px) 100vw, 3496px\" \/><\/a>\n\t\t\t<\/dt>\n\t\t\t\t<dd class='wp-caption-text gallery-caption' id='gallery-1-257'>\n\t\t\t\tFa\u00e7ade (Photoshop par M\u00e9lanie Stacica)\n\t\t\t\t<\/dd><\/dl><br style=\"clear: both\" \/><dl class='gallery-item'>\n\t\t\t<dt class='gallery-icon landscape'>\n\t\t\t\t<a href='https:\/\/antoinelemaire-archi-photo.fr\/index.php\/2017\/10\/04\/architecture-fantome\/persexerieur2\/'><img loading=\"lazy\" decoding=\"async\" width=\"6716\" height=\"4573\" src=\"https:\/\/antoinelemaire-archi-photo.fr\/wp-content\/uploads\/2017\/10\/Persex\u00e9rieur2.jpg\" class=\"attachment-full size-full\" alt=\"Perspective vue de l&#039;ext\u00e9rieure vers le frioul avec photoshop\" aria-describedby=\"gallery-1-260\" srcset=\"https:\/\/antoinelemaire-archi-photo.fr\/wp-content\/uploads\/2017\/10\/Persex\u00e9rieur2.jpg 6716w, https:\/\/antoinelemaire-archi-photo.fr\/wp-content\/uploads\/2017\/10\/Persex\u00e9rieur2-300x204.jpg 300w, https:\/\/antoinelemaire-archi-photo.fr\/wp-content\/uploads\/2017\/10\/Persex\u00e9rieur2-768x523.jpg 768w, https:\/\/antoinelemaire-archi-photo.fr\/wp-content\/uploads\/2017\/10\/Persex\u00e9rieur2-1024x697.jpg 1024w\" sizes=\"auto, (max-width: 6716px) 100vw, 6716px\" \/><\/a>\n\t\t\t<\/dt>\n\t\t\t\t<dd class='wp-caption-text gallery-caption' id='gallery-1-260'>\n\t\t\t\tPerspective vue de l&rsquo;ext\u00e9rieure (Photoshop par M\u00e9lanie Stacica)\n\t\t\t\t<\/dd><\/dl><br style=\"clear: both\" \/><dl class='gallery-item'>\n\t\t\t<dt class='gallery-icon landscape'>\n\t\t\t\t<a href='https:\/\/antoinelemaire-archi-photo.fr\/index.php\/2017\/10\/04\/architecture-fantome\/persexterieur1\/'><img loading=\"lazy\" decoding=\"async\" width=\"6716\" height=\"4549\" src=\"https:\/\/antoinelemaire-archi-photo.fr\/wp-content\/uploads\/2017\/10\/persext\u00e9rieur1.jpg\" class=\"attachment-full size-full\" alt=\"Perspective vue de l&#039;ext\u00e9rieure vers le frioul avec photoshop\" aria-describedby=\"gallery-1-261\" srcset=\"https:\/\/antoinelemaire-archi-photo.fr\/wp-content\/uploads\/2017\/10\/persext\u00e9rieur1.jpg 6716w, https:\/\/antoinelemaire-archi-photo.fr\/wp-content\/uploads\/2017\/10\/persext\u00e9rieur1-300x203.jpg 300w, https:\/\/antoinelemaire-archi-photo.fr\/wp-content\/uploads\/2017\/10\/persext\u00e9rieur1-768x520.jpg 768w, https:\/\/antoinelemaire-archi-photo.fr\/wp-content\/uploads\/2017\/10\/persext\u00e9rieur1-1024x694.jpg 1024w\" sizes=\"auto, (max-width: 6716px) 100vw, 6716px\" \/><\/a>\n\t\t\t<\/dt>\n\t\t\t\t<dd class='wp-caption-text gallery-caption' id='gallery-1-261'>\n\t\t\t\tPerspective vue de l&rsquo;ext\u00e9rieure (Photoshop par M\u00e9lanie Stacica)\n\t\t\t\t<\/dd><\/dl><br style=\"clear: both\" \/><dl class='gallery-item'>\n\t\t\t<dt class='gallery-icon landscape'>\n\t\t\t\t<a href='https:\/\/antoinelemaire-archi-photo.fr\/index.php\/2017\/10\/04\/architecture-fantome\/pers-interieur\/'><img loading=\"lazy\" decoding=\"async\" width=\"6603\" height=\"3797\" src=\"https:\/\/antoinelemaire-archi-photo.fr\/wp-content\/uploads\/2017\/10\/pers-int\u00e9rieur.jpg\" class=\"attachment-full size-full\" alt=\"Perspective vue de l&#039;ext\u00e9rieure vers le frioul avec photoshop\" aria-describedby=\"gallery-1-259\" srcset=\"https:\/\/antoinelemaire-archi-photo.fr\/wp-content\/uploads\/2017\/10\/pers-int\u00e9rieur.jpg 6603w, https:\/\/antoinelemaire-archi-photo.fr\/wp-content\/uploads\/2017\/10\/pers-int\u00e9rieur-300x173.jpg 300w, https:\/\/antoinelemaire-archi-photo.fr\/wp-content\/uploads\/2017\/10\/pers-int\u00e9rieur-768x442.jpg 768w, https:\/\/antoinelemaire-archi-photo.fr\/wp-content\/uploads\/2017\/10\/pers-int\u00e9rieur-1024x589.jpg 1024w\" sizes=\"auto, (max-width: 6603px) 100vw, 6603px\" \/><\/a>\n\t\t\t<\/dt>\n\t\t\t\t<dd class='wp-caption-text gallery-caption' id='gallery-1-259'>\n\t\t\t\tPerspective vue de l&rsquo;int\u00e9rieure\n\t\t\t\t<\/dd><\/dl><br style=\"clear: both\" \/><dl class='gallery-item'>\n\t\t\t<dt class='gallery-icon landscape'>\n\t\t\t\t<a href='https:\/\/antoinelemaire-archi-photo.fr\/index.php\/2017\/10\/04\/architecture-fantome\/pers-interieur-2\/'><img loading=\"lazy\" decoding=\"async\" width=\"6723\" height=\"3389\" src=\"https:\/\/antoinelemaire-archi-photo.fr\/wp-content\/uploads\/2017\/10\/pers-int\u00e9rieur-2.jpg\" class=\"attachment-full size-full\" alt=\"Perspective vue de l&#039;ext\u00e9rieure vers le frioul avec photoshop\" aria-describedby=\"gallery-1-258\" srcset=\"https:\/\/antoinelemaire-archi-photo.fr\/wp-content\/uploads\/2017\/10\/pers-int\u00e9rieur-2.jpg 6723w, https:\/\/antoinelemaire-archi-photo.fr\/wp-content\/uploads\/2017\/10\/pers-int\u00e9rieur-2-300x151.jpg 300w, https:\/\/antoinelemaire-archi-photo.fr\/wp-content\/uploads\/2017\/10\/pers-int\u00e9rieur-2-768x387.jpg 768w, https:\/\/antoinelemaire-archi-photo.fr\/wp-content\/uploads\/2017\/10\/pers-int\u00e9rieur-2-1024x516.jpg 1024w\" sizes=\"auto, (max-width: 6723px) 100vw, 6723px\" \/><\/a>\n\t\t\t<\/dt>\n\t\t\t\t<dd class='wp-caption-text gallery-caption' id='gallery-1-258'>\n\t\t\t\tPerspective vue de l&rsquo;int\u00e9rieure\n\t\t\t\t<\/dd><\/dl><br style=\"clear: both\" \/>\n\t\t<\/div>\n\n<div class=\"column\"><\/div>\n<\/div>\n<\/div>\n<\/div>\n","protected":false},"excerpt":{"rendered":"<p>Projet D&rsquo;Art Plastique Semestre 4: Les Architectures Fant\u00f4mes &nbsp; Lors de mon quatri\u00e8me semestre, j&rsquo;ai r\u00e9alis\u00e9 en groupe avec Alo\u00efs Lagier&#8211;Lomer, Phu An N&rsquo;Guyen et M\u00e9lanie Stasica en Art plastique un projet bas\u00e9 sur l&rsquo;oeuvre de Yoko Ono \u00ab\u00a0Pieces dedicated to George Maciunas, the Phantom architect\u00a0\u00bb. Cette oeuvre rassemble diff\u00e9rents A\u00efku bas\u00e9s sur des architectures [&hellip;]<\/p>\n","protected":false},"author":1,"featured_media":261,"comment_status":"open","ping_status":"open","sticky":false,"template":"","format":"standard","meta":{"_monsterinsights_skip_tracking":false,"_monsterinsights_sitenote_active":false,"_monsterinsights_sitenote_note":"","_monsterinsights_sitenote_category":0,"footnotes":""},"categories":[19],"tags":[],"class_list":["post-251","post","type-post","status-publish","format-standard","has-post-thumbnail","hentry","category-art"],"_links":{"self":[{"href":"https:\/\/antoinelemaire-archi-photo.fr\/index.php\/wp-json\/wp\/v2\/posts\/251","targetHints":{"allow":["GET"]}}],"collection":[{"href":"https:\/\/antoinelemaire-archi-photo.fr\/index.php\/wp-json\/wp\/v2\/posts"}],"about":[{"href":"https:\/\/antoinelemaire-archi-photo.fr\/index.php\/wp-json\/wp\/v2\/types\/post"}],"author":[{"embeddable":true,"href":"https:\/\/antoinelemaire-archi-photo.fr\/index.php\/wp-json\/wp\/v2\/users\/1"}],"replies":[{"embeddable":true,"href":"https:\/\/antoinelemaire-archi-photo.fr\/index.php\/wp-json\/wp\/v2\/comments?post=251"}],"version-history":[{"count":4,"href":"https:\/\/antoinelemaire-archi-photo.fr\/index.php\/wp-json\/wp\/v2\/posts\/251\/revisions"}],"predecessor-version":[{"id":266,"href":"https:\/\/antoinelemaire-archi-photo.fr\/index.php\/wp-json\/wp\/v2\/posts\/251\/revisions\/266"}],"wp:featuredmedia":[{"embeddable":true,"href":"https:\/\/antoinelemaire-archi-photo.fr\/index.php\/wp-json\/wp\/v2\/media\/261"}],"wp:attachment":[{"href":"https:\/\/antoinelemaire-archi-photo.fr\/index.php\/wp-json\/wp\/v2\/media?parent=251"}],"wp:term":[{"taxonomy":"category","embeddable":true,"href":"https:\/\/antoinelemaire-archi-photo.fr\/index.php\/wp-json\/wp\/v2\/categories?post=251"},{"taxonomy":"post_tag","embeddable":true,"href":"https:\/\/antoinelemaire-archi-photo.fr\/index.php\/wp-json\/wp\/v2\/tags?post=251"}],"curies":[{"name":"wp","href":"https:\/\/api.w.org\/{rel}","templated":true}]}}