{"id":233,"date":"2017-09-27T13:49:03","date_gmt":"2017-09-27T11:49:03","guid":{"rendered":"http:\/\/antoinelemaire-archi-photo.fr\/?p=233"},"modified":"2017-09-27T14:07:16","modified_gmt":"2017-09-27T12:07:16","slug":"autonomie-antoine-lemaire","status":"publish","type":"post","link":"https:\/\/antoinelemaire-archi-photo.fr\/index.php\/2017\/09\/27\/autonomie-antoine-lemaire\/","title":{"rendered":"Autonomie"},"content":{"rendered":"<p>Lors de mon deuxi\u00e8me semestre en licence \u00e0 Marseille, j&rsquo;ai r\u00e9alis\u00e9 un projet en groupe avec Alo\u00efs Lagier&#8211;Lomer et Marie Vigne. L&rsquo;objet final de projet est un livre d&rsquo;artiste d&rsquo;une dizaine de page.<\/p>\n<p>&nbsp;<\/p>\n<p>Lors de ce projet nous avons travaill\u00e9 sur le terme <strong>autonomie<\/strong>.<\/p>\n<p>Ce projet se d\u00e9roulait en deux temps. Dans un premier temps nous avons travaill\u00e9 sur les carri\u00e8res des Beaux-De-Provence. Nous avons r\u00e9alis\u00e9 un relev\u00e9 m\u00e9tr\u00e9 de la carri\u00e8re puis nous en avons fait les plans. Nous avons ensuite trouv\u00e9s des termes qui d\u00e9finissaient cette Carri\u00e8re. En est ressorti le terme principal D&rsquo;AUTONOMIE.<\/p>\n<p>Dans un second temps nous avons explor\u00e9 les notions qui \u00e9taient reli\u00e9 \u00e0 l&rsquo;autonomie. Nous avons donc men\u00e9 de nombreuses recherches autour de ce th\u00e8me. Ensuite nous avons transcrit en volume nos recherches. Puis dans un dernier temps nous avons menez un travail photographique sur ces volumes puis nous trouv\u00e9 une s\u00e9rie de 10 mots pour qualifier notre travail. Nous avons choisis de nous int\u00e9resser aux diff\u00e9rentes \u00e9tapes de la vie auxquelles on fait face \u00e0 un passage vers une autonomie.<\/p>\n<p>La naissance, les premiers pas, les premiers mots, la premi\u00e8re fois \u00e0 l&rsquo;\u00e9cole, etc&#8230;<\/p>\n<p>Pour finir nous avons r\u00e9alis\u00e9 le travail ci-dessous:<\/p>\n\n\t\t<style type=\"text\/css\">\n\t\t\t#gallery-1 {\n\t\t\t\tmargin: auto;\n\t\t\t}\n\t\t\t#gallery-1 .gallery-item {\n\t\t\t\tfloat: left;\n\t\t\t\tmargin-top: 10px;\n\t\t\t\ttext-align: center;\n\t\t\t\twidth: 100%;\n\t\t\t}\n\t\t\t#gallery-1 img {\n\t\t\t\tborder: 2px solid #cfcfcf;\n\t\t\t}\n\t\t\t#gallery-1 .gallery-caption {\n\t\t\t\tmargin-left: 0;\n\t\t\t}\n\t\t\t\/* see gallery_shortcode() in wp-includes\/media.php *\/\n\t\t<\/style>\n\t\t<div id='gallery-1' class='gallery galleryid-233 gallery-columns-1 gallery-size-full'><dl class='gallery-item'>\n\t\t\t<dt class='gallery-icon landscape'>\n\t\t\t\t<a href='https:\/\/antoinelemaire-archi-photo.fr\/index.php\/2017\/09\/27\/autonomie-antoine-lemaire\/20160521_204343\/'><img loading=\"lazy\" decoding=\"async\" width=\"3264\" height=\"2448\" src=\"https:\/\/antoinelemaire-archi-photo.fr\/wp-content\/uploads\/2017\/09\/20160521_204343.jpg\" class=\"attachment-full size-full\" alt=\"art plastique S2 autonomie\" aria-describedby=\"gallery-1-244\" srcset=\"https:\/\/antoinelemaire-archi-photo.fr\/wp-content\/uploads\/2017\/09\/20160521_204343.jpg 3264w, https:\/\/antoinelemaire-archi-photo.fr\/wp-content\/uploads\/2017\/09\/20160521_204343-300x225.jpg 300w, https:\/\/antoinelemaire-archi-photo.fr\/wp-content\/uploads\/2017\/09\/20160521_204343-768x576.jpg 768w, https:\/\/antoinelemaire-archi-photo.fr\/wp-content\/uploads\/2017\/09\/20160521_204343-1024x768.jpg 1024w\" sizes=\"auto, (max-width: 3264px) 100vw, 3264px\" \/><\/a>\n\t\t\t<\/dt>\n\t\t\t\t<dd class='wp-caption-text gallery-caption' id='gallery-1-244'>\n\t\t\t\tNaissance\n\t\t\t\t<\/dd><\/dl><br style=\"clear: both\" \/><dl class='gallery-item'>\n\t\t\t<dt class='gallery-icon landscape'>\n\t\t\t\t<a href='https:\/\/antoinelemaire-archi-photo.fr\/index.php\/2017\/09\/27\/autonomie-antoine-lemaire\/20160521_204726\/'><img loading=\"lazy\" decoding=\"async\" width=\"3264\" height=\"2448\" src=\"https:\/\/antoinelemaire-archi-photo.fr\/wp-content\/uploads\/2017\/09\/20160521_204726.jpg\" class=\"attachment-full size-full\" alt=\"art plastique S2 autonomie\" aria-describedby=\"gallery-1-235\" srcset=\"https:\/\/antoinelemaire-archi-photo.fr\/wp-content\/uploads\/2017\/09\/20160521_204726.jpg 3264w, https:\/\/antoinelemaire-archi-photo.fr\/wp-content\/uploads\/2017\/09\/20160521_204726-300x225.jpg 300w, https:\/\/antoinelemaire-archi-photo.fr\/wp-content\/uploads\/2017\/09\/20160521_204726-768x576.jpg 768w, https:\/\/antoinelemaire-archi-photo.fr\/wp-content\/uploads\/2017\/09\/20160521_204726-1024x768.jpg 1024w\" sizes=\"auto, (max-width: 3264px) 100vw, 3264px\" \/><\/a>\n\t\t\t<\/dt>\n\t\t\t\t<dd class='wp-caption-text gallery-caption' id='gallery-1-235'>\n\t\t\t\tLes premiers pas\n\t\t\t\t<\/dd><\/dl><br style=\"clear: both\" \/><dl class='gallery-item'>\n\t\t\t<dt class='gallery-icon landscape'>\n\t\t\t\t<a href='https:\/\/antoinelemaire-archi-photo.fr\/index.php\/2017\/09\/27\/autonomie-antoine-lemaire\/img_9722\/'><img loading=\"lazy\" decoding=\"async\" width=\"4272\" height=\"2848\" src=\"https:\/\/antoinelemaire-archi-photo.fr\/wp-content\/uploads\/2017\/09\/IMG_9722.jpg\" class=\"attachment-full size-full\" alt=\"art plastique S2 autonomie\" aria-describedby=\"gallery-1-243\" srcset=\"https:\/\/antoinelemaire-archi-photo.fr\/wp-content\/uploads\/2017\/09\/IMG_9722.jpg 4272w, https:\/\/antoinelemaire-archi-photo.fr\/wp-content\/uploads\/2017\/09\/IMG_9722-300x200.jpg 300w, https:\/\/antoinelemaire-archi-photo.fr\/wp-content\/uploads\/2017\/09\/IMG_9722-768x512.jpg 768w, https:\/\/antoinelemaire-archi-photo.fr\/wp-content\/uploads\/2017\/09\/IMG_9722-1024x683.jpg 1024w, https:\/\/antoinelemaire-archi-photo.fr\/wp-content\/uploads\/2017\/09\/IMG_9722-750x500.jpg 750w\" sizes=\"auto, (max-width: 4272px) 100vw, 4272px\" \/><\/a>\n\t\t\t<\/dt>\n\t\t\t\t<dd class='wp-caption-text gallery-caption' id='gallery-1-243'>\n\t\t\t\tLes premiers mots\n\t\t\t\t<\/dd><\/dl><br style=\"clear: both\" \/><dl class='gallery-item'>\n\t\t\t<dt class='gallery-icon portrait'>\n\t\t\t\t<a href='https:\/\/antoinelemaire-archi-photo.fr\/index.php\/2017\/09\/27\/autonomie-antoine-lemaire\/img_9713\/'><img loading=\"lazy\" decoding=\"async\" width=\"2848\" height=\"4272\" src=\"https:\/\/antoinelemaire-archi-photo.fr\/wp-content\/uploads\/2017\/09\/IMG_9713.jpg\" class=\"attachment-full size-full\" alt=\"art plastique S2 autonomie\" aria-describedby=\"gallery-1-242\" srcset=\"https:\/\/antoinelemaire-archi-photo.fr\/wp-content\/uploads\/2017\/09\/IMG_9713.jpg 2848w, https:\/\/antoinelemaire-archi-photo.fr\/wp-content\/uploads\/2017\/09\/IMG_9713-200x300.jpg 200w, https:\/\/antoinelemaire-archi-photo.fr\/wp-content\/uploads\/2017\/09\/IMG_9713-768x1152.jpg 768w, https:\/\/antoinelemaire-archi-photo.fr\/wp-content\/uploads\/2017\/09\/IMG_9713-683x1024.jpg 683w\" sizes=\"auto, (max-width: 2848px) 100vw, 2848px\" \/><\/a>\n\t\t\t<\/dt>\n\t\t\t\t<dd class='wp-caption-text gallery-caption' id='gallery-1-242'>\n\t\t\t\tScolarit\u00e9\n\t\t\t\t<\/dd><\/dl><br style=\"clear: both\" \/><dl class='gallery-item'>\n\t\t\t<dt class='gallery-icon landscape'>\n\t\t\t\t<a href='https:\/\/antoinelemaire-archi-photo.fr\/index.php\/2017\/09\/27\/autonomie-antoine-lemaire\/img_1959\/'><img loading=\"lazy\" decoding=\"async\" width=\"2448\" height=\"1893\" src=\"https:\/\/antoinelemaire-archi-photo.fr\/wp-content\/uploads\/2017\/09\/IMG_1959.jpg\" class=\"attachment-full size-full\" alt=\"art plastique S2 autonomie\" aria-describedby=\"gallery-1-239\" srcset=\"https:\/\/antoinelemaire-archi-photo.fr\/wp-content\/uploads\/2017\/09\/IMG_1959.jpg 2448w, https:\/\/antoinelemaire-archi-photo.fr\/wp-content\/uploads\/2017\/09\/IMG_1959-300x232.jpg 300w, https:\/\/antoinelemaire-archi-photo.fr\/wp-content\/uploads\/2017\/09\/IMG_1959-768x594.jpg 768w, https:\/\/antoinelemaire-archi-photo.fr\/wp-content\/uploads\/2017\/09\/IMG_1959-1024x792.jpg 1024w\" sizes=\"auto, (max-width: 2448px) 100vw, 2448px\" \/><\/a>\n\t\t\t<\/dt>\n\t\t\t\t<dd class='wp-caption-text gallery-caption' id='gallery-1-239'>\n\t\t\t\tMajorit\u00e9\n\t\t\t\t<\/dd><\/dl><br style=\"clear: both\" \/><dl class='gallery-item'>\n\t\t\t<dt class='gallery-icon landscape'>\n\t\t\t\t<a href='https:\/\/antoinelemaire-archi-photo.fr\/index.php\/2017\/09\/27\/autonomie-antoine-lemaire\/20160521_204943\/'><img loading=\"lazy\" decoding=\"async\" width=\"3264\" height=\"2448\" src=\"https:\/\/antoinelemaire-archi-photo.fr\/wp-content\/uploads\/2017\/09\/20160521_204943.jpg\" class=\"attachment-full size-full\" alt=\"art plastique S2 autonomie\" aria-describedby=\"gallery-1-236\" srcset=\"https:\/\/antoinelemaire-archi-photo.fr\/wp-content\/uploads\/2017\/09\/20160521_204943.jpg 3264w, https:\/\/antoinelemaire-archi-photo.fr\/wp-content\/uploads\/2017\/09\/20160521_204943-300x225.jpg 300w, https:\/\/antoinelemaire-archi-photo.fr\/wp-content\/uploads\/2017\/09\/20160521_204943-768x576.jpg 768w, https:\/\/antoinelemaire-archi-photo.fr\/wp-content\/uploads\/2017\/09\/20160521_204943-1024x768.jpg 1024w\" sizes=\"auto, (max-width: 3264px) 100vw, 3264px\" \/><\/a>\n\t\t\t<\/dt>\n\t\t\t\t<dd class='wp-caption-text gallery-caption' id='gallery-1-236'>\n\t\t\t\tEtudes sup\u00e9rieures\n\t\t\t\t<\/dd><\/dl><br style=\"clear: both\" \/><dl class='gallery-item'>\n\t\t\t<dt class='gallery-icon landscape'>\n\t\t\t\t<a href='https:\/\/antoinelemaire-archi-photo.fr\/index.php\/2017\/09\/27\/autonomie-antoine-lemaire\/img_2172\/'><img loading=\"lazy\" decoding=\"async\" width=\"3264\" height=\"2448\" src=\"https:\/\/antoinelemaire-archi-photo.fr\/wp-content\/uploads\/2017\/09\/IMG_2172.jpg\" class=\"attachment-full size-full\" alt=\"art plastique S2 autonomie\" aria-describedby=\"gallery-1-240\" srcset=\"https:\/\/antoinelemaire-archi-photo.fr\/wp-content\/uploads\/2017\/09\/IMG_2172.jpg 3264w, https:\/\/antoinelemaire-archi-photo.fr\/wp-content\/uploads\/2017\/09\/IMG_2172-300x225.jpg 300w, https:\/\/antoinelemaire-archi-photo.fr\/wp-content\/uploads\/2017\/09\/IMG_2172-768x576.jpg 768w, https:\/\/antoinelemaire-archi-photo.fr\/wp-content\/uploads\/2017\/09\/IMG_2172-1024x768.jpg 1024w\" sizes=\"auto, (max-width: 3264px) 100vw, 3264px\" \/><\/a>\n\t\t\t<\/dt>\n\t\t\t\t<dd class='wp-caption-text gallery-caption' id='gallery-1-240'>\n\t\t\t\tDiplom\u00e9s\n\t\t\t\t<\/dd><\/dl><br style=\"clear: both\" \/><dl class='gallery-item'>\n\t\t\t<dt class='gallery-icon landscape'>\n\t\t\t\t<a href='https:\/\/antoinelemaire-archi-photo.fr\/index.php\/2017\/09\/27\/autonomie-antoine-lemaire\/img_2178\/'><img loading=\"lazy\" decoding=\"async\" width=\"3264\" height=\"2448\" src=\"https:\/\/antoinelemaire-archi-photo.fr\/wp-content\/uploads\/2017\/09\/IMG_2178.jpg\" class=\"attachment-full size-full\" alt=\"art plastique S2 autonomie\" aria-describedby=\"gallery-1-241\" srcset=\"https:\/\/antoinelemaire-archi-photo.fr\/wp-content\/uploads\/2017\/09\/IMG_2178.jpg 3264w, https:\/\/antoinelemaire-archi-photo.fr\/wp-content\/uploads\/2017\/09\/IMG_2178-300x225.jpg 300w, https:\/\/antoinelemaire-archi-photo.fr\/wp-content\/uploads\/2017\/09\/IMG_2178-768x576.jpg 768w, https:\/\/antoinelemaire-archi-photo.fr\/wp-content\/uploads\/2017\/09\/IMG_2178-1024x768.jpg 1024w\" sizes=\"auto, (max-width: 3264px) 100vw, 3264px\" \/><\/a>\n\t\t\t<\/dt>\n\t\t\t\t<dd class='wp-caption-text gallery-caption' id='gallery-1-241'>\n\t\t\t\tQuitter le logement familial\n\t\t\t\t<\/dd><\/dl><br style=\"clear: both\" \/><dl class='gallery-item'>\n\t\t\t<dt class='gallery-icon landscape'>\n\t\t\t\t<a href='https:\/\/antoinelemaire-archi-photo.fr\/index.php\/2017\/09\/27\/autonomie-antoine-lemaire\/img_1944\/'><img loading=\"lazy\" decoding=\"async\" width=\"2184\" height=\"1875\" src=\"https:\/\/antoinelemaire-archi-photo.fr\/wp-content\/uploads\/2017\/09\/IMG_1944.jpg\" class=\"attachment-full size-full\" alt=\"art plastique S2 autonomie\" aria-describedby=\"gallery-1-238\" srcset=\"https:\/\/antoinelemaire-archi-photo.fr\/wp-content\/uploads\/2017\/09\/IMG_1944.jpg 2184w, https:\/\/antoinelemaire-archi-photo.fr\/wp-content\/uploads\/2017\/09\/IMG_1944-300x258.jpg 300w, https:\/\/antoinelemaire-archi-photo.fr\/wp-content\/uploads\/2017\/09\/IMG_1944-768x659.jpg 768w, https:\/\/antoinelemaire-archi-photo.fr\/wp-content\/uploads\/2017\/09\/IMG_1944-1024x879.jpg 1024w\" sizes=\"auto, (max-width: 2184px) 100vw, 2184px\" \/><\/a>\n\t\t\t<\/dt>\n\t\t\t\t<dd class='wp-caption-text gallery-caption' id='gallery-1-238'>\n\t\t\t\tAutonomie financi\u00e8re\n\t\t\t\t<\/dd><\/dl><br style=\"clear: both\" \/><dl class='gallery-item'>\n\t\t\t<dt class='gallery-icon landscape'>\n\t\t\t\t<a href='https:\/\/antoinelemaire-archi-photo.fr\/index.php\/2017\/09\/27\/autonomie-antoine-lemaire\/retouche\/'><img loading=\"lazy\" decoding=\"async\" width=\"4440\" height=\"3072\" src=\"https:\/\/antoinelemaire-archi-photo.fr\/wp-content\/uploads\/2017\/09\/retouch\u00e9.jpg\" class=\"attachment-full size-full\" alt=\"art plastique S2 autonomie ALOIS LAGIERLOMER\" aria-describedby=\"gallery-1-245\" srcset=\"https:\/\/antoinelemaire-archi-photo.fr\/wp-content\/uploads\/2017\/09\/retouch\u00e9.jpg 4440w, https:\/\/antoinelemaire-archi-photo.fr\/wp-content\/uploads\/2017\/09\/retouch\u00e9-300x208.jpg 300w, https:\/\/antoinelemaire-archi-photo.fr\/wp-content\/uploads\/2017\/09\/retouch\u00e9-768x531.jpg 768w, https:\/\/antoinelemaire-archi-photo.fr\/wp-content\/uploads\/2017\/09\/retouch\u00e9-1024x708.jpg 1024w\" sizes=\"auto, (max-width: 4440px) 100vw, 4440px\" \/><\/a>\n\t\t\t<\/dt>\n\t\t\t\t<dd class='wp-caption-text gallery-caption' id='gallery-1-245'>\n\t\t\t\tLa naissance de son propre enfant\n\t\t\t\t<\/dd><\/dl><br style=\"clear: both\" \/>\n\t\t<\/div>\n\n<p><a href=\"http:\/\/antoinelemaire-archi-photo.fr\/wp-content\/uploads\/2017\/09\/artplaFINAL_rendu_LAGIER-LOMER_LEMAIRE_VIGNE.pdf\">Art Plastique.<\/a><\/p>\n","protected":false},"excerpt":{"rendered":"<p>Lors de mon deuxi\u00e8me semestre en licence \u00e0 Marseille, j&rsquo;ai r\u00e9alis\u00e9 un projet en groupe avec Alo\u00efs Lagier&#8211;Lomer et Marie Vigne. L&rsquo;objet final de projet est un livre d&rsquo;artiste d&rsquo;une dizaine de page. &nbsp; Lors de ce projet nous avons travaill\u00e9 sur le terme autonomie. Ce projet se d\u00e9roulait en deux temps. Dans un premier [&hellip;]<\/p>\n","protected":false},"author":1,"featured_media":242,"comment_status":"open","ping_status":"open","sticky":false,"template":"","format":"standard","meta":{"_monsterinsights_skip_tracking":false,"_monsterinsights_sitenote_active":false,"_monsterinsights_sitenote_note":"","_monsterinsights_sitenote_category":0,"footnotes":""},"categories":[19],"tags":[],"class_list":["post-233","post","type-post","status-publish","format-standard","has-post-thumbnail","hentry","category-art"],"_links":{"self":[{"href":"https:\/\/antoinelemaire-archi-photo.fr\/index.php\/wp-json\/wp\/v2\/posts\/233","targetHints":{"allow":["GET"]}}],"collection":[{"href":"https:\/\/antoinelemaire-archi-photo.fr\/index.php\/wp-json\/wp\/v2\/posts"}],"about":[{"href":"https:\/\/antoinelemaire-archi-photo.fr\/index.php\/wp-json\/wp\/v2\/types\/post"}],"author":[{"embeddable":true,"href":"https:\/\/antoinelemaire-archi-photo.fr\/index.php\/wp-json\/wp\/v2\/users\/1"}],"replies":[{"embeddable":true,"href":"https:\/\/antoinelemaire-archi-photo.fr\/index.php\/wp-json\/wp\/v2\/comments?post=233"}],"version-history":[{"count":4,"href":"https:\/\/antoinelemaire-archi-photo.fr\/index.php\/wp-json\/wp\/v2\/posts\/233\/revisions"}],"predecessor-version":[{"id":249,"href":"https:\/\/antoinelemaire-archi-photo.fr\/index.php\/wp-json\/wp\/v2\/posts\/233\/revisions\/249"}],"wp:featuredmedia":[{"embeddable":true,"href":"https:\/\/antoinelemaire-archi-photo.fr\/index.php\/wp-json\/wp\/v2\/media\/242"}],"wp:attachment":[{"href":"https:\/\/antoinelemaire-archi-photo.fr\/index.php\/wp-json\/wp\/v2\/media?parent=233"}],"wp:term":[{"taxonomy":"category","embeddable":true,"href":"https:\/\/antoinelemaire-archi-photo.fr\/index.php\/wp-json\/wp\/v2\/categories?post=233"},{"taxonomy":"post_tag","embeddable":true,"href":"https:\/\/antoinelemaire-archi-photo.fr\/index.php\/wp-json\/wp\/v2\/tags?post=233"}],"curies":[{"name":"wp","href":"https:\/\/api.w.org\/{rel}","templated":true}]}}