{"id":190,"date":"2017-09-22T22:37:55","date_gmt":"2017-09-22T20:37:55","guid":{"rendered":"http:\/\/antoinelemaire-archi-photo.fr\/?p=190"},"modified":"2020-02-01T17:50:51","modified_gmt":"2020-02-01T16:50:51","slug":"un-equipement-aux-catalans-antoine-lemaire","status":"publish","type":"post","link":"https:\/\/antoinelemaire-archi-photo.fr\/index.php\/2017\/09\/22\/un-equipement-aux-catalans-antoine-lemaire\/","title":{"rendered":"Un am\u00e9nagement urbain et un belv\u00e9d\u00e8re aux Catalans"},"content":{"rendered":"<h2 style=\"text-align: center;\">Un \u00e9quipement public aux catalans<\/h2>\n<div id=\"attachment_220\" style=\"width: 970px\" class=\"wp-caption alignnone\"><img loading=\"lazy\" decoding=\"async\" aria-describedby=\"caption-attachment-220\" class=\"size-full wp-image-220\" src=\"http:\/\/antoinelemaire-archi-photo.fr\/wp-content\/uploads\/2017\/09\/PHOTOMONTAGE.jpg\" alt=\"\" width=\"960\" height=\"770\" srcset=\"https:\/\/antoinelemaire-archi-photo.fr\/wp-content\/uploads\/2017\/09\/PHOTOMONTAGE.jpg 960w, https:\/\/antoinelemaire-archi-photo.fr\/wp-content\/uploads\/2017\/09\/PHOTOMONTAGE-300x241.jpg 300w, https:\/\/antoinelemaire-archi-photo.fr\/wp-content\/uploads\/2017\/09\/PHOTOMONTAGE-768x616.jpg 768w\" sizes=\"auto, (max-width: 960px) 100vw, 960px\" \/><p id=\"caption-attachment-220\" class=\"wp-caption-text\">Photomontage<\/p><\/div>\n<p>Lors de mon deuxi\u00e8me semestre de License 1 \u00e0 l&rsquo;\u00e9cole d&rsquo;Architecture de Marseille, j&rsquo;ai r\u00e9alis\u00e9 un projet pour un am\u00e9nagement urbain ainsi qu&rsquo;un belv\u00e9d\u00e8re aux Catalans. Nous \u00e9tions sur le site de la plage des catalans, une plage populaire de la ville de Marseille.<\/p>\n<p>Dans de cet exercice, j&rsquo;ai r\u00e9alis\u00e9 un projet qui relie la rue jusqu&rsquo;\u00e0 la plage en contrebas \u00e0 travers un parcours s\u00e9quentiel. J&rsquo;ai pu d\u00e9velopper ce principe de parcours \u00e0 travers une s\u00e9rie de s\u00e9quences qui se r\u00e9alisent depuis le point haut jusqu&rsquo;au point bas de la plage. Ce parcours joue avec des vues sur le paysage, des passages ombrag\u00e9s plus ou moins \u00e9clair\u00e9s, et o\u00f9 la lumi\u00e8re nous guiderait vers la suite du parcours.<\/p>\n<p>De plus j&rsquo;ai utilis\u00e9 l&rsquo;ancienne tour des catalans qui \u00e9tait abandonn\u00e9e pour \u00a0la transformer en belv\u00e9d\u00e8re. On prend de la hauteur et on se trouve en haut de cette tour o\u00f9 l&rsquo;on peut appr\u00e9cier une vue sur les c\u00f4tes marseillaise, les \u00eeles du Frioul et la c\u00f4te Bleue.<\/p>\n<p>Ce projet \u00e9tait bas\u00e9 sur les id\u00e9es principale de parcours, s\u00e9quence, lumi\u00e8re, vue, non vue, et sensations.<\/p>\n<p>&nbsp;<\/p>\n<p>&nbsp;<\/p>\n\n\t\t<style type=\"text\/css\">\n\t\t\t#gallery-1 {\n\t\t\t\tmargin: auto;\n\t\t\t}\n\t\t\t#gallery-1 .gallery-item {\n\t\t\t\tfloat: left;\n\t\t\t\tmargin-top: 10px;\n\t\t\t\ttext-align: center;\n\t\t\t\twidth: 100%;\n\t\t\t}\n\t\t\t#gallery-1 img {\n\t\t\t\tborder: 2px solid #cfcfcf;\n\t\t\t}\n\t\t\t#gallery-1 .gallery-caption {\n\t\t\t\tmargin-left: 0;\n\t\t\t}\n\t\t\t\/* see gallery_shortcode() in wp-includes\/media.php *\/\n\t\t<\/style>\n\t\t<div id='gallery-1' class='gallery galleryid-190 gallery-columns-1 gallery-size-full'><dl class='gallery-item'>\n\t\t\t<dt class='gallery-icon landscape'>\n\t\t\t\t<a href='https:\/\/antoinelemaire-archi-photo.fr\/index.php\/2017\/09\/22\/un-equipement-aux-catalans-antoine-lemaire\/unknown-title-6\/'><img loading=\"lazy\" decoding=\"async\" width=\"5711\" height=\"4958\" src=\"https:\/\/antoinelemaire-archi-photo.fr\/wp-content\/uploads\/2017\/09\/plan_masse_FIANL_9_JUIN.jpg\" class=\"attachment-full size-full\" alt=\"\" aria-describedby=\"gallery-1-222\" srcset=\"https:\/\/antoinelemaire-archi-photo.fr\/wp-content\/uploads\/2017\/09\/plan_masse_FIANL_9_JUIN.jpg 5711w, https:\/\/antoinelemaire-archi-photo.fr\/wp-content\/uploads\/2017\/09\/plan_masse_FIANL_9_JUIN-300x260.jpg 300w, https:\/\/antoinelemaire-archi-photo.fr\/wp-content\/uploads\/2017\/09\/plan_masse_FIANL_9_JUIN-768x667.jpg 768w, https:\/\/antoinelemaire-archi-photo.fr\/wp-content\/uploads\/2017\/09\/plan_masse_FIANL_9_JUIN-1024x889.jpg 1024w\" sizes=\"auto, (max-width: 5711px) 100vw, 5711px\" \/><\/a>\n\t\t\t<\/dt>\n\t\t\t\t<dd class='wp-caption-text gallery-caption' id='gallery-1-222'>\n\t\t\t\tPlan Masse\n\t\t\t\t<\/dd><\/dl><br style=\"clear: both\" \/><dl class='gallery-item'>\n\t\t\t<dt class='gallery-icon landscape'>\n\t\t\t\t<a href='https:\/\/antoinelemaire-archi-photo.fr\/index.php\/2017\/09\/22\/un-equipement-aux-catalans-antoine-lemaire\/elevation-insertion-paysagere_13juin-3\/'><img loading=\"lazy\" decoding=\"async\" width=\"2381\" height=\"890\" src=\"https:\/\/antoinelemaire-archi-photo.fr\/wp-content\/uploads\/2017\/09\/\u00e9l\u00e9vation-insertion-paysag\u00e8re_13juin.jpg\" class=\"attachment-full size-full\" alt=\"\" aria-describedby=\"gallery-1-218\" srcset=\"https:\/\/antoinelemaire-archi-photo.fr\/wp-content\/uploads\/2017\/09\/\u00e9l\u00e9vation-insertion-paysag\u00e8re_13juin.jpg 2381w, https:\/\/antoinelemaire-archi-photo.fr\/wp-content\/uploads\/2017\/09\/\u00e9l\u00e9vation-insertion-paysag\u00e8re_13juin-300x112.jpg 300w, https:\/\/antoinelemaire-archi-photo.fr\/wp-content\/uploads\/2017\/09\/\u00e9l\u00e9vation-insertion-paysag\u00e8re_13juin-768x287.jpg 768w, https:\/\/antoinelemaire-archi-photo.fr\/wp-content\/uploads\/2017\/09\/\u00e9l\u00e9vation-insertion-paysag\u00e8re_13juin-1024x383.jpg 1024w\" sizes=\"auto, (max-width: 2381px) 100vw, 2381px\" \/><\/a>\n\t\t\t<\/dt>\n\t\t\t\t<dd class='wp-caption-text gallery-caption' id='gallery-1-218'>\n\t\t\t\tFa\u00e7ade\n\t\t\t\t<\/dd><\/dl><br style=\"clear: both\" \/><dl class='gallery-item'>\n\t\t\t<dt class='gallery-icon landscape'>\n\t\t\t\t<a href='https:\/\/antoinelemaire-archi-photo.fr\/index.php\/2017\/09\/22\/un-equipement-aux-catalans-antoine-lemaire\/unknown-title-7\/'><img loading=\"lazy\" decoding=\"async\" width=\"4858\" height=\"4635\" src=\"https:\/\/antoinelemaire-archi-photo.fr\/wp-content\/uploads\/2017\/09\/plan_VUE_DESSUS_FINAL_CORRIG\u00c9-e1506368699527.jpg\" class=\"attachment-full size-full\" alt=\"\" aria-describedby=\"gallery-1-223\" srcset=\"https:\/\/antoinelemaire-archi-photo.fr\/wp-content\/uploads\/2017\/09\/plan_VUE_DESSUS_FINAL_CORRIG\u00c9-e1506368699527.jpg 4858w, https:\/\/antoinelemaire-archi-photo.fr\/wp-content\/uploads\/2017\/09\/plan_VUE_DESSUS_FINAL_CORRIG\u00c9-e1506368699527-300x286.jpg 300w, https:\/\/antoinelemaire-archi-photo.fr\/wp-content\/uploads\/2017\/09\/plan_VUE_DESSUS_FINAL_CORRIG\u00c9-e1506368699527-768x733.jpg 768w, https:\/\/antoinelemaire-archi-photo.fr\/wp-content\/uploads\/2017\/09\/plan_VUE_DESSUS_FINAL_CORRIG\u00c9-e1506368699527-1024x977.jpg 1024w\" sizes=\"auto, (max-width: 4858px) 100vw, 4858px\" \/><\/a>\n\t\t\t<\/dt>\n\t\t\t\t<dd class='wp-caption-text gallery-caption' id='gallery-1-223'>\n\t\t\t\tPlan Vue de Dessus\n\t\t\t\t<\/dd><\/dl><br style=\"clear: both\" \/><dl class='gallery-item'>\n\t\t\t<dt class='gallery-icon portrait'>\n\t\t\t\t<a href='https:\/\/antoinelemaire-archi-photo.fr\/index.php\/2017\/09\/22\/un-equipement-aux-catalans-antoine-lemaire\/unknown-title-5\/'><img loading=\"lazy\" decoding=\"async\" width=\"4960\" height=\"4968\" src=\"https:\/\/antoinelemaire-archi-photo.fr\/wp-content\/uploads\/2017\/09\/plan_FINAL_CORRIG\u00c9.jpg\" class=\"attachment-full size-full\" alt=\"\" aria-describedby=\"gallery-1-221\" srcset=\"https:\/\/antoinelemaire-archi-photo.fr\/wp-content\/uploads\/2017\/09\/plan_FINAL_CORRIG\u00c9.jpg 4960w, https:\/\/antoinelemaire-archi-photo.fr\/wp-content\/uploads\/2017\/09\/plan_FINAL_CORRIG\u00c9-150x150.jpg 150w, https:\/\/antoinelemaire-archi-photo.fr\/wp-content\/uploads\/2017\/09\/plan_FINAL_CORRIG\u00c9-300x300.jpg 300w, https:\/\/antoinelemaire-archi-photo.fr\/wp-content\/uploads\/2017\/09\/plan_FINAL_CORRIG\u00c9-768x769.jpg 768w, https:\/\/antoinelemaire-archi-photo.fr\/wp-content\/uploads\/2017\/09\/plan_FINAL_CORRIG\u00c9-1022x1024.jpg 1022w, https:\/\/antoinelemaire-archi-photo.fr\/wp-content\/uploads\/2017\/09\/plan_FINAL_CORRIG\u00c9-500x500.jpg 500w\" sizes=\"auto, (max-width: 4960px) 100vw, 4960px\" \/><\/a>\n\t\t\t<\/dt>\n\t\t\t\t<dd class='wp-caption-text gallery-caption' id='gallery-1-221'>\n\t\t\t\tPlan RDC\n\t\t\t\t<\/dd><\/dl><br style=\"clear: both\" \/><dl class='gallery-item'>\n\t\t\t<dt class='gallery-icon landscape'>\n\t\t\t\t<a href='https:\/\/antoinelemaire-archi-photo.fr\/index.php\/2017\/09\/22\/un-equipement-aux-catalans-antoine-lemaire\/unknown-title-3\/'><img loading=\"lazy\" decoding=\"async\" width=\"5900\" height=\"2562\" src=\"https:\/\/antoinelemaire-archi-photo.fr\/wp-content\/uploads\/2017\/09\/COUPE2_10_JUIN.jpg\" class=\"attachment-full size-full\" alt=\"\" aria-describedby=\"gallery-1-217\" srcset=\"https:\/\/antoinelemaire-archi-photo.fr\/wp-content\/uploads\/2017\/09\/COUPE2_10_JUIN.jpg 5900w, https:\/\/antoinelemaire-archi-photo.fr\/wp-content\/uploads\/2017\/09\/COUPE2_10_JUIN-300x130.jpg 300w, https:\/\/antoinelemaire-archi-photo.fr\/wp-content\/uploads\/2017\/09\/COUPE2_10_JUIN-768x333.jpg 768w, https:\/\/antoinelemaire-archi-photo.fr\/wp-content\/uploads\/2017\/09\/COUPE2_10_JUIN-1024x445.jpg 1024w\" sizes=\"auto, (max-width: 5900px) 100vw, 5900px\" \/><\/a>\n\t\t\t<\/dt>\n\t\t\t\t<dd class='wp-caption-text gallery-caption' id='gallery-1-217'>\n\t\t\t\tCoupe \n\t\t\t\t<\/dd><\/dl><br style=\"clear: both\" \/><dl class='gallery-item'>\n\t\t\t<dt class='gallery-icon landscape'>\n\t\t\t\t<a href='https:\/\/antoinelemaire-archi-photo.fr\/index.php\/2017\/09\/22\/un-equipement-aux-catalans-antoine-lemaire\/unknown-title-2\/'><img loading=\"lazy\" decoding=\"async\" width=\"5693\" height=\"1404\" src=\"https:\/\/antoinelemaire-archi-photo.fr\/wp-content\/uploads\/2017\/09\/COUPE_10_JUIN.jpg\" class=\"attachment-full size-full\" alt=\"\" aria-describedby=\"gallery-1-216\" srcset=\"https:\/\/antoinelemaire-archi-photo.fr\/wp-content\/uploads\/2017\/09\/COUPE_10_JUIN.jpg 5693w, https:\/\/antoinelemaire-archi-photo.fr\/wp-content\/uploads\/2017\/09\/COUPE_10_JUIN-300x74.jpg 300w, https:\/\/antoinelemaire-archi-photo.fr\/wp-content\/uploads\/2017\/09\/COUPE_10_JUIN-768x189.jpg 768w, https:\/\/antoinelemaire-archi-photo.fr\/wp-content\/uploads\/2017\/09\/COUPE_10_JUIN-1024x253.jpg 1024w\" sizes=\"auto, (max-width: 5693px) 100vw, 5693px\" \/><\/a>\n\t\t\t<\/dt>\n\t\t\t\t<dd class='wp-caption-text gallery-caption' id='gallery-1-216'>\n\t\t\t\tCoupe \n\t\t\t\t<\/dd><\/dl><br style=\"clear: both\" \/><dl class='gallery-item'>\n\t\t\t<dt class='gallery-icon landscape'>\n\t\t\t\t<a href='https:\/\/antoinelemaire-archi-photo.fr\/index.php\/2017\/09\/22\/un-equipement-aux-catalans-antoine-lemaire\/unknown-title\/'><img loading=\"lazy\" decoding=\"async\" width=\"5634\" height=\"2490\" src=\"https:\/\/antoinelemaire-archi-photo.fr\/wp-content\/uploads\/2017\/09\/COUPE_10_JUIN_2.jpg\" class=\"attachment-full size-full\" alt=\"\" aria-describedby=\"gallery-1-215\" srcset=\"https:\/\/antoinelemaire-archi-photo.fr\/wp-content\/uploads\/2017\/09\/COUPE_10_JUIN_2.jpg 5634w, https:\/\/antoinelemaire-archi-photo.fr\/wp-content\/uploads\/2017\/09\/COUPE_10_JUIN_2-300x133.jpg 300w, https:\/\/antoinelemaire-archi-photo.fr\/wp-content\/uploads\/2017\/09\/COUPE_10_JUIN_2-768x339.jpg 768w, https:\/\/antoinelemaire-archi-photo.fr\/wp-content\/uploads\/2017\/09\/COUPE_10_JUIN_2-1024x453.jpg 1024w\" sizes=\"auto, (max-width: 5634px) 100vw, 5634px\" \/><\/a>\n\t\t\t<\/dt>\n\t\t\t\t<dd class='wp-caption-text gallery-caption' id='gallery-1-215'>\n\t\t\t\tCoupe \n\t\t\t\t<\/dd><\/dl><br style=\"clear: both\" \/><dl class='gallery-item'>\n\t\t\t<dt class='gallery-icon landscape'>\n\t\t\t\t<a href='https:\/\/antoinelemaire-archi-photo.fr\/index.php\/2017\/09\/22\/un-equipement-aux-catalans-antoine-lemaire\/photomontage-3\/'><img loading=\"lazy\" decoding=\"async\" width=\"960\" height=\"770\" src=\"https:\/\/antoinelemaire-archi-photo.fr\/wp-content\/uploads\/2017\/09\/PHOTOMONTAGE.jpg\" class=\"attachment-full size-full\" alt=\"\" aria-describedby=\"gallery-1-220\" srcset=\"https:\/\/antoinelemaire-archi-photo.fr\/wp-content\/uploads\/2017\/09\/PHOTOMONTAGE.jpg 960w, https:\/\/antoinelemaire-archi-photo.fr\/wp-content\/uploads\/2017\/09\/PHOTOMONTAGE-300x241.jpg 300w, https:\/\/antoinelemaire-archi-photo.fr\/wp-content\/uploads\/2017\/09\/PHOTOMONTAGE-768x616.jpg 768w\" sizes=\"auto, (max-width: 960px) 100vw, 960px\" \/><\/a>\n\t\t\t<\/dt>\n\t\t\t\t<dd class='wp-caption-text gallery-caption' id='gallery-1-220'>\n\t\t\t\tPhotomontage\n\t\t\t\t<\/dd><\/dl><br style=\"clear: both\" \/>\n\t\t<\/div>\n\n<p>Les planches de rendus:<\/p>\n<p><a href=\"http:\/\/antoinelemaire-archi-photo.fr\/wp-content\/uploads\/2017\/09\/PLANCHERENDU_15_JUIN_A0-1.pdf\">-Planche rendu 1<\/a><\/p>\n<p><a href=\"http:\/\/antoinelemaire-archi-photo.fr\/wp-content\/uploads\/2017\/09\/PLANCHERENDU_15_JUIN_A0_22-1.pdf\">-Planche rendu 2<\/a><\/p>\n","protected":false},"excerpt":{"rendered":"<p>Un \u00e9quipement public aux catalans Lors de mon deuxi\u00e8me semestre de License 1 \u00e0 l&rsquo;\u00e9cole d&rsquo;Architecture de Marseille, j&rsquo;ai r\u00e9alis\u00e9 un projet pour un am\u00e9nagement urbain ainsi qu&rsquo;un belv\u00e9d\u00e8re aux Catalans. Nous \u00e9tions sur le site de la plage des catalans, une plage populaire de la ville de Marseille. Dans de cet exercice, j&rsquo;ai r\u00e9alis\u00e9 [&hellip;]<\/p>\n","protected":false},"author":1,"featured_media":1053,"comment_status":"open","ping_status":"open","sticky":false,"template":"","format":"standard","meta":{"_monsterinsights_skip_tracking":false,"_monsterinsights_sitenote_active":false,"_monsterinsights_sitenote_note":"","_monsterinsights_sitenote_category":0,"footnotes":""},"categories":[18],"tags":[],"class_list":["post-190","post","type-post","status-publish","format-standard","has-post-thumbnail","hentry","category-architecture"],"_links":{"self":[{"href":"https:\/\/antoinelemaire-archi-photo.fr\/index.php\/wp-json\/wp\/v2\/posts\/190","targetHints":{"allow":["GET"]}}],"collection":[{"href":"https:\/\/antoinelemaire-archi-photo.fr\/index.php\/wp-json\/wp\/v2\/posts"}],"about":[{"href":"https:\/\/antoinelemaire-archi-photo.fr\/index.php\/wp-json\/wp\/v2\/types\/post"}],"author":[{"embeddable":true,"href":"https:\/\/antoinelemaire-archi-photo.fr\/index.php\/wp-json\/wp\/v2\/users\/1"}],"replies":[{"embeddable":true,"href":"https:\/\/antoinelemaire-archi-photo.fr\/index.php\/wp-json\/wp\/v2\/comments?post=190"}],"version-history":[{"count":5,"href":"https:\/\/antoinelemaire-archi-photo.fr\/index.php\/wp-json\/wp\/v2\/posts\/190\/revisions"}],"predecessor-version":[{"id":928,"href":"https:\/\/antoinelemaire-archi-photo.fr\/index.php\/wp-json\/wp\/v2\/posts\/190\/revisions\/928"}],"wp:featuredmedia":[{"embeddable":true,"href":"https:\/\/antoinelemaire-archi-photo.fr\/index.php\/wp-json\/wp\/v2\/media\/1053"}],"wp:attachment":[{"href":"https:\/\/antoinelemaire-archi-photo.fr\/index.php\/wp-json\/wp\/v2\/media?parent=190"}],"wp:term":[{"taxonomy":"category","embeddable":true,"href":"https:\/\/antoinelemaire-archi-photo.fr\/index.php\/wp-json\/wp\/v2\/categories?post=190"},{"taxonomy":"post_tag","embeddable":true,"href":"https:\/\/antoinelemaire-archi-photo.fr\/index.php\/wp-json\/wp\/v2\/tags?post=190"}],"curies":[{"name":"wp","href":"https:\/\/api.w.org\/{rel}","templated":true}]}}