{"id":182,"date":"2017-09-20T11:36:01","date_gmt":"2017-09-20T09:36:01","guid":{"rendered":"http:\/\/antoinelemaire-archi-photo.fr\/?p=182"},"modified":"2020-10-08T13:18:31","modified_gmt":"2020-10-08T11:18:31","slug":"un-tour-au-couvent-de-la-tourette-antoine-lemaire","status":"publish","type":"post","link":"https:\/\/antoinelemaire-archi-photo.fr\/index.php\/2017\/09\/20\/un-tour-au-couvent-de-la-tourette-antoine-lemaire\/","title":{"rendered":"Point G\u00e9ographique I Latitude : 45.819322  &#8211;  Longitude : 4.622857"},"content":{"rendered":"<h1 style=\"text-align: center;\">nuances architecturales<\/h1>\n<h2 style=\"text-align: center;\">une balade au<\/h2>\n<h2 style=\"text-align: center;\">couvent de la tourette<\/h2>\n<p>&nbsp;<\/p>\n<p>S\u00e9rie photographique pr\u00e9sentant le couvent de la Tourette construit par Le Corbusier durant la seconde moiti\u00e9 des ann\u00e9es 50. Ce couvent est l&rsquo;une des oeuvres significatives de Le Corbusier. Ce couvent a \u00e9t\u00e9 construit pour l&rsquo;ordre Dominicain install\u00e9 sur le terrain depuis 1943.<\/p>\n<p>Il abrite une \u00e9glise, des chambres pour les fr\u00e8res Dominicains, des salles d&rsquo;\u00e9tudes, une cantine, une chapelle, et d&rsquo;autres lieux.<\/p>\n<p>A travers cette s\u00e9rie photographique j&rsquo;ai voulu t\u00e9moigner de l&rsquo;histoire de ce lieu, o\u00f9 le travail du projet dans le site, du d\u00e9tail et de la lumi\u00e8re men\u00e9 par Le Corbusier cr\u00e9er une ambiance unique et sensible lorsque qu&rsquo;on le parcourt.<\/p>\n<p>&nbsp;<\/p>\n\n\t\t<style type=\"text\/css\">\n\t\t\t#gallery-1 {\n\t\t\t\tmargin: auto;\n\t\t\t}\n\t\t\t#gallery-1 .gallery-item {\n\t\t\t\tfloat: left;\n\t\t\t\tmargin-top: 10px;\n\t\t\t\ttext-align: center;\n\t\t\t\twidth: 50%;\n\t\t\t}\n\t\t\t#gallery-1 img {\n\t\t\t\tborder: 2px solid #cfcfcf;\n\t\t\t}\n\t\t\t#gallery-1 .gallery-caption {\n\t\t\t\tmargin-left: 0;\n\t\t\t}\n\t\t\t\/* see gallery_shortcode() in wp-includes\/media.php *\/\n\t\t<\/style>\n\t\t<div id='gallery-1' class='gallery galleryid-182 gallery-columns-2 gallery-size-full'><dl class='gallery-item'>\n\t\t\t<dt class='gallery-icon landscape'>\n\t\t\t\t<a href='https:\/\/antoinelemaire-archi-photo.fr\/index.php\/2017\/09\/20\/un-tour-au-couvent-de-la-tourette-antoine-lemaire\/img_2461\/'><img loading=\"lazy\" decoding=\"async\" width=\"4272\" height=\"2848\" src=\"https:\/\/antoinelemaire-archi-photo.fr\/wp-content\/uploads\/2017\/09\/IMG_2461.jpg\" class=\"attachment-full size-full\" alt=\"balade dans le Parc du couvent de la Tourette, dans les bois.\" aria-describedby=\"gallery-1-183\" srcset=\"https:\/\/antoinelemaire-archi-photo.fr\/wp-content\/uploads\/2017\/09\/IMG_2461.jpg 4272w, https:\/\/antoinelemaire-archi-photo.fr\/wp-content\/uploads\/2017\/09\/IMG_2461-300x200.jpg 300w, https:\/\/antoinelemaire-archi-photo.fr\/wp-content\/uploads\/2017\/09\/IMG_2461-768x512.jpg 768w, https:\/\/antoinelemaire-archi-photo.fr\/wp-content\/uploads\/2017\/09\/IMG_2461-1024x683.jpg 1024w, https:\/\/antoinelemaire-archi-photo.fr\/wp-content\/uploads\/2017\/09\/IMG_2461-750x500.jpg 750w\" sizes=\"auto, (max-width: 4272px) 100vw, 4272px\" \/><\/a>\n\t\t\t<\/dt>\n\t\t\t\t<dd class='wp-caption-text gallery-caption' id='gallery-1-183'>\n\t\t\t\tbalade dans le Parc du couvent de la Tourette, dans les bois.\n\n\t\t\t\t<\/dd><\/dl><dl class='gallery-item'>\n\t\t\t<dt class='gallery-icon landscape'>\n\t\t\t\t<a href='https:\/\/antoinelemaire-archi-photo.fr\/index.php\/2017\/09\/20\/un-tour-au-couvent-de-la-tourette-antoine-lemaire\/img_2466\/'><img loading=\"lazy\" decoding=\"async\" width=\"4272\" height=\"2848\" src=\"https:\/\/antoinelemaire-archi-photo.fr\/wp-content\/uploads\/2017\/09\/IMG_2466.jpg\" class=\"attachment-full size-full\" alt=\"balade dans le Parc du couvent de la Tourette, dans les bois.\" aria-describedby=\"gallery-1-184\" srcset=\"https:\/\/antoinelemaire-archi-photo.fr\/wp-content\/uploads\/2017\/09\/IMG_2466.jpg 4272w, https:\/\/antoinelemaire-archi-photo.fr\/wp-content\/uploads\/2017\/09\/IMG_2466-300x200.jpg 300w, https:\/\/antoinelemaire-archi-photo.fr\/wp-content\/uploads\/2017\/09\/IMG_2466-768x512.jpg 768w, https:\/\/antoinelemaire-archi-photo.fr\/wp-content\/uploads\/2017\/09\/IMG_2466-1024x683.jpg 1024w, https:\/\/antoinelemaire-archi-photo.fr\/wp-content\/uploads\/2017\/09\/IMG_2466-750x500.jpg 750w\" sizes=\"auto, (max-width: 4272px) 100vw, 4272px\" \/><\/a>\n\t\t\t<\/dt>\n\t\t\t\t<dd class='wp-caption-text gallery-caption' id='gallery-1-184'>\n\t\t\t\tbalade dans le Parc du couvent de la Tourette, dans les bois.\n\n\t\t\t\t<\/dd><\/dl><br style=\"clear: both\" \/><dl class='gallery-item'>\n\t\t\t<dt class='gallery-icon landscape'>\n\t\t\t\t<a href='https:\/\/antoinelemaire-archi-photo.fr\/index.php\/2017\/09\/20\/un-tour-au-couvent-de-la-tourette-antoine-lemaire\/img_2556\/'><img loading=\"lazy\" decoding=\"async\" width=\"4272\" height=\"2848\" src=\"https:\/\/antoinelemaire-archi-photo.fr\/wp-content\/uploads\/2017\/09\/IMG_2556.jpg\" class=\"attachment-full size-full\" alt=\"Salon du couvent de la Tourette dans l&#039;aile des \u00e9tudiants.\" aria-describedby=\"gallery-1-185\" srcset=\"https:\/\/antoinelemaire-archi-photo.fr\/wp-content\/uploads\/2017\/09\/IMG_2556.jpg 4272w, https:\/\/antoinelemaire-archi-photo.fr\/wp-content\/uploads\/2017\/09\/IMG_2556-300x200.jpg 300w, https:\/\/antoinelemaire-archi-photo.fr\/wp-content\/uploads\/2017\/09\/IMG_2556-768x512.jpg 768w, https:\/\/antoinelemaire-archi-photo.fr\/wp-content\/uploads\/2017\/09\/IMG_2556-1024x683.jpg 1024w, https:\/\/antoinelemaire-archi-photo.fr\/wp-content\/uploads\/2017\/09\/IMG_2556-750x500.jpg 750w\" sizes=\"auto, (max-width: 4272px) 100vw, 4272px\" \/><\/a>\n\t\t\t<\/dt>\n\t\t\t\t<dd class='wp-caption-text gallery-caption' id='gallery-1-185'>\n\t\t\t\tSalon du couvent de la Tourette dans l&rsquo;aile des \u00e9tudiants.\n\t\t\t\t<\/dd><\/dl><dl class='gallery-item'>\n\t\t\t<dt class='gallery-icon landscape'>\n\t\t\t\t<a href='https:\/\/antoinelemaire-archi-photo.fr\/index.php\/2017\/09\/20\/un-tour-au-couvent-de-la-tourette-antoine-lemaire\/img_2636\/'><img loading=\"lazy\" decoding=\"async\" width=\"4272\" height=\"2848\" src=\"https:\/\/antoinelemaire-archi-photo.fr\/wp-content\/uploads\/2017\/09\/IMG_2636.jpg\" class=\"attachment-full size-full\" alt=\"Lumi\u00e8re de La Chapelle, ou les multiples syst\u00e8mes lumineux \u00e9clairent la nef.\" aria-describedby=\"gallery-1-186\" srcset=\"https:\/\/antoinelemaire-archi-photo.fr\/wp-content\/uploads\/2017\/09\/IMG_2636.jpg 4272w, https:\/\/antoinelemaire-archi-photo.fr\/wp-content\/uploads\/2017\/09\/IMG_2636-300x200.jpg 300w, https:\/\/antoinelemaire-archi-photo.fr\/wp-content\/uploads\/2017\/09\/IMG_2636-768x512.jpg 768w, https:\/\/antoinelemaire-archi-photo.fr\/wp-content\/uploads\/2017\/09\/IMG_2636-1024x683.jpg 1024w, https:\/\/antoinelemaire-archi-photo.fr\/wp-content\/uploads\/2017\/09\/IMG_2636-750x500.jpg 750w\" sizes=\"auto, (max-width: 4272px) 100vw, 4272px\" \/><\/a>\n\t\t\t<\/dt>\n\t\t\t\t<dd class='wp-caption-text gallery-caption' id='gallery-1-186'>\n\t\t\t\tLumi\u00e8re de La Chapelle, ou les multiples syst\u00e8mes lumineux \u00e9clairent la nef.\n\t\t\t\t<\/dd><\/dl><br style=\"clear: both\" \/><dl class='gallery-item'>\n\t\t\t<dt class='gallery-icon landscape'>\n\t\t\t\t<a href='https:\/\/antoinelemaire-archi-photo.fr\/index.php\/2017\/09\/20\/un-tour-au-couvent-de-la-tourette-antoine-lemaire\/img_2648\/'><img loading=\"lazy\" decoding=\"async\" width=\"4272\" height=\"2848\" src=\"https:\/\/antoinelemaire-archi-photo.fr\/wp-content\/uploads\/2017\/09\/IMG_2648.jpg\" class=\"attachment-full size-full\" alt=\"Canons de lumi\u00e8re color\u00e9s au-dessus de la crypte.\" aria-describedby=\"gallery-1-187\" srcset=\"https:\/\/antoinelemaire-archi-photo.fr\/wp-content\/uploads\/2017\/09\/IMG_2648.jpg 4272w, https:\/\/antoinelemaire-archi-photo.fr\/wp-content\/uploads\/2017\/09\/IMG_2648-300x200.jpg 300w, https:\/\/antoinelemaire-archi-photo.fr\/wp-content\/uploads\/2017\/09\/IMG_2648-768x512.jpg 768w, https:\/\/antoinelemaire-archi-photo.fr\/wp-content\/uploads\/2017\/09\/IMG_2648-1024x683.jpg 1024w, https:\/\/antoinelemaire-archi-photo.fr\/wp-content\/uploads\/2017\/09\/IMG_2648-750x500.jpg 750w\" sizes=\"auto, (max-width: 4272px) 100vw, 4272px\" \/><\/a>\n\t\t\t<\/dt>\n\t\t\t\t<dd class='wp-caption-text gallery-caption' id='gallery-1-187'>\n\t\t\t\tCanons de lumi\u00e8re color\u00e9s au-dessus de la crypte.\n\t\t\t\t<\/dd><\/dl><dl class='gallery-item'>\n\t\t\t<dt class='gallery-icon landscape'>\n\t\t\t\t<a href='https:\/\/antoinelemaire-archi-photo.fr\/index.php\/2017\/09\/20\/un-tour-au-couvent-de-la-tourette-antoine-lemaire\/img_2674\/'><img loading=\"lazy\" decoding=\"async\" width=\"4272\" height=\"2848\" src=\"https:\/\/antoinelemaire-archi-photo.fr\/wp-content\/uploads\/2017\/09\/IMG_2674.jpg\" class=\"attachment-full size-full\" alt=\"D\u00e9tail canon de lumi\u00e8re\" aria-describedby=\"gallery-1-188\" srcset=\"https:\/\/antoinelemaire-archi-photo.fr\/wp-content\/uploads\/2017\/09\/IMG_2674.jpg 4272w, https:\/\/antoinelemaire-archi-photo.fr\/wp-content\/uploads\/2017\/09\/IMG_2674-300x200.jpg 300w, https:\/\/antoinelemaire-archi-photo.fr\/wp-content\/uploads\/2017\/09\/IMG_2674-768x512.jpg 768w, https:\/\/antoinelemaire-archi-photo.fr\/wp-content\/uploads\/2017\/09\/IMG_2674-1024x683.jpg 1024w, https:\/\/antoinelemaire-archi-photo.fr\/wp-content\/uploads\/2017\/09\/IMG_2674-750x500.jpg 750w\" sizes=\"auto, (max-width: 4272px) 100vw, 4272px\" \/><\/a>\n\t\t\t<\/dt>\n\t\t\t\t<dd class='wp-caption-text gallery-caption' id='gallery-1-188'>\n\t\t\t\tD\u00e9tail canon de lumi\u00e8re\n\t\t\t\t<\/dd><\/dl><br style=\"clear: both\" \/>\n\t\t<\/div>\n\n","protected":false},"excerpt":{"rendered":"<p>nuances architecturales une balade au couvent de la tourette &nbsp; S\u00e9rie photographique pr\u00e9sentant le couvent de la Tourette construit par Le Corbusier durant la seconde moiti\u00e9 des ann\u00e9es 50. Ce couvent est l&rsquo;une des oeuvres significatives de Le Corbusier. Ce couvent a \u00e9t\u00e9 construit pour l&rsquo;ordre Dominicain install\u00e9 sur le terrain depuis 1943. Il abrite [&hellip;]<\/p>\n","protected":false},"author":1,"featured_media":183,"comment_status":"open","ping_status":"open","sticky":false,"template":"","format":"standard","meta":{"_monsterinsights_skip_tracking":false,"_monsterinsights_sitenote_active":false,"_monsterinsights_sitenote_note":"","_monsterinsights_sitenote_category":0,"footnotes":""},"categories":[32,23,20],"tags":[11,35,33,36,17,12,34],"class_list":["post-182","post","type-post","status-publish","format-standard","has-post-thumbnail","hentry","category-journee-du-patrimoine","category-photo-vacances-2017","category-photographie","tag-architecture","tag-ciel","tag-couvent","tag-le-corbusier","tag-lemaire","tag-photo","tag-tourette"],"_links":{"self":[{"href":"https:\/\/antoinelemaire-archi-photo.fr\/index.php\/wp-json\/wp\/v2\/posts\/182","targetHints":{"allow":["GET"]}}],"collection":[{"href":"https:\/\/antoinelemaire-archi-photo.fr\/index.php\/wp-json\/wp\/v2\/posts"}],"about":[{"href":"https:\/\/antoinelemaire-archi-photo.fr\/index.php\/wp-json\/wp\/v2\/types\/post"}],"author":[{"embeddable":true,"href":"https:\/\/antoinelemaire-archi-photo.fr\/index.php\/wp-json\/wp\/v2\/users\/1"}],"replies":[{"embeddable":true,"href":"https:\/\/antoinelemaire-archi-photo.fr\/index.php\/wp-json\/wp\/v2\/comments?post=182"}],"version-history":[{"count":3,"href":"https:\/\/antoinelemaire-archi-photo.fr\/index.php\/wp-json\/wp\/v2\/posts\/182\/revisions"}],"predecessor-version":[{"id":1102,"href":"https:\/\/antoinelemaire-archi-photo.fr\/index.php\/wp-json\/wp\/v2\/posts\/182\/revisions\/1102"}],"wp:featuredmedia":[{"embeddable":true,"href":"https:\/\/antoinelemaire-archi-photo.fr\/index.php\/wp-json\/wp\/v2\/media\/183"}],"wp:attachment":[{"href":"https:\/\/antoinelemaire-archi-photo.fr\/index.php\/wp-json\/wp\/v2\/media?parent=182"}],"wp:term":[{"taxonomy":"category","embeddable":true,"href":"https:\/\/antoinelemaire-archi-photo.fr\/index.php\/wp-json\/wp\/v2\/categories?post=182"},{"taxonomy":"post_tag","embeddable":true,"href":"https:\/\/antoinelemaire-archi-photo.fr\/index.php\/wp-json\/wp\/v2\/tags?post=182"}],"curies":[{"name":"wp","href":"https:\/\/api.w.org\/{rel}","templated":true}]}}