{"id":142,"date":"2017-09-10T20:22:52","date_gmt":"2017-09-10T18:22:52","guid":{"rendered":"http:\/\/antoinelemaire-archi-photo.fr\/?p=142"},"modified":"2020-10-09T00:46:58","modified_gmt":"2020-10-08T22:46:58","slug":"la-fondation-louis-vuitton-antoine-lemaire","status":"publish","type":"post","link":"https:\/\/antoinelemaire-archi-photo.fr\/index.php\/2017\/09\/10\/la-fondation-louis-vuitton-antoine-lemaire\/","title":{"rendered":"Point G\u00e9ographique I Latitude : 48.876425  &#8211;  Longitude : 2.263350"},"content":{"rendered":"<h1 style=\"text-align: center;\">Nuances architecturales<\/h1>\n<h2 style=\"text-align: center;\">La Fondation Louis Vuitton<\/h2>\n<h4 style=\"text-align: center;\">Franck Gerhy<\/h4>\n<p style=\"text-align: center;\">Photos r\u00e9alis\u00e9es lors d&rsquo;un week-end \u00e0 paris sous la grisaille avec une pointe de soleil. Cela r\u00e9v\u00e9lait certains reflets de l&rsquo;oeuvre de Daniel Buren sur la Fondation. J&rsquo;ai pu d\u00e9couvrir un b\u00e2timent avec une structure incroyable et complexe.<\/p>\n\n\t\t<style type=\"text\/css\">\n\t\t\t#gallery-1 {\n\t\t\t\tmargin: auto;\n\t\t\t}\n\t\t\t#gallery-1 .gallery-item {\n\t\t\t\tfloat: left;\n\t\t\t\tmargin-top: 10px;\n\t\t\t\ttext-align: center;\n\t\t\t\twidth: 50%;\n\t\t\t}\n\t\t\t#gallery-1 img {\n\t\t\t\tborder: 2px solid #cfcfcf;\n\t\t\t}\n\t\t\t#gallery-1 .gallery-caption {\n\t\t\t\tmargin-left: 0;\n\t\t\t}\n\t\t\t\/* see gallery_shortcode() in wp-includes\/media.php *\/\n\t\t<\/style>\n\t\t<div id='gallery-1' class='gallery galleryid-142 gallery-columns-2 gallery-size-full'><dl class='gallery-item'>\n\t\t\t<dt class='gallery-icon landscape'>\n\t\t\t\t<a href='https:\/\/antoinelemaire-archi-photo.fr\/index.php\/2017\/09\/10\/la-fondation-louis-vuitton-antoine-lemaire\/fullsizeoutput_116d\/'><img loading=\"lazy\" decoding=\"async\" width=\"4272\" height=\"2848\" src=\"https:\/\/antoinelemaire-archi-photo.fr\/wp-content\/uploads\/2017\/09\/fullsizeoutput_116d.jpeg\" class=\"attachment-full size-full\" alt=\"Fondation Louis Vuitton vue depuis l&#039;ext\u00e9rieur dans le parc attenant.\" aria-describedby=\"gallery-1-139\" srcset=\"https:\/\/antoinelemaire-archi-photo.fr\/wp-content\/uploads\/2017\/09\/fullsizeoutput_116d.jpeg 4272w, https:\/\/antoinelemaire-archi-photo.fr\/wp-content\/uploads\/2017\/09\/fullsizeoutput_116d-300x200.jpeg 300w, https:\/\/antoinelemaire-archi-photo.fr\/wp-content\/uploads\/2017\/09\/fullsizeoutput_116d-768x512.jpeg 768w, https:\/\/antoinelemaire-archi-photo.fr\/wp-content\/uploads\/2017\/09\/fullsizeoutput_116d-1024x683.jpeg 1024w, https:\/\/antoinelemaire-archi-photo.fr\/wp-content\/uploads\/2017\/09\/fullsizeoutput_116d-750x500.jpeg 750w\" sizes=\"auto, (max-width: 4272px) 100vw, 4272px\" \/><\/a>\n\t\t\t<\/dt>\n\t\t\t\t<dd class='wp-caption-text gallery-caption' id='gallery-1-139'>\n\t\t\t\tFondation Louis Vuitton \n\t\t\t\t<\/dd><\/dl><dl class='gallery-item'>\n\t\t\t<dt class='gallery-icon landscape'>\n\t\t\t\t<a href='https:\/\/antoinelemaire-archi-photo.fr\/index.php\/2017\/09\/10\/la-fondation-louis-vuitton-antoine-lemaire\/img_3202\/'><img loading=\"lazy\" decoding=\"async\" width=\"4272\" height=\"2848\" src=\"https:\/\/antoinelemaire-archi-photo.fr\/wp-content\/uploads\/2017\/09\/IMG_3202.jpg\" class=\"attachment-full size-full\" alt=\"D\u00e9tail de la structure\" aria-describedby=\"gallery-1-138\" srcset=\"https:\/\/antoinelemaire-archi-photo.fr\/wp-content\/uploads\/2017\/09\/IMG_3202.jpg 4272w, https:\/\/antoinelemaire-archi-photo.fr\/wp-content\/uploads\/2017\/09\/IMG_3202-300x200.jpg 300w, https:\/\/antoinelemaire-archi-photo.fr\/wp-content\/uploads\/2017\/09\/IMG_3202-768x512.jpg 768w, https:\/\/antoinelemaire-archi-photo.fr\/wp-content\/uploads\/2017\/09\/IMG_3202-1024x683.jpg 1024w, https:\/\/antoinelemaire-archi-photo.fr\/wp-content\/uploads\/2017\/09\/IMG_3202-750x500.jpg 750w\" sizes=\"auto, (max-width: 4272px) 100vw, 4272px\" \/><\/a>\n\t\t\t<\/dt>\n\t\t\t\t<dd class='wp-caption-text gallery-caption' id='gallery-1-138'>\n\t\t\t\tD\u00e9tail de la structure\n\t\t\t\t<\/dd><\/dl><br style=\"clear: both\" \/><dl class='gallery-item'>\n\t\t\t<dt class='gallery-icon portrait'>\n\t\t\t\t<a href='https:\/\/antoinelemaire-archi-photo.fr\/index.php\/2017\/09\/10\/la-fondation-louis-vuitton-antoine-lemaire\/img_3087\/'><img loading=\"lazy\" decoding=\"async\" width=\"2848\" height=\"4272\" src=\"https:\/\/antoinelemaire-archi-photo.fr\/wp-content\/uploads\/2017\/09\/IMG_3087-e1505076640890.jpg\" class=\"attachment-full size-full\" alt=\"Reflet miroir d&#039;eau fondation\" aria-describedby=\"gallery-1-137\" srcset=\"https:\/\/antoinelemaire-archi-photo.fr\/wp-content\/uploads\/2017\/09\/IMG_3087-e1505076640890.jpg 2848w, https:\/\/antoinelemaire-archi-photo.fr\/wp-content\/uploads\/2017\/09\/IMG_3087-e1505076640890-200x300.jpg 200w, https:\/\/antoinelemaire-archi-photo.fr\/wp-content\/uploads\/2017\/09\/IMG_3087-e1505076640890-768x1152.jpg 768w, https:\/\/antoinelemaire-archi-photo.fr\/wp-content\/uploads\/2017\/09\/IMG_3087-e1505076640890-683x1024.jpg 683w\" sizes=\"auto, (max-width: 2848px) 100vw, 2848px\" \/><\/a>\n\t\t\t<\/dt>\n\t\t\t\t<dd class='wp-caption-text gallery-caption' id='gallery-1-137'>\n\t\t\t\tReflet \n\t\t\t\t<\/dd><\/dl><dl class='gallery-item'>\n\t\t\t<dt class='gallery-icon portrait'>\n\t\t\t\t<a href='https:\/\/antoinelemaire-archi-photo.fr\/index.php\/2017\/09\/10\/la-fondation-louis-vuitton-antoine-lemaire\/img_3085\/'><img loading=\"lazy\" decoding=\"async\" width=\"2848\" height=\"4272\" src=\"https:\/\/antoinelemaire-archi-photo.fr\/wp-content\/uploads\/2017\/09\/IMG_3085-e1505076665855.jpg\" class=\"attachment-full size-full\" alt=\"reflet miroir d&#039;eau Vuitton\" aria-describedby=\"gallery-1-136\" srcset=\"https:\/\/antoinelemaire-archi-photo.fr\/wp-content\/uploads\/2017\/09\/IMG_3085-e1505076665855.jpg 2848w, https:\/\/antoinelemaire-archi-photo.fr\/wp-content\/uploads\/2017\/09\/IMG_3085-e1505076665855-200x300.jpg 200w, https:\/\/antoinelemaire-archi-photo.fr\/wp-content\/uploads\/2017\/09\/IMG_3085-e1505076665855-768x1152.jpg 768w, https:\/\/antoinelemaire-archi-photo.fr\/wp-content\/uploads\/2017\/09\/IMG_3085-e1505076665855-683x1024.jpg 683w\" sizes=\"auto, (max-width: 2848px) 100vw, 2848px\" \/><\/a>\n\t\t\t<\/dt>\n\t\t\t\t<dd class='wp-caption-text gallery-caption' id='gallery-1-136'>\n\t\t\t\tReflet\n\t\t\t\t<\/dd><\/dl><br style=\"clear: both\" \/><dl class='gallery-item'>\n\t\t\t<dt class='gallery-icon landscape'>\n\t\t\t\t<a href='https:\/\/antoinelemaire-archi-photo.fr\/index.php\/2017\/09\/10\/la-fondation-louis-vuitton-antoine-lemaire\/img_3073\/'><img loading=\"lazy\" decoding=\"async\" width=\"4272\" height=\"2848\" src=\"https:\/\/antoinelemaire-archi-photo.fr\/wp-content\/uploads\/2017\/09\/IMG_3073.jpg\" class=\"attachment-full size-full\" alt=\"burin fondation reflet\" aria-describedby=\"gallery-1-135\" srcset=\"https:\/\/antoinelemaire-archi-photo.fr\/wp-content\/uploads\/2017\/09\/IMG_3073.jpg 4272w, https:\/\/antoinelemaire-archi-photo.fr\/wp-content\/uploads\/2017\/09\/IMG_3073-300x200.jpg 300w, https:\/\/antoinelemaire-archi-photo.fr\/wp-content\/uploads\/2017\/09\/IMG_3073-768x512.jpg 768w, https:\/\/antoinelemaire-archi-photo.fr\/wp-content\/uploads\/2017\/09\/IMG_3073-1024x683.jpg 1024w, https:\/\/antoinelemaire-archi-photo.fr\/wp-content\/uploads\/2017\/09\/IMG_3073-750x500.jpg 750w\" sizes=\"auto, (max-width: 4272px) 100vw, 4272px\" \/><\/a>\n\t\t\t<\/dt>\n\t\t\t\t<dd class='wp-caption-text gallery-caption' id='gallery-1-135'>\n\t\t\t\tburen et le ciel\n\t\t\t\t<\/dd><\/dl><dl class='gallery-item'>\n\t\t\t<dt class='gallery-icon landscape'>\n\t\t\t\t<a href='https:\/\/antoinelemaire-archi-photo.fr\/index.php\/2017\/09\/10\/la-fondation-louis-vuitton-antoine-lemaire\/img_3066\/'><img loading=\"lazy\" decoding=\"async\" width=\"4272\" height=\"2848\" src=\"https:\/\/antoinelemaire-archi-photo.fr\/wp-content\/uploads\/2017\/09\/IMG_3066.jpg\" class=\"attachment-full size-full\" alt=\"structure zoom buren d\u00e9tail\" srcset=\"https:\/\/antoinelemaire-archi-photo.fr\/wp-content\/uploads\/2017\/09\/IMG_3066.jpg 4272w, https:\/\/antoinelemaire-archi-photo.fr\/wp-content\/uploads\/2017\/09\/IMG_3066-300x200.jpg 300w, https:\/\/antoinelemaire-archi-photo.fr\/wp-content\/uploads\/2017\/09\/IMG_3066-768x512.jpg 768w, https:\/\/antoinelemaire-archi-photo.fr\/wp-content\/uploads\/2017\/09\/IMG_3066-1024x683.jpg 1024w, https:\/\/antoinelemaire-archi-photo.fr\/wp-content\/uploads\/2017\/09\/IMG_3066-750x500.jpg 750w\" sizes=\"auto, (max-width: 4272px) 100vw, 4272px\" \/><\/a>\n\t\t\t<\/dt><\/dl><br style=\"clear: both\" \/><dl class='gallery-item'>\n\t\t\t<dt class='gallery-icon portrait'>\n\t\t\t\t<a href='https:\/\/antoinelemaire-archi-photo.fr\/index.php\/2017\/09\/10\/la-fondation-louis-vuitton-antoine-lemaire\/img_3056\/'><img loading=\"lazy\" decoding=\"async\" width=\"2848\" height=\"4272\" src=\"https:\/\/antoinelemaire-archi-photo.fr\/wp-content\/uploads\/2017\/09\/IMG_3056-e1505076682578.jpg\" class=\"attachment-full size-full\" alt=\"reflet ciel Buren\" aria-describedby=\"gallery-1-133\" srcset=\"https:\/\/antoinelemaire-archi-photo.fr\/wp-content\/uploads\/2017\/09\/IMG_3056-e1505076682578.jpg 2848w, https:\/\/antoinelemaire-archi-photo.fr\/wp-content\/uploads\/2017\/09\/IMG_3056-e1505076682578-200x300.jpg 200w, https:\/\/antoinelemaire-archi-photo.fr\/wp-content\/uploads\/2017\/09\/IMG_3056-e1505076682578-768x1152.jpg 768w, https:\/\/antoinelemaire-archi-photo.fr\/wp-content\/uploads\/2017\/09\/IMG_3056-e1505076682578-683x1024.jpg 683w\" sizes=\"auto, (max-width: 2848px) 100vw, 2848px\" \/><\/a>\n\t\t\t<\/dt>\n\t\t\t\t<dd class='wp-caption-text gallery-caption' id='gallery-1-133'>\n\t\t\t\tReflet sur peau de la fondation\n\t\t\t\t<\/dd><\/dl>\n\t\t\t<br style='clear: both' \/>\n\t\t<\/div>\n\n<p>&nbsp;<\/p>\n<p>&nbsp;<\/p>\n<p>&nbsp;<\/p>\n","protected":false},"excerpt":{"rendered":"<p>Nuances architecturales La Fondation Louis Vuitton Franck Gerhy Photos r\u00e9alis\u00e9es lors d&rsquo;un week-end \u00e0 paris sous la grisaille avec une pointe de soleil. Cela r\u00e9v\u00e9lait certains reflets de l&rsquo;oeuvre de Daniel Buren sur la Fondation. J&rsquo;ai pu d\u00e9couvrir un b\u00e2timent avec une structure incroyable et complexe. &nbsp; &nbsp; &nbsp;<\/p>\n","protected":false},"author":1,"featured_media":135,"comment_status":"open","ping_status":"open","sticky":false,"template":"","format":"standard","meta":{"_monsterinsights_skip_tracking":false,"_monsterinsights_sitenote_active":false,"_monsterinsights_sitenote_note":"","_monsterinsights_sitenote_category":0,"footnotes":""},"categories":[23,20],"tags":[16,11,15,24,17,12,25],"class_list":["post-142","post","type-post","status-publish","format-standard","has-post-thumbnail","hentry","category-photo-vacances-2017","category-photographie","tag-antoine","tag-architecture","tag-blog","tag-fondation","tag-lemaire","tag-photo","tag-vuitton"],"_links":{"self":[{"href":"https:\/\/antoinelemaire-archi-photo.fr\/index.php\/wp-json\/wp\/v2\/posts\/142","targetHints":{"allow":["GET"]}}],"collection":[{"href":"https:\/\/antoinelemaire-archi-photo.fr\/index.php\/wp-json\/wp\/v2\/posts"}],"about":[{"href":"https:\/\/antoinelemaire-archi-photo.fr\/index.php\/wp-json\/wp\/v2\/types\/post"}],"author":[{"embeddable":true,"href":"https:\/\/antoinelemaire-archi-photo.fr\/index.php\/wp-json\/wp\/v2\/users\/1"}],"replies":[{"embeddable":true,"href":"https:\/\/antoinelemaire-archi-photo.fr\/index.php\/wp-json\/wp\/v2\/comments?post=142"}],"version-history":[{"count":6,"href":"https:\/\/antoinelemaire-archi-photo.fr\/index.php\/wp-json\/wp\/v2\/posts\/142\/revisions"}],"predecessor-version":[{"id":1130,"href":"https:\/\/antoinelemaire-archi-photo.fr\/index.php\/wp-json\/wp\/v2\/posts\/142\/revisions\/1130"}],"wp:featuredmedia":[{"embeddable":true,"href":"https:\/\/antoinelemaire-archi-photo.fr\/index.php\/wp-json\/wp\/v2\/media\/135"}],"wp:attachment":[{"href":"https:\/\/antoinelemaire-archi-photo.fr\/index.php\/wp-json\/wp\/v2\/media?parent=142"}],"wp:term":[{"taxonomy":"category","embeddable":true,"href":"https:\/\/antoinelemaire-archi-photo.fr\/index.php\/wp-json\/wp\/v2\/categories?post=142"},{"taxonomy":"post_tag","embeddable":true,"href":"https:\/\/antoinelemaire-archi-photo.fr\/index.php\/wp-json\/wp\/v2\/tags?post=142"}],"curies":[{"name":"wp","href":"https:\/\/api.w.org\/{rel}","templated":true}]}}