{"id":1267,"date":"2021-01-10T18:56:59","date_gmt":"2021-01-10T17:56:59","guid":{"rendered":"http:\/\/antoinelemaire-archi-photo.fr\/?p=1267"},"modified":"2021-01-10T18:56:59","modified_gmt":"2021-01-10T17:56:59","slug":"point-geographique-i-latitude-43-731508-longitude-7-401179","status":"publish","type":"post","link":"https:\/\/antoinelemaire-archi-photo.fr\/index.php\/2021\/01\/10\/point-geographique-i-latitude-43-731508-longitude-7-401179\/","title":{"rendered":"Point G\u00e9ographique I Latitude : 43.731508 \u2013 Longitude : 7.401179"},"content":{"rendered":"<h1 style=\"text-align: center;\">Parcourir les ruines<\/h1>\n<h3 style=\"text-align: center;\">La Turbie<\/h3>\n<h5 style=\"text-align: center;\">Avec Chlo\u00e9 Dell&rsquo;Aglio<\/h5>\n<p>&nbsp;<\/p>\n<p>Photographies r\u00e9alis\u00e9es lors d&rsquo;une promenade dans les ruines d&rsquo;un ancien campement militaire sur les hauteurs de la T\u00eate de chien dans le village de La Turbie. Aujourd&rsquo;hui tagu\u00e9es de toute part, ces ruines ont la qualit\u00e9 de nous plonger dans l&rsquo;histoire de ces lieux. Lieux d&rsquo;art de la rue, street art, l&rsquo;expression des artistes venu peindre leur tags conf\u00e8re \u00e0 ces murs sans vie une atmosph\u00e8re toute particuli\u00e8re et une esth\u00e9tique certaine.<\/p>\n\n\t\t<style type=\"text\/css\">\n\t\t\t#gallery-1 {\n\t\t\t\tmargin: auto;\n\t\t\t}\n\t\t\t#gallery-1 .gallery-item {\n\t\t\t\tfloat: left;\n\t\t\t\tmargin-top: 10px;\n\t\t\t\ttext-align: center;\n\t\t\t\twidth: 100%;\n\t\t\t}\n\t\t\t#gallery-1 img {\n\t\t\t\tborder: 2px solid #cfcfcf;\n\t\t\t}\n\t\t\t#gallery-1 .gallery-caption {\n\t\t\t\tmargin-left: 0;\n\t\t\t}\n\t\t\t\/* see gallery_shortcode() in wp-includes\/media.php *\/\n\t\t<\/style>\n\t\t<div id='gallery-1' class='gallery galleryid-1267 gallery-columns-1 gallery-size-full'><dl class='gallery-item'>\n\t\t\t<dt class='gallery-icon landscape'>\n\t\t\t\t<a href='https:\/\/antoinelemaire-archi-photo.fr\/index.php\/2021\/01\/10\/point-geographique-i-latitude-43-731508-longitude-7-401179\/_dsc7318\/'><img loading=\"lazy\" decoding=\"async\" width=\"6000\" height=\"6000\" src=\"https:\/\/antoinelemaire-archi-photo.fr\/wp-content\/uploads\/2021\/01\/DSC7318.jpg\" class=\"attachment-full size-full\" alt=\"Parcourir les ruines I Femme et Architecture\" aria-describedby=\"gallery-1-1271\" srcset=\"https:\/\/antoinelemaire-archi-photo.fr\/wp-content\/uploads\/2021\/01\/DSC7318.jpg 6000w, https:\/\/antoinelemaire-archi-photo.fr\/wp-content\/uploads\/2021\/01\/DSC7318-150x150.jpg 150w, https:\/\/antoinelemaire-archi-photo.fr\/wp-content\/uploads\/2021\/01\/DSC7318-300x300.jpg 300w, https:\/\/antoinelemaire-archi-photo.fr\/wp-content\/uploads\/2021\/01\/DSC7318-768x768.jpg 768w, https:\/\/antoinelemaire-archi-photo.fr\/wp-content\/uploads\/2021\/01\/DSC7318-1024x1024.jpg 1024w, https:\/\/antoinelemaire-archi-photo.fr\/wp-content\/uploads\/2021\/01\/DSC7318-1240x1240.jpg 1240w, https:\/\/antoinelemaire-archi-photo.fr\/wp-content\/uploads\/2021\/01\/DSC7318-508x508.jpg 508w\" sizes=\"auto, (max-width: 6000px) 100vw, 6000px\" \/><\/a>\n\t\t\t<\/dt>\n\t\t\t\t<dd class='wp-caption-text gallery-caption' id='gallery-1-1271'>\n\t\t\t\tParcourir les ruines I Femme et Architecture\n\t\t\t\t<\/dd><\/dl><br style=\"clear: both\" \/><dl class='gallery-item'>\n\t\t\t<dt class='gallery-icon landscape'>\n\t\t\t\t<a href='https:\/\/antoinelemaire-archi-photo.fr\/index.php\/2021\/01\/10\/point-geographique-i-latitude-43-731508-longitude-7-401179\/_dsc7329\/'><img loading=\"lazy\" decoding=\"async\" width=\"6000\" height=\"6000\" src=\"https:\/\/antoinelemaire-archi-photo.fr\/wp-content\/uploads\/2021\/01\/DSC7329.jpg\" class=\"attachment-full size-full\" alt=\"Parcourir les ruines I Une lueur dans le noir\" aria-describedby=\"gallery-1-1272\" srcset=\"https:\/\/antoinelemaire-archi-photo.fr\/wp-content\/uploads\/2021\/01\/DSC7329.jpg 6000w, https:\/\/antoinelemaire-archi-photo.fr\/wp-content\/uploads\/2021\/01\/DSC7329-150x150.jpg 150w, https:\/\/antoinelemaire-archi-photo.fr\/wp-content\/uploads\/2021\/01\/DSC7329-300x300.jpg 300w, https:\/\/antoinelemaire-archi-photo.fr\/wp-content\/uploads\/2021\/01\/DSC7329-768x768.jpg 768w, https:\/\/antoinelemaire-archi-photo.fr\/wp-content\/uploads\/2021\/01\/DSC7329-1024x1024.jpg 1024w, https:\/\/antoinelemaire-archi-photo.fr\/wp-content\/uploads\/2021\/01\/DSC7329-1240x1240.jpg 1240w, https:\/\/antoinelemaire-archi-photo.fr\/wp-content\/uploads\/2021\/01\/DSC7329-508x508.jpg 508w\" sizes=\"auto, (max-width: 6000px) 100vw, 6000px\" \/><\/a>\n\t\t\t<\/dt>\n\t\t\t\t<dd class='wp-caption-text gallery-caption' id='gallery-1-1272'>\n\t\t\t\tParcourir les ruines I Une lueur dans le noir\n\t\t\t\t<\/dd><\/dl><br style=\"clear: both\" \/><dl class='gallery-item'>\n\t\t\t<dt class='gallery-icon landscape'>\n\t\t\t\t<a href='https:\/\/antoinelemaire-archi-photo.fr\/index.php\/2021\/01\/10\/point-geographique-i-latitude-43-731508-longitude-7-401179\/_dsc7299\/'><img loading=\"lazy\" decoding=\"async\" width=\"6000\" height=\"6000\" src=\"https:\/\/antoinelemaire-archi-photo.fr\/wp-content\/uploads\/2021\/01\/DSC7299.jpg\" class=\"attachment-full size-full\" alt=\"Parcourir les ruines I Face au grand paysage\" aria-describedby=\"gallery-1-1269\" srcset=\"https:\/\/antoinelemaire-archi-photo.fr\/wp-content\/uploads\/2021\/01\/DSC7299.jpg 6000w, https:\/\/antoinelemaire-archi-photo.fr\/wp-content\/uploads\/2021\/01\/DSC7299-150x150.jpg 150w, https:\/\/antoinelemaire-archi-photo.fr\/wp-content\/uploads\/2021\/01\/DSC7299-300x300.jpg 300w, https:\/\/antoinelemaire-archi-photo.fr\/wp-content\/uploads\/2021\/01\/DSC7299-768x768.jpg 768w, https:\/\/antoinelemaire-archi-photo.fr\/wp-content\/uploads\/2021\/01\/DSC7299-1024x1024.jpg 1024w, https:\/\/antoinelemaire-archi-photo.fr\/wp-content\/uploads\/2021\/01\/DSC7299-1240x1240.jpg 1240w, https:\/\/antoinelemaire-archi-photo.fr\/wp-content\/uploads\/2021\/01\/DSC7299-508x508.jpg 508w\" sizes=\"auto, (max-width: 6000px) 100vw, 6000px\" \/><\/a>\n\t\t\t<\/dt>\n\t\t\t\t<dd class='wp-caption-text gallery-caption' id='gallery-1-1269'>\n\t\t\t\tParcourir les ruines I Face au grand paysage\n\t\t\t\t<\/dd><\/dl><br style=\"clear: both\" \/><dl class='gallery-item'>\n\t\t\t<dt class='gallery-icon landscape'>\n\t\t\t\t<a href='https:\/\/antoinelemaire-archi-photo.fr\/index.php\/2021\/01\/10\/point-geographique-i-latitude-43-731508-longitude-7-401179\/_dsc7358\/'><img loading=\"lazy\" decoding=\"async\" width=\"6000\" height=\"6000\" src=\"https:\/\/antoinelemaire-archi-photo.fr\/wp-content\/uploads\/2021\/01\/DSC7358.jpg\" class=\"attachment-full size-full\" alt=\"Parcourir les ruines I T\u00e2che rouge sur fond noir\" aria-describedby=\"gallery-1-1273\" srcset=\"https:\/\/antoinelemaire-archi-photo.fr\/wp-content\/uploads\/2021\/01\/DSC7358.jpg 6000w, https:\/\/antoinelemaire-archi-photo.fr\/wp-content\/uploads\/2021\/01\/DSC7358-150x150.jpg 150w, https:\/\/antoinelemaire-archi-photo.fr\/wp-content\/uploads\/2021\/01\/DSC7358-300x300.jpg 300w, https:\/\/antoinelemaire-archi-photo.fr\/wp-content\/uploads\/2021\/01\/DSC7358-768x768.jpg 768w, https:\/\/antoinelemaire-archi-photo.fr\/wp-content\/uploads\/2021\/01\/DSC7358-1024x1024.jpg 1024w, https:\/\/antoinelemaire-archi-photo.fr\/wp-content\/uploads\/2021\/01\/DSC7358-1240x1240.jpg 1240w, https:\/\/antoinelemaire-archi-photo.fr\/wp-content\/uploads\/2021\/01\/DSC7358-508x508.jpg 508w\" sizes=\"auto, (max-width: 6000px) 100vw, 6000px\" \/><\/a>\n\t\t\t<\/dt>\n\t\t\t\t<dd class='wp-caption-text gallery-caption' id='gallery-1-1273'>\n\t\t\t\tParcourir les ruines I T\u00e2che rouge sur fond noir\n\t\t\t\t<\/dd><\/dl><br style=\"clear: both\" \/><dl class='gallery-item'>\n\t\t\t<dt class='gallery-icon landscape'>\n\t\t\t\t<a href='https:\/\/antoinelemaire-archi-photo.fr\/index.php\/2021\/01\/10\/point-geographique-i-latitude-43-731508-longitude-7-401179\/_dsc7307\/'><img loading=\"lazy\" decoding=\"async\" width=\"6000\" height=\"6000\" src=\"https:\/\/antoinelemaire-archi-photo.fr\/wp-content\/uploads\/2021\/01\/DSC7307.jpg\" class=\"attachment-full size-full\" alt=\"Parcourir les ruines I Entre les ruines\" aria-describedby=\"gallery-1-1270\" srcset=\"https:\/\/antoinelemaire-archi-photo.fr\/wp-content\/uploads\/2021\/01\/DSC7307.jpg 6000w, https:\/\/antoinelemaire-archi-photo.fr\/wp-content\/uploads\/2021\/01\/DSC7307-150x150.jpg 150w, https:\/\/antoinelemaire-archi-photo.fr\/wp-content\/uploads\/2021\/01\/DSC7307-300x300.jpg 300w, https:\/\/antoinelemaire-archi-photo.fr\/wp-content\/uploads\/2021\/01\/DSC7307-768x768.jpg 768w, https:\/\/antoinelemaire-archi-photo.fr\/wp-content\/uploads\/2021\/01\/DSC7307-1024x1024.jpg 1024w, https:\/\/antoinelemaire-archi-photo.fr\/wp-content\/uploads\/2021\/01\/DSC7307-1240x1240.jpg 1240w, https:\/\/antoinelemaire-archi-photo.fr\/wp-content\/uploads\/2021\/01\/DSC7307-508x508.jpg 508w\" sizes=\"auto, (max-width: 6000px) 100vw, 6000px\" \/><\/a>\n\t\t\t<\/dt>\n\t\t\t\t<dd class='wp-caption-text gallery-caption' id='gallery-1-1270'>\n\t\t\t\tParcourir les ruines I Entre les ruines\n\t\t\t\t<\/dd><\/dl><br style=\"clear: both\" \/>\n\t\t<\/div>\n\n<p>&nbsp;<\/p>\n<p>&nbsp;<\/p>\n","protected":false},"excerpt":{"rendered":"<p>Parcourir les ruines La Turbie Avec Chlo\u00e9 Dell&rsquo;Aglio &nbsp; Photographies r\u00e9alis\u00e9es lors d&rsquo;une promenade dans les ruines d&rsquo;un ancien campement militaire sur les hauteurs de la T\u00eate de chien dans le village de La Turbie. Aujourd&rsquo;hui tagu\u00e9es de toute part, ces ruines ont la qualit\u00e9 de nous plonger dans l&rsquo;histoire de ces lieux. Lieux d&rsquo;art [&hellip;]<\/p>\n","protected":false},"author":1,"featured_media":1274,"comment_status":"open","ping_status":"open","sticky":false,"template":"","format":"standard","meta":{"_monsterinsights_skip_tracking":false,"_monsterinsights_sitenote_active":false,"_monsterinsights_sitenote_note":"","_monsterinsights_sitenote_category":0,"footnotes":""},"categories":[20],"tags":[],"class_list":["post-1267","post","type-post","status-publish","format-standard","has-post-thumbnail","hentry","category-photographie"],"_links":{"self":[{"href":"https:\/\/antoinelemaire-archi-photo.fr\/index.php\/wp-json\/wp\/v2\/posts\/1267","targetHints":{"allow":["GET"]}}],"collection":[{"href":"https:\/\/antoinelemaire-archi-photo.fr\/index.php\/wp-json\/wp\/v2\/posts"}],"about":[{"href":"https:\/\/antoinelemaire-archi-photo.fr\/index.php\/wp-json\/wp\/v2\/types\/post"}],"author":[{"embeddable":true,"href":"https:\/\/antoinelemaire-archi-photo.fr\/index.php\/wp-json\/wp\/v2\/users\/1"}],"replies":[{"embeddable":true,"href":"https:\/\/antoinelemaire-archi-photo.fr\/index.php\/wp-json\/wp\/v2\/comments?post=1267"}],"version-history":[{"count":1,"href":"https:\/\/antoinelemaire-archi-photo.fr\/index.php\/wp-json\/wp\/v2\/posts\/1267\/revisions"}],"predecessor-version":[{"id":1275,"href":"https:\/\/antoinelemaire-archi-photo.fr\/index.php\/wp-json\/wp\/v2\/posts\/1267\/revisions\/1275"}],"wp:featuredmedia":[{"embeddable":true,"href":"https:\/\/antoinelemaire-archi-photo.fr\/index.php\/wp-json\/wp\/v2\/media\/1274"}],"wp:attachment":[{"href":"https:\/\/antoinelemaire-archi-photo.fr\/index.php\/wp-json\/wp\/v2\/media?parent=1267"}],"wp:term":[{"taxonomy":"category","embeddable":true,"href":"https:\/\/antoinelemaire-archi-photo.fr\/index.php\/wp-json\/wp\/v2\/categories?post=1267"},{"taxonomy":"post_tag","embeddable":true,"href":"https:\/\/antoinelemaire-archi-photo.fr\/index.php\/wp-json\/wp\/v2\/tags?post=1267"}],"curies":[{"name":"wp","href":"https:\/\/api.w.org\/{rel}","templated":true}]}}