{"id":1198,"date":"2020-11-10T16:17:42","date_gmt":"2020-11-10T15:17:42","guid":{"rendered":"http:\/\/antoinelemaire-archi-photo.fr\/?p=1198"},"modified":"2024-03-01T00:49:37","modified_gmt":"2024-02-29T23:49:37","slug":"contraction-dun-temps","status":"publish","type":"post","link":"https:\/\/antoinelemaire-archi-photo.fr\/index.php\/2020\/11\/10\/contraction-dun-temps\/","title":{"rendered":"Contraction d&rsquo;un temps"},"content":{"rendered":"<h1 style=\"text-align: center;\">La requalification du boulevard du T\u00e9lemly<\/h1>\n<h2 style=\"text-align: center;\">Alger<\/h2>\n<p>Ce Projet de Fin d\u2019\u00e9tude est situ\u00e9 dans la ville d\u2019Alger. Le projet se propose de travailler autour d\u2019un ancien chemin de promenade, le chemin des acqueducs, aujourd\u2019hui le boulevard du T\u00e9lemly.<\/p>\n<p>Ancien quartier de vill\u00e9giatures, le T\u00e9lemly \u00e9tait pris\u00e9 par les Alg\u00e9rois pour venir s\u2019y promener. Depuis ce chemin sur les hauteurs d\u2019Alger, ils pouvaient profiter d\u2019une vue plongeante sur la ville et la baie d\u2019Alger.<span class=\"Apple-converted-space\">\u00a0<\/span><\/p>\n<p>Au fil du temps, les anciens bourgs du boulevard se sont urbanis\u00e9s pour former aujourd\u2019hui un tissu dense et h\u00e9t\u00e9roclite. Les anciennes villas de vill\u00e9giatures cotoient les projets modernes tels que l\u2019A\u00e9ro-Habitat et l\u2019immeuble Pont.<\/p>\n<p>Malheureusement, la surfr\u00e9quentation des voitures sur le boulevard ont fait de cette ancienne promenade pi\u00e9tonne un axe difficilement praticable aujourd\u2019hui. La place de la voiture est aujourd\u2019hui trop grande et les habitants du boulevard n\u2019ont plus la chance de profiter de cette balade sinueuse et verdoyante.<\/p>\n<p>C\u2019est pour cela que le projet se propose de requalifier ce boulevard, d\u2019abord par un travail de sol. Un sol qui viendra r\u00e9organiser les diff\u00e9rents usages, voitures, pi\u00e9tons, v\u00e9los, et offrir de nouveaux usages aux habitants du boulevard. Le but principal du projet est de retrouver cette promenade en augmentant le temps de travers\u00e9e du T\u00e9lemly. La voiture voit sa place diminu\u00e9e et les pi\u00e9tons peuvent \u00e0 nouveaux se r\u00e9approprier le sol du boulevard.<\/p>\n<p>En parrall\u00e8le de cela, 7 s\u00e9quences architecturales seront travaill\u00e9es en lien avec le sol du boulevard. Chaque s\u00e9quences se proposent de recr\u00e9er du lien entre le boulevard et le contexte urbain qui le borde. Que se soit en cr\u00e9ant un acc\u00e8s entre un parc et le boulevard, en facilitant le passage vers un vallon, o\u00f9 en proposant de nouveaux \u00e9quipements, chaque projet r\u00e9pondra \u00e0 trois r\u00e8gles: Recr\u00e9er du lien, proposer de nouveaux usages, et travailler un langage architectural commun.<\/p>\n\n\t\t<style type=\"text\/css\">\n\t\t\t#gallery-1 {\n\t\t\t\tmargin: auto;\n\t\t\t}\n\t\t\t#gallery-1 .gallery-item {\n\t\t\t\tfloat: left;\n\t\t\t\tmargin-top: 10px;\n\t\t\t\ttext-align: center;\n\t\t\t\twidth: 100%;\n\t\t\t}\n\t\t\t#gallery-1 img {\n\t\t\t\tborder: 2px solid #cfcfcf;\n\t\t\t}\n\t\t\t#gallery-1 .gallery-caption {\n\t\t\t\tmargin-left: 0;\n\t\t\t}\n\t\t\t\/* see gallery_shortcode() in wp-includes\/media.php *\/\n\t\t<\/style>\n\t\t<div id='gallery-1' class='gallery galleryid-1198 gallery-columns-1 gallery-size-full'><dl class='gallery-item'>\n\t\t\t<dt class='gallery-icon portrait'>\n\t\t\t\t<a href='https:\/\/antoinelemaire-archi-photo.fr\/telemly-i-2\/'><img loading=\"lazy\" decoding=\"async\" width=\"3508\" height=\"4967\" src=\"https:\/\/antoinelemaire-archi-photo.fr\/wp-content\/uploads\/2020\/11\/T\u00e9lemly-I-2.jpg\" class=\"attachment-full size-full\" alt=\"T\u00e9lemly I Contraction d&#039;un temps\" aria-describedby=\"gallery-1-1191\" srcset=\"https:\/\/antoinelemaire-archi-photo.fr\/wp-content\/uploads\/2020\/11\/T\u00e9lemly-I-2.jpg 3508w, https:\/\/antoinelemaire-archi-photo.fr\/wp-content\/uploads\/2020\/11\/T\u00e9lemly-I-2-212x300.jpg 212w, https:\/\/antoinelemaire-archi-photo.fr\/wp-content\/uploads\/2020\/11\/T\u00e9lemly-I-2-768x1087.jpg 768w, https:\/\/antoinelemaire-archi-photo.fr\/wp-content\/uploads\/2020\/11\/T\u00e9lemly-I-2-723x1024.jpg 723w, https:\/\/antoinelemaire-archi-photo.fr\/wp-content\/uploads\/2020\/11\/T\u00e9lemly-I-2-1240x1756.jpg 1240w, https:\/\/antoinelemaire-archi-photo.fr\/wp-content\/uploads\/2020\/11\/T\u00e9lemly-I-2-508x719.jpg 508w\" sizes=\"auto, (max-width: 3508px) 100vw, 3508px\" \/><\/a>\n\t\t\t<\/dt>\n\t\t\t\t<dd class='wp-caption-text gallery-caption' id='gallery-1-1191'>\n\t\t\t\tPlan de Situation\n\t\t\t\t<\/dd><\/dl><br style=\"clear: both\" \/><dl class='gallery-item'>\n\t\t\t<dt class='gallery-icon portrait'>\n\t\t\t\t<a href='https:\/\/antoinelemaire-archi-photo.fr\/telemly-i\/'><img loading=\"lazy\" decoding=\"async\" width=\"3508\" height=\"4967\" src=\"https:\/\/antoinelemaire-archi-photo.fr\/wp-content\/uploads\/2020\/11\/T\u00e9lemly-I-.jpg\" class=\"attachment-full size-full\" alt=\"T\u00e9lemly I Contraction d&#039;un temps\" aria-describedby=\"gallery-1-1192\" srcset=\"https:\/\/antoinelemaire-archi-photo.fr\/wp-content\/uploads\/2020\/11\/T\u00e9lemly-I-.jpg 3508w, https:\/\/antoinelemaire-archi-photo.fr\/wp-content\/uploads\/2020\/11\/T\u00e9lemly-I--212x300.jpg 212w, https:\/\/antoinelemaire-archi-photo.fr\/wp-content\/uploads\/2020\/11\/T\u00e9lemly-I--768x1087.jpg 768w, https:\/\/antoinelemaire-archi-photo.fr\/wp-content\/uploads\/2020\/11\/T\u00e9lemly-I--723x1024.jpg 723w, https:\/\/antoinelemaire-archi-photo.fr\/wp-content\/uploads\/2020\/11\/T\u00e9lemly-I--1240x1756.jpg 1240w, https:\/\/antoinelemaire-archi-photo.fr\/wp-content\/uploads\/2020\/11\/T\u00e9lemly-I--508x719.jpg 508w\" sizes=\"auto, (max-width: 3508px) 100vw, 3508px\" \/><\/a>\n\t\t\t<\/dt>\n\t\t\t\t<dd class='wp-caption-text gallery-caption' id='gallery-1-1192'>\n\t\t\t\tPhoto de site\n\t\t\t\t<\/dd><\/dl><br style=\"clear: both\" \/><dl class='gallery-item'>\n\t\t\t<dt class='gallery-icon landscape'>\n\t\t\t\t<a href='https:\/\/antoinelemaire-archi-photo.fr\/telemly-i-3\/'><img loading=\"lazy\" decoding=\"async\" width=\"7016\" height=\"2480\" src=\"https:\/\/antoinelemaire-archi-photo.fr\/wp-content\/uploads\/2020\/11\/T\u00e9lemly-I-3.jpg\" class=\"attachment-full size-full\" alt=\"T\u00e9lemly I Contraction d&#039;un temps\" aria-describedby=\"gallery-1-1190\" srcset=\"https:\/\/antoinelemaire-archi-photo.fr\/wp-content\/uploads\/2020\/11\/T\u00e9lemly-I-3.jpg 7016w, https:\/\/antoinelemaire-archi-photo.fr\/wp-content\/uploads\/2020\/11\/T\u00e9lemly-I-3-300x106.jpg 300w, https:\/\/antoinelemaire-archi-photo.fr\/wp-content\/uploads\/2020\/11\/T\u00e9lemly-I-3-768x271.jpg 768w, https:\/\/antoinelemaire-archi-photo.fr\/wp-content\/uploads\/2020\/11\/T\u00e9lemly-I-3-1024x362.jpg 1024w, https:\/\/antoinelemaire-archi-photo.fr\/wp-content\/uploads\/2020\/11\/T\u00e9lemly-I-3-1240x438.jpg 1240w, https:\/\/antoinelemaire-archi-photo.fr\/wp-content\/uploads\/2020\/11\/T\u00e9lemly-I-3-508x180.jpg 508w\" sizes=\"auto, (max-width: 7016px) 100vw, 7016px\" \/><\/a>\n\t\t\t<\/dt>\n\t\t\t\t<dd class='wp-caption-text gallery-caption' id='gallery-1-1190'>\n\t\t\t\tCoupe Paysag\u00e8re du Projet dans Alger\n\t\t\t\t<\/dd><\/dl><br style=\"clear: both\" \/><dl class='gallery-item'>\n\t\t\t<dt class='gallery-icon landscape'>\n\t\t\t\t<a href='https:\/\/antoinelemaire-archi-photo.fr\/telemly-i-4\/'><img loading=\"lazy\" decoding=\"async\" width=\"10524\" height=\"4967\" src=\"https:\/\/antoinelemaire-archi-photo.fr\/wp-content\/uploads\/2020\/11\/T\u00e9lemly-I-4.jpg\" class=\"attachment-full size-full\" alt=\"T\u00e9lemly I Contraction d&#039;un temps\" aria-describedby=\"gallery-1-1189\" srcset=\"https:\/\/antoinelemaire-archi-photo.fr\/wp-content\/uploads\/2020\/11\/T\u00e9lemly-I-4.jpg 10524w, https:\/\/antoinelemaire-archi-photo.fr\/wp-content\/uploads\/2020\/11\/T\u00e9lemly-I-4-300x142.jpg 300w, https:\/\/antoinelemaire-archi-photo.fr\/wp-content\/uploads\/2020\/11\/T\u00e9lemly-I-4-768x362.jpg 768w, https:\/\/antoinelemaire-archi-photo.fr\/wp-content\/uploads\/2020\/11\/T\u00e9lemly-I-4-1024x483.jpg 1024w, https:\/\/antoinelemaire-archi-photo.fr\/wp-content\/uploads\/2020\/11\/T\u00e9lemly-I-4-1240x585.jpg 1240w, https:\/\/antoinelemaire-archi-photo.fr\/wp-content\/uploads\/2020\/11\/T\u00e9lemly-I-4-508x240.jpg 508w\" sizes=\"auto, (max-width: 10524px) 100vw, 10524px\" \/><\/a>\n\t\t\t<\/dt>\n\t\t\t\t<dd class='wp-caption-text gallery-caption' id='gallery-1-1189'>\n\t\t\t\tPlan Masse \n\t\t\t\t<\/dd><\/dl><br style=\"clear: both\" \/><dl class='gallery-item'>\n\t\t\t<dt class='gallery-icon landscape'>\n\t\t\t\t<a href='https:\/\/antoinelemaire-archi-photo.fr\/telemly-i-5\/'><img loading=\"lazy\" decoding=\"async\" width=\"3508\" height=\"2480\" src=\"https:\/\/antoinelemaire-archi-photo.fr\/wp-content\/uploads\/2020\/11\/T\u00e9lemly-I-5.jpg\" class=\"attachment-full size-full\" alt=\"T\u00e9lemly I Contraction d&#039;un temps\" aria-describedby=\"gallery-1-1188\" srcset=\"https:\/\/antoinelemaire-archi-photo.fr\/wp-content\/uploads\/2020\/11\/T\u00e9lemly-I-5.jpg 3508w, https:\/\/antoinelemaire-archi-photo.fr\/wp-content\/uploads\/2020\/11\/T\u00e9lemly-I-5-300x212.jpg 300w, https:\/\/antoinelemaire-archi-photo.fr\/wp-content\/uploads\/2020\/11\/T\u00e9lemly-I-5-768x543.jpg 768w, https:\/\/antoinelemaire-archi-photo.fr\/wp-content\/uploads\/2020\/11\/T\u00e9lemly-I-5-1024x724.jpg 1024w, https:\/\/antoinelemaire-archi-photo.fr\/wp-content\/uploads\/2020\/11\/T\u00e9lemly-I-5-1240x877.jpg 1240w, https:\/\/antoinelemaire-archi-photo.fr\/wp-content\/uploads\/2020\/11\/T\u00e9lemly-I-5-508x359.jpg 508w\" sizes=\"auto, (max-width: 3508px) 100vw, 3508px\" \/><\/a>\n\t\t\t<\/dt>\n\t\t\t\t<dd class='wp-caption-text gallery-caption' id='gallery-1-1188'>\n\t\t\t\tCoupe Paysag\u00e8re I Une transition pour le T\u00e9lemly\n\t\t\t\t<\/dd><\/dl><br style=\"clear: both\" \/><dl class='gallery-item'>\n\t\t\t<dt class='gallery-icon landscape'>\n\t\t\t\t<a href='https:\/\/antoinelemaire-archi-photo.fr\/telemly-i-6\/'><img loading=\"lazy\" decoding=\"async\" width=\"3508\" height=\"2480\" src=\"https:\/\/antoinelemaire-archi-photo.fr\/wp-content\/uploads\/2020\/11\/T\u00e9lemly-I-6.jpg\" class=\"attachment-full size-full\" alt=\"T\u00e9lemly I Contraction d&#039;un temps\" aria-describedby=\"gallery-1-1187\" srcset=\"https:\/\/antoinelemaire-archi-photo.fr\/wp-content\/uploads\/2020\/11\/T\u00e9lemly-I-6.jpg 3508w, https:\/\/antoinelemaire-archi-photo.fr\/wp-content\/uploads\/2020\/11\/T\u00e9lemly-I-6-300x212.jpg 300w, https:\/\/antoinelemaire-archi-photo.fr\/wp-content\/uploads\/2020\/11\/T\u00e9lemly-I-6-768x543.jpg 768w, https:\/\/antoinelemaire-archi-photo.fr\/wp-content\/uploads\/2020\/11\/T\u00e9lemly-I-6-1024x724.jpg 1024w, https:\/\/antoinelemaire-archi-photo.fr\/wp-content\/uploads\/2020\/11\/T\u00e9lemly-I-6-1240x877.jpg 1240w, https:\/\/antoinelemaire-archi-photo.fr\/wp-content\/uploads\/2020\/11\/T\u00e9lemly-I-6-508x359.jpg 508w\" sizes=\"auto, (max-width: 3508px) 100vw, 3508px\" \/><\/a>\n\t\t\t<\/dt>\n\t\t\t\t<dd class='wp-caption-text gallery-caption' id='gallery-1-1187'>\n\t\t\t\tCoupe Paysag\u00e8re I Un socle au parc Tifirati\n\t\t\t\t<\/dd><\/dl><br style=\"clear: both\" \/><dl class='gallery-item'>\n\t\t\t<dt class='gallery-icon landscape'>\n\t\t\t\t<a href='https:\/\/antoinelemaire-archi-photo.fr\/telemly-i-7\/'><img loading=\"lazy\" decoding=\"async\" width=\"3508\" height=\"2480\" src=\"https:\/\/antoinelemaire-archi-photo.fr\/wp-content\/uploads\/2020\/11\/T\u00e9lemly-I-7.jpg\" class=\"attachment-full size-full\" alt=\"T\u00e9lemly I Contraction d&#039;un temps\" aria-describedby=\"gallery-1-1186\" srcset=\"https:\/\/antoinelemaire-archi-photo.fr\/wp-content\/uploads\/2020\/11\/T\u00e9lemly-I-7.jpg 3508w, https:\/\/antoinelemaire-archi-photo.fr\/wp-content\/uploads\/2020\/11\/T\u00e9lemly-I-7-300x212.jpg 300w, https:\/\/antoinelemaire-archi-photo.fr\/wp-content\/uploads\/2020\/11\/T\u00e9lemly-I-7-768x543.jpg 768w, https:\/\/antoinelemaire-archi-photo.fr\/wp-content\/uploads\/2020\/11\/T\u00e9lemly-I-7-1024x724.jpg 1024w, https:\/\/antoinelemaire-archi-photo.fr\/wp-content\/uploads\/2020\/11\/T\u00e9lemly-I-7-1240x877.jpg 1240w, https:\/\/antoinelemaire-archi-photo.fr\/wp-content\/uploads\/2020\/11\/T\u00e9lemly-I-7-508x359.jpg 508w\" sizes=\"auto, (max-width: 3508px) 100vw, 3508px\" \/><\/a>\n\t\t\t<\/dt>\n\t\t\t\t<dd class='wp-caption-text gallery-caption' id='gallery-1-1186'>\n\t\t\t\tCoupe Paysag\u00e8re I Un nouveau parvis \u00e0 l&rsquo;A\u00e9ro-Habitat\n\t\t\t\t<\/dd><\/dl><br style=\"clear: both\" \/><dl class='gallery-item'>\n\t\t\t<dt class='gallery-icon landscape'>\n\t\t\t\t<a href='https:\/\/antoinelemaire-archi-photo.fr\/telemly-i-8\/'><img loading=\"lazy\" decoding=\"async\" width=\"3508\" height=\"2480\" src=\"https:\/\/antoinelemaire-archi-photo.fr\/wp-content\/uploads\/2020\/11\/T\u00e9lemly-I-8.jpg\" class=\"attachment-full size-full\" alt=\"T\u00e9lemly I Contraction d&#039;un temps\" aria-describedby=\"gallery-1-1185\" srcset=\"https:\/\/antoinelemaire-archi-photo.fr\/wp-content\/uploads\/2020\/11\/T\u00e9lemly-I-8.jpg 3508w, https:\/\/antoinelemaire-archi-photo.fr\/wp-content\/uploads\/2020\/11\/T\u00e9lemly-I-8-300x212.jpg 300w, https:\/\/antoinelemaire-archi-photo.fr\/wp-content\/uploads\/2020\/11\/T\u00e9lemly-I-8-768x543.jpg 768w, https:\/\/antoinelemaire-archi-photo.fr\/wp-content\/uploads\/2020\/11\/T\u00e9lemly-I-8-1024x724.jpg 1024w, https:\/\/antoinelemaire-archi-photo.fr\/wp-content\/uploads\/2020\/11\/T\u00e9lemly-I-8-1240x877.jpg 1240w, https:\/\/antoinelemaire-archi-photo.fr\/wp-content\/uploads\/2020\/11\/T\u00e9lemly-I-8-508x359.jpg 508w\" sizes=\"auto, (max-width: 3508px) 100vw, 3508px\" \/><\/a>\n\t\t\t<\/dt>\n\t\t\t\t<dd class='wp-caption-text gallery-caption' id='gallery-1-1185'>\n\t\t\t\tCoupe Paysag\u00e8re I Une passage vers la Roberstau\n\t\t\t\t<\/dd><\/dl><br style=\"clear: both\" \/><dl class='gallery-item'>\n\t\t\t<dt class='gallery-icon landscape'>\n\t\t\t\t<a href='https:\/\/antoinelemaire-archi-photo.fr\/telemly-i-9\/'><img loading=\"lazy\" decoding=\"async\" width=\"3508\" height=\"2480\" src=\"https:\/\/antoinelemaire-archi-photo.fr\/wp-content\/uploads\/2020\/11\/T\u00e9lemly-I-9.jpg\" class=\"attachment-full size-full\" alt=\"T\u00e9lemly I Contraction d&#039;un temps\" aria-describedby=\"gallery-1-1184\" srcset=\"https:\/\/antoinelemaire-archi-photo.fr\/wp-content\/uploads\/2020\/11\/T\u00e9lemly-I-9.jpg 3508w, https:\/\/antoinelemaire-archi-photo.fr\/wp-content\/uploads\/2020\/11\/T\u00e9lemly-I-9-300x212.jpg 300w, https:\/\/antoinelemaire-archi-photo.fr\/wp-content\/uploads\/2020\/11\/T\u00e9lemly-I-9-768x543.jpg 768w, https:\/\/antoinelemaire-archi-photo.fr\/wp-content\/uploads\/2020\/11\/T\u00e9lemly-I-9-1024x724.jpg 1024w, https:\/\/antoinelemaire-archi-photo.fr\/wp-content\/uploads\/2020\/11\/T\u00e9lemly-I-9-1240x877.jpg 1240w, https:\/\/antoinelemaire-archi-photo.fr\/wp-content\/uploads\/2020\/11\/T\u00e9lemly-I-9-508x359.jpg 508w\" sizes=\"auto, (max-width: 3508px) 100vw, 3508px\" \/><\/a>\n\t\t\t<\/dt>\n\t\t\t\t<dd class='wp-caption-text gallery-caption' id='gallery-1-1184'>\n\t\t\t\tCoupe Paysag\u00e8re I Un signal pour le T\u00e9lemly\n\t\t\t\t<\/dd><\/dl><br style=\"clear: both\" \/><dl class='gallery-item'>\n\t\t\t<dt class='gallery-icon landscape'>\n\t\t\t\t<a href='https:\/\/antoinelemaire-archi-photo.fr\/telemly-i-10\/'><img loading=\"lazy\" decoding=\"async\" width=\"3508\" height=\"2480\" src=\"https:\/\/antoinelemaire-archi-photo.fr\/wp-content\/uploads\/2020\/11\/T\u00e9lemly-I-10.jpg\" class=\"attachment-full size-full\" alt=\"T\u00e9lemly I Contraction d&#039;un temps\" aria-describedby=\"gallery-1-1183\" srcset=\"https:\/\/antoinelemaire-archi-photo.fr\/wp-content\/uploads\/2020\/11\/T\u00e9lemly-I-10.jpg 3508w, https:\/\/antoinelemaire-archi-photo.fr\/wp-content\/uploads\/2020\/11\/T\u00e9lemly-I-10-300x212.jpg 300w, https:\/\/antoinelemaire-archi-photo.fr\/wp-content\/uploads\/2020\/11\/T\u00e9lemly-I-10-768x543.jpg 768w, https:\/\/antoinelemaire-archi-photo.fr\/wp-content\/uploads\/2020\/11\/T\u00e9lemly-I-10-1024x724.jpg 1024w, https:\/\/antoinelemaire-archi-photo.fr\/wp-content\/uploads\/2020\/11\/T\u00e9lemly-I-10-1240x877.jpg 1240w, https:\/\/antoinelemaire-archi-photo.fr\/wp-content\/uploads\/2020\/11\/T\u00e9lemly-I-10-508x359.jpg 508w\" sizes=\"auto, (max-width: 3508px) 100vw, 3508px\" \/><\/a>\n\t\t\t<\/dt>\n\t\t\t\t<dd class='wp-caption-text gallery-caption' id='gallery-1-1183'>\n\t\t\t\tCoupe Paysag\u00e8re I Un socle \u00e0 la mosqu\u00e9e Wartilani\n\t\t\t\t<\/dd><\/dl><br style=\"clear: both\" \/><dl class='gallery-item'>\n\t\t\t<dt class='gallery-icon landscape'>\n\t\t\t\t<a href='https:\/\/antoinelemaire-archi-photo.fr\/telemly-i-11\/'><img loading=\"lazy\" decoding=\"async\" width=\"3508\" height=\"2480\" src=\"https:\/\/antoinelemaire-archi-photo.fr\/wp-content\/uploads\/2020\/11\/T\u00e9lemly-I-11.jpg\" class=\"attachment-full size-full\" alt=\"T\u00e9lemly I Contraction d&#039;un temps\" aria-describedby=\"gallery-1-1182\" srcset=\"https:\/\/antoinelemaire-archi-photo.fr\/wp-content\/uploads\/2020\/11\/T\u00e9lemly-I-11.jpg 3508w, https:\/\/antoinelemaire-archi-photo.fr\/wp-content\/uploads\/2020\/11\/T\u00e9lemly-I-11-300x212.jpg 300w, https:\/\/antoinelemaire-archi-photo.fr\/wp-content\/uploads\/2020\/11\/T\u00e9lemly-I-11-768x543.jpg 768w, https:\/\/antoinelemaire-archi-photo.fr\/wp-content\/uploads\/2020\/11\/T\u00e9lemly-I-11-1024x724.jpg 1024w, https:\/\/antoinelemaire-archi-photo.fr\/wp-content\/uploads\/2020\/11\/T\u00e9lemly-I-11-1240x877.jpg 1240w, https:\/\/antoinelemaire-archi-photo.fr\/wp-content\/uploads\/2020\/11\/T\u00e9lemly-I-11-508x359.jpg 508w\" sizes=\"auto, (max-width: 3508px) 100vw, 3508px\" \/><\/a>\n\t\t\t<\/dt>\n\t\t\t\t<dd class='wp-caption-text gallery-caption' id='gallery-1-1182'>\n\t\t\t\tCoupe Paysag\u00e8re I Un pavillon des sept merveilles\n\t\t\t\t<\/dd><\/dl><br style=\"clear: both\" \/><dl class='gallery-item'>\n\t\t\t<dt class='gallery-icon portrait'>\n\t\t\t\t<a href='https:\/\/antoinelemaire-archi-photo.fr\/telemly-i-12\/'><img loading=\"lazy\" decoding=\"async\" width=\"3508\" height=\"4967\" src=\"https:\/\/antoinelemaire-archi-photo.fr\/wp-content\/uploads\/2020\/11\/T\u00e9lemly-I-12.jpg\" class=\"attachment-full size-full\" alt=\"T\u00e9lemly I Contraction d&#039;un temps\" aria-describedby=\"gallery-1-1181\" srcset=\"https:\/\/antoinelemaire-archi-photo.fr\/wp-content\/uploads\/2020\/11\/T\u00e9lemly-I-12.jpg 3508w, https:\/\/antoinelemaire-archi-photo.fr\/wp-content\/uploads\/2020\/11\/T\u00e9lemly-I-12-212x300.jpg 212w, https:\/\/antoinelemaire-archi-photo.fr\/wp-content\/uploads\/2020\/11\/T\u00e9lemly-I-12-768x1087.jpg 768w, https:\/\/antoinelemaire-archi-photo.fr\/wp-content\/uploads\/2020\/11\/T\u00e9lemly-I-12-723x1024.jpg 723w, https:\/\/antoinelemaire-archi-photo.fr\/wp-content\/uploads\/2020\/11\/T\u00e9lemly-I-12-1240x1756.jpg 1240w, https:\/\/antoinelemaire-archi-photo.fr\/wp-content\/uploads\/2020\/11\/T\u00e9lemly-I-12-508x719.jpg 508w\" sizes=\"auto, (max-width: 3508px) 100vw, 3508px\" \/><\/a>\n\t\t\t<\/dt>\n\t\t\t\t<dd class='wp-caption-text gallery-caption' id='gallery-1-1181'>\n\t\t\t\tPlan RDC \n\t\t\t\t<\/dd><\/dl><br style=\"clear: both\" \/><dl class='gallery-item'>\n\t\t\t<dt class='gallery-icon portrait'>\n\t\t\t\t<a href='https:\/\/antoinelemaire-archi-photo.fr\/telemly-i-13\/'><img loading=\"lazy\" decoding=\"async\" width=\"3508\" height=\"4967\" src=\"https:\/\/antoinelemaire-archi-photo.fr\/wp-content\/uploads\/2020\/11\/T\u00e9lemly-I-13.jpg\" class=\"attachment-full size-full\" alt=\"T\u00e9lemly I Contraction d&#039;un temps\" aria-describedby=\"gallery-1-1180\" srcset=\"https:\/\/antoinelemaire-archi-photo.fr\/wp-content\/uploads\/2020\/11\/T\u00e9lemly-I-13.jpg 3508w, https:\/\/antoinelemaire-archi-photo.fr\/wp-content\/uploads\/2020\/11\/T\u00e9lemly-I-13-212x300.jpg 212w, https:\/\/antoinelemaire-archi-photo.fr\/wp-content\/uploads\/2020\/11\/T\u00e9lemly-I-13-768x1087.jpg 768w, https:\/\/antoinelemaire-archi-photo.fr\/wp-content\/uploads\/2020\/11\/T\u00e9lemly-I-13-723x1024.jpg 723w, https:\/\/antoinelemaire-archi-photo.fr\/wp-content\/uploads\/2020\/11\/T\u00e9lemly-I-13-1240x1756.jpg 1240w, https:\/\/antoinelemaire-archi-photo.fr\/wp-content\/uploads\/2020\/11\/T\u00e9lemly-I-13-508x719.jpg 508w\" sizes=\"auto, (max-width: 3508px) 100vw, 3508px\" \/><\/a>\n\t\t\t<\/dt>\n\t\t\t\t<dd class='wp-caption-text gallery-caption' id='gallery-1-1180'>\n\t\t\t\tCoupes et Fa\u00e7ade \n\t\t\t\t<\/dd><\/dl><br style=\"clear: both\" \/><dl class='gallery-item'>\n\t\t\t<dt class='gallery-icon portrait'>\n\t\t\t\t<a href='https:\/\/antoinelemaire-archi-photo.fr\/telemly-i-14\/'><img loading=\"lazy\" decoding=\"async\" width=\"3508\" height=\"4967\" src=\"https:\/\/antoinelemaire-archi-photo.fr\/wp-content\/uploads\/2020\/11\/T\u00e9lemly-I-14.jpg\" class=\"attachment-full size-full\" alt=\"T\u00e9lemly I Contraction d&#039;un temps\" aria-describedby=\"gallery-1-1179\" srcset=\"https:\/\/antoinelemaire-archi-photo.fr\/wp-content\/uploads\/2020\/11\/T\u00e9lemly-I-14.jpg 3508w, https:\/\/antoinelemaire-archi-photo.fr\/wp-content\/uploads\/2020\/11\/T\u00e9lemly-I-14-212x300.jpg 212w, https:\/\/antoinelemaire-archi-photo.fr\/wp-content\/uploads\/2020\/11\/T\u00e9lemly-I-14-768x1087.jpg 768w, https:\/\/antoinelemaire-archi-photo.fr\/wp-content\/uploads\/2020\/11\/T\u00e9lemly-I-14-723x1024.jpg 723w, https:\/\/antoinelemaire-archi-photo.fr\/wp-content\/uploads\/2020\/11\/T\u00e9lemly-I-14-1240x1756.jpg 1240w, https:\/\/antoinelemaire-archi-photo.fr\/wp-content\/uploads\/2020\/11\/T\u00e9lemly-I-14-508x719.jpg 508w\" sizes=\"auto, (max-width: 3508px) 100vw, 3508px\" \/><\/a>\n\t\t\t<\/dt>\n\t\t\t\t<dd class='wp-caption-text gallery-caption' id='gallery-1-1179'>\n\t\t\t\tCoupe d\u00e9tail\n\t\t\t\t<\/dd><\/dl><br style=\"clear: both\" \/><dl class='gallery-item'>\n\t\t\t<dt class='gallery-icon portrait'>\n\t\t\t\t<a href='https:\/\/antoinelemaire-archi-photo.fr\/telemly-i-15\/'><img loading=\"lazy\" decoding=\"async\" width=\"3508\" height=\"4967\" src=\"https:\/\/antoinelemaire-archi-photo.fr\/wp-content\/uploads\/2020\/11\/T\u00e9lemly-I-15.jpg\" class=\"attachment-full size-full\" alt=\"T\u00e9lemly I Contraction d&#039;un temps\" aria-describedby=\"gallery-1-1178\" srcset=\"https:\/\/antoinelemaire-archi-photo.fr\/wp-content\/uploads\/2020\/11\/T\u00e9lemly-I-15.jpg 3508w, https:\/\/antoinelemaire-archi-photo.fr\/wp-content\/uploads\/2020\/11\/T\u00e9lemly-I-15-212x300.jpg 212w, https:\/\/antoinelemaire-archi-photo.fr\/wp-content\/uploads\/2020\/11\/T\u00e9lemly-I-15-768x1087.jpg 768w, https:\/\/antoinelemaire-archi-photo.fr\/wp-content\/uploads\/2020\/11\/T\u00e9lemly-I-15-723x1024.jpg 723w, https:\/\/antoinelemaire-archi-photo.fr\/wp-content\/uploads\/2020\/11\/T\u00e9lemly-I-15-1240x1756.jpg 1240w, https:\/\/antoinelemaire-archi-photo.fr\/wp-content\/uploads\/2020\/11\/T\u00e9lemly-I-15-508x719.jpg 508w\" sizes=\"auto, (max-width: 3508px) 100vw, 3508px\" \/><\/a>\n\t\t\t<\/dt>\n\t\t\t\t<dd class='wp-caption-text gallery-caption' id='gallery-1-1178'>\n\t\t\t\tPlan RDC \n\t\t\t\t<\/dd><\/dl><br style=\"clear: both\" \/><dl class='gallery-item'>\n\t\t\t<dt class='gallery-icon portrait'>\n\t\t\t\t<a href='https:\/\/antoinelemaire-archi-photo.fr\/telemly-i-16\/'><img loading=\"lazy\" decoding=\"async\" width=\"3508\" height=\"4967\" src=\"https:\/\/antoinelemaire-archi-photo.fr\/wp-content\/uploads\/2020\/11\/T\u00e9lemly-I-16.jpg\" class=\"attachment-full size-full\" alt=\"T\u00e9lemly I Contraction d&#039;un temps\" aria-describedby=\"gallery-1-1177\" srcset=\"https:\/\/antoinelemaire-archi-photo.fr\/wp-content\/uploads\/2020\/11\/T\u00e9lemly-I-16.jpg 3508w, https:\/\/antoinelemaire-archi-photo.fr\/wp-content\/uploads\/2020\/11\/T\u00e9lemly-I-16-212x300.jpg 212w, https:\/\/antoinelemaire-archi-photo.fr\/wp-content\/uploads\/2020\/11\/T\u00e9lemly-I-16-768x1087.jpg 768w, https:\/\/antoinelemaire-archi-photo.fr\/wp-content\/uploads\/2020\/11\/T\u00e9lemly-I-16-723x1024.jpg 723w, https:\/\/antoinelemaire-archi-photo.fr\/wp-content\/uploads\/2020\/11\/T\u00e9lemly-I-16-1240x1756.jpg 1240w, https:\/\/antoinelemaire-archi-photo.fr\/wp-content\/uploads\/2020\/11\/T\u00e9lemly-I-16-508x719.jpg 508w\" sizes=\"auto, (max-width: 3508px) 100vw, 3508px\" \/><\/a>\n\t\t\t<\/dt>\n\t\t\t\t<dd class='wp-caption-text gallery-caption' id='gallery-1-1177'>\n\t\t\t\tCoupes et Fa\u00e7ade \n\t\t\t\t<\/dd><\/dl><br style=\"clear: both\" \/><dl class='gallery-item'>\n\t\t\t<dt class='gallery-icon portrait'>\n\t\t\t\t<a href='https:\/\/antoinelemaire-archi-photo.fr\/telemly-i-17\/'><img loading=\"lazy\" decoding=\"async\" width=\"3508\" height=\"4967\" src=\"https:\/\/antoinelemaire-archi-photo.fr\/wp-content\/uploads\/2020\/11\/T\u00e9lemly-I-17.jpg\" class=\"attachment-full size-full\" alt=\"T\u00e9lemly I Contraction d&#039;un temps\" aria-describedby=\"gallery-1-1176\" srcset=\"https:\/\/antoinelemaire-archi-photo.fr\/wp-content\/uploads\/2020\/11\/T\u00e9lemly-I-17.jpg 3508w, https:\/\/antoinelemaire-archi-photo.fr\/wp-content\/uploads\/2020\/11\/T\u00e9lemly-I-17-212x300.jpg 212w, https:\/\/antoinelemaire-archi-photo.fr\/wp-content\/uploads\/2020\/11\/T\u00e9lemly-I-17-768x1087.jpg 768w, https:\/\/antoinelemaire-archi-photo.fr\/wp-content\/uploads\/2020\/11\/T\u00e9lemly-I-17-723x1024.jpg 723w, https:\/\/antoinelemaire-archi-photo.fr\/wp-content\/uploads\/2020\/11\/T\u00e9lemly-I-17-1240x1756.jpg 1240w, https:\/\/antoinelemaire-archi-photo.fr\/wp-content\/uploads\/2020\/11\/T\u00e9lemly-I-17-508x719.jpg 508w\" sizes=\"auto, (max-width: 3508px) 100vw, 3508px\" \/><\/a>\n\t\t\t<\/dt>\n\t\t\t\t<dd class='wp-caption-text gallery-caption' id='gallery-1-1176'>\n\t\t\t\tCoupe d\u00e9tail\n\t\t\t\t<\/dd><\/dl><br style=\"clear: both\" \/><dl class='gallery-item'>\n\t\t\t<dt class='gallery-icon portrait'>\n\t\t\t\t<a href='https:\/\/antoinelemaire-archi-photo.fr\/telemly-i-18\/'><img loading=\"lazy\" decoding=\"async\" width=\"3508\" height=\"4967\" src=\"https:\/\/antoinelemaire-archi-photo.fr\/wp-content\/uploads\/2020\/11\/T\u00e9lemly-I-18.jpg\" class=\"attachment-full size-full\" alt=\"T\u00e9lemly I Contraction d&#039;un temps\" aria-describedby=\"gallery-1-1175\" srcset=\"https:\/\/antoinelemaire-archi-photo.fr\/wp-content\/uploads\/2020\/11\/T\u00e9lemly-I-18.jpg 3508w, https:\/\/antoinelemaire-archi-photo.fr\/wp-content\/uploads\/2020\/11\/T\u00e9lemly-I-18-212x300.jpg 212w, https:\/\/antoinelemaire-archi-photo.fr\/wp-content\/uploads\/2020\/11\/T\u00e9lemly-I-18-768x1087.jpg 768w, https:\/\/antoinelemaire-archi-photo.fr\/wp-content\/uploads\/2020\/11\/T\u00e9lemly-I-18-723x1024.jpg 723w, https:\/\/antoinelemaire-archi-photo.fr\/wp-content\/uploads\/2020\/11\/T\u00e9lemly-I-18-1240x1756.jpg 1240w, https:\/\/antoinelemaire-archi-photo.fr\/wp-content\/uploads\/2020\/11\/T\u00e9lemly-I-18-508x719.jpg 508w\" sizes=\"auto, (max-width: 3508px) 100vw, 3508px\" \/><\/a>\n\t\t\t<\/dt>\n\t\t\t\t<dd class='wp-caption-text gallery-caption' id='gallery-1-1175'>\n\t\t\t\tPlan RDC \n\t\t\t\t<\/dd><\/dl><br style=\"clear: both\" \/><dl class='gallery-item'>\n\t\t\t<dt class='gallery-icon portrait'>\n\t\t\t\t<a href='https:\/\/antoinelemaire-archi-photo.fr\/telemly-i-19\/'><img loading=\"lazy\" decoding=\"async\" width=\"3508\" height=\"4967\" src=\"https:\/\/antoinelemaire-archi-photo.fr\/wp-content\/uploads\/2020\/11\/T\u00e9lemly-I-19.jpg\" class=\"attachment-full size-full\" alt=\"T\u00e9lemly I Contraction d&#039;un temps\" aria-describedby=\"gallery-1-1174\" srcset=\"https:\/\/antoinelemaire-archi-photo.fr\/wp-content\/uploads\/2020\/11\/T\u00e9lemly-I-19.jpg 3508w, https:\/\/antoinelemaire-archi-photo.fr\/wp-content\/uploads\/2020\/11\/T\u00e9lemly-I-19-212x300.jpg 212w, https:\/\/antoinelemaire-archi-photo.fr\/wp-content\/uploads\/2020\/11\/T\u00e9lemly-I-19-768x1087.jpg 768w, https:\/\/antoinelemaire-archi-photo.fr\/wp-content\/uploads\/2020\/11\/T\u00e9lemly-I-19-723x1024.jpg 723w, https:\/\/antoinelemaire-archi-photo.fr\/wp-content\/uploads\/2020\/11\/T\u00e9lemly-I-19-1240x1756.jpg 1240w, https:\/\/antoinelemaire-archi-photo.fr\/wp-content\/uploads\/2020\/11\/T\u00e9lemly-I-19-508x719.jpg 508w\" sizes=\"auto, (max-width: 3508px) 100vw, 3508px\" \/><\/a>\n\t\t\t<\/dt>\n\t\t\t\t<dd class='wp-caption-text gallery-caption' id='gallery-1-1174'>\n\t\t\t\tCoupes et Fa\u00e7ade \n\t\t\t\t<\/dd><\/dl><br style=\"clear: both\" \/><dl class='gallery-item'>\n\t\t\t<dt class='gallery-icon portrait'>\n\t\t\t\t<a href='https:\/\/antoinelemaire-archi-photo.fr\/telemly-i-20\/'><img loading=\"lazy\" decoding=\"async\" width=\"3508\" height=\"4967\" src=\"https:\/\/antoinelemaire-archi-photo.fr\/wp-content\/uploads\/2020\/11\/T\u00e9lemly-I-20.jpg\" class=\"attachment-full size-full\" alt=\"T\u00e9lemly I Contraction d&#039;un temps\" aria-describedby=\"gallery-1-1173\" srcset=\"https:\/\/antoinelemaire-archi-photo.fr\/wp-content\/uploads\/2020\/11\/T\u00e9lemly-I-20.jpg 3508w, https:\/\/antoinelemaire-archi-photo.fr\/wp-content\/uploads\/2020\/11\/T\u00e9lemly-I-20-212x300.jpg 212w, https:\/\/antoinelemaire-archi-photo.fr\/wp-content\/uploads\/2020\/11\/T\u00e9lemly-I-20-768x1087.jpg 768w, https:\/\/antoinelemaire-archi-photo.fr\/wp-content\/uploads\/2020\/11\/T\u00e9lemly-I-20-723x1024.jpg 723w, https:\/\/antoinelemaire-archi-photo.fr\/wp-content\/uploads\/2020\/11\/T\u00e9lemly-I-20-1240x1756.jpg 1240w, https:\/\/antoinelemaire-archi-photo.fr\/wp-content\/uploads\/2020\/11\/T\u00e9lemly-I-20-508x719.jpg 508w\" sizes=\"auto, (max-width: 3508px) 100vw, 3508px\" \/><\/a>\n\t\t\t<\/dt>\n\t\t\t\t<dd class='wp-caption-text gallery-caption' id='gallery-1-1173'>\n\t\t\t\tCoupe d\u00e9tail\n\t\t\t\t<\/dd><\/dl><br style=\"clear: both\" \/><dl class='gallery-item'>\n\t\t\t<dt class='gallery-icon portrait'>\n\t\t\t\t<a href='https:\/\/antoinelemaire-archi-photo.fr\/telemly-i-21\/'><img loading=\"lazy\" decoding=\"async\" width=\"3508\" height=\"4967\" src=\"https:\/\/antoinelemaire-archi-photo.fr\/wp-content\/uploads\/2020\/11\/T\u00e9lemly-I-21.jpg\" class=\"attachment-full size-full\" alt=\"T\u00e9lemly I Contraction d&#039;un temps\" aria-describedby=\"gallery-1-1172\" srcset=\"https:\/\/antoinelemaire-archi-photo.fr\/wp-content\/uploads\/2020\/11\/T\u00e9lemly-I-21.jpg 3508w, https:\/\/antoinelemaire-archi-photo.fr\/wp-content\/uploads\/2020\/11\/T\u00e9lemly-I-21-212x300.jpg 212w, https:\/\/antoinelemaire-archi-photo.fr\/wp-content\/uploads\/2020\/11\/T\u00e9lemly-I-21-768x1087.jpg 768w, https:\/\/antoinelemaire-archi-photo.fr\/wp-content\/uploads\/2020\/11\/T\u00e9lemly-I-21-723x1024.jpg 723w, https:\/\/antoinelemaire-archi-photo.fr\/wp-content\/uploads\/2020\/11\/T\u00e9lemly-I-21-1240x1756.jpg 1240w, https:\/\/antoinelemaire-archi-photo.fr\/wp-content\/uploads\/2020\/11\/T\u00e9lemly-I-21-508x719.jpg 508w\" sizes=\"auto, (max-width: 3508px) 100vw, 3508px\" \/><\/a>\n\t\t\t<\/dt>\n\t\t\t\t<dd class='wp-caption-text gallery-caption' id='gallery-1-1172'>\n\t\t\t\tPlan RDC \n\t\t\t\t<\/dd><\/dl><br style=\"clear: both\" \/><dl class='gallery-item'>\n\t\t\t<dt class='gallery-icon portrait'>\n\t\t\t\t<a href='https:\/\/antoinelemaire-archi-photo.fr\/telemly-i-22\/'><img loading=\"lazy\" decoding=\"async\" width=\"3508\" height=\"4967\" src=\"https:\/\/antoinelemaire-archi-photo.fr\/wp-content\/uploads\/2020\/11\/T\u00e9lemly-I-22.jpg\" class=\"attachment-full size-full\" alt=\"T\u00e9lemly I Contraction d&#039;un temps\" aria-describedby=\"gallery-1-1171\" srcset=\"https:\/\/antoinelemaire-archi-photo.fr\/wp-content\/uploads\/2020\/11\/T\u00e9lemly-I-22.jpg 3508w, https:\/\/antoinelemaire-archi-photo.fr\/wp-content\/uploads\/2020\/11\/T\u00e9lemly-I-22-212x300.jpg 212w, https:\/\/antoinelemaire-archi-photo.fr\/wp-content\/uploads\/2020\/11\/T\u00e9lemly-I-22-768x1087.jpg 768w, https:\/\/antoinelemaire-archi-photo.fr\/wp-content\/uploads\/2020\/11\/T\u00e9lemly-I-22-723x1024.jpg 723w, https:\/\/antoinelemaire-archi-photo.fr\/wp-content\/uploads\/2020\/11\/T\u00e9lemly-I-22-1240x1756.jpg 1240w, https:\/\/antoinelemaire-archi-photo.fr\/wp-content\/uploads\/2020\/11\/T\u00e9lemly-I-22-508x719.jpg 508w\" sizes=\"auto, (max-width: 3508px) 100vw, 3508px\" \/><\/a>\n\t\t\t<\/dt>\n\t\t\t\t<dd class='wp-caption-text gallery-caption' id='gallery-1-1171'>\n\t\t\t\tCoupes et Fa\u00e7ade \n\t\t\t\t<\/dd><\/dl><br style=\"clear: both\" \/><dl class='gallery-item'>\n\t\t\t<dt class='gallery-icon portrait'>\n\t\t\t\t<a href='https:\/\/antoinelemaire-archi-photo.fr\/telemly-i-23\/'><img loading=\"lazy\" decoding=\"async\" width=\"3508\" height=\"4967\" src=\"https:\/\/antoinelemaire-archi-photo.fr\/wp-content\/uploads\/2020\/11\/T\u00e9lemly-I-23.jpg\" class=\"attachment-full size-full\" alt=\"T\u00e9lemly I Contraction d&#039;un temps\" aria-describedby=\"gallery-1-1170\" srcset=\"https:\/\/antoinelemaire-archi-photo.fr\/wp-content\/uploads\/2020\/11\/T\u00e9lemly-I-23.jpg 3508w, https:\/\/antoinelemaire-archi-photo.fr\/wp-content\/uploads\/2020\/11\/T\u00e9lemly-I-23-212x300.jpg 212w, https:\/\/antoinelemaire-archi-photo.fr\/wp-content\/uploads\/2020\/11\/T\u00e9lemly-I-23-768x1087.jpg 768w, https:\/\/antoinelemaire-archi-photo.fr\/wp-content\/uploads\/2020\/11\/T\u00e9lemly-I-23-723x1024.jpg 723w, https:\/\/antoinelemaire-archi-photo.fr\/wp-content\/uploads\/2020\/11\/T\u00e9lemly-I-23-1240x1756.jpg 1240w, https:\/\/antoinelemaire-archi-photo.fr\/wp-content\/uploads\/2020\/11\/T\u00e9lemly-I-23-508x719.jpg 508w\" sizes=\"auto, (max-width: 3508px) 100vw, 3508px\" \/><\/a>\n\t\t\t<\/dt>\n\t\t\t\t<dd class='wp-caption-text gallery-caption' id='gallery-1-1170'>\n\t\t\t\tCoupe d\u00e9tail\n\t\t\t\t<\/dd><\/dl><br style=\"clear: both\" \/><dl class='gallery-item'>\n\t\t\t<dt class='gallery-icon portrait'>\n\t\t\t\t<a href='https:\/\/antoinelemaire-archi-photo.fr\/telemly-i-24\/'><img loading=\"lazy\" decoding=\"async\" width=\"3508\" height=\"4967\" src=\"https:\/\/antoinelemaire-archi-photo.fr\/wp-content\/uploads\/2020\/11\/T\u00e9lemly-I-24.jpg\" class=\"attachment-full size-full\" alt=\"T\u00e9lemly I Contraction d&#039;un temps\" aria-describedby=\"gallery-1-1169\" srcset=\"https:\/\/antoinelemaire-archi-photo.fr\/wp-content\/uploads\/2020\/11\/T\u00e9lemly-I-24.jpg 3508w, https:\/\/antoinelemaire-archi-photo.fr\/wp-content\/uploads\/2020\/11\/T\u00e9lemly-I-24-212x300.jpg 212w, https:\/\/antoinelemaire-archi-photo.fr\/wp-content\/uploads\/2020\/11\/T\u00e9lemly-I-24-768x1087.jpg 768w, https:\/\/antoinelemaire-archi-photo.fr\/wp-content\/uploads\/2020\/11\/T\u00e9lemly-I-24-723x1024.jpg 723w, https:\/\/antoinelemaire-archi-photo.fr\/wp-content\/uploads\/2020\/11\/T\u00e9lemly-I-24-1240x1756.jpg 1240w, https:\/\/antoinelemaire-archi-photo.fr\/wp-content\/uploads\/2020\/11\/T\u00e9lemly-I-24-508x719.jpg 508w\" sizes=\"auto, (max-width: 3508px) 100vw, 3508px\" \/><\/a>\n\t\t\t<\/dt>\n\t\t\t\t<dd class='wp-caption-text gallery-caption' id='gallery-1-1169'>\n\t\t\t\tPlan RDC \n\t\t\t\t<\/dd><\/dl><br style=\"clear: both\" \/><dl class='gallery-item'>\n\t\t\t<dt class='gallery-icon portrait'>\n\t\t\t\t<a href='https:\/\/antoinelemaire-archi-photo.fr\/telemly-i-25\/'><img loading=\"lazy\" decoding=\"async\" width=\"3508\" height=\"4967\" src=\"https:\/\/antoinelemaire-archi-photo.fr\/wp-content\/uploads\/2020\/11\/T\u00e9lemly-I-25.jpg\" class=\"attachment-full size-full\" alt=\"T\u00e9lemly I Contraction d&#039;un temps\" aria-describedby=\"gallery-1-1168\" srcset=\"https:\/\/antoinelemaire-archi-photo.fr\/wp-content\/uploads\/2020\/11\/T\u00e9lemly-I-25.jpg 3508w, https:\/\/antoinelemaire-archi-photo.fr\/wp-content\/uploads\/2020\/11\/T\u00e9lemly-I-25-212x300.jpg 212w, https:\/\/antoinelemaire-archi-photo.fr\/wp-content\/uploads\/2020\/11\/T\u00e9lemly-I-25-768x1087.jpg 768w, https:\/\/antoinelemaire-archi-photo.fr\/wp-content\/uploads\/2020\/11\/T\u00e9lemly-I-25-723x1024.jpg 723w, https:\/\/antoinelemaire-archi-photo.fr\/wp-content\/uploads\/2020\/11\/T\u00e9lemly-I-25-1240x1756.jpg 1240w, https:\/\/antoinelemaire-archi-photo.fr\/wp-content\/uploads\/2020\/11\/T\u00e9lemly-I-25-508x719.jpg 508w\" sizes=\"auto, (max-width: 3508px) 100vw, 3508px\" \/><\/a>\n\t\t\t<\/dt>\n\t\t\t\t<dd class='wp-caption-text gallery-caption' id='gallery-1-1168'>\n\t\t\t\tPlan RDC \n\t\t\t\t<\/dd><\/dl><br style=\"clear: both\" \/><dl class='gallery-item'>\n\t\t\t<dt class='gallery-icon portrait'>\n\t\t\t\t<a href='https:\/\/antoinelemaire-archi-photo.fr\/telemly-i-26\/'><img loading=\"lazy\" decoding=\"async\" width=\"3508\" height=\"4967\" src=\"https:\/\/antoinelemaire-archi-photo.fr\/wp-content\/uploads\/2020\/11\/T\u00e9lemly-I-26.jpg\" class=\"attachment-full size-full\" alt=\"T\u00e9lemly I Contraction d&#039;un temps\" aria-describedby=\"gallery-1-1167\" srcset=\"https:\/\/antoinelemaire-archi-photo.fr\/wp-content\/uploads\/2020\/11\/T\u00e9lemly-I-26.jpg 3508w, https:\/\/antoinelemaire-archi-photo.fr\/wp-content\/uploads\/2020\/11\/T\u00e9lemly-I-26-212x300.jpg 212w, https:\/\/antoinelemaire-archi-photo.fr\/wp-content\/uploads\/2020\/11\/T\u00e9lemly-I-26-768x1087.jpg 768w, https:\/\/antoinelemaire-archi-photo.fr\/wp-content\/uploads\/2020\/11\/T\u00e9lemly-I-26-723x1024.jpg 723w, https:\/\/antoinelemaire-archi-photo.fr\/wp-content\/uploads\/2020\/11\/T\u00e9lemly-I-26-1240x1756.jpg 1240w, https:\/\/antoinelemaire-archi-photo.fr\/wp-content\/uploads\/2020\/11\/T\u00e9lemly-I-26-508x719.jpg 508w\" sizes=\"auto, (max-width: 3508px) 100vw, 3508px\" \/><\/a>\n\t\t\t<\/dt>\n\t\t\t\t<dd class='wp-caption-text gallery-caption' id='gallery-1-1167'>\n\t\t\t\tCoupe\n\t\t\t\t<\/dd><\/dl><br style=\"clear: both\" \/><dl class='gallery-item'>\n\t\t\t<dt class='gallery-icon portrait'>\n\t\t\t\t<a href='https:\/\/antoinelemaire-archi-photo.fr\/telemly-i-27\/'><img loading=\"lazy\" decoding=\"async\" width=\"3508\" height=\"4967\" src=\"https:\/\/antoinelemaire-archi-photo.fr\/wp-content\/uploads\/2020\/11\/T\u00e9lemly-I-27.jpg\" class=\"attachment-full size-full\" alt=\"T\u00e9lemly I Contraction d&#039;un temps\" aria-describedby=\"gallery-1-1166\" srcset=\"https:\/\/antoinelemaire-archi-photo.fr\/wp-content\/uploads\/2020\/11\/T\u00e9lemly-I-27.jpg 3508w, https:\/\/antoinelemaire-archi-photo.fr\/wp-content\/uploads\/2020\/11\/T\u00e9lemly-I-27-212x300.jpg 212w, https:\/\/antoinelemaire-archi-photo.fr\/wp-content\/uploads\/2020\/11\/T\u00e9lemly-I-27-768x1087.jpg 768w, https:\/\/antoinelemaire-archi-photo.fr\/wp-content\/uploads\/2020\/11\/T\u00e9lemly-I-27-723x1024.jpg 723w, https:\/\/antoinelemaire-archi-photo.fr\/wp-content\/uploads\/2020\/11\/T\u00e9lemly-I-27-1240x1756.jpg 1240w, https:\/\/antoinelemaire-archi-photo.fr\/wp-content\/uploads\/2020\/11\/T\u00e9lemly-I-27-508x719.jpg 508w\" sizes=\"auto, (max-width: 3508px) 100vw, 3508px\" \/><\/a>\n\t\t\t<\/dt>\n\t\t\t\t<dd class='wp-caption-text gallery-caption' id='gallery-1-1166'>\n\t\t\t\tPlan d\u00e9tail des logements, Coupe d\u00e9tail\n\t\t\t\t<\/dd><\/dl><br style=\"clear: both\" \/><dl class='gallery-item'>\n\t\t\t<dt class='gallery-icon portrait'>\n\t\t\t\t<a href='https:\/\/antoinelemaire-archi-photo.fr\/telemly-i-28\/'><img loading=\"lazy\" decoding=\"async\" width=\"3508\" height=\"4967\" src=\"https:\/\/antoinelemaire-archi-photo.fr\/wp-content\/uploads\/2020\/11\/T\u00e9lemly-I-28.jpg\" class=\"attachment-full size-full\" alt=\"T\u00e9lemly I Contraction d&#039;un temps\" aria-describedby=\"gallery-1-1165\" srcset=\"https:\/\/antoinelemaire-archi-photo.fr\/wp-content\/uploads\/2020\/11\/T\u00e9lemly-I-28.jpg 3508w, https:\/\/antoinelemaire-archi-photo.fr\/wp-content\/uploads\/2020\/11\/T\u00e9lemly-I-28-212x300.jpg 212w, https:\/\/antoinelemaire-archi-photo.fr\/wp-content\/uploads\/2020\/11\/T\u00e9lemly-I-28-768x1087.jpg 768w, https:\/\/antoinelemaire-archi-photo.fr\/wp-content\/uploads\/2020\/11\/T\u00e9lemly-I-28-723x1024.jpg 723w, https:\/\/antoinelemaire-archi-photo.fr\/wp-content\/uploads\/2020\/11\/T\u00e9lemly-I-28-1240x1756.jpg 1240w, https:\/\/antoinelemaire-archi-photo.fr\/wp-content\/uploads\/2020\/11\/T\u00e9lemly-I-28-508x719.jpg 508w\" sizes=\"auto, (max-width: 3508px) 100vw, 3508px\" \/><\/a>\n\t\t\t<\/dt>\n\t\t\t\t<dd class='wp-caption-text gallery-caption' id='gallery-1-1165'>\n\t\t\t\tFa\u00e7ade\n\t\t\t\t<\/dd><\/dl><br style=\"clear: both\" \/><dl class='gallery-item'>\n\t\t\t<dt class='gallery-icon portrait'>\n\t\t\t\t<a href='https:\/\/antoinelemaire-archi-photo.fr\/telemly-i-29\/'><img loading=\"lazy\" decoding=\"async\" width=\"3508\" height=\"4967\" src=\"https:\/\/antoinelemaire-archi-photo.fr\/wp-content\/uploads\/2020\/11\/T\u00e9lemly-I-29.jpg\" class=\"attachment-full size-full\" alt=\"T\u00e9lemly I Contraction d&#039;un temps\" aria-describedby=\"gallery-1-1164\" srcset=\"https:\/\/antoinelemaire-archi-photo.fr\/wp-content\/uploads\/2020\/11\/T\u00e9lemly-I-29.jpg 3508w, https:\/\/antoinelemaire-archi-photo.fr\/wp-content\/uploads\/2020\/11\/T\u00e9lemly-I-29-212x300.jpg 212w, https:\/\/antoinelemaire-archi-photo.fr\/wp-content\/uploads\/2020\/11\/T\u00e9lemly-I-29-768x1087.jpg 768w, https:\/\/antoinelemaire-archi-photo.fr\/wp-content\/uploads\/2020\/11\/T\u00e9lemly-I-29-723x1024.jpg 723w, https:\/\/antoinelemaire-archi-photo.fr\/wp-content\/uploads\/2020\/11\/T\u00e9lemly-I-29-1240x1756.jpg 1240w, https:\/\/antoinelemaire-archi-photo.fr\/wp-content\/uploads\/2020\/11\/T\u00e9lemly-I-29-508x719.jpg 508w\" sizes=\"auto, (max-width: 3508px) 100vw, 3508px\" \/><\/a>\n\t\t\t<\/dt>\n\t\t\t\t<dd class='wp-caption-text gallery-caption' id='gallery-1-1164'>\n\t\t\t\tPlan RDC \n\t\t\t\t<\/dd><\/dl><br style=\"clear: both\" \/><dl class='gallery-item'>\n\t\t\t<dt class='gallery-icon portrait'>\n\t\t\t\t<a href='https:\/\/antoinelemaire-archi-photo.fr\/telemly-i-30\/'><img loading=\"lazy\" decoding=\"async\" width=\"3508\" height=\"4967\" src=\"https:\/\/antoinelemaire-archi-photo.fr\/wp-content\/uploads\/2020\/11\/T\u00e9lemly-I-30.jpg\" class=\"attachment-full size-full\" alt=\"T\u00e9lemly I Contraction d&#039;un temps\" aria-describedby=\"gallery-1-1163\" srcset=\"https:\/\/antoinelemaire-archi-photo.fr\/wp-content\/uploads\/2020\/11\/T\u00e9lemly-I-30.jpg 3508w, https:\/\/antoinelemaire-archi-photo.fr\/wp-content\/uploads\/2020\/11\/T\u00e9lemly-I-30-212x300.jpg 212w, https:\/\/antoinelemaire-archi-photo.fr\/wp-content\/uploads\/2020\/11\/T\u00e9lemly-I-30-768x1087.jpg 768w, https:\/\/antoinelemaire-archi-photo.fr\/wp-content\/uploads\/2020\/11\/T\u00e9lemly-I-30-723x1024.jpg 723w, https:\/\/antoinelemaire-archi-photo.fr\/wp-content\/uploads\/2020\/11\/T\u00e9lemly-I-30-1240x1756.jpg 1240w, https:\/\/antoinelemaire-archi-photo.fr\/wp-content\/uploads\/2020\/11\/T\u00e9lemly-I-30-508x719.jpg 508w\" sizes=\"auto, (max-width: 3508px) 100vw, 3508px\" \/><\/a>\n\t\t\t<\/dt>\n\t\t\t\t<dd class='wp-caption-text gallery-caption' id='gallery-1-1163'>\n\t\t\t\tPlan zoom du parvis, Coupes et Fa\u00e7ade \n\t\t\t\t<\/dd><\/dl><br style=\"clear: both\" \/><dl class='gallery-item'>\n\t\t\t<dt class='gallery-icon portrait'>\n\t\t\t\t<a href='https:\/\/antoinelemaire-archi-photo.fr\/telemly-i-31\/'><img loading=\"lazy\" decoding=\"async\" width=\"3508\" height=\"4967\" src=\"https:\/\/antoinelemaire-archi-photo.fr\/wp-content\/uploads\/2020\/11\/T\u00e9lemly-I-31.jpg\" class=\"attachment-full size-full\" alt=\"T\u00e9lemly I Contraction d&#039;un temps\" aria-describedby=\"gallery-1-1162\" srcset=\"https:\/\/antoinelemaire-archi-photo.fr\/wp-content\/uploads\/2020\/11\/T\u00e9lemly-I-31.jpg 3508w, https:\/\/antoinelemaire-archi-photo.fr\/wp-content\/uploads\/2020\/11\/T\u00e9lemly-I-31-212x300.jpg 212w, https:\/\/antoinelemaire-archi-photo.fr\/wp-content\/uploads\/2020\/11\/T\u00e9lemly-I-31-768x1087.jpg 768w, https:\/\/antoinelemaire-archi-photo.fr\/wp-content\/uploads\/2020\/11\/T\u00e9lemly-I-31-723x1024.jpg 723w, https:\/\/antoinelemaire-archi-photo.fr\/wp-content\/uploads\/2020\/11\/T\u00e9lemly-I-31-1240x1756.jpg 1240w, https:\/\/antoinelemaire-archi-photo.fr\/wp-content\/uploads\/2020\/11\/T\u00e9lemly-I-31-508x719.jpg 508w\" sizes=\"auto, (max-width: 3508px) 100vw, 3508px\" \/><\/a>\n\t\t\t<\/dt>\n\t\t\t\t<dd class='wp-caption-text gallery-caption' id='gallery-1-1162'>\n\t\t\t\tCoupe d\u00e9tail\n\t\t\t\t<\/dd><\/dl><br style=\"clear: both\" \/><dl class='gallery-item'>\n\t\t\t<dt class='gallery-icon portrait'>\n\t\t\t\t<a href='https:\/\/antoinelemaire-archi-photo.fr\/telemly-i-32\/'><img loading=\"lazy\" decoding=\"async\" width=\"3508\" height=\"4967\" src=\"https:\/\/antoinelemaire-archi-photo.fr\/wp-content\/uploads\/2020\/11\/T\u00e9lemly-I-32.jpg\" class=\"attachment-full size-full\" alt=\"T\u00e9lemly I Contraction d&#039;un temps\" aria-describedby=\"gallery-1-1161\" srcset=\"https:\/\/antoinelemaire-archi-photo.fr\/wp-content\/uploads\/2020\/11\/T\u00e9lemly-I-32.jpg 3508w, https:\/\/antoinelemaire-archi-photo.fr\/wp-content\/uploads\/2020\/11\/T\u00e9lemly-I-32-212x300.jpg 212w, https:\/\/antoinelemaire-archi-photo.fr\/wp-content\/uploads\/2020\/11\/T\u00e9lemly-I-32-768x1087.jpg 768w, https:\/\/antoinelemaire-archi-photo.fr\/wp-content\/uploads\/2020\/11\/T\u00e9lemly-I-32-723x1024.jpg 723w, https:\/\/antoinelemaire-archi-photo.fr\/wp-content\/uploads\/2020\/11\/T\u00e9lemly-I-32-1240x1756.jpg 1240w, https:\/\/antoinelemaire-archi-photo.fr\/wp-content\/uploads\/2020\/11\/T\u00e9lemly-I-32-508x719.jpg 508w\" sizes=\"auto, (max-width: 3508px) 100vw, 3508px\" \/><\/a>\n\t\t\t<\/dt>\n\t\t\t\t<dd class='wp-caption-text gallery-caption' id='gallery-1-1161'>\n\t\t\t\tPlan RDC \n\t\t\t\t<\/dd><\/dl><br style=\"clear: both\" \/><dl class='gallery-item'>\n\t\t\t<dt class='gallery-icon portrait'>\n\t\t\t\t<a href='https:\/\/antoinelemaire-archi-photo.fr\/telemly-i-33\/'><img loading=\"lazy\" decoding=\"async\" width=\"3508\" height=\"4967\" src=\"https:\/\/antoinelemaire-archi-photo.fr\/wp-content\/uploads\/2020\/11\/T\u00e9lemly-I-33.jpg\" class=\"attachment-full size-full\" alt=\"T\u00e9lemly I Contraction d&#039;un temps\" aria-describedby=\"gallery-1-1160\" srcset=\"https:\/\/antoinelemaire-archi-photo.fr\/wp-content\/uploads\/2020\/11\/T\u00e9lemly-I-33.jpg 3508w, https:\/\/antoinelemaire-archi-photo.fr\/wp-content\/uploads\/2020\/11\/T\u00e9lemly-I-33-212x300.jpg 212w, https:\/\/antoinelemaire-archi-photo.fr\/wp-content\/uploads\/2020\/11\/T\u00e9lemly-I-33-768x1087.jpg 768w, https:\/\/antoinelemaire-archi-photo.fr\/wp-content\/uploads\/2020\/11\/T\u00e9lemly-I-33-723x1024.jpg 723w, https:\/\/antoinelemaire-archi-photo.fr\/wp-content\/uploads\/2020\/11\/T\u00e9lemly-I-33-1240x1756.jpg 1240w, https:\/\/antoinelemaire-archi-photo.fr\/wp-content\/uploads\/2020\/11\/T\u00e9lemly-I-33-508x719.jpg 508w\" sizes=\"auto, (max-width: 3508px) 100vw, 3508px\" \/><\/a>\n\t\t\t<\/dt>\n\t\t\t\t<dd class='wp-caption-text gallery-caption' id='gallery-1-1160'>\n\t\t\t\tAxonom\u00e9trie, Coupe d\u00e9tail\n\t\t\t\t<\/dd><\/dl><br style=\"clear: both\" \/>\n\t\t<\/div>\n\n","protected":false},"excerpt":{"rendered":"<p>La requalification du boulevard du T\u00e9lemly Alger Ce Projet de Fin d\u2019\u00e9tude est situ\u00e9 dans la ville d\u2019Alger. Le projet se propose de travailler autour d\u2019un ancien chemin de promenade, le chemin des acqueducs, aujourd\u2019hui le boulevard du T\u00e9lemly. Ancien quartier de vill\u00e9giatures, le T\u00e9lemly \u00e9tait pris\u00e9 par les Alg\u00e9rois pour venir s\u2019y promener. Depuis [&hellip;]<\/p>\n","protected":false},"author":1,"featured_media":1202,"comment_status":"open","ping_status":"open","sticky":false,"template":"","format":"image","meta":{"_monsterinsights_skip_tracking":false,"_monsterinsights_sitenote_active":false,"_monsterinsights_sitenote_note":"","_monsterinsights_sitenote_category":0,"footnotes":""},"categories":[18],"tags":[],"class_list":["post-1198","post","type-post","status-publish","format-image","has-post-thumbnail","hentry","category-architecture","post_format-post-format-image"],"_links":{"self":[{"href":"https:\/\/antoinelemaire-archi-photo.fr\/index.php\/wp-json\/wp\/v2\/posts\/1198","targetHints":{"allow":["GET"]}}],"collection":[{"href":"https:\/\/antoinelemaire-archi-photo.fr\/index.php\/wp-json\/wp\/v2\/posts"}],"about":[{"href":"https:\/\/antoinelemaire-archi-photo.fr\/index.php\/wp-json\/wp\/v2\/types\/post"}],"author":[{"embeddable":true,"href":"https:\/\/antoinelemaire-archi-photo.fr\/index.php\/wp-json\/wp\/v2\/users\/1"}],"replies":[{"embeddable":true,"href":"https:\/\/antoinelemaire-archi-photo.fr\/index.php\/wp-json\/wp\/v2\/comments?post=1198"}],"version-history":[{"count":3,"href":"https:\/\/antoinelemaire-archi-photo.fr\/index.php\/wp-json\/wp\/v2\/posts\/1198\/revisions"}],"predecessor-version":[{"id":1399,"href":"https:\/\/antoinelemaire-archi-photo.fr\/index.php\/wp-json\/wp\/v2\/posts\/1198\/revisions\/1399"}],"wp:featuredmedia":[{"embeddable":true,"href":"https:\/\/antoinelemaire-archi-photo.fr\/index.php\/wp-json\/wp\/v2\/media\/1202"}],"wp:attachment":[{"href":"https:\/\/antoinelemaire-archi-photo.fr\/index.php\/wp-json\/wp\/v2\/media?parent=1198"}],"wp:term":[{"taxonomy":"category","embeddable":true,"href":"https:\/\/antoinelemaire-archi-photo.fr\/index.php\/wp-json\/wp\/v2\/categories?post=1198"},{"taxonomy":"post_tag","embeddable":true,"href":"https:\/\/antoinelemaire-archi-photo.fr\/index.php\/wp-json\/wp\/v2\/tags?post=1198"}],"curies":[{"name":"wp","href":"https:\/\/api.w.org\/{rel}","templated":true}]}}